{"id":420599,"date":"2026-03-13T13:45:11","date_gmt":"2026-03-13T12:45:11","guid":{"rendered":"https:\/\/www.intoscana.it\/it\/?p=420599"},"modified":"2026-03-18T10:28:44","modified_gmt":"2026-03-18T09:28:44","slug":"il-maggio-musicale-fiorentino-apre-alla-citta-concerti-giovani-talenti-e-collaborazioni-per-maggio-aperto","status":"publish","type":"post","link":"https:\/\/www.intoscana.it\/it\/il-maggio-musicale-fiorentino-apre-alla-citta-concerti-giovani-talenti-e-collaborazioni-per-maggio-aperto\/","title":{"rendered":"Il Maggio Musicale Fiorentino apre alla citt\u00e0: concerti, giovani talenti e collaborazioni per \u201cMaggio aperto\u201d"},"content":{"rendered":"<p>Il Maggio Musicale Fiorentino rafforza il suo legame con la citt\u00e0 e con il suo sistema culturale. In vista dell\u201988\u00aa edizione del Festival, il teatro ha presentato il programma di <strong>\u201cMaggio aperto\u201d<\/strong>, una rassegna che affianca il cartellone principale e che nasce dalla collaborazione con alcune delle pi\u00f9 importanti istituzioni musicali del territorio.<\/p>\n<p>Un progetto che mette in rete realt\u00e0 diverse \u2013 dagli Amici della Musica alla Scuola di Musica di Fiesole, dal Conservatorio Cherubini all\u2019Accademia del Fortepiano, fino a GAMO, L\u2019Homme Arm\u00e9, Tempo Reale e l\u2019Istituto Lulli \u2013 con l\u2019obiettivo di trasformare il teatro in uno spazio di incontro tra tradizione, ricerca e nuove generazioni di musicisti.<\/p>\n<p>\u201c<em>Il Maggio Musicale Fiorentino nasce come Festival della citt\u00e0 e \u2018Maggio aperto\u2019 riporta questa idea alla sua forma pi\u00f9 viva: la musica che incontra la citt\u00e0 e le sue istituzioni<\/em>\u201d, ha spiegato il sovrintendente <strong>Carlo Fuortes<\/strong>. \u201c<em>Aprire le nostre sale alle realt\u00e0 musicali del territorio significa rendere il teatro una casa comune e rafforzare un ecosistema culturale che a Firenze ha pochi paragoni<\/em>\u201d.<\/p>\n<h3>Il manifesto firmato da Georg Baselitz<\/h3>\n<p>Nel corso della presentazione \u00e8 stata svelata anche l\u2019immagine ufficiale dell\u201988\u00aa edizione del Festival, realizzata da uno dei protagonisti dell\u2019arte contemporanea internazionale, <strong>Georg Baselitz<\/strong>, grazie alla collaborazione con il Museo Novecento.<\/p>\n<p>L\u2019opera raffigura <strong>Albert Einstein mentre suona il violino<\/strong>, soggetto che unisce simbolicamente scienza e musica. L\u2019immagine \u00e8 caratterizzata dal tipico capovolgimento della figura, cifra stilistica dell\u2019artista, che trasforma lo scienziato in un\u2019icona della creativit\u00e0 e dell\u2019immaginazione. Un segno artistico che, come ha spiegato il direttore del Museo Novecento Sergio Risaliti, invita a guardare la realt\u00e0 da prospettive nuove.<\/p>\n<figure id=\"post-420603 media-420603\" class=\"align-none\"><img decoding=\"async\" src=\"https:\/\/www.intoscana.it\/wp-content\/uploads\/Manifesto-88MMF.jpeg\" alt=\"\" \/><\/figure>\n<div class=\"titleimg\">Manifesto 88MMF<\/div>\n<h3>Un viaggio musicale tra epoche e linguaggi<\/h3>\n<p>Il calendario di <strong>\u201cMaggio aperto\u201d<\/strong> propone un percorso musicale molto ampio, capace di attraversare secoli e linguaggi diversi.<\/p>\n<p>L\u2019apertura \u00e8 affidata alla collaborazione con <strong>Amici della Musica di Firenze<\/strong>, che dal <strong>24 aprile<\/strong> proporranno un ciclo di sei concerti dedicato all\u2019integrale dei quartetti per archi di <strong>Ludwig van Beethoven<\/strong>. Il progetto, intitolato <em>Beethoven 199<\/em>, anticipa le celebrazioni per il bicentenario della morte del compositore nel 2027 e vedr\u00e0 protagonisti ensemble internazionali come Quatuor Van Kuijk, Fibonacci String Quartet, Aviv Quartet, Quatuor Adorno, Quartet Integra e Quartetto Nous.<\/p>\n<p>Il programma proseguir\u00e0 il <strong>6 maggio<\/strong> con l\u2019appuntamento curato da <strong>GAMO (Gruppo Aperto Musica Oggi)<\/strong>, dedicato al dialogo tra musica contemporanea e Novecento storico, con brani di Edgard Var\u00e8se, Paul Hindemith e del compositore Osvaldo Coluccino.<\/p>\n<p>Un salto indietro nel tempo porter\u00e0 poi il pubblico nel pieno della stagione madrigalistica con <strong>L\u2019Homme Arm\u00e9<\/strong>, che il <strong>13 maggio<\/strong> proporr\u00e0 un laboratorio monografico dedicato a <strong>Claudio Monteverdi<\/strong> e alle diverse sfumature dell\u2019amore nella poesia e nella musica tra Cinquecento e Seicento.<\/p>\n<h3>Il suono degli strumenti storici<\/h3>\n<p>Tra gli appuntamenti pi\u00f9 originali della rassegna c\u2019\u00e8 il ciclo di concerti dell\u2019<strong>Accademia del Fortepiano Bartolomeo Cristofori<\/strong>, in programma dal <strong>14 maggio al 9 giugno<\/strong>. Cinque pianisti \u2013 Roberto Prosseda, Olga Pashchenko, Wolfgang Brunner, JinJu e Yuan Sheng \u2013 si alterneranno su fortepiani originali dell\u2019Ottocento in un viaggio musicale ispirato al celebre titolo schumanniano <em>Von fremden L\u00e4ndern und Menschen<\/em>.<\/p>\n<p>Il progetto intende raccontare le diverse tradizioni musicali europee attraverso repertori che spaziano da Mozart e Beethoven a Chopin, Mendelssohn, Fanny Hensel e Glinka, restituendo al pubblico il suono autentico degli strumenti per cui queste opere furono concepite.<\/p>\n<figure id=\"post-420602 media-420602\" class=\"align-none\"><img decoding=\"async\" src=\"https:\/\/www.intoscana.it\/wp-content\/uploads\/Quartetto-Aviv.jpg\" alt=\"\" \/><\/figure>\n<div class=\"titleimg\">Quartetto Aviv<\/div>\n<h3>Spazio ai giovani musicisti<\/h3>\n<p>Una parte importante del cartellone \u00e8 dedicata ai giovani interpreti e alle istituzioni formative del territorio. Il <strong>Conservatorio Luigi Cherubini<\/strong> sar\u00e0 protagonista di due concerti con ensemble selezionati tra le classi di musica da camera, mentre la <strong>Scuola di Musica di Fiesole<\/strong> porter\u00e0 sul palco alcune delle sue migliori formazioni cameristiche.<\/p>\n<p>Protagonista sar\u00e0 anche l\u2019<strong>Orchestra Giovanile Italiana<\/strong>, che torner\u00e0 al Maggio con due appuntamenti: uno nell\u2019ambito del Festival diretto da <strong>Sir Antonio Pappano<\/strong>, con musiche di Brahms e \u0160ostak\u00f3vi\u010d, e un secondo concerto all\u2019interno di \u201cMaggio aperto\u201d, guidato dal giovane direttore peruviano <strong>Dayner Tafur-D\u00edaz<\/strong> con un programma che spazia da Gershwin a Berlioz.<\/p>\n<h3>Dal barocco alla musica elettronica<\/h3>\n<p>Il percorso musicale si estende anche al repertorio barocco con il concerto dell\u2019<strong>Istituto Giovanni Battista Lulli<\/strong>, dedicato alla musica sacra francese tra Sei e Settecento nel tricentenario del compositore Michel-Richard de Lalande.<\/p>\n<p>A chiudere la rassegna sar\u00e0 il <strong>20 giugno<\/strong> il progetto <strong>Tempo Reale \u2013 Maggio Elettrico<\/strong>, che esplorer\u00e0 l\u2019eredit\u00e0 del movimento artistico Fluxus attraverso performance sonore, partiture aperte e improvvisazione, in un\u2019esperienza che mette in discussione i confini tra arte, musica e gesto performativo.<\/p>\n<figure id=\"post-420600 media-420600\" class=\"align-none\"><img decoding=\"async\" src=\"https:\/\/www.intoscana.it\/wp-content\/uploads\/Fibonacci-Quartet-scaled.jpeg\" alt=\"\" \/><\/figure>\n<div class=\"titleimg\">Fibonacci Quartet<\/div>\n<h3>Le novit\u00e0 e gli eventi speciali<\/h3>\n<p>Il Festival proporr\u00e0 anche alcuni appuntamenti \u201cextra\u201d. Tra questi il progetto teatrale e musicale <strong>\u201cUna Traviata da cortile\u201d<\/strong>, ideato e narrato da <strong>Alessandro Baricco<\/strong> in collaborazione con l\u2019Universit\u00e0 di Firenze e con il sostegno di Unicoop Firenze.<\/p>\n<p>Torner\u00e0 inoltre in cartellone <strong>\u201cRothko Chapel\u201d<\/strong> di Morton Feldman, una delle opere pi\u00f9 intense della musica del secondo Novecento, in dialogo con la mostra \u201cRothko a Firenze\u201d a Palazzo Strozzi.<\/p>\n<p>Il pubblico potr\u00e0 inoltre assistere a una <strong>masterclass aperta<\/strong> del soprano <strong>Eleonora Buratto<\/strong> con i giovani artisti dell\u2019Accademia del Maggio, dedicata ad arie di Verdi, Mozart e Massenet.<\/p>\n<h3>Il tour europeo di Ludovico Einaudi<\/h3>\n<p>Tra gli appuntamenti pi\u00f9 attesi ci sono infine le due date fiorentine del <strong>tour europeo di Ludovico Einaudi<\/strong>, in programma il <strong>20 e 21 maggio<\/strong> in Sala Mehta. Il pianista e compositore presenter\u00e0 un concerto per solo pianoforte che ripercorre trent\u2019anni di carriera, alternando brani iconici come <em>Nuvole Bianche<\/em> ed <em>Experience<\/em> a composizioni pi\u00f9 recenti e inedite.<\/p>\n<p>&nbsp;<\/p>\n","protected":false},"excerpt":{"rendered":"<p>Presentata la rassegna che affianca l\u201988\u00aa edizione del Festival con le principali istituzioni musicali del territorio. Nel cartellone anche Alessandro Baricco e il tour europeo di Ludovico Einaudi<\/p>\n","protected":false},"author":525,"featured_media":420601,"comment_status":"open","ping_status":"open","sticky":false,"template":"","format":"standard","meta":{"_acf_changed":false,"footnotes":""},"categories":[14],"tags":[202,369],"class_list":["post-420599","post","type-post","status-publish","format-standard","has-post-thumbnail","hentry","category-musica","tag-firenze","tag-maggio-musicale-fiorentino"],"acf":[],"yoast_head":"<!-- This site is optimized with the Yoast SEO Premium plugin v24.2 (Yoast SEO v25.6) - https:\/\/yoast.com\/wordpress\/plugins\/seo\/ -->\n<title>Il Maggio Musicale Fiorentino apre alla citt\u00e0: concerti, giovani talenti e collaborazioni per \u201cMaggio aperto\u201d - intoscana<\/title>\n<meta name=\"description\" content=\"Presentata la rassegna che affianca l\u201988\u00aa edizione del Festival con le principali istituzioni musicali del territorio\" \/>\n<meta name=\"robots\" content=\"index, follow, max-snippet:-1, max-image-preview:large, max-video-preview:-1\" \/>\n<link rel=\"canonical\" href=\"https:\/\/www.intoscana.it\/it\/il-maggio-musicale-fiorentino-apre-alla-citta-concerti-giovani-talenti-e-collaborazioni-per-maggio-aperto\/\" \/>\n<meta property=\"og:locale\" content=\"it_IT\" \/>\n<meta property=\"og:type\" content=\"article\" \/>\n<meta property=\"og:title\" content=\"Il Maggio Musicale Fiorentino apre alla citt\u00e0: concerti, giovani talenti e collaborazioni per \u201cMaggio aperto\u201d\" \/>\n<meta property=\"og:description\" content=\"Presentata la rassegna che affianca l\u201988\u00aa edizione del Festival con le principali istituzioni musicali del territorio\" \/>\n<meta property=\"og:url\" content=\"https:\/\/www.intoscana.it\/it\/il-maggio-musicale-fiorentino-apre-alla-citta-concerti-giovani-talenti-e-collaborazioni-per-maggio-aperto\/\" \/>\n<meta property=\"og:site_name\" content=\"intoscana\" \/>\n<meta property=\"article:publisher\" content=\"https:\/\/www.facebook.com\/intoscana.it\" \/>\n<meta property=\"article:published_time\" content=\"2026-03-13T12:45:11+00:00\" \/>\n<meta property=\"article:modified_time\" content=\"2026-03-18T09:28:44+00:00\" \/>\n<meta property=\"og:image\" content=\"https:\/\/www.intoscana.it\/wp-content\/uploads\/Quartet-Integra-scaled.jpg\" \/>\n\t<meta property=\"og:image:width\" content=\"2048\" \/>\n\t<meta property=\"og:image:height\" content=\"1367\" \/>\n\t<meta property=\"og:image:type\" content=\"image\/jpeg\" \/>\n<meta name=\"author\" content=\"Redazione\" \/>\n<meta name=\"twitter:card\" content=\"summary_large_image\" \/>\n<meta name=\"twitter:creator\" content=\"@intoscana\" \/>\n<meta name=\"twitter:site\" content=\"@intoscana\" \/>\n<meta name=\"twitter:label1\" content=\"Written by\" \/>\n\t<meta name=\"twitter:data1\" content=\"Redazione\" \/>\n\t<meta name=\"twitter:label2\" content=\"Est. reading time\" \/>\n\t<meta name=\"twitter:data2\" content=\"6 minuti\" \/>\n<script type=\"application\/ld+json\" class=\"yoast-schema-graph\">{\"@context\":\"https:\/\/schema.org\",\"@graph\":[{\"@type\":\"WebPage\",\"@id\":\"https:\/\/www.intoscana.it\/it\/il-maggio-musicale-fiorentino-apre-alla-citta-concerti-giovani-talenti-e-collaborazioni-per-maggio-aperto\/\",\"url\":\"https:\/\/www.intoscana.it\/it\/il-maggio-musicale-fiorentino-apre-alla-citta-concerti-giovani-talenti-e-collaborazioni-per-maggio-aperto\/\",\"name\":\"Il Maggio Musicale Fiorentino apre alla citt\u00e0: concerti, giovani talenti e collaborazioni per \u201cMaggio aperto\u201d - intoscana\",\"isPartOf\":{\"@id\":\"https:\/\/www.intoscana.it\/it\/#website\"},\"primaryImageOfPage\":{\"@id\":\"https:\/\/www.intoscana.it\/it\/il-maggio-musicale-fiorentino-apre-alla-citta-concerti-giovani-talenti-e-collaborazioni-per-maggio-aperto\/#primaryimage\"},\"image\":{\"@id\":\"https:\/\/www.intoscana.it\/it\/il-maggio-musicale-fiorentino-apre-alla-citta-concerti-giovani-talenti-e-collaborazioni-per-maggio-aperto\/#primaryimage\"},\"thumbnailUrl\":\"https:\/\/www.intoscana.it\/wp-content\/uploads\/Quartet-Integra-scaled.jpg\",\"datePublished\":\"2026-03-13T12:45:11+00:00\",\"dateModified\":\"2026-03-18T09:28:44+00:00\",\"author\":{\"@id\":\"https:\/\/www.intoscana.it\/it\/#\/schema\/person\/9223810753230f20bd670fdd322661f8\"},\"description\":\"Presentata la rassegna che affianca l\u201988\u00aa edizione del Festival con le principali istituzioni musicali del territorio\",\"breadcrumb\":{\"@id\":\"https:\/\/www.intoscana.it\/it\/il-maggio-musicale-fiorentino-apre-alla-citta-concerti-giovani-talenti-e-collaborazioni-per-maggio-aperto\/#breadcrumb\"},\"inLanguage\":\"it-IT\",\"potentialAction\":[{\"@type\":\"ReadAction\",\"target\":[\"https:\/\/www.intoscana.it\/it\/il-maggio-musicale-fiorentino-apre-alla-citta-concerti-giovani-talenti-e-collaborazioni-per-maggio-aperto\/\"]}]},{\"@type\":\"ImageObject\",\"inLanguage\":\"it-IT\",\"@id\":\"https:\/\/www.intoscana.it\/it\/il-maggio-musicale-fiorentino-apre-alla-citta-concerti-giovani-talenti-e-collaborazioni-per-maggio-aperto\/#primaryimage\",\"url\":\"https:\/\/www.intoscana.it\/wp-content\/uploads\/Quartet-Integra-scaled.jpg\",\"contentUrl\":\"https:\/\/www.intoscana.it\/wp-content\/uploads\/Quartet-Integra-scaled.jpg\",\"width\":2048,\"height\":1367,\"caption\":\"abbymahler.com\"},{\"@type\":\"BreadcrumbList\",\"@id\":\"https:\/\/www.intoscana.it\/it\/il-maggio-musicale-fiorentino-apre-alla-citta-concerti-giovani-talenti-e-collaborazioni-per-maggio-aperto\/#breadcrumb\",\"itemListElement\":[{\"@type\":\"ListItem\",\"position\":1,\"name\":\"Home\",\"item\":\"https:\/\/www.intoscana.it\/it\/\"},{\"@type\":\"ListItem\",\"position\":2,\"name\":\"Il Maggio Musicale Fiorentino apre alla citt\u00e0: concerti, giovani talenti e collaborazioni per \u201cMaggio aperto\u201d\"}]},{\"@type\":\"WebSite\",\"@id\":\"https:\/\/www.intoscana.it\/it\/#website\",\"url\":\"https:\/\/www.intoscana.it\/it\/\",\"name\":\"intoscana\",\"description\":\"\",\"potentialAction\":[{\"@type\":\"SearchAction\",\"target\":{\"@type\":\"EntryPoint\",\"urlTemplate\":\"https:\/\/www.intoscana.it\/it\/?s={search_term_string}\"},\"query-input\":{\"@type\":\"PropertyValueSpecification\",\"valueRequired\":true,\"valueName\":\"search_term_string\"}}],\"inLanguage\":\"it-IT\"},{\"@type\":\"Person\",\"@id\":\"https:\/\/www.intoscana.it\/it\/#\/schema\/person\/9223810753230f20bd670fdd322661f8\",\"name\":\"Redazione\",\"url\":\"https:\/\/www.intoscana.it\/it\/author\/redazione\/\"}]}<\/script>\n<!-- \/ Yoast SEO Premium plugin. -->","yoast_head_json":{"title":"Il Maggio Musicale Fiorentino apre alla citt\u00e0: concerti, giovani talenti e collaborazioni per \u201cMaggio aperto\u201d - intoscana","description":"Presentata la rassegna che affianca l\u201988\u00aa edizione del Festival con le principali istituzioni musicali del territorio","robots":{"index":"index","follow":"follow","max-snippet":"max-snippet:-1","max-image-preview":"max-image-preview:large","max-video-preview":"max-video-preview:-1"},"canonical":"https:\/\/www.intoscana.it\/it\/il-maggio-musicale-fiorentino-apre-alla-citta-concerti-giovani-talenti-e-collaborazioni-per-maggio-aperto\/","og_locale":"it_IT","og_type":"article","og_title":"Il Maggio Musicale Fiorentino apre alla citt\u00e0: concerti, giovani talenti e collaborazioni per \u201cMaggio aperto\u201d","og_description":"Presentata la rassegna che affianca l\u201988\u00aa edizione del Festival con le principali istituzioni musicali del territorio","og_url":"https:\/\/www.intoscana.it\/it\/il-maggio-musicale-fiorentino-apre-alla-citta-concerti-giovani-talenti-e-collaborazioni-per-maggio-aperto\/","og_site_name":"intoscana","article_publisher":"https:\/\/www.facebook.com\/intoscana.it","article_published_time":"2026-03-13T12:45:11+00:00","article_modified_time":"2026-03-18T09:28:44+00:00","og_image":[{"width":2048,"height":1367,"url":"https:\/\/www.intoscana.it\/wp-content\/uploads\/Quartet-Integra-scaled.jpg","type":"image\/jpeg"}],"author":"Redazione","twitter_card":"summary_large_image","twitter_creator":"@intoscana","twitter_site":"@intoscana","twitter_misc":{"Written by":"Redazione","Est. reading time":"6 minuti"},"schema":{"@context":"https:\/\/schema.org","@graph":[{"@type":"WebPage","@id":"https:\/\/www.intoscana.it\/it\/il-maggio-musicale-fiorentino-apre-alla-citta-concerti-giovani-talenti-e-collaborazioni-per-maggio-aperto\/","url":"https:\/\/www.intoscana.it\/it\/il-maggio-musicale-fiorentino-apre-alla-citta-concerti-giovani-talenti-e-collaborazioni-per-maggio-aperto\/","name":"Il Maggio Musicale Fiorentino apre alla citt\u00e0: concerti, giovani talenti e collaborazioni per \u201cMaggio aperto\u201d - intoscana","isPartOf":{"@id":"https:\/\/www.intoscana.it\/it\/#website"},"primaryImageOfPage":{"@id":"https:\/\/www.intoscana.it\/it\/il-maggio-musicale-fiorentino-apre-alla-citta-concerti-giovani-talenti-e-collaborazioni-per-maggio-aperto\/#primaryimage"},"image":{"@id":"https:\/\/www.intoscana.it\/it\/il-maggio-musicale-fiorentino-apre-alla-citta-concerti-giovani-talenti-e-collaborazioni-per-maggio-aperto\/#primaryimage"},"thumbnailUrl":"https:\/\/www.intoscana.it\/wp-content\/uploads\/Quartet-Integra-scaled.jpg","datePublished":"2026-03-13T12:45:11+00:00","dateModified":"2026-03-18T09:28:44+00:00","author":{"@id":"https:\/\/www.intoscana.it\/it\/#\/schema\/person\/9223810753230f20bd670fdd322661f8"},"description":"Presentata la rassegna che affianca l\u201988\u00aa edizione del Festival con le principali istituzioni musicali del territorio","breadcrumb":{"@id":"https:\/\/www.intoscana.it\/it\/il-maggio-musicale-fiorentino-apre-alla-citta-concerti-giovani-talenti-e-collaborazioni-per-maggio-aperto\/#breadcrumb"},"inLanguage":"it-IT","potentialAction":[{"@type":"ReadAction","target":["https:\/\/www.intoscana.it\/it\/il-maggio-musicale-fiorentino-apre-alla-citta-concerti-giovani-talenti-e-collaborazioni-per-maggio-aperto\/"]}]},{"@type":"ImageObject","inLanguage":"it-IT","@id":"https:\/\/www.intoscana.it\/it\/il-maggio-musicale-fiorentino-apre-alla-citta-concerti-giovani-talenti-e-collaborazioni-per-maggio-aperto\/#primaryimage","url":"https:\/\/www.intoscana.it\/wp-content\/uploads\/Quartet-Integra-scaled.jpg","contentUrl":"https:\/\/www.intoscana.it\/wp-content\/uploads\/Quartet-Integra-scaled.jpg","width":2048,"height":1367,"caption":"abbymahler.com"},{"@type":"BreadcrumbList","@id":"https:\/\/www.intoscana.it\/it\/il-maggio-musicale-fiorentino-apre-alla-citta-concerti-giovani-talenti-e-collaborazioni-per-maggio-aperto\/#breadcrumb","itemListElement":[{"@type":"ListItem","position":1,"name":"Home","item":"https:\/\/www.intoscana.it\/it\/"},{"@type":"ListItem","position":2,"name":"Il Maggio Musicale Fiorentino apre alla citt\u00e0: concerti, giovani talenti e collaborazioni per \u201cMaggio aperto\u201d"}]},{"@type":"WebSite","@id":"https:\/\/www.intoscana.it\/it\/#website","url":"https:\/\/www.intoscana.it\/it\/","name":"intoscana","description":"","potentialAction":[{"@type":"SearchAction","target":{"@type":"EntryPoint","urlTemplate":"https:\/\/www.intoscana.it\/it\/?s={search_term_string}"},"query-input":{"@type":"PropertyValueSpecification","valueRequired":true,"valueName":"search_term_string"}}],"inLanguage":"it-IT"},{"@type":"Person","@id":"https:\/\/www.intoscana.it\/it\/#\/schema\/person\/9223810753230f20bd670fdd322661f8","name":"Redazione","url":"https:\/\/www.intoscana.it\/it\/author\/redazione\/"}]}},"_links":{"self":[{"href":"https:\/\/www.intoscana.it\/it\/wp-json\/wp\/v2\/posts\/420599","targetHints":{"allow":["GET"]}}],"collection":[{"href":"https:\/\/www.intoscana.it\/it\/wp-json\/wp\/v2\/posts"}],"about":[{"href":"https:\/\/www.intoscana.it\/it\/wp-json\/wp\/v2\/types\/post"}],"author":[{"embeddable":true,"href":"https:\/\/www.intoscana.it\/it\/wp-json\/wp\/v2\/users\/525"}],"replies":[{"embeddable":true,"href":"https:\/\/www.intoscana.it\/it\/wp-json\/wp\/v2\/comments?post=420599"}],"version-history":[{"count":3,"href":"https:\/\/www.intoscana.it\/it\/wp-json\/wp\/v2\/posts\/420599\/revisions"}],"predecessor-version":[{"id":421143,"href":"https:\/\/www.intoscana.it\/it\/wp-json\/wp\/v2\/posts\/420599\/revisions\/421143"}],"wp:featuredmedia":[{"embeddable":true,"href":"https:\/\/www.intoscana.it\/it\/wp-json\/wp\/v2\/media\/420601"}],"wp:attachment":[{"href":"https:\/\/www.intoscana.it\/it\/wp-json\/wp\/v2\/media?parent=420599"}],"wp:term":[{"taxonomy":"category","embeddable":true,"href":"https:\/\/www.intoscana.it\/it\/wp-json\/wp\/v2\/categories?post=420599"},{"taxonomy":"post_tag","embeddable":true,"href":"https:\/\/www.intoscana.it\/it\/wp-json\/wp\/v2\/tags?post=420599"}],"curies":[{"name":"wp","href":"https:\/\/api.w.org\/{rel}","templated":true}]}}