{"id":420615,"date":"2026-03-13T16:04:28","date_gmt":"2026-03-13T15:04:28","guid":{"rendered":"https:\/\/www.intoscana.it\/it\/?p=420615"},"modified":"2026-03-13T16:04:28","modified_gmt":"2026-03-13T15:04:28","slug":"a-castiglion-fiorentino-torna-il-gran-gala-dello-sport-sul-palco-bettini-giannini-e-le-nuove-promesse","status":"publish","type":"post","link":"https:\/\/www.intoscana.it\/it\/a-castiglion-fiorentino-torna-il-gran-gala-dello-sport-sul-palco-bettini-giannini-e-le-nuove-promesse\/","title":{"rendered":"A Castiglion Fiorentino torna il Gran Gal\u00e0 dello Sport: sul palco Bettini, Giannini e le nuove promesse"},"content":{"rendered":"<p>Campioni, giovani promesse e storie di sport che parlano di talento ma anche di etica e fair play. Torna a Castiglion Fiorentino il <strong>Gran Gal\u00e0 dello Sport \u201cCitt\u00e0 di Castiglion Fiorentino\u201d<\/strong>, giunto alla nona edizione e in programma <strong>luned\u00ec 23 marzo alle ore 21<\/strong> al Teatro Comunale Mario Spina.<\/p>\n<p>La manifestazione \u00e8 stata presentata questa mattina nell\u2019Aula Magna del Centro Tecnico Federale di Coverciano, alla presenza degli organizzatori e dei partner dell\u2019iniziativa. L\u2019evento \u00e8 promosso dal Comune di Castiglion Fiorentino con la collaborazione della Fondazione Fair Play Menarini e con il patrocinio, tra gli altri, del CONI, del Ministero per lo Sport e i Giovani e di diverse federazioni sportive nazionali.<\/p>\n<p>\u201c<em>Il Gran Gal\u00e0 dello Sport si \u00e8 dimostrato uno straordinario motore di memoria e cultura sportiva<\/em>\u201d, ha spiegato <strong>Valeria Speroni Cardi<\/strong>, membro del Cda della Fondazione Fair Play Menarini. \u201c<em>Da trent\u2019anni il Premio Internazionale Fair Play Menarini racconta storie virtuose di sport e rispetto, capaci di ispirare soprattutto i giovani\u201d<\/em>.<\/p>\n<h3>Undici premi per campioni e talenti emergenti<\/h3>\n<p>La principale novit\u00e0 dell\u2019edizione 2026 \u00e8 l\u2019aumento dei riconoscimenti: saranno <strong>undici i premi<\/strong> assegnati nel corso della serata. Accanto ai premi storici, ciascuno dedicato alla memoria di grandi figure dello sport, debutta il <strong>Premio CONI al Merito Sportivo<\/strong>, che sar\u00e0 conferito al calciatore del Pisa Sporting Club Samuele Angori.<\/p>\n<p>Il presidente del CONI Toscana <strong>Simone Cardullo<\/strong> ha sottolineato l\u2019importanza dell\u2019iniziativa: \u201c<em>La narrazione e la premiazione delle belle storie di sport rappresentano un contributo importante alla diffusione dei valori sportivi, soprattutto tra i giovani<\/em>\u201d.<\/p>\n<h3>I premi della serata<\/h3>\n<p>Tra i riconoscimenti pi\u00f9 attesi c\u2019\u00e8 il <strong>Premio \u201cCorrado Viciani\u201d<\/strong>, che sar\u00e0 consegnato all\u2019allenatore dell\u2019SS Arezzo Cristian Bucchi per la stagione positiva della squadra amaranto. Il <strong>Premio \u201cFabrizio Meoni\u201d<\/strong> andr\u00e0 invece al motociclista Jacopo Cerutti, tra i protagonisti italiani nelle competizioni internazionali di enduro e rally raid.<\/p>\n<p>Il <strong>Premio \u201cAlfredo Martini\u201d<\/strong> sar\u00e0 assegnato all\u2019ex campione del ciclismo e oro olimpico Paolo Bettini, mentre il <strong>Premio \u201cBruno Beatrice\u201d<\/strong> entrer\u00e0 nell\u2019albo d\u2019oro con una bandiera della AS Roma, Giuseppe Giannini.<\/p>\n<p>Spazio anche alle nuove generazioni dello sport: il <strong>Premio \u201cFederico Luzzi\u201d<\/strong> sar\u00e0 consegnato al giovane tennista del Tennis Giotto Arezzo Zeno Roveri, campione italiano Under 15. Il <strong>Premio \u201cPaolo Rossi\u201d<\/strong>, dedicato alle giovani promesse del calcio, andr\u00e0 al calciatore del Cesena FC Niccol\u00f2 Fontana, mentre il <strong>Premio \u201cGianni Di Marzio\u201d<\/strong> sar\u00e0 assegnato al giocatore del Modena FC Daniel Tonoli.<\/p>\n<p>Tra gli altri riconoscimenti figurano il <strong>Premio \u201cMario D\u2019Agata\u201d<\/strong>, assegnato alla Boxe Nicchi, e il <strong>Premio \u201cMario Sconcerti\u201d<\/strong> alla giornalista e conduttrice radiofonica Susanna Marcellini.<\/p>\n<h3>Sport, memoria e solidariet\u00e0<\/h3>\n<p>Il Gran Gal\u00e0 dello Sport nasce nel <strong>2016<\/strong> con l\u2019obiettivo di mantenere viva la memoria di due grandi sportivi castiglionesi: l\u2019allenatore di calcio Corrado Viciani e il motociclista Fabrizio Meoni.<\/p>\n<p>Anche quest\u2019anno la serata avr\u00e0 una finalit\u00e0 benefica. Il ricavato sar\u00e0 devoluto alla <strong>Misericordia di Castiglion Fiorentino<\/strong>, che utilizzer\u00e0 i fondi per acquistare attrezzature medicali da installare sui mezzi di emergenza.<\/p>\n<p>\u201c<em>La Misericordia \u00e8 sempre al fianco di chi organizza eventi sportivi<\/em> \u2013 ha spiegato la governatrice Paola Salvadori \u2013 <em>e il ricavato della serata sar\u00e0 destinato a migliorare le dotazioni dei nostri mezzi di emergenza<\/em>\u201d.<\/p>\n<p>La serata sar\u00e0 trasmessa dall\u2019emittente nazionale Sportitalia, mentre i biglietti sono gi\u00e0 disponibili in prevendita presso la sede della Misericordia.<\/p>\n<p>\u201c<em>Lo sport a Castiglion Fiorentino ha un ruolo importante<\/em> \u2013 ha commentato il sindaco Mario Agnelli \u2013.<em> In passato il Gran Gal\u00e0 ha premiato anche un giovanissimo Lorenzo Musetti: oggi \u00e8 sotto gli occhi di tutti il livello che ha raggiunto. I temi centrali restano il fair play, la beneficenza e i valori educativi dello sport<\/em>\u201d.<\/p>\n","protected":false},"excerpt":{"rendered":"<p>Presentata a Coverciano la nona edizione dell\u2019evento dedicato ai valori dello sport: undici premi tra campioni, giovani talenti e giornalismo sportivo. I proventi saranno devoluti alla Misericordia<\/p>\n","protected":false},"author":507,"featured_media":420617,"comment_status":"open","ping_status":"open","sticky":false,"template":"","format":"standard","meta":{"_acf_changed":false,"footnotes":""},"categories":[494],"tags":[5193,6930,159],"class_list":["post-420615","post","type-post","status-publish","format-standard","has-post-thumbnail","hentry","category-attualita","tag-castiglion-fiorentino","tag-fair-play","tag-sport"],"acf":[],"yoast_head":"<!-- This site is optimized with the Yoast SEO Premium plugin v24.2 (Yoast SEO v25.6) - https:\/\/yoast.com\/wordpress\/plugins\/seo\/ -->\n<title>A Castiglion Fiorentino torna il Gran Gal\u00e0 dello Sport: sul palco Bettini, Giannini e le nuove promesse - intoscana<\/title>\n<meta name=\"robots\" content=\"index, follow, max-snippet:-1, max-image-preview:large, max-video-preview:-1\" \/>\n<link rel=\"canonical\" href=\"https:\/\/www.intoscana.it\/it\/a-castiglion-fiorentino-torna-il-gran-gala-dello-sport-sul-palco-bettini-giannini-e-le-nuove-promesse\/\" \/>\n<meta property=\"og:locale\" content=\"it_IT\" \/>\n<meta property=\"og:type\" content=\"article\" \/>\n<meta property=\"og:title\" content=\"A Castiglion Fiorentino torna il Gran Gal\u00e0 dello Sport: sul palco Bettini, Giannini e le nuove promesse\" \/>\n<meta property=\"og:description\" content=\"Presentata a Coverciano la nona edizione dell\u2019evento dedicato ai valori dello sport: undici premi tra campioni, giovani talenti e giornalismo sportivo. I proventi saranno devoluti alla Misericordia\" \/>\n<meta property=\"og:url\" content=\"https:\/\/www.intoscana.it\/it\/a-castiglion-fiorentino-torna-il-gran-gala-dello-sport-sul-palco-bettini-giannini-e-le-nuove-promesse\/\" \/>\n<meta property=\"og:site_name\" content=\"intoscana\" \/>\n<meta property=\"article:publisher\" content=\"https:\/\/www.facebook.com\/intoscana.it\" \/>\n<meta property=\"article:published_time\" content=\"2026-03-13T15:04:28+00:00\" \/>\n<meta property=\"og:image\" content=\"https:\/\/www.intoscana.it\/wp-content\/uploads\/gran-gala-3.jpg\" \/>\n\t<meta property=\"og:image:width\" content=\"1280\" \/>\n\t<meta property=\"og:image:height\" content=\"720\" \/>\n\t<meta property=\"og:image:type\" content=\"image\/jpeg\" \/>\n<meta name=\"author\" content=\"Chiara Bianchini\" \/>\n<meta name=\"twitter:card\" content=\"summary_large_image\" \/>\n<meta name=\"twitter:creator\" content=\"@intoscana\" \/>\n<meta name=\"twitter:site\" content=\"@intoscana\" \/>\n<meta name=\"twitter:label1\" content=\"Written by\" \/>\n\t<meta name=\"twitter:data1\" content=\"Chiara Bianchini\" \/>\n\t<meta name=\"twitter:label2\" content=\"Est. reading time\" \/>\n\t<meta name=\"twitter:data2\" content=\"4 minuti\" \/>\n<script type=\"application\/ld+json\" class=\"yoast-schema-graph\">{\"@context\":\"https:\/\/schema.org\",\"@graph\":[{\"@type\":\"WebPage\",\"@id\":\"https:\/\/www.intoscana.it\/it\/a-castiglion-fiorentino-torna-il-gran-gala-dello-sport-sul-palco-bettini-giannini-e-le-nuove-promesse\/\",\"url\":\"https:\/\/www.intoscana.it\/it\/a-castiglion-fiorentino-torna-il-gran-gala-dello-sport-sul-palco-bettini-giannini-e-le-nuove-promesse\/\",\"name\":\"A Castiglion Fiorentino torna il Gran Gal\u00e0 dello Sport: sul palco Bettini, Giannini e le nuove promesse - intoscana\",\"isPartOf\":{\"@id\":\"https:\/\/www.intoscana.it\/it\/#website\"},\"primaryImageOfPage\":{\"@id\":\"https:\/\/www.intoscana.it\/it\/a-castiglion-fiorentino-torna-il-gran-gala-dello-sport-sul-palco-bettini-giannini-e-le-nuove-promesse\/#primaryimage\"},\"image\":{\"@id\":\"https:\/\/www.intoscana.it\/it\/a-castiglion-fiorentino-torna-il-gran-gala-dello-sport-sul-palco-bettini-giannini-e-le-nuove-promesse\/#primaryimage\"},\"thumbnailUrl\":\"https:\/\/www.intoscana.it\/wp-content\/uploads\/gran-gala-3.jpg\",\"datePublished\":\"2026-03-13T15:04:28+00:00\",\"author\":{\"@id\":\"https:\/\/www.intoscana.it\/it\/#\/schema\/person\/010af92117f50561886339ad5b873a41\"},\"breadcrumb\":{\"@id\":\"https:\/\/www.intoscana.it\/it\/a-castiglion-fiorentino-torna-il-gran-gala-dello-sport-sul-palco-bettini-giannini-e-le-nuove-promesse\/#breadcrumb\"},\"inLanguage\":\"it-IT\",\"potentialAction\":[{\"@type\":\"ReadAction\",\"target\":[\"https:\/\/www.intoscana.it\/it\/a-castiglion-fiorentino-torna-il-gran-gala-dello-sport-sul-palco-bettini-giannini-e-le-nuove-promesse\/\"]}]},{\"@type\":\"ImageObject\",\"inLanguage\":\"it-IT\",\"@id\":\"https:\/\/www.intoscana.it\/it\/a-castiglion-fiorentino-torna-il-gran-gala-dello-sport-sul-palco-bettini-giannini-e-le-nuove-promesse\/#primaryimage\",\"url\":\"https:\/\/www.intoscana.it\/wp-content\/uploads\/gran-gala-3.jpg\",\"contentUrl\":\"https:\/\/www.intoscana.it\/wp-content\/uploads\/gran-gala-3.jpg\",\"width\":1280,\"height\":720},{\"@type\":\"BreadcrumbList\",\"@id\":\"https:\/\/www.intoscana.it\/it\/a-castiglion-fiorentino-torna-il-gran-gala-dello-sport-sul-palco-bettini-giannini-e-le-nuove-promesse\/#breadcrumb\",\"itemListElement\":[{\"@type\":\"ListItem\",\"position\":1,\"name\":\"Home\",\"item\":\"https:\/\/www.intoscana.it\/it\/\"},{\"@type\":\"ListItem\",\"position\":2,\"name\":\"A Castiglion Fiorentino torna il Gran Gal\u00e0 dello Sport: sul palco Bettini, Giannini e le nuove promesse\"}]},{\"@type\":\"WebSite\",\"@id\":\"https:\/\/www.intoscana.it\/it\/#website\",\"url\":\"https:\/\/www.intoscana.it\/it\/\",\"name\":\"intoscana\",\"description\":\"\",\"potentialAction\":[{\"@type\":\"SearchAction\",\"target\":{\"@type\":\"EntryPoint\",\"urlTemplate\":\"https:\/\/www.intoscana.it\/it\/?s={search_term_string}\"},\"query-input\":{\"@type\":\"PropertyValueSpecification\",\"valueRequired\":true,\"valueName\":\"search_term_string\"}}],\"inLanguage\":\"it-IT\"},{\"@type\":\"Person\",\"@id\":\"https:\/\/www.intoscana.it\/it\/#\/schema\/person\/010af92117f50561886339ad5b873a41\",\"name\":\"Chiara Bianchini\",\"sameAs\":[\"c.bianchini@fst.it\"],\"url\":\"https:\/\/www.intoscana.it\/it\/author\/chiara-bianchini\/\"}]}<\/script>\n<!-- \/ Yoast SEO Premium plugin. -->","yoast_head_json":{"title":"A Castiglion Fiorentino torna il Gran Gal\u00e0 dello Sport: sul palco Bettini, Giannini e le nuove promesse - intoscana","robots":{"index":"index","follow":"follow","max-snippet":"max-snippet:-1","max-image-preview":"max-image-preview:large","max-video-preview":"max-video-preview:-1"},"canonical":"https:\/\/www.intoscana.it\/it\/a-castiglion-fiorentino-torna-il-gran-gala-dello-sport-sul-palco-bettini-giannini-e-le-nuove-promesse\/","og_locale":"it_IT","og_type":"article","og_title":"A Castiglion Fiorentino torna il Gran Gal\u00e0 dello Sport: sul palco Bettini, Giannini e le nuove promesse","og_description":"Presentata a Coverciano la nona edizione dell\u2019evento dedicato ai valori dello sport: undici premi tra campioni, giovani talenti e giornalismo sportivo. I proventi saranno devoluti alla Misericordia","og_url":"https:\/\/www.intoscana.it\/it\/a-castiglion-fiorentino-torna-il-gran-gala-dello-sport-sul-palco-bettini-giannini-e-le-nuove-promesse\/","og_site_name":"intoscana","article_publisher":"https:\/\/www.facebook.com\/intoscana.it","article_published_time":"2026-03-13T15:04:28+00:00","og_image":[{"width":1280,"height":720,"url":"https:\/\/www.intoscana.it\/wp-content\/uploads\/gran-gala-3.jpg","type":"image\/jpeg"}],"author":"Chiara Bianchini","twitter_card":"summary_large_image","twitter_creator":"@intoscana","twitter_site":"@intoscana","twitter_misc":{"Written by":"Chiara Bianchini","Est. reading time":"4 minuti"},"schema":{"@context":"https:\/\/schema.org","@graph":[{"@type":"WebPage","@id":"https:\/\/www.intoscana.it\/it\/a-castiglion-fiorentino-torna-il-gran-gala-dello-sport-sul-palco-bettini-giannini-e-le-nuove-promesse\/","url":"https:\/\/www.intoscana.it\/it\/a-castiglion-fiorentino-torna-il-gran-gala-dello-sport-sul-palco-bettini-giannini-e-le-nuove-promesse\/","name":"A Castiglion Fiorentino torna il Gran Gal\u00e0 dello Sport: sul palco Bettini, Giannini e le nuove promesse - intoscana","isPartOf":{"@id":"https:\/\/www.intoscana.it\/it\/#website"},"primaryImageOfPage":{"@id":"https:\/\/www.intoscana.it\/it\/a-castiglion-fiorentino-torna-il-gran-gala-dello-sport-sul-palco-bettini-giannini-e-le-nuove-promesse\/#primaryimage"},"image":{"@id":"https:\/\/www.intoscana.it\/it\/a-castiglion-fiorentino-torna-il-gran-gala-dello-sport-sul-palco-bettini-giannini-e-le-nuove-promesse\/#primaryimage"},"thumbnailUrl":"https:\/\/www.intoscana.it\/wp-content\/uploads\/gran-gala-3.jpg","datePublished":"2026-03-13T15:04:28+00:00","author":{"@id":"https:\/\/www.intoscana.it\/it\/#\/schema\/person\/010af92117f50561886339ad5b873a41"},"breadcrumb":{"@id":"https:\/\/www.intoscana.it\/it\/a-castiglion-fiorentino-torna-il-gran-gala-dello-sport-sul-palco-bettini-giannini-e-le-nuove-promesse\/#breadcrumb"},"inLanguage":"it-IT","potentialAction":[{"@type":"ReadAction","target":["https:\/\/www.intoscana.it\/it\/a-castiglion-fiorentino-torna-il-gran-gala-dello-sport-sul-palco-bettini-giannini-e-le-nuove-promesse\/"]}]},{"@type":"ImageObject","inLanguage":"it-IT","@id":"https:\/\/www.intoscana.it\/it\/a-castiglion-fiorentino-torna-il-gran-gala-dello-sport-sul-palco-bettini-giannini-e-le-nuove-promesse\/#primaryimage","url":"https:\/\/www.intoscana.it\/wp-content\/uploads\/gran-gala-3.jpg","contentUrl":"https:\/\/www.intoscana.it\/wp-content\/uploads\/gran-gala-3.jpg","width":1280,"height":720},{"@type":"BreadcrumbList","@id":"https:\/\/www.intoscana.it\/it\/a-castiglion-fiorentino-torna-il-gran-gala-dello-sport-sul-palco-bettini-giannini-e-le-nuove-promesse\/#breadcrumb","itemListElement":[{"@type":"ListItem","position":1,"name":"Home","item":"https:\/\/www.intoscana.it\/it\/"},{"@type":"ListItem","position":2,"name":"A Castiglion Fiorentino torna il Gran Gal\u00e0 dello Sport: sul palco Bettini, Giannini e le nuove promesse"}]},{"@type":"WebSite","@id":"https:\/\/www.intoscana.it\/it\/#website","url":"https:\/\/www.intoscana.it\/it\/","name":"intoscana","description":"","potentialAction":[{"@type":"SearchAction","target":{"@type":"EntryPoint","urlTemplate":"https:\/\/www.intoscana.it\/it\/?s={search_term_string}"},"query-input":{"@type":"PropertyValueSpecification","valueRequired":true,"valueName":"search_term_string"}}],"inLanguage":"it-IT"},{"@type":"Person","@id":"https:\/\/www.intoscana.it\/it\/#\/schema\/person\/010af92117f50561886339ad5b873a41","name":"Chiara Bianchini","sameAs":["c.bianchini@fst.it"],"url":"https:\/\/www.intoscana.it\/it\/author\/chiara-bianchini\/"}]}},"_links":{"self":[{"href":"https:\/\/www.intoscana.it\/it\/wp-json\/wp\/v2\/posts\/420615","targetHints":{"allow":["GET"]}}],"collection":[{"href":"https:\/\/www.intoscana.it\/it\/wp-json\/wp\/v2\/posts"}],"about":[{"href":"https:\/\/www.intoscana.it\/it\/wp-json\/wp\/v2\/types\/post"}],"author":[{"embeddable":true,"href":"https:\/\/www.intoscana.it\/it\/wp-json\/wp\/v2\/users\/507"}],"replies":[{"embeddable":true,"href":"https:\/\/www.intoscana.it\/it\/wp-json\/wp\/v2\/comments?post=420615"}],"version-history":[{"count":1,"href":"https:\/\/www.intoscana.it\/it\/wp-json\/wp\/v2\/posts\/420615\/revisions"}],"predecessor-version":[{"id":420620,"href":"https:\/\/www.intoscana.it\/it\/wp-json\/wp\/v2\/posts\/420615\/revisions\/420620"}],"wp:featuredmedia":[{"embeddable":true,"href":"https:\/\/www.intoscana.it\/it\/wp-json\/wp\/v2\/media\/420617"}],"wp:attachment":[{"href":"https:\/\/www.intoscana.it\/it\/wp-json\/wp\/v2\/media?parent=420615"}],"wp:term":[{"taxonomy":"category","embeddable":true,"href":"https:\/\/www.intoscana.it\/it\/wp-json\/wp\/v2\/categories?post=420615"},{"taxonomy":"post_tag","embeddable":true,"href":"https:\/\/www.intoscana.it\/it\/wp-json\/wp\/v2\/tags?post=420615"}],"curies":[{"name":"wp","href":"https:\/\/api.w.org\/{rel}","templated":true}]}}