{"id":420629,"date":"2026-03-13T17:31:28","date_gmt":"2026-03-13T16:31:28","guid":{"rendered":"https:\/\/www.intoscana.it\/it\/?p=420629"},"modified":"2026-03-13T17:32:47","modified_gmt":"2026-03-13T16:32:47","slug":"ballare-di-mattina-senza-alcol-il-soft-clubbing-conquista-firenze","status":"publish","type":"post","link":"https:\/\/www.intoscana.it\/it\/ballare-di-mattina-senza-alcol-il-soft-clubbing-conquista-firenze\/","title":{"rendered":"Ballare di mattina, senza alcol: il soft clubbing conquista Firenze"},"content":{"rendered":"<p>Per decenni il divertimento notturno ha avuto regole precise: si usciva tardi, si ballava fino all\u2019alba e il giorno dopo si facevano i conti con la stanchezza. Oggi per\u00f2 qualcosa sta cambiando. Sempre pi\u00f9 giovani \u2013 ma non solo \u2013 scelgono di ballare <strong>di giorno e spesso da sobri<\/strong>. \u00c8 il fenomeno del <strong>soft clubbing<\/strong>, una tendenza internazionale che negli ultimi mesi ha iniziato a prendere piede in Italia e che ha trovato spazio anche a Firenze.<\/p>\n<h3>Dal coffee rave ai dj set mattutini<\/h3>\n<p>La nuova moda del clubbing \u201clight\u201d \u00e8 diventata virale anche sui social. Qualche settimana fa hanno fatto il giro del web i video di <strong>Jovanotti<\/strong> che ballava dietro la consolle durante un dj set alla <strong>Fabbrica del Vapore<\/strong> di Milano. Un dettaglio raccontava bene lo spirito dell\u2019evento: tra il pubblico non circolavano cocktail o birre, ma cappuccini e cornetti.<\/p>\n<p>Era una delle feste dell\u2019<strong>m2o Morning Club<\/strong>, format dedicato a chi vuole ballare la mattina, senza alcol e senza fare le ore piccole. Un esempio perfetto di soft clubbing, una modalit\u00e0 di vivere la musica e la socialit\u00e0 pi\u00f9 sostenibile per il corpo e per la routine quotidiana.<\/p>\n<p>Negli Stati Uniti gli eventi di <strong>coffee clubbing<\/strong> \u2013 feste mattutine accompagnate da caff\u00e8 di qualit\u00e0 \u2013 sono aumentati del <strong>478%<\/strong> negli ultimi anni. Anche in Italia il fenomeno si sta diffondendo: a Milano, per esempio, il collettivo Fame Club organizza dj set diurni in luoghi insoliti come caffetterie, latterie e mercati.<\/p>\n<h3>Perch\u00e9 piace alla Gen Z (e non solo)<\/h3>\n<p>Lo stereotipo secondo cui la <strong>Generazione Z<\/strong> preferisce attivit\u00e0 tranquille rispetto agli eccessi della nightlife trova qualche conferma nei dati. Molti giovani sono pi\u00f9 attenti alla salute e al benessere mentale, e scelgono esperienze sociali che non compromettano la giornata successiva.<\/p>\n<p>Ma il soft clubbing non \u00e8 solo per ventenni. Anzi. Anche <strong>trentenni e quarantenni<\/strong> stanno riscoprendo il piacere di uscire <strong>senza sacrificare il sonno o gli impegni del giorno dopo<\/strong>. L\u2019idea di ballare la mattina o nel primo pomeriggio permette di conciliare divertimento e vita quotidiana.<\/p>\n<h3>Il debutto del soft clubbing a Firenze<\/h3>\n<p>Anche Firenze ha iniziato a sperimentare questa nuova forma di socialit\u00e0. A febbraio oltre <strong>400 persone<\/strong> hanno partecipato alla prima <strong>Soft Clubbing Experience<\/strong> organizzata negli spazi di <strong>The Social Hub Firenze Belfiore<\/strong>, all\u2019interno della bakery Menchetti.<\/p>\n<p>L\u2019evento \u2013 inserito nel programma del Fuori Taste \u2013 ha portato per la prima volta in citt\u00e0 questo format che unisce musica elettronica e colazione. Alla consolle si sono alternati tre dj di fama internazionale: <strong>Supernova<\/strong>, <strong>Federico Grazzini<\/strong> e <strong>Guru<\/strong>, creando un\u2019atmosfera vivace e informale nel cuore della mattinata fiorentina.<\/p>\n<p>L\u2019iniziativa \u00e8 stata promossa insieme al brand fiorentino <strong>Mauna-Kea<\/strong>, che ha presentato anche una capsule collection dedicata proprio al mondo del soft clubbing.<\/p>\n<figure id=\"post-420630 media-420630\" class=\"align-none\"><img decoding=\"async\" src=\"https:\/\/www.intoscana.it\/wp-content\/uploads\/The-Social-Hub-Belfiore-1.jpg\" alt=\"\" \/><\/figure>\n<div class=\"titleimg\"><\/div>\n<h3>The Social Hub e la nuova socialit\u00e0 diurna<\/h3>\n<p>Il successo dell\u2019evento ha confermato che anche a Firenze esiste un pubblico curioso di sperimentare nuovi modi di vivere la musica. Per questo <strong>The Social Hub <\/strong>ha deciso di inserire stabilmente il soft clubbing nel calendario delle attivit\u00e0.<\/p>\n<p>L\u2019idea \u00e8 trasformare gli spazi dell\u2019hub \u2013 gi\u00e0 utilizzati per coworking, incontri e eventi culturali \u2013 in luoghi di socialit\u00e0 diurna, dove la musica diventa la colonna sonora di incontri e momenti condivisi. Il calendario fiorentino prevede tre nuovi appuntamenti mattutini il <strong>15 marzo, il <\/strong><strong>29 marzo e il <\/strong><strong>12 aprile<\/strong><\/p>\n<p>Gli eventi si terranno dalle <strong>11 alle 15<\/strong> negli spazi di viale Belfiore, tra dj set internazionali e colazioni gourmet.<\/p>\n<h3>Il clubbing del mattino arriva anche nei concerti<\/h3>\n<p>Il soft clubbing non riguarda soltanto i dj set. Anche alcuni artisti stanno sperimentando formati simili nei loro concerti. Tra questi c\u2019\u00e8 <strong>Cosmo<\/strong>, da sempre vicino alla cultura dei club e fondatore del collettivo Ivreatronic. Il suo tour estivo sar\u00e0 infatti un <strong>matin\u00e9e<\/strong>, con concerti programmati all\u2019alba o nelle prime ore del giorno. A Firenze l\u2019appuntamento \u00e8 per il <strong>2 giugno<\/strong>, quando salir\u00e0 sul palco per <strong>Decibel Presents<\/strong> con uno show pensato proprio per iniziare la giornata a ritmo di elettronica.<\/p>\n<p>&nbsp;<\/p>\n<blockquote class=\"instagram-media\" style=\"background: #FFF; border: 0; border-radius: 3px; box-shadow: 0 0 1px 0 rgba(0,0,0,0.5),0 1px 10px 0 rgba(0,0,0,0.15); margin: 1px; max-width: 540px; min-width: 326px; padding: 0; width: calc(100% - 2px);\" data-instgrm-captioned=\"\" data-instgrm-permalink=\"https:\/\/www.instagram.com\/p\/DVvXug6iMeG\/?utm_source=ig_embed&amp;utm_campaign=loading\" data-instgrm-version=\"14\">\n<div style=\"padding: 16px;\">\n<p>&nbsp;<\/p>\n<div style=\"display: flex; flex-direction: row; align-items: center;\">\n<div style=\"background-color: #f4f4f4; border-radius: 50%; flex-grow: 0; height: 40px; margin-right: 14px; width: 40px;\"><\/div>\n<div style=\"display: flex; flex-direction: column; flex-grow: 1; justify-content: center;\">\n<div style=\"background-color: #f4f4f4; border-radius: 4px; flex-grow: 0; height: 14px; margin-bottom: 6px; width: 100px;\"><\/div>\n<div style=\"background-color: #f4f4f4; border-radius: 4px; flex-grow: 0; height: 14px; width: 60px;\"><\/div>\n<\/div>\n<\/div>\n<div style=\"padding: 19% 0;\"><\/div>\n<div style=\"display: block; height: 50px; margin: 0 auto 12px; width: 50px;\"><\/div>\n<div style=\"padding-top: 8px;\">\n<div style=\"color: #3897f0; font-family: Arial,sans-serif; font-size: 14px; font-style: normal; font-weight: 550; line-height: 18px;\">Visualizza questo post su Instagram<\/div>\n<\/div>\n<div style=\"padding: 12.5% 0;\"><\/div>\n<div style=\"display: flex; flex-direction: row; margin-bottom: 14px; align-items: center;\">\n<div>\n<div style=\"background-color: #f4f4f4; border-radius: 50%; height: 12.5px; width: 12.5px; transform: translateX(0px) translateY(7px);\"><\/div>\n<div style=\"background-color: #f4f4f4; height: 12.5px; transform: rotate(-45deg) translateX(3px) translateY(1px); width: 12.5px; flex-grow: 0; margin-right: 14px; margin-left: 2px;\"><\/div>\n<div style=\"background-color: #f4f4f4; border-radius: 50%; height: 12.5px; width: 12.5px; transform: translateX(9px) translateY(-18px);\"><\/div>\n<\/div>\n<div style=\"margin-left: 8px;\">\n<div style=\"background-color: #f4f4f4; border-radius: 50%; flex-grow: 0; height: 20px; width: 20px;\"><\/div>\n<div style=\"width: 0; height: 0; border-top: 2px solid transparent; border-left: 6px solid #f4f4f4; border-bottom: 2px solid transparent; transform: translateX(16px) translateY(-4px) rotate(30deg);\"><\/div>\n<\/div>\n<div style=\"margin-left: auto;\">\n<div style=\"width: 0px; border-top: 8px solid #F4F4F4; border-right: 8px solid transparent; transform: translateY(16px);\"><\/div>\n<div style=\"background-color: #f4f4f4; flex-grow: 0; height: 12px; width: 16px; transform: translateY(-4px);\"><\/div>\n<div style=\"width: 0; height: 0; border-top: 8px solid #F4F4F4; border-left: 8px solid transparent; transform: translateY(-4px) translateX(8px);\"><\/div>\n<\/div>\n<\/div>\n<div style=\"display: flex; flex-direction: column; flex-grow: 1; justify-content: center; margin-bottom: 24px;\">\n<div style=\"background-color: #f4f4f4; border-radius: 4px; flex-grow: 0; height: 14px; margin-bottom: 6px; width: 224px;\"><\/div>\n<div style=\"background-color: #f4f4f4; border-radius: 4px; flex-grow: 0; height: 14px; width: 144px;\"><\/div>\n<\/div>\n<p>&nbsp;<\/p>\n<p style=\"color: #c9c8cd; font-family: Arial,sans-serif; font-size: 14px; line-height: 17px; margin-bottom: 0; margin-top: 8px; overflow: hidden; padding: 8px 0 7px; text-align: center; text-overflow: ellipsis; white-space: nowrap;\"><a style=\"color: #c9c8cd; font-family: Arial,sans-serif; font-size: 14px; font-style: normal; font-weight: normal; line-height: 17px; text-decoration: none;\" href=\"https:\/\/www.instagram.com\/p\/DVvXug6iMeG\/?utm_source=ig_embed&amp;utm_campaign=loading\" target=\"_blank\" rel=\"noopener\">Un post condiviso da DNA concerti (@dna_concerti)<\/a><\/p>\n<\/div>\n<\/blockquote>\n<p><script async src=\"\/\/www.instagram.com\/embed.js\"><\/script><\/p>\n","protected":false},"excerpt":{"rendered":"<p>Addio nottate in discoteca. Il soft clubbing conquista Firenze con dj set mattutini, colazioni gourmet e il primo matin\u00e9e di Cosmo<\/p>\n","protected":false},"author":507,"featured_media":420631,"comment_status":"open","ping_status":"open","sticky":false,"template":"","format":"standard","meta":{"_acf_changed":false,"footnotes":""},"categories":[14],"tags":[202],"class_list":["post-420629","post","type-post","status-publish","format-standard","has-post-thumbnail","hentry","category-musica","tag-firenze"],"acf":[],"yoast_head":"<!-- This site is optimized with the Yoast SEO Premium plugin v24.2 (Yoast SEO v25.6) - https:\/\/yoast.com\/wordpress\/plugins\/seo\/ -->\n<title>Ballare di mattina, senza alcol: il soft clubbing conquista Firenze - intoscana<\/title>\n<meta name=\"robots\" content=\"index, follow, max-snippet:-1, max-image-preview:large, max-video-preview:-1\" \/>\n<link rel=\"canonical\" href=\"https:\/\/www.intoscana.it\/it\/ballare-di-mattina-senza-alcol-il-soft-clubbing-conquista-firenze\/\" \/>\n<meta property=\"og:locale\" content=\"it_IT\" \/>\n<meta property=\"og:type\" content=\"article\" \/>\n<meta property=\"og:title\" content=\"Ballare di mattina, senza alcol: il soft clubbing conquista Firenze\" \/>\n<meta property=\"og:description\" content=\"Addio nottate in discoteca. Il soft clubbing conquista Firenze con dj set mattutini, colazioni gourmet e il primo matin\u00e9e di Cosmo\" \/>\n<meta property=\"og:url\" content=\"https:\/\/www.intoscana.it\/it\/ballare-di-mattina-senza-alcol-il-soft-clubbing-conquista-firenze\/\" \/>\n<meta property=\"og:site_name\" content=\"intoscana\" \/>\n<meta property=\"article:publisher\" content=\"https:\/\/www.facebook.com\/intoscana.it\" \/>\n<meta property=\"article:published_time\" content=\"2026-03-13T16:31:28+00:00\" \/>\n<meta property=\"article:modified_time\" content=\"2026-03-13T16:32:47+00:00\" \/>\n<meta property=\"og:image\" content=\"https:\/\/www.intoscana.it\/wp-content\/uploads\/The-Social-Hub-Bologna_@Bigdedo-foto-scaled.jpg\" \/>\n\t<meta property=\"og:image:width\" content=\"2048\" \/>\n\t<meta property=\"og:image:height\" content=\"1365\" \/>\n\t<meta property=\"og:image:type\" content=\"image\/jpeg\" \/>\n<meta name=\"author\" content=\"Chiara Bianchini\" \/>\n<meta name=\"twitter:card\" content=\"summary_large_image\" \/>\n<meta name=\"twitter:creator\" content=\"@intoscana\" \/>\n<meta name=\"twitter:site\" content=\"@intoscana\" \/>\n<meta name=\"twitter:label1\" content=\"Written by\" \/>\n\t<meta name=\"twitter:data1\" content=\"Chiara Bianchini\" \/>\n\t<meta name=\"twitter:label2\" content=\"Est. reading time\" \/>\n\t<meta name=\"twitter:data2\" content=\"4 minuti\" \/>\n<script type=\"application\/ld+json\" class=\"yoast-schema-graph\">{\"@context\":\"https:\/\/schema.org\",\"@graph\":[{\"@type\":\"WebPage\",\"@id\":\"https:\/\/www.intoscana.it\/it\/ballare-di-mattina-senza-alcol-il-soft-clubbing-conquista-firenze\/\",\"url\":\"https:\/\/www.intoscana.it\/it\/ballare-di-mattina-senza-alcol-il-soft-clubbing-conquista-firenze\/\",\"name\":\"Ballare di mattina, senza alcol: il soft clubbing conquista Firenze - intoscana\",\"isPartOf\":{\"@id\":\"https:\/\/www.intoscana.it\/it\/#website\"},\"primaryImageOfPage\":{\"@id\":\"https:\/\/www.intoscana.it\/it\/ballare-di-mattina-senza-alcol-il-soft-clubbing-conquista-firenze\/#primaryimage\"},\"image\":{\"@id\":\"https:\/\/www.intoscana.it\/it\/ballare-di-mattina-senza-alcol-il-soft-clubbing-conquista-firenze\/#primaryimage\"},\"thumbnailUrl\":\"https:\/\/www.intoscana.it\/wp-content\/uploads\/The-Social-Hub-Bologna_@Bigdedo-foto-scaled.jpg\",\"datePublished\":\"2026-03-13T16:31:28+00:00\",\"dateModified\":\"2026-03-13T16:32:47+00:00\",\"author\":{\"@id\":\"https:\/\/www.intoscana.it\/it\/#\/schema\/person\/010af92117f50561886339ad5b873a41\"},\"breadcrumb\":{\"@id\":\"https:\/\/www.intoscana.it\/it\/ballare-di-mattina-senza-alcol-il-soft-clubbing-conquista-firenze\/#breadcrumb\"},\"inLanguage\":\"it-IT\",\"potentialAction\":[{\"@type\":\"ReadAction\",\"target\":[\"https:\/\/www.intoscana.it\/it\/ballare-di-mattina-senza-alcol-il-soft-clubbing-conquista-firenze\/\"]}]},{\"@type\":\"ImageObject\",\"inLanguage\":\"it-IT\",\"@id\":\"https:\/\/www.intoscana.it\/it\/ballare-di-mattina-senza-alcol-il-soft-clubbing-conquista-firenze\/#primaryimage\",\"url\":\"https:\/\/www.intoscana.it\/wp-content\/uploads\/The-Social-Hub-Bologna_@Bigdedo-foto-scaled.jpg\",\"contentUrl\":\"https:\/\/www.intoscana.it\/wp-content\/uploads\/The-Social-Hub-Bologna_@Bigdedo-foto-scaled.jpg\",\"width\":2048,\"height\":1365},{\"@type\":\"BreadcrumbList\",\"@id\":\"https:\/\/www.intoscana.it\/it\/ballare-di-mattina-senza-alcol-il-soft-clubbing-conquista-firenze\/#breadcrumb\",\"itemListElement\":[{\"@type\":\"ListItem\",\"position\":1,\"name\":\"Home\",\"item\":\"https:\/\/www.intoscana.it\/it\/\"},{\"@type\":\"ListItem\",\"position\":2,\"name\":\"Ballare di mattina, senza alcol: il soft clubbing conquista Firenze\"}]},{\"@type\":\"WebSite\",\"@id\":\"https:\/\/www.intoscana.it\/it\/#website\",\"url\":\"https:\/\/www.intoscana.it\/it\/\",\"name\":\"intoscana\",\"description\":\"\",\"potentialAction\":[{\"@type\":\"SearchAction\",\"target\":{\"@type\":\"EntryPoint\",\"urlTemplate\":\"https:\/\/www.intoscana.it\/it\/?s={search_term_string}\"},\"query-input\":{\"@type\":\"PropertyValueSpecification\",\"valueRequired\":true,\"valueName\":\"search_term_string\"}}],\"inLanguage\":\"it-IT\"},{\"@type\":\"Person\",\"@id\":\"https:\/\/www.intoscana.it\/it\/#\/schema\/person\/010af92117f50561886339ad5b873a41\",\"name\":\"Chiara Bianchini\",\"sameAs\":[\"c.bianchini@fst.it\"],\"url\":\"https:\/\/www.intoscana.it\/it\/author\/chiara-bianchini\/\"}]}<\/script>\n<!-- \/ Yoast SEO Premium plugin. -->","yoast_head_json":{"title":"Ballare di mattina, senza alcol: il soft clubbing conquista Firenze - intoscana","robots":{"index":"index","follow":"follow","max-snippet":"max-snippet:-1","max-image-preview":"max-image-preview:large","max-video-preview":"max-video-preview:-1"},"canonical":"https:\/\/www.intoscana.it\/it\/ballare-di-mattina-senza-alcol-il-soft-clubbing-conquista-firenze\/","og_locale":"it_IT","og_type":"article","og_title":"Ballare di mattina, senza alcol: il soft clubbing conquista Firenze","og_description":"Addio nottate in discoteca. Il soft clubbing conquista Firenze con dj set mattutini, colazioni gourmet e il primo matin\u00e9e di Cosmo","og_url":"https:\/\/www.intoscana.it\/it\/ballare-di-mattina-senza-alcol-il-soft-clubbing-conquista-firenze\/","og_site_name":"intoscana","article_publisher":"https:\/\/www.facebook.com\/intoscana.it","article_published_time":"2026-03-13T16:31:28+00:00","article_modified_time":"2026-03-13T16:32:47+00:00","og_image":[{"width":2048,"height":1365,"url":"https:\/\/www.intoscana.it\/wp-content\/uploads\/The-Social-Hub-Bologna_@Bigdedo-foto-scaled.jpg","type":"image\/jpeg"}],"author":"Chiara Bianchini","twitter_card":"summary_large_image","twitter_creator":"@intoscana","twitter_site":"@intoscana","twitter_misc":{"Written by":"Chiara Bianchini","Est. reading time":"4 minuti"},"schema":{"@context":"https:\/\/schema.org","@graph":[{"@type":"WebPage","@id":"https:\/\/www.intoscana.it\/it\/ballare-di-mattina-senza-alcol-il-soft-clubbing-conquista-firenze\/","url":"https:\/\/www.intoscana.it\/it\/ballare-di-mattina-senza-alcol-il-soft-clubbing-conquista-firenze\/","name":"Ballare di mattina, senza alcol: il soft clubbing conquista Firenze - intoscana","isPartOf":{"@id":"https:\/\/www.intoscana.it\/it\/#website"},"primaryImageOfPage":{"@id":"https:\/\/www.intoscana.it\/it\/ballare-di-mattina-senza-alcol-il-soft-clubbing-conquista-firenze\/#primaryimage"},"image":{"@id":"https:\/\/www.intoscana.it\/it\/ballare-di-mattina-senza-alcol-il-soft-clubbing-conquista-firenze\/#primaryimage"},"thumbnailUrl":"https:\/\/www.intoscana.it\/wp-content\/uploads\/The-Social-Hub-Bologna_@Bigdedo-foto-scaled.jpg","datePublished":"2026-03-13T16:31:28+00:00","dateModified":"2026-03-13T16:32:47+00:00","author":{"@id":"https:\/\/www.intoscana.it\/it\/#\/schema\/person\/010af92117f50561886339ad5b873a41"},"breadcrumb":{"@id":"https:\/\/www.intoscana.it\/it\/ballare-di-mattina-senza-alcol-il-soft-clubbing-conquista-firenze\/#breadcrumb"},"inLanguage":"it-IT","potentialAction":[{"@type":"ReadAction","target":["https:\/\/www.intoscana.it\/it\/ballare-di-mattina-senza-alcol-il-soft-clubbing-conquista-firenze\/"]}]},{"@type":"ImageObject","inLanguage":"it-IT","@id":"https:\/\/www.intoscana.it\/it\/ballare-di-mattina-senza-alcol-il-soft-clubbing-conquista-firenze\/#primaryimage","url":"https:\/\/www.intoscana.it\/wp-content\/uploads\/The-Social-Hub-Bologna_@Bigdedo-foto-scaled.jpg","contentUrl":"https:\/\/www.intoscana.it\/wp-content\/uploads\/The-Social-Hub-Bologna_@Bigdedo-foto-scaled.jpg","width":2048,"height":1365},{"@type":"BreadcrumbList","@id":"https:\/\/www.intoscana.it\/it\/ballare-di-mattina-senza-alcol-il-soft-clubbing-conquista-firenze\/#breadcrumb","itemListElement":[{"@type":"ListItem","position":1,"name":"Home","item":"https:\/\/www.intoscana.it\/it\/"},{"@type":"ListItem","position":2,"name":"Ballare di mattina, senza alcol: il soft clubbing conquista Firenze"}]},{"@type":"WebSite","@id":"https:\/\/www.intoscana.it\/it\/#website","url":"https:\/\/www.intoscana.it\/it\/","name":"intoscana","description":"","potentialAction":[{"@type":"SearchAction","target":{"@type":"EntryPoint","urlTemplate":"https:\/\/www.intoscana.it\/it\/?s={search_term_string}"},"query-input":{"@type":"PropertyValueSpecification","valueRequired":true,"valueName":"search_term_string"}}],"inLanguage":"it-IT"},{"@type":"Person","@id":"https:\/\/www.intoscana.it\/it\/#\/schema\/person\/010af92117f50561886339ad5b873a41","name":"Chiara Bianchini","sameAs":["c.bianchini@fst.it"],"url":"https:\/\/www.intoscana.it\/it\/author\/chiara-bianchini\/"}]}},"_links":{"self":[{"href":"https:\/\/www.intoscana.it\/it\/wp-json\/wp\/v2\/posts\/420629","targetHints":{"allow":["GET"]}}],"collection":[{"href":"https:\/\/www.intoscana.it\/it\/wp-json\/wp\/v2\/posts"}],"about":[{"href":"https:\/\/www.intoscana.it\/it\/wp-json\/wp\/v2\/types\/post"}],"author":[{"embeddable":true,"href":"https:\/\/www.intoscana.it\/it\/wp-json\/wp\/v2\/users\/507"}],"replies":[{"embeddable":true,"href":"https:\/\/www.intoscana.it\/it\/wp-json\/wp\/v2\/comments?post=420629"}],"version-history":[{"count":3,"href":"https:\/\/www.intoscana.it\/it\/wp-json\/wp\/v2\/posts\/420629\/revisions"}],"predecessor-version":[{"id":420634,"href":"https:\/\/www.intoscana.it\/it\/wp-json\/wp\/v2\/posts\/420629\/revisions\/420634"}],"wp:featuredmedia":[{"embeddable":true,"href":"https:\/\/www.intoscana.it\/it\/wp-json\/wp\/v2\/media\/420631"}],"wp:attachment":[{"href":"https:\/\/www.intoscana.it\/it\/wp-json\/wp\/v2\/media?parent=420629"}],"wp:term":[{"taxonomy":"category","embeddable":true,"href":"https:\/\/www.intoscana.it\/it\/wp-json\/wp\/v2\/categories?post=420629"},{"taxonomy":"post_tag","embeddable":true,"href":"https:\/\/www.intoscana.it\/it\/wp-json\/wp\/v2\/tags?post=420629"}],"curies":[{"name":"wp","href":"https:\/\/api.w.org\/{rel}","templated":true}]}}