{"id":420652,"date":"2026-03-14T09:27:34","date_gmt":"2026-03-14T08:27:34","guid":{"rendered":"https:\/\/www.intoscana.it\/it\/?p=420652"},"modified":"2026-03-14T09:28:41","modified_gmt":"2026-03-14T08:28:41","slug":"assessora-manetti-visita-peccioli-buti-volterra","status":"publish","type":"post","link":"https:\/\/www.intoscana.it\/it\/assessora-manetti-visita-peccioli-buti-volterra\/","title":{"rendered":"Cultura diffusa, l&#8217;assessora Manetti in visita a Peccioli, Buti e Volterra"},"content":{"rendered":"<p>Prosegue il tour in Toscana dell\u2019assessora regionale alla cultura <strong>Cristina Manetti<\/strong> dedicato alla valorizzazione della cultura diffusa e del patrimonio dei territori. Dopo aver visitato Pieve Santo Stefano, Cortona, Pienza, Reggello, Loro Ciuffenna, San Giovanni Valdarno, la Valdera e Pisa, San Gimignano e Siena, Sansepolcro e Prato, l\u2019assessora ha fatto tappa nei comuni di <strong>Buti, Peccioli e Volterra<\/strong>.<\/p>\n<p>La giornata \u00e8 iniziata a Buti insieme alla sindaca Arianna Buti, con una visita alla torre e al teatro, occasione per confrontarsi con l\u2019amministrazione locale sulle attivit\u00e0 culturali e sulle prospettive di valorizzazione del territorio.<\/p>\n<p>Successivamente Manetti si \u00e8 spostata a Peccioli, dove ha visitato il borgo accompagnata dal sindaco Renzo Macelloni, che le ha spiegato in cosa consiste il \u2018<strong>Sistema Peccioli<\/strong>\u2019. L\u2019attenzione si \u00e8 concentrata in particolare sugli impianti della discarica e sul percorso di trasformazione che negli anni ha portato alla nascita di un progetto innovativo capace di integrare ambiente, cultura e sviluppo locale. L\u2019incontro \u00e8 stato anche un momento di confronto istituzionale sui percorsi condivisi tra Regione Toscana e Comune di Peccioli sui temi della cultura e del turismo e sulle prospettive di collaborazione futura.<\/p>\n<figure id=\"post-102105 media-102105\" class=\"align-none\"><img decoding=\"async\" src=\"https:\/\/www.intoscana.it\/wp-content\/uploads\/peccioli.jpeg\" alt=\"\" \/><\/figure>\n<div class=\"titleimg\">Peccioli e la Valdera<\/div>\n<p>\u201c<mark>Peccioli \u2013 ha sottolineato l\u2019assessora Manetti \u2013 \u00e8 un modello perch\u00e9 ha saputo caratterizzarsi per una presenza forte dell\u2019arte contemporanea nei luoghi naturali, quindi vivibili da tutti e non solo all\u2019interno dei musei. Qui c\u2019\u00e8 anche una narrazione importante, quella della rinascita legata alla discarica<\/mark>: l\u2019arte ha contribuito a raccontare questa trasformazione anche fuori da Peccioli ed \u00e8 diventata un elemento di attrazione. Molte persone, anche dalla Toscana, arrivano qui incuriosite dalla presenza cos\u00ec significativa dell\u2019arte contemporanea negli spazi aperti\u201d.<\/p>\n<p>\u201cMi piace questa idea di un museo diffuso all\u2019aria aperta \u2013 ha aggiunto Manetti \u2013 perch\u00e9 <mark>in Toscana esistono molti luoghi che ospitano opere contemporanee in piazze, giardini e spazi pubblici. Peccioli dimostra che questo modello funziona<\/mark>, lo dicono i numeri e la partecipazione che si \u00e8 creata negli anni. Pu\u00f2 diventare un punto di riferimento e uno stimolo per valorizzare anche altri territori della regione, offrendo nuove occasioni per vivere la cultura anche attraverso una semplice passeggiata\u201d.<\/p>\n<p>\u201cPeccioli &#8211; ha evidenziato il sindaco <strong>Macelloni<\/strong> &#8211; \u00e8 una realt\u00e0 singolare perch\u00e9 da un casuale risanamento nel &#8217;90 \u00e8 sbocciata un&#8217;occasione. E non ci siamo pi\u00f9 fermati, ribaltando un paradigma con l&#8217;impianto di Legoli, sanando una complessa situazione ambientale per la Regione Toscana. Penso alla prima esposizione internazionale nel 2001, poi la tappa a San Pietroburgo, sino alla Biennale a Venezia. Passando per New York, dal Borgo dei Borghi e ora dal nuovo asse con New Orleans. <mark>L&#8217;arte contemporanea diffusa \u00e8 una narrazione che funziona e con grande piacere oggi c&#8217;\u00e8 la possibilit\u00e0 di condividere e allegare questa visione anche grazie al supporto della giunta regionale e dell&#8217;assessora Cristina Manetti qui in visita. E&#8217; nella diversit\u00e0 che risiede la nostra forza<\/mark>\u201d. Macelloni ha ricordato anche il progetto Linking Valdera che ha l&#8217;obiettivo di ricostruire un asse con Pontedera in materia di <strong>connessione<\/strong> e <strong>viabilit\u00e0<\/strong>.<\/p>\n<figure id=\"post-72732 media-72732\" class=\"align-none\"><img decoding=\"async\" src=\"https:\/\/www.intoscana.it\/wp-content\/uploads\/14340135887_938818f3fe_k-1.jpg\" alt=\"\" \/><\/figure>\n<div class=\"titleimg\">L\u2019Anfiteatro di Volterra<\/div>\n<p>Nel pomeriggio la visita \u00e8 proseguita a Volterra, con una tappa all\u2019<strong>anfiteatro romano<\/strong> e un percorso alla scoperta del patrimonio storico e culturale della citt\u00e0, uno dei simboli dell\u2019identit\u00e0 del territorio e parte del sistema dei siti Unesco della Toscana.<\/p>\n","protected":false},"excerpt":{"rendered":"<p>L&#8217;assessora regionale ha fatto tappa in tre localit\u00e0 simbolo della Toscana: \u201cPeccioli modello di integrazione tra arte, ambiente e territorio\u201d<\/p>\n","protected":false},"author":525,"featured_media":420654,"comment_status":"open","ping_status":"open","sticky":false,"template":"","format":"standard","meta":{"_acf_changed":false,"footnotes":""},"categories":[494],"tags":[6652,5279,2404],"class_list":["post-420652","post","type-post","status-publish","format-standard","has-post-thumbnail","hentry","category-attualita","tag-cristina-manetti","tag-peccioli","tag-volterra"],"acf":[],"yoast_head":"<!-- This site is optimized with the Yoast SEO Premium plugin v24.2 (Yoast SEO v25.6) - https:\/\/yoast.com\/wordpress\/plugins\/seo\/ -->\n<title>Cultura diffusa, l&#039;assessora Manetti in visita a Peccioli, Buti e Volterra - intoscana<\/title>\n<meta name=\"description\" content=\"L&#039;assessora Manetti ha fatto tappa in tre localit\u00e0 simbolo della Toscana: \u201cPeccioli modello di integrazione tra arte, ambiente e territorio\u201d\" \/>\n<meta name=\"robots\" content=\"index, follow, max-snippet:-1, max-image-preview:large, max-video-preview:-1\" \/>\n<link rel=\"canonical\" href=\"https:\/\/www.intoscana.it\/it\/assessora-manetti-visita-peccioli-buti-volterra\/\" \/>\n<meta property=\"og:locale\" content=\"it_IT\" \/>\n<meta property=\"og:type\" content=\"article\" \/>\n<meta property=\"og:title\" content=\"Cultura diffusa, l&#039;assessora Manetti in visita a Peccioli, Buti e Volterra\" \/>\n<meta property=\"og:description\" content=\"L&#039;assessora Manetti ha fatto tappa in tre localit\u00e0 simbolo della Toscana: \u201cPeccioli modello di integrazione tra arte, ambiente e territorio\u201d\" \/>\n<meta property=\"og:url\" content=\"https:\/\/www.intoscana.it\/it\/assessora-manetti-visita-peccioli-buti-volterra\/\" \/>\n<meta property=\"og:site_name\" content=\"intoscana\" \/>\n<meta property=\"article:publisher\" content=\"https:\/\/www.facebook.com\/intoscana.it\" \/>\n<meta property=\"article:published_time\" content=\"2026-03-14T08:27:34+00:00\" \/>\n<meta property=\"article:modified_time\" content=\"2026-03-14T08:28:41+00:00\" \/>\n<meta property=\"og:image\" content=\"https:\/\/www.intoscana.it\/wp-content\/uploads\/Manetti-Peccioli.jpeg\" \/>\n\t<meta property=\"og:image:width\" content=\"1600\" \/>\n\t<meta property=\"og:image:height\" content=\"1200\" \/>\n\t<meta property=\"og:image:type\" content=\"image\/jpeg\" \/>\n<meta name=\"author\" content=\"Redazione\" \/>\n<meta name=\"twitter:card\" content=\"summary_large_image\" \/>\n<meta name=\"twitter:creator\" content=\"@intoscana\" \/>\n<meta name=\"twitter:site\" content=\"@intoscana\" \/>\n<meta name=\"twitter:label1\" content=\"Written by\" \/>\n\t<meta name=\"twitter:data1\" content=\"Redazione\" \/>\n\t<meta name=\"twitter:label2\" content=\"Est. reading time\" \/>\n\t<meta name=\"twitter:data2\" content=\"4 minuti\" \/>\n<script type=\"application\/ld+json\" class=\"yoast-schema-graph\">{\"@context\":\"https:\/\/schema.org\",\"@graph\":[{\"@type\":\"WebPage\",\"@id\":\"https:\/\/www.intoscana.it\/it\/assessora-manetti-visita-peccioli-buti-volterra\/\",\"url\":\"https:\/\/www.intoscana.it\/it\/assessora-manetti-visita-peccioli-buti-volterra\/\",\"name\":\"Cultura diffusa, l'assessora Manetti in visita a Peccioli, Buti e Volterra - intoscana\",\"isPartOf\":{\"@id\":\"https:\/\/www.intoscana.it\/it\/#website\"},\"primaryImageOfPage\":{\"@id\":\"https:\/\/www.intoscana.it\/it\/assessora-manetti-visita-peccioli-buti-volterra\/#primaryimage\"},\"image\":{\"@id\":\"https:\/\/www.intoscana.it\/it\/assessora-manetti-visita-peccioli-buti-volterra\/#primaryimage\"},\"thumbnailUrl\":\"https:\/\/www.intoscana.it\/wp-content\/uploads\/Manetti-Peccioli.jpeg\",\"datePublished\":\"2026-03-14T08:27:34+00:00\",\"dateModified\":\"2026-03-14T08:28:41+00:00\",\"author\":{\"@id\":\"https:\/\/www.intoscana.it\/it\/#\/schema\/person\/9223810753230f20bd670fdd322661f8\"},\"description\":\"L'assessora Manetti ha fatto tappa in tre localit\u00e0 simbolo della Toscana: \u201cPeccioli modello di integrazione tra arte, ambiente e territorio\u201d\",\"breadcrumb\":{\"@id\":\"https:\/\/www.intoscana.it\/it\/assessora-manetti-visita-peccioli-buti-volterra\/#breadcrumb\"},\"inLanguage\":\"it-IT\",\"potentialAction\":[{\"@type\":\"ReadAction\",\"target\":[\"https:\/\/www.intoscana.it\/it\/assessora-manetti-visita-peccioli-buti-volterra\/\"]}]},{\"@type\":\"ImageObject\",\"inLanguage\":\"it-IT\",\"@id\":\"https:\/\/www.intoscana.it\/it\/assessora-manetti-visita-peccioli-buti-volterra\/#primaryimage\",\"url\":\"https:\/\/www.intoscana.it\/wp-content\/uploads\/Manetti-Peccioli.jpeg\",\"contentUrl\":\"https:\/\/www.intoscana.it\/wp-content\/uploads\/Manetti-Peccioli.jpeg\",\"width\":1600,\"height\":1200,\"caption\":\"Cultura diffusa, Manetti: \u201cPeccioli modello di integrazione tra arte, ambiente e territorio\u201d\"},{\"@type\":\"BreadcrumbList\",\"@id\":\"https:\/\/www.intoscana.it\/it\/assessora-manetti-visita-peccioli-buti-volterra\/#breadcrumb\",\"itemListElement\":[{\"@type\":\"ListItem\",\"position\":1,\"name\":\"Home\",\"item\":\"https:\/\/www.intoscana.it\/it\/\"},{\"@type\":\"ListItem\",\"position\":2,\"name\":\"Cultura diffusa, l&#8217;assessora Manetti in visita a Peccioli, Buti e Volterra\"}]},{\"@type\":\"WebSite\",\"@id\":\"https:\/\/www.intoscana.it\/it\/#website\",\"url\":\"https:\/\/www.intoscana.it\/it\/\",\"name\":\"intoscana\",\"description\":\"\",\"potentialAction\":[{\"@type\":\"SearchAction\",\"target\":{\"@type\":\"EntryPoint\",\"urlTemplate\":\"https:\/\/www.intoscana.it\/it\/?s={search_term_string}\"},\"query-input\":{\"@type\":\"PropertyValueSpecification\",\"valueRequired\":true,\"valueName\":\"search_term_string\"}}],\"inLanguage\":\"it-IT\"},{\"@type\":\"Person\",\"@id\":\"https:\/\/www.intoscana.it\/it\/#\/schema\/person\/9223810753230f20bd670fdd322661f8\",\"name\":\"Redazione\",\"url\":\"https:\/\/www.intoscana.it\/it\/author\/redazione\/\"}]}<\/script>\n<!-- \/ Yoast SEO Premium plugin. -->","yoast_head_json":{"title":"Cultura diffusa, l'assessora Manetti in visita a Peccioli, Buti e Volterra - intoscana","description":"L'assessora Manetti ha fatto tappa in tre localit\u00e0 simbolo della Toscana: \u201cPeccioli modello di integrazione tra arte, ambiente e territorio\u201d","robots":{"index":"index","follow":"follow","max-snippet":"max-snippet:-1","max-image-preview":"max-image-preview:large","max-video-preview":"max-video-preview:-1"},"canonical":"https:\/\/www.intoscana.it\/it\/assessora-manetti-visita-peccioli-buti-volterra\/","og_locale":"it_IT","og_type":"article","og_title":"Cultura diffusa, l'assessora Manetti in visita a Peccioli, Buti e Volterra","og_description":"L'assessora Manetti ha fatto tappa in tre localit\u00e0 simbolo della Toscana: \u201cPeccioli modello di integrazione tra arte, ambiente e territorio\u201d","og_url":"https:\/\/www.intoscana.it\/it\/assessora-manetti-visita-peccioli-buti-volterra\/","og_site_name":"intoscana","article_publisher":"https:\/\/www.facebook.com\/intoscana.it","article_published_time":"2026-03-14T08:27:34+00:00","article_modified_time":"2026-03-14T08:28:41+00:00","og_image":[{"width":1600,"height":1200,"url":"https:\/\/www.intoscana.it\/wp-content\/uploads\/Manetti-Peccioli.jpeg","type":"image\/jpeg"}],"author":"Redazione","twitter_card":"summary_large_image","twitter_creator":"@intoscana","twitter_site":"@intoscana","twitter_misc":{"Written by":"Redazione","Est. reading time":"4 minuti"},"schema":{"@context":"https:\/\/schema.org","@graph":[{"@type":"WebPage","@id":"https:\/\/www.intoscana.it\/it\/assessora-manetti-visita-peccioli-buti-volterra\/","url":"https:\/\/www.intoscana.it\/it\/assessora-manetti-visita-peccioli-buti-volterra\/","name":"Cultura diffusa, l'assessora Manetti in visita a Peccioli, Buti e Volterra - intoscana","isPartOf":{"@id":"https:\/\/www.intoscana.it\/it\/#website"},"primaryImageOfPage":{"@id":"https:\/\/www.intoscana.it\/it\/assessora-manetti-visita-peccioli-buti-volterra\/#primaryimage"},"image":{"@id":"https:\/\/www.intoscana.it\/it\/assessora-manetti-visita-peccioli-buti-volterra\/#primaryimage"},"thumbnailUrl":"https:\/\/www.intoscana.it\/wp-content\/uploads\/Manetti-Peccioli.jpeg","datePublished":"2026-03-14T08:27:34+00:00","dateModified":"2026-03-14T08:28:41+00:00","author":{"@id":"https:\/\/www.intoscana.it\/it\/#\/schema\/person\/9223810753230f20bd670fdd322661f8"},"description":"L'assessora Manetti ha fatto tappa in tre localit\u00e0 simbolo della Toscana: \u201cPeccioli modello di integrazione tra arte, ambiente e territorio\u201d","breadcrumb":{"@id":"https:\/\/www.intoscana.it\/it\/assessora-manetti-visita-peccioli-buti-volterra\/#breadcrumb"},"inLanguage":"it-IT","potentialAction":[{"@type":"ReadAction","target":["https:\/\/www.intoscana.it\/it\/assessora-manetti-visita-peccioli-buti-volterra\/"]}]},{"@type":"ImageObject","inLanguage":"it-IT","@id":"https:\/\/www.intoscana.it\/it\/assessora-manetti-visita-peccioli-buti-volterra\/#primaryimage","url":"https:\/\/www.intoscana.it\/wp-content\/uploads\/Manetti-Peccioli.jpeg","contentUrl":"https:\/\/www.intoscana.it\/wp-content\/uploads\/Manetti-Peccioli.jpeg","width":1600,"height":1200,"caption":"Cultura diffusa, Manetti: \u201cPeccioli modello di integrazione tra arte, ambiente e territorio\u201d"},{"@type":"BreadcrumbList","@id":"https:\/\/www.intoscana.it\/it\/assessora-manetti-visita-peccioli-buti-volterra\/#breadcrumb","itemListElement":[{"@type":"ListItem","position":1,"name":"Home","item":"https:\/\/www.intoscana.it\/it\/"},{"@type":"ListItem","position":2,"name":"Cultura diffusa, l&#8217;assessora Manetti in visita a Peccioli, Buti e Volterra"}]},{"@type":"WebSite","@id":"https:\/\/www.intoscana.it\/it\/#website","url":"https:\/\/www.intoscana.it\/it\/","name":"intoscana","description":"","potentialAction":[{"@type":"SearchAction","target":{"@type":"EntryPoint","urlTemplate":"https:\/\/www.intoscana.it\/it\/?s={search_term_string}"},"query-input":{"@type":"PropertyValueSpecification","valueRequired":true,"valueName":"search_term_string"}}],"inLanguage":"it-IT"},{"@type":"Person","@id":"https:\/\/www.intoscana.it\/it\/#\/schema\/person\/9223810753230f20bd670fdd322661f8","name":"Redazione","url":"https:\/\/www.intoscana.it\/it\/author\/redazione\/"}]}},"_links":{"self":[{"href":"https:\/\/www.intoscana.it\/it\/wp-json\/wp\/v2\/posts\/420652","targetHints":{"allow":["GET"]}}],"collection":[{"href":"https:\/\/www.intoscana.it\/it\/wp-json\/wp\/v2\/posts"}],"about":[{"href":"https:\/\/www.intoscana.it\/it\/wp-json\/wp\/v2\/types\/post"}],"author":[{"embeddable":true,"href":"https:\/\/www.intoscana.it\/it\/wp-json\/wp\/v2\/users\/525"}],"replies":[{"embeddable":true,"href":"https:\/\/www.intoscana.it\/it\/wp-json\/wp\/v2\/comments?post=420652"}],"version-history":[{"count":5,"href":"https:\/\/www.intoscana.it\/it\/wp-json\/wp\/v2\/posts\/420652\/revisions"}],"predecessor-version":[{"id":420658,"href":"https:\/\/www.intoscana.it\/it\/wp-json\/wp\/v2\/posts\/420652\/revisions\/420658"}],"wp:featuredmedia":[{"embeddable":true,"href":"https:\/\/www.intoscana.it\/it\/wp-json\/wp\/v2\/media\/420654"}],"wp:attachment":[{"href":"https:\/\/www.intoscana.it\/it\/wp-json\/wp\/v2\/media?parent=420652"}],"wp:term":[{"taxonomy":"category","embeddable":true,"href":"https:\/\/www.intoscana.it\/it\/wp-json\/wp\/v2\/categories?post=420652"},{"taxonomy":"post_tag","embeddable":true,"href":"https:\/\/www.intoscana.it\/it\/wp-json\/wp\/v2\/tags?post=420652"}],"curies":[{"name":"wp","href":"https:\/\/api.w.org\/{rel}","templated":true}]}}