{"id":420670,"date":"2026-03-17T16:45:26","date_gmt":"2026-03-17T15:45:26","guid":{"rendered":"https:\/\/www.intoscana.it\/it\/?p=420670"},"modified":"2026-03-17T17:07:21","modified_gmt":"2026-03-17T16:07:21","slug":"paolo-penko-anello-alfiere-vincitore","status":"publish","type":"post","link":"https:\/\/www.intoscana.it\/it\/paolo-penko-anello-alfiere-vincitore\/","title":{"rendered":"Calcio Storico, la bottega orafa Paolo Penko firma l\u2019Anello dell\u2019Alfiere vincitore"},"content":{"rendered":"<p>Un gioiello che racconta Firenze, i suoi quartieri e la passione del Calcio Storico. \u00c8 l\u2019\u201c<strong>Anello dell\u2019Alfiere vincitore<\/strong>\u201d, la nuova creazione ideata dalla Bottega Orafa Paolo Penko dedicata alla squadra vittoriosa del <strong>Torneo del Calcio Storico Fiorentino<\/strong>. L\u2019opera \u00e8 stata presentata n occasione dell\u2019inaugurazione della mostra \u201c<strong>The Ring \u2013 L\u2019anello dell\u2019Alfiere e altre storie<\/strong>\u201d, allestita nelle Sale Ginori di Palazzo Medici Riccardi, dove rester\u00e0 visibile fino al 24 marzo.<\/p>\n<h3>Il gioiello<\/h3>\n<figure id=\"post-420675 media-420675\" class=\"align-none\"><img decoding=\"async\" src=\"https:\/\/www.intoscana.it\/wp-content\/uploads\/Anello-dellAlfiere2.jpg\" alt=\"\" \/><\/figure>\n<div class=\"titleimg\">Anello dell\u2019Alfiere<\/div>\n<p>L\u2019Anello dell\u2019Alfiere Vincitore \u00e8 realizzato in argento con l\u2019antica tecnica della fusione a cera persa, poi cesellato a mano e inciso a bulino secondo la <strong>tradizione orafa fiorentina<\/strong>. A impreziosire ulteriormente il gioiello \u00e8 l\u2019esclusiva lavorazione \u201cpenkato\u201d e \u201cbugnato\u201d, cifra stilistica della bottega Penko, che aggiunge profondit\u00e0 materica e giochi di luce alla superficie. Non \u00e8 solo un premio simbolico, ma un vero pezzo di <strong>alta artigianalit\u00e0<\/strong> fiorentina, pensato per durare nel tempo come testimonianza della vittoria e della storia cittadina.<\/p>\n<p>La parte superiore riproduce la pianta storica della citt\u00e0 di Firenze, con la suddivisione dei quattro quartieri come dalla mappa del 1731 di Ferdinando Ruggieri: sono rappresentati su livelli differenti, ciascuno lavorato con una finitura diversa e impreziosito da un cristallo del proprio colore distintivo (<strong>bianco, rosso, verde e azzurro<\/strong>).<\/p>\n<p>La composizione \u00e8 attraversata da una serie di <strong>solchi profondi<\/strong>, incisi a mano, rappresentazione dorata del fiume Arno, elemento centrale nella storia e nella struttura della citt\u00e0, con i suoi quattro ponti storici. Tra le onde \u00e8 inciso in numeri romani l\u2019anno della vittoria, MMXXV, a memoria del Torneo 2025 vinto dai Rossi di Santa Maria Novella.<\/p>\n<p>A completamento dell\u2019opera \u00e8 incisa la dedica: \u201c<strong>Onore all\u2019Alfiere Vincitore<\/strong>\u201d.<\/p>\n<h3>I simboli della tradizione fiorentina<\/h3>\n<figure id=\"post-420674 media-420674\" class=\"align-none\"><img decoding=\"async\" src=\"https:\/\/www.intoscana.it\/wp-content\/uploads\/Anello-dellAlfiere3.jpg\" alt=\"\" \/><\/figure>\n<div class=\"titleimg\">Anello dell\u2019Alfiere<\/div>\n<p>L\u2019anello poggia su un <strong>basamento in bronzo<\/strong>, realizzato a forma di tenda a padiglione fiorentina, ispirata a un particolare del manoscritto di Niccol\u00f2 di Ventura \u201c<strong>La Battaglia di Montaperti<\/strong>\u201d (met\u00e0 XV secolo), conservato nella Biblioteca comunale degli Intronati di Siena. La superficie della base \u00e8 impreziosita da motivi damascati, dai quali emergono il <strong>Giglio<\/strong> di Firenze e la corona del <strong>Marzocco<\/strong>, elementi simbolo della tradizione civica fiorentina.<\/p>\n<h3>La bottega orafa di Paolo Penko<\/h3>\n<figure id=\"post-290425 media-290425\" class=\"align-none\"><img decoding=\"async\" src=\"https:\/\/www.intoscana.it\/wp-content\/uploads\/la-cintura-di-eleonora-di-toledo-paolopenko-4.jpeg\" alt=\"\" \/><\/figure>\n<div class=\"titleimg\">La cintura di Eleonora di Toledo realizzata da Paolo Penko<\/div>\n<p>Nel corso degli anni, la bottega di Paolo Penko ha realizzato numerosi capolavori d&#8217;arte orafa che omaggiano la fiorentinit\u00e0. Ha fatto rinascere, ad esempio, cintura indossata dalla duchessa <strong><a href=\"https:\/\/www.intoscana.it\/it\/eleonora-di-toledo-cintura-penko\/\" target=\"_blank\" rel=\"noopener\">Eleonora di Toledo<\/a>\u00a0<\/strong>e immortalata nel suo celebre ritratto con il figlio Giovanni, dipinto dal Bronzino e conservato nella Galleria degli Uffizi.<\/p>\n<p>Metalli e pietre preziose di Penko sono stati protagonisti del grande schermo nel recente\u00a0\u201c<strong><a href=\"https:\/\/www.intoscana.it\/it\/firenze-sogna-la-notte-degli-oscar-con-i-gioielli-di-paolo-penko-nomination-per-i-costumi-di-conclave\/\" target=\"_blank\" rel=\"noopener\">Conclave<\/a><\/strong>\u201d. Ispirato all\u2019omonimo romanzo di Robert Harris e diretto dal premio Oscar Edward Berger, il film vede nel cast Ralph Fiennes, Stanley Tucci, John Lithgow, Isabella Rossellini e Sergio Castellitto.<\/p>\n<p>Nel la pellicola si vedono <strong>anelli, croci, catene intagliate<\/strong> a mano con il tradizionale metodo Penko, ma soprattutto maestosi perch\u00e9 l\u2019opulenza dei gioielli \u00e8 un tratto chiave nel film la cui trama si intreccia intorno alla proclamazione di un\u00a0<strong>nuovo Papa<\/strong>.<\/p>\n<figure id=\"post-363097 media-363097\" class=\"align-none\"><img decoding=\"async\" src=\"https:\/\/www.intoscana.it\/wp-content\/uploads\/penkp-film-conclave.jpg\" alt=\"\" \/><\/figure>\n<div class=\"titleimg\">I gioielli di Penko nel film Conclave<\/div>\n<p>Anche in &#8220;<a href=\"https:\/\/www.intoscana.it\/it\/gioielli-paolo-penko-film-la-ballata-di-un-piccolo-giocatore\/\" target=\"_blank\" rel=\"noopener\"><strong>La Ballata di un piccolo giocatore<\/strong><\/a>&#8220;, su Netflix, che vede un cast d\u2019eccellenza con attori di fama mondiale come Colin Farrell e Tilda Swinton, ci sono creazioni che uniscono l\u2019eleganza dello stile inglese alla raffinatezza dell\u2019arte cinese.<\/p>\n","protected":false},"excerpt":{"rendered":"<p>L\u2019opera rappresenta un omaggio alla tradizione e ai simboli di Firenze: \u00e8 stata presentata in occasione dell\u2019inaugurazione della mostra \u201cThe Ring \u2013 L\u2019anello dell\u2019Alfiere e altre storie\u201d, allestita a Palazzo Medici Riccardi<\/p>\n","protected":false},"author":483,"featured_media":421082,"comment_status":"open","ping_status":"open","sticky":false,"template":"","format":"standard","meta":{"_acf_changed":false,"footnotes":""},"categories":[9],"tags":[5924,4891,5350],"class_list":["post-420670","post","type-post","status-publish","format-standard","has-post-thumbnail","hentry","category-made-in-toscana","tag-artigianato-artistico","tag-calcio-storico","tag-gioielli"],"acf":[],"yoast_head":"<!-- This site is optimized with the Yoast SEO Premium plugin v24.2 (Yoast SEO v25.6) - https:\/\/yoast.com\/wordpress\/plugins\/seo\/ -->\n<title>Calcio Storico, la bottega orafa Paolo Penko firma l\u2019Anello dell\u2019Alfiere vincitore - intoscana<\/title>\n<meta name=\"description\" content=\"L\u2019Anello dell\u2019Alfiere Vincitore \u00e8 stato realizzato dalla Bottega Orafa Paolo Penko, una vera istituzione di Firenze.\" \/>\n<meta name=\"robots\" content=\"index, follow, max-snippet:-1, max-image-preview:large, max-video-preview:-1\" \/>\n<link rel=\"canonical\" href=\"https:\/\/www.intoscana.it\/it\/paolo-penko-anello-alfiere-vincitore\/\" \/>\n<meta property=\"og:locale\" content=\"it_IT\" \/>\n<meta property=\"og:type\" content=\"article\" \/>\n<meta property=\"og:title\" content=\"Calcio Storico, la bottega orafa Paolo Penko firma l\u2019Anello dell\u2019Alfiere vincitore\" \/>\n<meta property=\"og:description\" content=\"L\u2019Anello dell\u2019Alfiere Vincitore \u00e8 stato realizzato dalla Bottega Orafa Paolo Penko, una vera istituzione di Firenze.\" \/>\n<meta property=\"og:url\" content=\"https:\/\/www.intoscana.it\/it\/paolo-penko-anello-alfiere-vincitore\/\" \/>\n<meta property=\"og:site_name\" content=\"intoscana\" \/>\n<meta property=\"article:publisher\" content=\"https:\/\/www.facebook.com\/intoscana.it\" \/>\n<meta property=\"article:published_time\" content=\"2026-03-17T15:45:26+00:00\" \/>\n<meta property=\"article:modified_time\" content=\"2026-03-17T16:07:21+00:00\" \/>\n<meta property=\"og:image\" content=\"https:\/\/www.intoscana.it\/wp-content\/uploads\/Anello-1-Foto-Umberto-Visintini.jpg\" \/>\n\t<meta property=\"og:image:width\" content=\"1024\" \/>\n\t<meta property=\"og:image:height\" content=\"683\" \/>\n\t<meta property=\"og:image:type\" content=\"image\/jpeg\" \/>\n<meta name=\"author\" content=\"Marta Mancini\" \/>\n<meta name=\"twitter:card\" content=\"summary_large_image\" \/>\n<meta name=\"twitter:creator\" content=\"@intoscana\" \/>\n<meta name=\"twitter:site\" content=\"@intoscana\" \/>\n<meta name=\"twitter:label1\" content=\"Written by\" \/>\n\t<meta name=\"twitter:data1\" content=\"Marta Mancini\" \/>\n\t<meta name=\"twitter:label2\" content=\"Est. reading time\" \/>\n\t<meta name=\"twitter:data2\" content=\"4 minuti\" \/>\n<script type=\"application\/ld+json\" class=\"yoast-schema-graph\">{\"@context\":\"https:\/\/schema.org\",\"@graph\":[{\"@type\":\"WebPage\",\"@id\":\"https:\/\/www.intoscana.it\/it\/paolo-penko-anello-alfiere-vincitore\/\",\"url\":\"https:\/\/www.intoscana.it\/it\/paolo-penko-anello-alfiere-vincitore\/\",\"name\":\"Calcio Storico, la bottega orafa Paolo Penko firma l\u2019Anello dell\u2019Alfiere vincitore - intoscana\",\"isPartOf\":{\"@id\":\"https:\/\/www.intoscana.it\/it\/#website\"},\"primaryImageOfPage\":{\"@id\":\"https:\/\/www.intoscana.it\/it\/paolo-penko-anello-alfiere-vincitore\/#primaryimage\"},\"image\":{\"@id\":\"https:\/\/www.intoscana.it\/it\/paolo-penko-anello-alfiere-vincitore\/#primaryimage\"},\"thumbnailUrl\":\"https:\/\/www.intoscana.it\/wp-content\/uploads\/Anello-1-Foto-Umberto-Visintini.jpg\",\"datePublished\":\"2026-03-17T15:45:26+00:00\",\"dateModified\":\"2026-03-17T16:07:21+00:00\",\"author\":{\"@id\":\"https:\/\/www.intoscana.it\/it\/#\/schema\/person\/ba955c49c389f39a8208f182b0652479\"},\"description\":\"L\u2019Anello dell\u2019Alfiere Vincitore \u00e8 stato realizzato dalla Bottega Orafa Paolo Penko, una vera istituzione di Firenze.\",\"breadcrumb\":{\"@id\":\"https:\/\/www.intoscana.it\/it\/paolo-penko-anello-alfiere-vincitore\/#breadcrumb\"},\"inLanguage\":\"it-IT\",\"potentialAction\":[{\"@type\":\"ReadAction\",\"target\":[\"https:\/\/www.intoscana.it\/it\/paolo-penko-anello-alfiere-vincitore\/\"]}]},{\"@type\":\"ImageObject\",\"inLanguage\":\"it-IT\",\"@id\":\"https:\/\/www.intoscana.it\/it\/paolo-penko-anello-alfiere-vincitore\/#primaryimage\",\"url\":\"https:\/\/www.intoscana.it\/wp-content\/uploads\/Anello-1-Foto-Umberto-Visintini.jpg\",\"contentUrl\":\"https:\/\/www.intoscana.it\/wp-content\/uploads\/Anello-1-Foto-Umberto-Visintini.jpg\",\"width\":1024,\"height\":683,\"caption\":\"Anello dell\u2019Alfiere\"},{\"@type\":\"BreadcrumbList\",\"@id\":\"https:\/\/www.intoscana.it\/it\/paolo-penko-anello-alfiere-vincitore\/#breadcrumb\",\"itemListElement\":[{\"@type\":\"ListItem\",\"position\":1,\"name\":\"Home\",\"item\":\"https:\/\/www.intoscana.it\/it\/\"},{\"@type\":\"ListItem\",\"position\":2,\"name\":\"Calcio Storico, la bottega orafa Paolo Penko firma l\u2019Anello dell\u2019Alfiere vincitore\"}]},{\"@type\":\"WebSite\",\"@id\":\"https:\/\/www.intoscana.it\/it\/#website\",\"url\":\"https:\/\/www.intoscana.it\/it\/\",\"name\":\"intoscana\",\"description\":\"\",\"potentialAction\":[{\"@type\":\"SearchAction\",\"target\":{\"@type\":\"EntryPoint\",\"urlTemplate\":\"https:\/\/www.intoscana.it\/it\/?s={search_term_string}\"},\"query-input\":{\"@type\":\"PropertyValueSpecification\",\"valueRequired\":true,\"valueName\":\"search_term_string\"}}],\"inLanguage\":\"it-IT\"},{\"@type\":\"Person\",\"@id\":\"https:\/\/www.intoscana.it\/it\/#\/schema\/person\/ba955c49c389f39a8208f182b0652479\",\"name\":\"Marta Mancini\",\"url\":\"https:\/\/www.intoscana.it\/it\/author\/marta-mancini\/\"}]}<\/script>\n<!-- \/ Yoast SEO Premium plugin. -->","yoast_head_json":{"title":"Calcio Storico, la bottega orafa Paolo Penko firma l\u2019Anello dell\u2019Alfiere vincitore - intoscana","description":"L\u2019Anello dell\u2019Alfiere Vincitore \u00e8 stato realizzato dalla Bottega Orafa Paolo Penko, una vera istituzione di Firenze.","robots":{"index":"index","follow":"follow","max-snippet":"max-snippet:-1","max-image-preview":"max-image-preview:large","max-video-preview":"max-video-preview:-1"},"canonical":"https:\/\/www.intoscana.it\/it\/paolo-penko-anello-alfiere-vincitore\/","og_locale":"it_IT","og_type":"article","og_title":"Calcio Storico, la bottega orafa Paolo Penko firma l\u2019Anello dell\u2019Alfiere vincitore","og_description":"L\u2019Anello dell\u2019Alfiere Vincitore \u00e8 stato realizzato dalla Bottega Orafa Paolo Penko, una vera istituzione di Firenze.","og_url":"https:\/\/www.intoscana.it\/it\/paolo-penko-anello-alfiere-vincitore\/","og_site_name":"intoscana","article_publisher":"https:\/\/www.facebook.com\/intoscana.it","article_published_time":"2026-03-17T15:45:26+00:00","article_modified_time":"2026-03-17T16:07:21+00:00","og_image":[{"width":1024,"height":683,"url":"https:\/\/www.intoscana.it\/wp-content\/uploads\/Anello-1-Foto-Umberto-Visintini.jpg","type":"image\/jpeg"}],"author":"Marta Mancini","twitter_card":"summary_large_image","twitter_creator":"@intoscana","twitter_site":"@intoscana","twitter_misc":{"Written by":"Marta Mancini","Est. reading time":"4 minuti"},"schema":{"@context":"https:\/\/schema.org","@graph":[{"@type":"WebPage","@id":"https:\/\/www.intoscana.it\/it\/paolo-penko-anello-alfiere-vincitore\/","url":"https:\/\/www.intoscana.it\/it\/paolo-penko-anello-alfiere-vincitore\/","name":"Calcio Storico, la bottega orafa Paolo Penko firma l\u2019Anello dell\u2019Alfiere vincitore - intoscana","isPartOf":{"@id":"https:\/\/www.intoscana.it\/it\/#website"},"primaryImageOfPage":{"@id":"https:\/\/www.intoscana.it\/it\/paolo-penko-anello-alfiere-vincitore\/#primaryimage"},"image":{"@id":"https:\/\/www.intoscana.it\/it\/paolo-penko-anello-alfiere-vincitore\/#primaryimage"},"thumbnailUrl":"https:\/\/www.intoscana.it\/wp-content\/uploads\/Anello-1-Foto-Umberto-Visintini.jpg","datePublished":"2026-03-17T15:45:26+00:00","dateModified":"2026-03-17T16:07:21+00:00","author":{"@id":"https:\/\/www.intoscana.it\/it\/#\/schema\/person\/ba955c49c389f39a8208f182b0652479"},"description":"L\u2019Anello dell\u2019Alfiere Vincitore \u00e8 stato realizzato dalla Bottega Orafa Paolo Penko, una vera istituzione di Firenze.","breadcrumb":{"@id":"https:\/\/www.intoscana.it\/it\/paolo-penko-anello-alfiere-vincitore\/#breadcrumb"},"inLanguage":"it-IT","potentialAction":[{"@type":"ReadAction","target":["https:\/\/www.intoscana.it\/it\/paolo-penko-anello-alfiere-vincitore\/"]}]},{"@type":"ImageObject","inLanguage":"it-IT","@id":"https:\/\/www.intoscana.it\/it\/paolo-penko-anello-alfiere-vincitore\/#primaryimage","url":"https:\/\/www.intoscana.it\/wp-content\/uploads\/Anello-1-Foto-Umberto-Visintini.jpg","contentUrl":"https:\/\/www.intoscana.it\/wp-content\/uploads\/Anello-1-Foto-Umberto-Visintini.jpg","width":1024,"height":683,"caption":"Anello dell\u2019Alfiere"},{"@type":"BreadcrumbList","@id":"https:\/\/www.intoscana.it\/it\/paolo-penko-anello-alfiere-vincitore\/#breadcrumb","itemListElement":[{"@type":"ListItem","position":1,"name":"Home","item":"https:\/\/www.intoscana.it\/it\/"},{"@type":"ListItem","position":2,"name":"Calcio Storico, la bottega orafa Paolo Penko firma l\u2019Anello dell\u2019Alfiere vincitore"}]},{"@type":"WebSite","@id":"https:\/\/www.intoscana.it\/it\/#website","url":"https:\/\/www.intoscana.it\/it\/","name":"intoscana","description":"","potentialAction":[{"@type":"SearchAction","target":{"@type":"EntryPoint","urlTemplate":"https:\/\/www.intoscana.it\/it\/?s={search_term_string}"},"query-input":{"@type":"PropertyValueSpecification","valueRequired":true,"valueName":"search_term_string"}}],"inLanguage":"it-IT"},{"@type":"Person","@id":"https:\/\/www.intoscana.it\/it\/#\/schema\/person\/ba955c49c389f39a8208f182b0652479","name":"Marta Mancini","url":"https:\/\/www.intoscana.it\/it\/author\/marta-mancini\/"}]}},"_links":{"self":[{"href":"https:\/\/www.intoscana.it\/it\/wp-json\/wp\/v2\/posts\/420670","targetHints":{"allow":["GET"]}}],"collection":[{"href":"https:\/\/www.intoscana.it\/it\/wp-json\/wp\/v2\/posts"}],"about":[{"href":"https:\/\/www.intoscana.it\/it\/wp-json\/wp\/v2\/types\/post"}],"author":[{"embeddable":true,"href":"https:\/\/www.intoscana.it\/it\/wp-json\/wp\/v2\/users\/483"}],"replies":[{"embeddable":true,"href":"https:\/\/www.intoscana.it\/it\/wp-json\/wp\/v2\/comments?post=420670"}],"version-history":[{"count":5,"href":"https:\/\/www.intoscana.it\/it\/wp-json\/wp\/v2\/posts\/420670\/revisions"}],"predecessor-version":[{"id":421083,"href":"https:\/\/www.intoscana.it\/it\/wp-json\/wp\/v2\/posts\/420670\/revisions\/421083"}],"wp:featuredmedia":[{"embeddable":true,"href":"https:\/\/www.intoscana.it\/it\/wp-json\/wp\/v2\/media\/421082"}],"wp:attachment":[{"href":"https:\/\/www.intoscana.it\/it\/wp-json\/wp\/v2\/media?parent=420670"}],"wp:term":[{"taxonomy":"category","embeddable":true,"href":"https:\/\/www.intoscana.it\/it\/wp-json\/wp\/v2\/categories?post=420670"},{"taxonomy":"post_tag","embeddable":true,"href":"https:\/\/www.intoscana.it\/it\/wp-json\/wp\/v2\/tags?post=420670"}],"curies":[{"name":"wp","href":"https:\/\/api.w.org\/{rel}","templated":true}]}}