{"id":420735,"date":"2026-03-14T15:20:46","date_gmt":"2026-03-14T14:20:46","guid":{"rendered":"https:\/\/www.intoscana.it\/it\/?p=420735"},"modified":"2026-03-14T15:21:29","modified_gmt":"2026-03-14T14:21:29","slug":"serra-intelligente-oscar-green-coldiretti","status":"publish","type":"post","link":"https:\/\/www.intoscana.it\/it\/serra-intelligente-oscar-green-coldiretti\/","title":{"rendered":"Dalla Toscana arriva la serra intelligente: l\u2019idea di un giovane imprenditore apuano vince l\u2019Oscar Green di Coldiretti"},"content":{"rendered":"<p>In Toscana c\u2019\u00e8 un\u2019azienda che con una serra intelligente ha portato il <strong>florovivaismo<\/strong> nell\u2019era 4.0, abbattendo i costi, aumentando la redditivit\u00e0 e conciliando meglio lavoro e vita. Il progetto \u00e8 firmato dall&#8217;imprenditore apuano under 35 <strong>Stefano Bondielli<\/strong> che, integrando tecnologia e automazione, \u00e8 riuscito a rendere la sua azienda pi\u00f9 competitiva e pi\u00f9 green. Un\u2019idea che lo ha portato a vincere l\u2019<strong>Oscar Green<\/strong> di Giovani Impresa Coldiretti, nella categoria \u201cImpresa digitale e sostenibile\u201d.<\/p>\n<h3>La premiazione<\/h3>\n<figure id=\"post-420739 media-420739\" class=\"align-none\"><img decoding=\"async\" src=\"https:\/\/www.intoscana.it\/wp-content\/uploads\/Oscar-Green-Coldiretti.jpg\" alt=\"\" \/><\/figure>\n<div class=\"titleimg\">Stefano Bondielli, imprenditore apuano under 35, ha vinto la categoria \u201cImpresa Digitale e Sostenibile\u201d &#8211; \u00a9 Coldiretti Toscana<\/div>\n<p>Il riconoscimento \u00e8 stato consegnato a <strong>Roma<\/strong>, a Palazzo Rospigliosi, alla presenza del presidente nazionale di Coldiretti Ettore Prandini, del segretario generale Vincenzo Gesmundo, del delegato nazionale di Coldiretti Giovani Enrico Parisi e di una delegazione toscana con la presidente regionale Letizia Cesani, il direttore Angelo Corsetti, il delegato regionale dei giovani Francesco Panzacchi e i delegati provinciali. Tra le autorit\u00e0 presenti anche il ministro dell\u2019Agricoltura, della Sovranit\u00e0 Alimentare e delle Foreste Francesco Lollobrigida e il vicedirettore della Fao Maurizio Martina.<\/p>\n<p>\u201c<mark>Con la serra intelligente ho cercato di dare risposte a due problematiche molto comuni del nostro settore: i costi, che sono in costante crescita e sono spesso influenzati da fattori esterni, che non possiamo controllare, ed il grande impegno quotidiano che richiede prendersi cura, notte e giorno, delle coltivazioni<\/mark> \u2013 ha raccontato il floricoltore di Montignoso \u2013. La tecnologia che stiamo utilizzando ci permette di essere molto pi\u00f9 competitivi. Quest\u2019anno abbiamo abbattuto del 100% i costi dell\u2019acqua raccogliendo e reimpiegando quella piovana e del 60% quelli dei concimi. E non mi devo pi\u00f9 alzare nel cuore della notte in caso di maltempo o di vento forte per chiudere la serra. Pensa quasi a tutto il cervellone\u201d.<\/p>\n<h3>Come funziona la serra intelligente<\/h3>\n<figure id=\"post-420741 media-420741\" class=\"align-none\"><img decoding=\"async\" src=\"https:\/\/www.intoscana.it\/wp-content\/uploads\/serra-intelligente.jpg\" alt=\"\" \/><\/figure>\n<div class=\"titleimg\">La serra di Stefano Bondielli, imprenditore apuano under 35 &#8211; \u00a9 Coldiretti Toscana<\/div>\n<p>La principale caratteristica della serra intelligente \u00e8 la capacit\u00e0 di adattarsi alle mutevoli<strong> condizioni climatiche<\/strong>, interne ed esterne, grazie a un sistema autonomo di schermi termici e paratie laterali che regolano il passaggio di aria e luce a seconda delle necessit\u00e0. Si creano cos\u00ec <strong>microclimi<\/strong> diversi che garantiscono, anche in assenza dell\u2019agricoltore, condizioni ottimali per lo sviluppo e la crescita delle piante. Un sistema di canaline distribuite su tutta la superficie consente inoltre di raccogliere acqua piovana e condensa, che vengono immagazzinate e riutilizzate per irrigazione e concimazione, con un notevole risparmio sulle bollette e un uso pi\u00f9 efficiente delle risorse idriche.<\/p>\n<p>\u201cIn questo periodo di grande incertezza e di instabilit\u00e0 geopolitica &#8211; ha concluso il delegato regionale di Coldiretti Giovani, <strong>Francesco Panzacchi <\/strong>&#8211; <mark>i giovani agricoltori si mostrano ancora una volta resilienti rivendicando la propria centralit\u00e0 nella societ\u00e0 grazie anche alla capacit\u00e0 di innovare, tanto nella produzione quanto nei servizi alla collettivit\u00e0<\/mark>&#8220;.<\/p>\n<h3>Gli imprenditori agricoli under 35<\/h3>\n<p>Nell\u2019ambito della premiazione degli Oscar Green, Coldiretti ha inoltre diffuso alcuni dati relativi al settore agricolo. In particolare, il comparto \u00e8 l&#8217;unico che nel 2025 ha visto una crescita dei <strong>giovani lavoratori<\/strong>: +6% rispetto al 2024, ma se si considerano i soli contratti a tempo indeterminato, l&#8217;aumento \u00e8 del 19%.<\/p>\n<p>I giovani agricoltori italiani valgono il doppio della media Ue, con la produttivit\u00e0 degli under 35 che raggiunge i 4.800 euro a ettaro, contro i 2.500 dei colleghi europei, secondo il centro studi Divulga. Ma le giovani imprese vincono anche per la capacit\u00e0 di affrontare gli shock energetici. Oltre un&#8217;impresa su tre (35%) ha investito in innovazioni per <strong>tagliare consumi<\/strong> di fertilizzanti, acqua ed energia, bilanciando sostenibilit\u00e0, riduzione costi e indipendenza da forniture esterne.<\/p>\n","protected":false},"excerpt":{"rendered":"<p>Il floricoltore Stefano Bondielli ha sviluppato una serra capace di adattarsi autonomamente alle condizioni climatiche e raccogliere l&#8217;acqua piovana<\/p>\n","protected":false},"author":483,"featured_media":420738,"comment_status":"open","ping_status":"open","sticky":false,"template":"","format":"standard","meta":{"_acf_changed":false,"footnotes":""},"categories":[9],"tags":[357,4924],"class_list":["post-420735","post","type-post","status-publish","format-standard","has-post-thumbnail","hentry","category-made-in-toscana","tag-coldiretti","tag-oscar-green-coldiretti"],"acf":[],"yoast_head":"<!-- This site is optimized with the Yoast SEO Premium plugin v24.2 (Yoast SEO v25.6) - https:\/\/yoast.com\/wordpress\/plugins\/seo\/ -->\n<title>Dalla Toscana arriva la serra intelligente: l\u2019idea di un giovane imprenditore apuano vince l\u2019Oscar Green di Coldiretti - intoscana<\/title>\n<meta name=\"description\" content=\"Stefano Bondielli, imprenditore apuano under 35, ha vinto la categoria \u201cImpresa Digitale e Sostenibile\u201d con la sua serra intelligente.\" \/>\n<meta name=\"robots\" content=\"index, follow, max-snippet:-1, max-image-preview:large, max-video-preview:-1\" \/>\n<link rel=\"canonical\" href=\"https:\/\/www.intoscana.it\/it\/serra-intelligente-oscar-green-coldiretti\/\" \/>\n<meta property=\"og:locale\" content=\"it_IT\" \/>\n<meta property=\"og:type\" content=\"article\" \/>\n<meta property=\"og:title\" content=\"Dalla Toscana arriva la serra intelligente: l\u2019idea di un giovane imprenditore apuano vince l\u2019Oscar Green di Coldiretti\" \/>\n<meta property=\"og:description\" content=\"Stefano Bondielli, imprenditore apuano under 35, ha vinto la categoria \u201cImpresa Digitale e Sostenibile\u201d con la sua serra intelligente.\" \/>\n<meta property=\"og:url\" content=\"https:\/\/www.intoscana.it\/it\/serra-intelligente-oscar-green-coldiretti\/\" \/>\n<meta property=\"og:site_name\" content=\"intoscana\" \/>\n<meta property=\"article:publisher\" content=\"https:\/\/www.facebook.com\/intoscana.it\" \/>\n<meta property=\"article:published_time\" content=\"2026-03-14T14:20:46+00:00\" \/>\n<meta property=\"article:modified_time\" content=\"2026-03-14T14:21:29+00:00\" \/>\n<meta property=\"og:image\" content=\"https:\/\/www.intoscana.it\/wp-content\/uploads\/Serra-intelligente-premiata-da-Oscar-green-coldiretti.jpg\" \/>\n\t<meta property=\"og:image:width\" content=\"2048\" \/>\n\t<meta property=\"og:image:height\" content=\"1365\" \/>\n\t<meta property=\"og:image:type\" content=\"image\/jpeg\" \/>\n<meta name=\"author\" content=\"Marta Mancini\" \/>\n<meta name=\"twitter:card\" content=\"summary_large_image\" \/>\n<meta name=\"twitter:creator\" content=\"@intoscana\" \/>\n<meta name=\"twitter:site\" content=\"@intoscana\" \/>\n<meta name=\"twitter:label1\" content=\"Written by\" \/>\n\t<meta name=\"twitter:data1\" content=\"Marta Mancini\" \/>\n\t<meta name=\"twitter:label2\" content=\"Est. reading time\" \/>\n\t<meta name=\"twitter:data2\" content=\"4 minuti\" \/>\n<script type=\"application\/ld+json\" class=\"yoast-schema-graph\">{\"@context\":\"https:\/\/schema.org\",\"@graph\":[{\"@type\":\"WebPage\",\"@id\":\"https:\/\/www.intoscana.it\/it\/serra-intelligente-oscar-green-coldiretti\/\",\"url\":\"https:\/\/www.intoscana.it\/it\/serra-intelligente-oscar-green-coldiretti\/\",\"name\":\"Dalla Toscana arriva la serra intelligente: l\u2019idea di un giovane imprenditore apuano vince l\u2019Oscar Green di Coldiretti - intoscana\",\"isPartOf\":{\"@id\":\"https:\/\/www.intoscana.it\/it\/#website\"},\"primaryImageOfPage\":{\"@id\":\"https:\/\/www.intoscana.it\/it\/serra-intelligente-oscar-green-coldiretti\/#primaryimage\"},\"image\":{\"@id\":\"https:\/\/www.intoscana.it\/it\/serra-intelligente-oscar-green-coldiretti\/#primaryimage\"},\"thumbnailUrl\":\"https:\/\/www.intoscana.it\/wp-content\/uploads\/Serra-intelligente-premiata-da-Oscar-green-coldiretti.jpg\",\"datePublished\":\"2026-03-14T14:20:46+00:00\",\"dateModified\":\"2026-03-14T14:21:29+00:00\",\"author\":{\"@id\":\"https:\/\/www.intoscana.it\/it\/#\/schema\/person\/ba955c49c389f39a8208f182b0652479\"},\"description\":\"Stefano Bondielli, imprenditore apuano under 35, ha vinto la categoria \u201cImpresa Digitale e Sostenibile\u201d con la sua serra intelligente.\",\"breadcrumb\":{\"@id\":\"https:\/\/www.intoscana.it\/it\/serra-intelligente-oscar-green-coldiretti\/#breadcrumb\"},\"inLanguage\":\"it-IT\",\"potentialAction\":[{\"@type\":\"ReadAction\",\"target\":[\"https:\/\/www.intoscana.it\/it\/serra-intelligente-oscar-green-coldiretti\/\"]}]},{\"@type\":\"ImageObject\",\"inLanguage\":\"it-IT\",\"@id\":\"https:\/\/www.intoscana.it\/it\/serra-intelligente-oscar-green-coldiretti\/#primaryimage\",\"url\":\"https:\/\/www.intoscana.it\/wp-content\/uploads\/Serra-intelligente-premiata-da-Oscar-green-coldiretti.jpg\",\"contentUrl\":\"https:\/\/www.intoscana.it\/wp-content\/uploads\/Serra-intelligente-premiata-da-Oscar-green-coldiretti.jpg\",\"width\":2048,\"height\":1365,\"caption\":\"La serra intelligente premiata dagli Oscar Green di Coldiretti\"},{\"@type\":\"BreadcrumbList\",\"@id\":\"https:\/\/www.intoscana.it\/it\/serra-intelligente-oscar-green-coldiretti\/#breadcrumb\",\"itemListElement\":[{\"@type\":\"ListItem\",\"position\":1,\"name\":\"Home\",\"item\":\"https:\/\/www.intoscana.it\/it\/\"},{\"@type\":\"ListItem\",\"position\":2,\"name\":\"Dalla Toscana arriva la serra intelligente: l\u2019idea di un giovane imprenditore apuano vince l\u2019Oscar Green di Coldiretti\"}]},{\"@type\":\"WebSite\",\"@id\":\"https:\/\/www.intoscana.it\/it\/#website\",\"url\":\"https:\/\/www.intoscana.it\/it\/\",\"name\":\"intoscana\",\"description\":\"\",\"potentialAction\":[{\"@type\":\"SearchAction\",\"target\":{\"@type\":\"EntryPoint\",\"urlTemplate\":\"https:\/\/www.intoscana.it\/it\/?s={search_term_string}\"},\"query-input\":{\"@type\":\"PropertyValueSpecification\",\"valueRequired\":true,\"valueName\":\"search_term_string\"}}],\"inLanguage\":\"it-IT\"},{\"@type\":\"Person\",\"@id\":\"https:\/\/www.intoscana.it\/it\/#\/schema\/person\/ba955c49c389f39a8208f182b0652479\",\"name\":\"Marta Mancini\",\"url\":\"https:\/\/www.intoscana.it\/it\/author\/marta-mancini\/\"}]}<\/script>\n<!-- \/ Yoast SEO Premium plugin. -->","yoast_head_json":{"title":"Dalla Toscana arriva la serra intelligente: l\u2019idea di un giovane imprenditore apuano vince l\u2019Oscar Green di Coldiretti - intoscana","description":"Stefano Bondielli, imprenditore apuano under 35, ha vinto la categoria \u201cImpresa Digitale e Sostenibile\u201d con la sua serra intelligente.","robots":{"index":"index","follow":"follow","max-snippet":"max-snippet:-1","max-image-preview":"max-image-preview:large","max-video-preview":"max-video-preview:-1"},"canonical":"https:\/\/www.intoscana.it\/it\/serra-intelligente-oscar-green-coldiretti\/","og_locale":"it_IT","og_type":"article","og_title":"Dalla Toscana arriva la serra intelligente: l\u2019idea di un giovane imprenditore apuano vince l\u2019Oscar Green di Coldiretti","og_description":"Stefano Bondielli, imprenditore apuano under 35, ha vinto la categoria \u201cImpresa Digitale e Sostenibile\u201d con la sua serra intelligente.","og_url":"https:\/\/www.intoscana.it\/it\/serra-intelligente-oscar-green-coldiretti\/","og_site_name":"intoscana","article_publisher":"https:\/\/www.facebook.com\/intoscana.it","article_published_time":"2026-03-14T14:20:46+00:00","article_modified_time":"2026-03-14T14:21:29+00:00","og_image":[{"width":2048,"height":1365,"url":"https:\/\/www.intoscana.it\/wp-content\/uploads\/Serra-intelligente-premiata-da-Oscar-green-coldiretti.jpg","type":"image\/jpeg"}],"author":"Marta Mancini","twitter_card":"summary_large_image","twitter_creator":"@intoscana","twitter_site":"@intoscana","twitter_misc":{"Written by":"Marta Mancini","Est. reading time":"4 minuti"},"schema":{"@context":"https:\/\/schema.org","@graph":[{"@type":"WebPage","@id":"https:\/\/www.intoscana.it\/it\/serra-intelligente-oscar-green-coldiretti\/","url":"https:\/\/www.intoscana.it\/it\/serra-intelligente-oscar-green-coldiretti\/","name":"Dalla Toscana arriva la serra intelligente: l\u2019idea di un giovane imprenditore apuano vince l\u2019Oscar Green di Coldiretti - intoscana","isPartOf":{"@id":"https:\/\/www.intoscana.it\/it\/#website"},"primaryImageOfPage":{"@id":"https:\/\/www.intoscana.it\/it\/serra-intelligente-oscar-green-coldiretti\/#primaryimage"},"image":{"@id":"https:\/\/www.intoscana.it\/it\/serra-intelligente-oscar-green-coldiretti\/#primaryimage"},"thumbnailUrl":"https:\/\/www.intoscana.it\/wp-content\/uploads\/Serra-intelligente-premiata-da-Oscar-green-coldiretti.jpg","datePublished":"2026-03-14T14:20:46+00:00","dateModified":"2026-03-14T14:21:29+00:00","author":{"@id":"https:\/\/www.intoscana.it\/it\/#\/schema\/person\/ba955c49c389f39a8208f182b0652479"},"description":"Stefano Bondielli, imprenditore apuano under 35, ha vinto la categoria \u201cImpresa Digitale e Sostenibile\u201d con la sua serra intelligente.","breadcrumb":{"@id":"https:\/\/www.intoscana.it\/it\/serra-intelligente-oscar-green-coldiretti\/#breadcrumb"},"inLanguage":"it-IT","potentialAction":[{"@type":"ReadAction","target":["https:\/\/www.intoscana.it\/it\/serra-intelligente-oscar-green-coldiretti\/"]}]},{"@type":"ImageObject","inLanguage":"it-IT","@id":"https:\/\/www.intoscana.it\/it\/serra-intelligente-oscar-green-coldiretti\/#primaryimage","url":"https:\/\/www.intoscana.it\/wp-content\/uploads\/Serra-intelligente-premiata-da-Oscar-green-coldiretti.jpg","contentUrl":"https:\/\/www.intoscana.it\/wp-content\/uploads\/Serra-intelligente-premiata-da-Oscar-green-coldiretti.jpg","width":2048,"height":1365,"caption":"La serra intelligente premiata dagli Oscar Green di Coldiretti"},{"@type":"BreadcrumbList","@id":"https:\/\/www.intoscana.it\/it\/serra-intelligente-oscar-green-coldiretti\/#breadcrumb","itemListElement":[{"@type":"ListItem","position":1,"name":"Home","item":"https:\/\/www.intoscana.it\/it\/"},{"@type":"ListItem","position":2,"name":"Dalla Toscana arriva la serra intelligente: l\u2019idea di un giovane imprenditore apuano vince l\u2019Oscar Green di Coldiretti"}]},{"@type":"WebSite","@id":"https:\/\/www.intoscana.it\/it\/#website","url":"https:\/\/www.intoscana.it\/it\/","name":"intoscana","description":"","potentialAction":[{"@type":"SearchAction","target":{"@type":"EntryPoint","urlTemplate":"https:\/\/www.intoscana.it\/it\/?s={search_term_string}"},"query-input":{"@type":"PropertyValueSpecification","valueRequired":true,"valueName":"search_term_string"}}],"inLanguage":"it-IT"},{"@type":"Person","@id":"https:\/\/www.intoscana.it\/it\/#\/schema\/person\/ba955c49c389f39a8208f182b0652479","name":"Marta Mancini","url":"https:\/\/www.intoscana.it\/it\/author\/marta-mancini\/"}]}},"_links":{"self":[{"href":"https:\/\/www.intoscana.it\/it\/wp-json\/wp\/v2\/posts\/420735","targetHints":{"allow":["GET"]}}],"collection":[{"href":"https:\/\/www.intoscana.it\/it\/wp-json\/wp\/v2\/posts"}],"about":[{"href":"https:\/\/www.intoscana.it\/it\/wp-json\/wp\/v2\/types\/post"}],"author":[{"embeddable":true,"href":"https:\/\/www.intoscana.it\/it\/wp-json\/wp\/v2\/users\/483"}],"replies":[{"embeddable":true,"href":"https:\/\/www.intoscana.it\/it\/wp-json\/wp\/v2\/comments?post=420735"}],"version-history":[{"count":5,"href":"https:\/\/www.intoscana.it\/it\/wp-json\/wp\/v2\/posts\/420735\/revisions"}],"predecessor-version":[{"id":420744,"href":"https:\/\/www.intoscana.it\/it\/wp-json\/wp\/v2\/posts\/420735\/revisions\/420744"}],"wp:featuredmedia":[{"embeddable":true,"href":"https:\/\/www.intoscana.it\/it\/wp-json\/wp\/v2\/media\/420738"}],"wp:attachment":[{"href":"https:\/\/www.intoscana.it\/it\/wp-json\/wp\/v2\/media?parent=420735"}],"wp:term":[{"taxonomy":"category","embeddable":true,"href":"https:\/\/www.intoscana.it\/it\/wp-json\/wp\/v2\/categories?post=420735"},{"taxonomy":"post_tag","embeddable":true,"href":"https:\/\/www.intoscana.it\/it\/wp-json\/wp\/v2\/tags?post=420735"}],"curies":[{"name":"wp","href":"https:\/\/api.w.org\/{rel}","templated":true}]}}