{"id":420760,"date":"2026-03-14T16:54:52","date_gmt":"2026-03-14T15:54:52","guid":{"rendered":"https:\/\/www.intoscana.it\/it\/?p=420760"},"modified":"2026-03-14T16:54:52","modified_gmt":"2026-03-14T15:54:52","slug":"comune-guardistallo-cittadinanza-onoraria-presidente-eugenio-giani","status":"publish","type":"post","link":"https:\/\/www.intoscana.it\/it\/comune-guardistallo-cittadinanza-onoraria-presidente-eugenio-giani\/","title":{"rendered":"Guardistallo conferisce la cittadinanza onoraria al presidente Eugenio Giani"},"content":{"rendered":"<p>Il <strong>Comune di Guardistallo<\/strong> ha conferito la cittadinanza onoraria al presidente della Regione Toscana <strong>Eugenio Giani<\/strong>. La cerimonia si \u00e8 svolta, alla presenza delle autorit\u00e0 civili, religiose e militari del paese, con la partecipazione di tutte le associazioni nella Sala del Consiglio comunale del borgo della provincia di Pisa.<\/p>\n<p>Tra le <strong>motivazioni<\/strong> che hanno indotto il sindaco della cittadina, <strong>Sandro Ceccarelli<\/strong>, a conferire questo riconoscimento, le numerose iniziative promosse negli anni per mantenere viva la memoria dei martiri del 29 giugno 1944, una pagina dolorosa della storia di Guardistallo, insieme all\u2019attenzione dedicata alla crescita culturale del territorio, in particolare attraverso la cura e lo sviluppo delle residenze artistiche e musicali del <strong>Teatro Marchionneschi<\/strong>.<\/p>\n<p>Da ricordare anche l\u2019impegno nel ricordare e valorizzare la figura di <strong>Rodolfo Siviero<\/strong>, cittadino illustre di Guardistallo, protagonista dell\u2019opera di tutela e recupero delle opere d\u2019arte trafugate all\u2019Italia nel corso della Seconda guerra mondiale, attivit\u00e0 che ha contribuito in modo significativo alla salvaguardia del patrimonio artistico nazionale.<\/p>\n<p><iframe loading=\"lazy\" style=\"border: none; overflow: hidden;\" src=\"https:\/\/www.facebook.com\/plugins\/video.php?href=https%3A%2F%2Fwww.facebook.com%2Freel%2F1667120474638656%2F&amp;width=800&amp;show_text=false&amp;appId=658724847632282&amp;height=1305\" width=\"800\" height=\"1305\" frameborder=\"0\" scrolling=\"no\" allowfullscreen=\"allowfullscreen\"><br \/>\n<\/iframe><\/p>\n<p>\u201c<mark>Mi ritengo profondamente onorato \u2013 ha commentato il presidente Giani \u2013 da questo riconoscimento che testimonia un comune sentire della comunit\u00e0 regionale nel riconoscersi nei valori, nella memoria e nella volont\u00e0 di mantenere vivo e presente l\u2019immenso patrimonio culturale, artistico e soprattutto umano<\/mark> che \u00e8 il miglior tratto distintivo di una toscanit\u00e0 che salda le sue radici nel tempo e in un passato che \u00e8 parte di una quotidianit\u00e0 condivisa nel presente\u201d.<\/p>\n","protected":false},"excerpt":{"rendered":"<p>La cerimonia si \u00e8 tenuta nella sala del Consiglio comunale alla presenza delle autorit\u00e0 e delle associazioni del paese. Tra le motivazioni l\u2019impegno per la memoria storica, la valorizzazione del teatro Marchionneschi e la figura di Rodolfo Siviero<\/p>\n","protected":false},"author":525,"featured_media":420770,"comment_status":"open","ping_status":"open","sticky":false,"template":"","format":"standard","meta":{"_acf_changed":false,"footnotes":""},"categories":[494],"tags":[158,6622],"class_list":["post-420760","post","type-post","status-publish","format-standard","has-post-thumbnail","hentry","category-attualita","tag-eugenio-giani","tag-guardistallo"],"acf":[],"yoast_head":"<!-- This site is optimized with the Yoast SEO Premium plugin v24.2 (Yoast SEO v25.6) - https:\/\/yoast.com\/wordpress\/plugins\/seo\/ -->\n<title>Guardistallo conferisce la cittadinanza onoraria al presidente Eugenio Giani - intoscana<\/title>\n<meta name=\"description\" content=\"Cittadinanza onoraria dal Comune di Guardistallo a Eugenio Giani. Il presidente della Regione: &#039;Attestazione di affetto&#039;.\" \/>\n<meta name=\"robots\" content=\"index, follow, max-snippet:-1, max-image-preview:large, max-video-preview:-1\" \/>\n<link rel=\"canonical\" href=\"https:\/\/www.intoscana.it\/it\/comune-guardistallo-cittadinanza-onoraria-presidente-eugenio-giani\/\" \/>\n<meta property=\"og:locale\" content=\"it_IT\" \/>\n<meta property=\"og:type\" content=\"article\" \/>\n<meta property=\"og:title\" content=\"Guardistallo conferisce la cittadinanza onoraria al presidente Eugenio Giani\" \/>\n<meta property=\"og:description\" content=\"Cittadinanza onoraria dal Comune di Guardistallo a Eugenio Giani. Il presidente della Regione: &#039;Attestazione di affetto&#039;.\" \/>\n<meta property=\"og:url\" content=\"https:\/\/www.intoscana.it\/it\/comune-guardistallo-cittadinanza-onoraria-presidente-eugenio-giani\/\" \/>\n<meta property=\"og:site_name\" content=\"intoscana\" \/>\n<meta property=\"article:publisher\" content=\"https:\/\/www.facebook.com\/intoscana.it\" \/>\n<meta property=\"article:published_time\" content=\"2026-03-14T15:54:52+00:00\" \/>\n<meta property=\"og:image\" content=\"https:\/\/www.intoscana.it\/wp-content\/uploads\/guardistallo-giani.jpg\" \/>\n\t<meta property=\"og:image:width\" content=\"1920\" \/>\n\t<meta property=\"og:image:height\" content=\"1080\" \/>\n\t<meta property=\"og:image:type\" content=\"image\/jpeg\" \/>\n<meta name=\"author\" content=\"Redazione\" \/>\n<meta name=\"twitter:card\" content=\"summary_large_image\" \/>\n<meta name=\"twitter:creator\" content=\"@intoscana\" \/>\n<meta name=\"twitter:site\" content=\"@intoscana\" \/>\n<meta name=\"twitter:label1\" content=\"Written by\" \/>\n\t<meta name=\"twitter:data1\" content=\"Redazione\" \/>\n\t<meta name=\"twitter:label2\" content=\"Est. reading time\" \/>\n\t<meta name=\"twitter:data2\" content=\"2 minuti\" \/>\n<script type=\"application\/ld+json\" class=\"yoast-schema-graph\">{\"@context\":\"https:\/\/schema.org\",\"@graph\":[{\"@type\":\"WebPage\",\"@id\":\"https:\/\/www.intoscana.it\/it\/comune-guardistallo-cittadinanza-onoraria-presidente-eugenio-giani\/\",\"url\":\"https:\/\/www.intoscana.it\/it\/comune-guardistallo-cittadinanza-onoraria-presidente-eugenio-giani\/\",\"name\":\"Guardistallo conferisce la cittadinanza onoraria al presidente Eugenio Giani - intoscana\",\"isPartOf\":{\"@id\":\"https:\/\/www.intoscana.it\/it\/#website\"},\"primaryImageOfPage\":{\"@id\":\"https:\/\/www.intoscana.it\/it\/comune-guardistallo-cittadinanza-onoraria-presidente-eugenio-giani\/#primaryimage\"},\"image\":{\"@id\":\"https:\/\/www.intoscana.it\/it\/comune-guardistallo-cittadinanza-onoraria-presidente-eugenio-giani\/#primaryimage\"},\"thumbnailUrl\":\"https:\/\/www.intoscana.it\/wp-content\/uploads\/guardistallo-giani.jpg\",\"datePublished\":\"2026-03-14T15:54:52+00:00\",\"author\":{\"@id\":\"https:\/\/www.intoscana.it\/it\/#\/schema\/person\/9223810753230f20bd670fdd322661f8\"},\"description\":\"Cittadinanza onoraria dal Comune di Guardistallo a Eugenio Giani. Il presidente della Regione: 'Attestazione di affetto'.\",\"breadcrumb\":{\"@id\":\"https:\/\/www.intoscana.it\/it\/comune-guardistallo-cittadinanza-onoraria-presidente-eugenio-giani\/#breadcrumb\"},\"inLanguage\":\"it-IT\",\"potentialAction\":[{\"@type\":\"ReadAction\",\"target\":[\"https:\/\/www.intoscana.it\/it\/comune-guardistallo-cittadinanza-onoraria-presidente-eugenio-giani\/\"]}]},{\"@type\":\"ImageObject\",\"inLanguage\":\"it-IT\",\"@id\":\"https:\/\/www.intoscana.it\/it\/comune-guardistallo-cittadinanza-onoraria-presidente-eugenio-giani\/#primaryimage\",\"url\":\"https:\/\/www.intoscana.it\/wp-content\/uploads\/guardistallo-giani.jpg\",\"contentUrl\":\"https:\/\/www.intoscana.it\/wp-content\/uploads\/guardistallo-giani.jpg\",\"width\":1920,\"height\":1080,\"caption\":\"Guardistallo, cittadinanza onoraria a Giani. Il presidente: \\\"Attestazione di affetto\\\"\"},{\"@type\":\"BreadcrumbList\",\"@id\":\"https:\/\/www.intoscana.it\/it\/comune-guardistallo-cittadinanza-onoraria-presidente-eugenio-giani\/#breadcrumb\",\"itemListElement\":[{\"@type\":\"ListItem\",\"position\":1,\"name\":\"Home\",\"item\":\"https:\/\/www.intoscana.it\/it\/\"},{\"@type\":\"ListItem\",\"position\":2,\"name\":\"Guardistallo conferisce la cittadinanza onoraria al presidente Eugenio Giani\"}]},{\"@type\":\"WebSite\",\"@id\":\"https:\/\/www.intoscana.it\/it\/#website\",\"url\":\"https:\/\/www.intoscana.it\/it\/\",\"name\":\"intoscana\",\"description\":\"\",\"potentialAction\":[{\"@type\":\"SearchAction\",\"target\":{\"@type\":\"EntryPoint\",\"urlTemplate\":\"https:\/\/www.intoscana.it\/it\/?s={search_term_string}\"},\"query-input\":{\"@type\":\"PropertyValueSpecification\",\"valueRequired\":true,\"valueName\":\"search_term_string\"}}],\"inLanguage\":\"it-IT\"},{\"@type\":\"Person\",\"@id\":\"https:\/\/www.intoscana.it\/it\/#\/schema\/person\/9223810753230f20bd670fdd322661f8\",\"name\":\"Redazione\",\"url\":\"https:\/\/www.intoscana.it\/it\/author\/redazione\/\"}]}<\/script>\n<!-- \/ Yoast SEO Premium plugin. -->","yoast_head_json":{"title":"Guardistallo conferisce la cittadinanza onoraria al presidente Eugenio Giani - intoscana","description":"Cittadinanza onoraria dal Comune di Guardistallo a Eugenio Giani. Il presidente della Regione: 'Attestazione di affetto'.","robots":{"index":"index","follow":"follow","max-snippet":"max-snippet:-1","max-image-preview":"max-image-preview:large","max-video-preview":"max-video-preview:-1"},"canonical":"https:\/\/www.intoscana.it\/it\/comune-guardistallo-cittadinanza-onoraria-presidente-eugenio-giani\/","og_locale":"it_IT","og_type":"article","og_title":"Guardistallo conferisce la cittadinanza onoraria al presidente Eugenio Giani","og_description":"Cittadinanza onoraria dal Comune di Guardistallo a Eugenio Giani. Il presidente della Regione: 'Attestazione di affetto'.","og_url":"https:\/\/www.intoscana.it\/it\/comune-guardistallo-cittadinanza-onoraria-presidente-eugenio-giani\/","og_site_name":"intoscana","article_publisher":"https:\/\/www.facebook.com\/intoscana.it","article_published_time":"2026-03-14T15:54:52+00:00","og_image":[{"width":1920,"height":1080,"url":"https:\/\/www.intoscana.it\/wp-content\/uploads\/guardistallo-giani.jpg","type":"image\/jpeg"}],"author":"Redazione","twitter_card":"summary_large_image","twitter_creator":"@intoscana","twitter_site":"@intoscana","twitter_misc":{"Written by":"Redazione","Est. reading time":"2 minuti"},"schema":{"@context":"https:\/\/schema.org","@graph":[{"@type":"WebPage","@id":"https:\/\/www.intoscana.it\/it\/comune-guardistallo-cittadinanza-onoraria-presidente-eugenio-giani\/","url":"https:\/\/www.intoscana.it\/it\/comune-guardistallo-cittadinanza-onoraria-presidente-eugenio-giani\/","name":"Guardistallo conferisce la cittadinanza onoraria al presidente Eugenio Giani - intoscana","isPartOf":{"@id":"https:\/\/www.intoscana.it\/it\/#website"},"primaryImageOfPage":{"@id":"https:\/\/www.intoscana.it\/it\/comune-guardistallo-cittadinanza-onoraria-presidente-eugenio-giani\/#primaryimage"},"image":{"@id":"https:\/\/www.intoscana.it\/it\/comune-guardistallo-cittadinanza-onoraria-presidente-eugenio-giani\/#primaryimage"},"thumbnailUrl":"https:\/\/www.intoscana.it\/wp-content\/uploads\/guardistallo-giani.jpg","datePublished":"2026-03-14T15:54:52+00:00","author":{"@id":"https:\/\/www.intoscana.it\/it\/#\/schema\/person\/9223810753230f20bd670fdd322661f8"},"description":"Cittadinanza onoraria dal Comune di Guardistallo a Eugenio Giani. Il presidente della Regione: 'Attestazione di affetto'.","breadcrumb":{"@id":"https:\/\/www.intoscana.it\/it\/comune-guardistallo-cittadinanza-onoraria-presidente-eugenio-giani\/#breadcrumb"},"inLanguage":"it-IT","potentialAction":[{"@type":"ReadAction","target":["https:\/\/www.intoscana.it\/it\/comune-guardistallo-cittadinanza-onoraria-presidente-eugenio-giani\/"]}]},{"@type":"ImageObject","inLanguage":"it-IT","@id":"https:\/\/www.intoscana.it\/it\/comune-guardistallo-cittadinanza-onoraria-presidente-eugenio-giani\/#primaryimage","url":"https:\/\/www.intoscana.it\/wp-content\/uploads\/guardistallo-giani.jpg","contentUrl":"https:\/\/www.intoscana.it\/wp-content\/uploads\/guardistallo-giani.jpg","width":1920,"height":1080,"caption":"Guardistallo, cittadinanza onoraria a Giani. Il presidente: \"Attestazione di affetto\""},{"@type":"BreadcrumbList","@id":"https:\/\/www.intoscana.it\/it\/comune-guardistallo-cittadinanza-onoraria-presidente-eugenio-giani\/#breadcrumb","itemListElement":[{"@type":"ListItem","position":1,"name":"Home","item":"https:\/\/www.intoscana.it\/it\/"},{"@type":"ListItem","position":2,"name":"Guardistallo conferisce la cittadinanza onoraria al presidente Eugenio Giani"}]},{"@type":"WebSite","@id":"https:\/\/www.intoscana.it\/it\/#website","url":"https:\/\/www.intoscana.it\/it\/","name":"intoscana","description":"","potentialAction":[{"@type":"SearchAction","target":{"@type":"EntryPoint","urlTemplate":"https:\/\/www.intoscana.it\/it\/?s={search_term_string}"},"query-input":{"@type":"PropertyValueSpecification","valueRequired":true,"valueName":"search_term_string"}}],"inLanguage":"it-IT"},{"@type":"Person","@id":"https:\/\/www.intoscana.it\/it\/#\/schema\/person\/9223810753230f20bd670fdd322661f8","name":"Redazione","url":"https:\/\/www.intoscana.it\/it\/author\/redazione\/"}]}},"_links":{"self":[{"href":"https:\/\/www.intoscana.it\/it\/wp-json\/wp\/v2\/posts\/420760","targetHints":{"allow":["GET"]}}],"collection":[{"href":"https:\/\/www.intoscana.it\/it\/wp-json\/wp\/v2\/posts"}],"about":[{"href":"https:\/\/www.intoscana.it\/it\/wp-json\/wp\/v2\/types\/post"}],"author":[{"embeddable":true,"href":"https:\/\/www.intoscana.it\/it\/wp-json\/wp\/v2\/users\/525"}],"replies":[{"embeddable":true,"href":"https:\/\/www.intoscana.it\/it\/wp-json\/wp\/v2\/comments?post=420760"}],"version-history":[{"count":5,"href":"https:\/\/www.intoscana.it\/it\/wp-json\/wp\/v2\/posts\/420760\/revisions"}],"predecessor-version":[{"id":420771,"href":"https:\/\/www.intoscana.it\/it\/wp-json\/wp\/v2\/posts\/420760\/revisions\/420771"}],"wp:featuredmedia":[{"embeddable":true,"href":"https:\/\/www.intoscana.it\/it\/wp-json\/wp\/v2\/media\/420770"}],"wp:attachment":[{"href":"https:\/\/www.intoscana.it\/it\/wp-json\/wp\/v2\/media?parent=420760"}],"wp:term":[{"taxonomy":"category","embeddable":true,"href":"https:\/\/www.intoscana.it\/it\/wp-json\/wp\/v2\/categories?post=420760"},{"taxonomy":"post_tag","embeddable":true,"href":"https:\/\/www.intoscana.it\/it\/wp-json\/wp\/v2\/tags?post=420760"}],"curies":[{"name":"wp","href":"https:\/\/api.w.org\/{rel}","templated":true}]}}