{"id":425387,"date":"2026-04-27T11:46:00","date_gmt":"2026-04-27T09:46:00","guid":{"rendered":"https:\/\/www.intoscana.it\/it\/?p=425387"},"modified":"2026-04-27T11:46:00","modified_gmt":"2026-04-27T09:46:00","slug":"la-maremma-incanta-alessandro-borghese-parte-dalla-toscana-la-nuova-edizione-di-4-ristoranti","status":"publish","type":"post","link":"https:\/\/www.intoscana.it\/it\/la-maremma-incanta-alessandro-borghese-parte-dalla-toscana-la-nuova-edizione-di-4-ristoranti\/","title":{"rendered":"La Maremma incanta Alessandro Borghese: parte dalla Toscana la nuova edizione di &#8220;4 Ristoranti&#8221;"},"content":{"rendered":"<p>Butteri, macchia mediterranea e sapori decisi tra terra e mare: la <strong>Maremma<\/strong> incanta anche chef <strong>Alessandro Borghese<\/strong> che per la nuova edizione del fortunatissimo programma <strong>&#8220;4 Ristoranti&#8221;<\/strong> sceglie proprio di partire dalla Toscana del sud.<\/p>\n<p>La registrazione delle nuove puntate \u00e8 iniziata e, dai suoi seguitissimi canali social, lo chef pi\u00f9 pop della televisione italiana lancia qualche spoiler che sfocia in una accorata <strong>dichiarazione di amore<\/strong> per questa terra selvaggia e schietta. <mark>Riserbo pi\u00f9 assoluto sui ristoranti in gara e\u00a0 sul contest: per quello si dovr\u00e0 aspettare la messa in onda in programma almeno fra un anno.<\/mark><\/p>\n<h3><em>Le anticipazioni di chef Borghese<\/em><\/h3>\n<p>Per ingannare l&#8217;attesa, Borghese posta foto di lui divertito tra campi e strade bianche, dettagli su prodotti del territorio e, naturalmente, il mitico <strong>van elettrico<\/strong> che attraversa il paese in lungo e in largo.<\/p>\n<figure id=\"post-425395 media-425395\" class=\"align-none\"><img decoding=\"async\" src=\"https:\/\/www.intoscana.it\/wp-content\/uploads\/IMG_0764.jpg\" alt=\"\" \/><\/figure>\n<div class=\"titleimg\">Alessandro Borghese in Maremma &#8211; \u00a9 Pagina Facebook Alessandro Borghese<\/div>\n<p>L&#8217;annuncio della nuova stagione lo fa dai suoi profili social, paragonando la Maremma alla <strong>&#8220;terra di mezzo&#8221;<\/strong> di Tolkien, ma in salsa italiana. &#8220;<em>Nel cuore pi\u00f9 autentico della Toscana <\/em>&#8211; scrive &#8211;<em>\u00a0 dove la terra incontra il mare e il tempo sembra rallentare, si estende una sorta di \u201cTerra di Mezzo\u201d italiana, direbbe Tolkien, <mark>un luogo non solo geografico, ma anche culturale sospeso tra storia e natura selvaggia tra silenzi pieni e spazi che restano intatti.<\/mark> In questo paesaggio di macchia mediterranea che profuma di vento e libert\u00e0, borghi scolpiti nel tufo, la Maremma conserva ancora il suo carattere indomito&#8221;.<\/em><\/p>\n<p>Ad affascinare pi\u00f9 di tutto Borghese \u00e8 per\u00f2 un&#8217;altra figura iconica della Mermma: i <strong>butteri<\/strong>. &#8220;Un cowboy solitario &#8211; lo immagina cos\u00ec &#8211; custode di un sapere antico fatto di fatica, rispetto e un legame profondo con gli animali. <mark>Si racconta che, alla fine dell\u2019Ottocento, i butteri sfidarono e batterono i cowboy americani guidati da Buffalo Bill, dimostrando che, qui, il mito del Far West era gi\u00e0 realt\u00e0.<\/mark> Oggi, quella stessa identit\u00e0 vive nella cucina. Una cucina essenziale, intensa, di gesti semplici e ingredienti veri, ed io&#8230; sono qui per scoprirlo!&#8221;.<\/p>\n<figure id=\"post-425392 media-425392\" class=\"align-none\"><img decoding=\"async\" src=\"https:\/\/www.intoscana.it\/wp-content\/uploads\/IMG_0761.jpg\" alt=\"\" \/><\/figure>\n<div class=\"titleimg\">Alessandro Borghese in Maremma &#8211; \u00a9 Pagina Facebook Alessandro Borghese<\/div>\n<h3><em>Il piatto special: il cinghiale<\/em><\/h3>\n<p>Con la Maremma da sfondo, la cucina \u00e8 ovviamente protagonista. La sfida si attenda su uno dei piatti simbolo di questo lembo selvaggio di Toscana: il <strong>cinghiale alla cacciatora<\/strong>, ma non si esclude che la puntata sar\u00e0 una lunga e gustosa carrellata sui piatti storici di un luogo che nell&#8217;<strong>identit\u00e0<\/strong> trova il suo valore aggiunto.<\/p>\n<p>Il vincitore sar\u00e0 ovviamente il ristoratore o la ristoratrice che avr\u00e0 raccolto il maggior numero di voti e conquister\u00e0 cos\u00ec <mark>il titolo di ristorante pi\u00f9 autentico della Maremma.<\/mark> Una sfida all&#8217;ultima forchettata, condite da battute che di sicuro i ristoratori toscani non faranno mancare.<\/p>\n<p>Per scoprire chi si aggiudicher\u00e0 i voti di Borghese bisogner\u00e0 per\u00f2 aspettare ancora tanto: per la messa in onda della nuova stagione si parla addirittra di <strong>dicembre 2027<\/strong>.<\/p>\n<p><iframe loading=\"lazy\" style=\"border: none; overflow: hidden;\" src=\"https:\/\/www.facebook.com\/plugins\/post.php?href=https%3A%2F%2Fwww.facebook.com%2FAlessandroBorgheseOfficialPage%2Fposts%2Fpfbid02SQ8LwUNHTTEbz276Mj1Sarrx2GzJtcFhFixNnNDU4wRQxNJS6HFu5yxdhio8gxQAl&amp;show_text=true&amp;width=500\" width=\"500\" height=\"761\" frameborder=\"0\" scrolling=\"no\" allowfullscreen=\"allowfullscreen\"><\/iframe><\/p>\n","protected":false},"excerpt":{"rendered":"<p>Lo chef pi\u00f9 amato della tv d\u00e0 il via alla nuova stagione del fortunato programma e lo fa decantando la bellezza del territorio: &#8220;Nel cuore pi\u00f9 autentico della Toscana, \u00a0dove la terra incontra il mare e il tempo sembra rallentare, si estende una sorta di \u201cTerra di Mezzo\u201d italiana&#8221;<\/p>\n","protected":false},"author":545,"featured_media":425394,"comment_status":"open","ping_status":"open","sticky":false,"template":"","format":"standard","meta":{"_acf_changed":false,"footnotes":""},"categories":[8],"tags":[4817,5268],"class_list":["post-425387","post","type-post","status-publish","format-standard","has-post-thumbnail","hentry","category-enogastronomia","tag-chef","tag-tv"],"acf":[],"yoast_head":"<!-- This site is optimized with the Yoast SEO Premium plugin v24.2 (Yoast SEO v25.6) - https:\/\/yoast.com\/wordpress\/plugins\/seo\/ -->\n<title>La Maremma incanta Alessandro Borghese: parte dalla Toscana la nuova edizione di &quot;4 Ristoranti&quot; - intoscana<\/title>\n<meta name=\"description\" content=\"Lo chef pi\u00f9 amato della tv d\u00e0 il via alla nuova stagione del fortunato programma e lo fa decantando la bellezza del territorio: &quot;Nel cuore pi\u00f9 autentico della Toscana, \u00a0dove la terra incontra il mare e il tempo sembra rallentare, si estende una sorta di \u201cTerra di Mezzo\u201d italiana&quot;\" \/>\n<meta name=\"robots\" content=\"index, follow, max-snippet:-1, max-image-preview:large, max-video-preview:-1\" \/>\n<link rel=\"canonical\" href=\"https:\/\/www.intoscana.it\/it\/la-maremma-incanta-alessandro-borghese-parte-dalla-toscana-la-nuova-edizione-di-4-ristoranti\/\" \/>\n<meta property=\"og:locale\" content=\"it_IT\" \/>\n<meta property=\"og:type\" content=\"article\" \/>\n<meta property=\"og:title\" content=\"La Maremma incanta Alessandro Borghese: parte dalla Toscana la nuova edizione di &quot;4 Ristoranti&quot;\" \/>\n<meta property=\"og:description\" content=\"Lo chef pi\u00f9 amato della tv d\u00e0 il via alla nuova stagione del fortunato programma e lo fa decantando la bellezza del territorio: &quot;Nel cuore pi\u00f9 autentico della Toscana, \u00a0dove la terra incontra il mare e il tempo sembra rallentare, si estende una sorta di \u201cTerra di Mezzo\u201d italiana&quot;\" \/>\n<meta property=\"og:url\" content=\"https:\/\/www.intoscana.it\/it\/la-maremma-incanta-alessandro-borghese-parte-dalla-toscana-la-nuova-edizione-di-4-ristoranti\/\" \/>\n<meta property=\"og:site_name\" content=\"intoscana\" \/>\n<meta property=\"article:publisher\" content=\"https:\/\/www.facebook.com\/intoscana.it\" \/>\n<meta property=\"article:published_time\" content=\"2026-04-27T09:46:00+00:00\" \/>\n<meta property=\"og:image\" content=\"https:\/\/www.intoscana.it\/wp-content\/uploads\/IMG_0763-1.jpg\" \/>\n\t<meta property=\"og:image:width\" content=\"1070\" \/>\n\t<meta property=\"og:image:height\" content=\"715\" \/>\n\t<meta property=\"og:image:type\" content=\"image\/jpeg\" \/>\n<meta name=\"author\" content=\"Clara D&#039;Acunto\" \/>\n<meta name=\"twitter:card\" content=\"summary_large_image\" \/>\n<meta name=\"twitter:creator\" content=\"@intoscana\" \/>\n<meta name=\"twitter:site\" content=\"@intoscana\" \/>\n<meta name=\"twitter:label1\" content=\"Written by\" \/>\n\t<meta name=\"twitter:data1\" content=\"Clara D&#039;Acunto\" \/>\n\t<meta name=\"twitter:label2\" content=\"Est. reading time\" \/>\n\t<meta name=\"twitter:data2\" content=\"4 minuti\" \/>\n<script type=\"application\/ld+json\" class=\"yoast-schema-graph\">{\"@context\":\"https:\/\/schema.org\",\"@graph\":[{\"@type\":\"WebPage\",\"@id\":\"https:\/\/www.intoscana.it\/it\/la-maremma-incanta-alessandro-borghese-parte-dalla-toscana-la-nuova-edizione-di-4-ristoranti\/\",\"url\":\"https:\/\/www.intoscana.it\/it\/la-maremma-incanta-alessandro-borghese-parte-dalla-toscana-la-nuova-edizione-di-4-ristoranti\/\",\"name\":\"La Maremma incanta Alessandro Borghese: parte dalla Toscana la nuova edizione di \\\"4 Ristoranti\\\" - intoscana\",\"isPartOf\":{\"@id\":\"https:\/\/www.intoscana.it\/it\/#website\"},\"primaryImageOfPage\":{\"@id\":\"https:\/\/www.intoscana.it\/it\/la-maremma-incanta-alessandro-borghese-parte-dalla-toscana-la-nuova-edizione-di-4-ristoranti\/#primaryimage\"},\"image\":{\"@id\":\"https:\/\/www.intoscana.it\/it\/la-maremma-incanta-alessandro-borghese-parte-dalla-toscana-la-nuova-edizione-di-4-ristoranti\/#primaryimage\"},\"thumbnailUrl\":\"https:\/\/www.intoscana.it\/wp-content\/uploads\/IMG_0763-1.jpg\",\"datePublished\":\"2026-04-27T09:46:00+00:00\",\"author\":{\"@id\":\"https:\/\/www.intoscana.it\/it\/#\/schema\/person\/137419af9ef5d385bde52864a841e6ce\"},\"description\":\"Lo chef pi\u00f9 amato della tv d\u00e0 il via alla nuova stagione del fortunato programma e lo fa decantando la bellezza del territorio: \\\"Nel cuore pi\u00f9 autentico della Toscana, \u00a0dove la terra incontra il mare e il tempo sembra rallentare, si estende una sorta di \u201cTerra di Mezzo\u201d italiana\\\"\",\"breadcrumb\":{\"@id\":\"https:\/\/www.intoscana.it\/it\/la-maremma-incanta-alessandro-borghese-parte-dalla-toscana-la-nuova-edizione-di-4-ristoranti\/#breadcrumb\"},\"inLanguage\":\"it-IT\",\"potentialAction\":[{\"@type\":\"ReadAction\",\"target\":[\"https:\/\/www.intoscana.it\/it\/la-maremma-incanta-alessandro-borghese-parte-dalla-toscana-la-nuova-edizione-di-4-ristoranti\/\"]}]},{\"@type\":\"ImageObject\",\"inLanguage\":\"it-IT\",\"@id\":\"https:\/\/www.intoscana.it\/it\/la-maremma-incanta-alessandro-borghese-parte-dalla-toscana-la-nuova-edizione-di-4-ristoranti\/#primaryimage\",\"url\":\"https:\/\/www.intoscana.it\/wp-content\/uploads\/IMG_0763-1.jpg\",\"contentUrl\":\"https:\/\/www.intoscana.it\/wp-content\/uploads\/IMG_0763-1.jpg\",\"width\":1070,\"height\":715},{\"@type\":\"BreadcrumbList\",\"@id\":\"https:\/\/www.intoscana.it\/it\/la-maremma-incanta-alessandro-borghese-parte-dalla-toscana-la-nuova-edizione-di-4-ristoranti\/#breadcrumb\",\"itemListElement\":[{\"@type\":\"ListItem\",\"position\":1,\"name\":\"Home\",\"item\":\"https:\/\/www.intoscana.it\/it\/\"},{\"@type\":\"ListItem\",\"position\":2,\"name\":\"La Maremma incanta Alessandro Borghese: parte dalla Toscana la nuova edizione di &#8220;4 Ristoranti&#8221;\"}]},{\"@type\":\"WebSite\",\"@id\":\"https:\/\/www.intoscana.it\/it\/#website\",\"url\":\"https:\/\/www.intoscana.it\/it\/\",\"name\":\"intoscana\",\"description\":\"\",\"potentialAction\":[{\"@type\":\"SearchAction\",\"target\":{\"@type\":\"EntryPoint\",\"urlTemplate\":\"https:\/\/www.intoscana.it\/it\/?s={search_term_string}\"},\"query-input\":{\"@type\":\"PropertyValueSpecification\",\"valueRequired\":true,\"valueName\":\"search_term_string\"}}],\"inLanguage\":\"it-IT\"},{\"@type\":\"Person\",\"@id\":\"https:\/\/www.intoscana.it\/it\/#\/schema\/person\/137419af9ef5d385bde52864a841e6ce\",\"name\":\"Clara D'Acunto\",\"url\":\"https:\/\/www.intoscana.it\/it\/author\/clara-d_acunto\/\"}]}<\/script>\n<!-- \/ Yoast SEO Premium plugin. -->","yoast_head_json":{"title":"La Maremma incanta Alessandro Borghese: parte dalla Toscana la nuova edizione di \"4 Ristoranti\" - intoscana","description":"Lo chef pi\u00f9 amato della tv d\u00e0 il via alla nuova stagione del fortunato programma e lo fa decantando la bellezza del territorio: \"Nel cuore pi\u00f9 autentico della Toscana, \u00a0dove la terra incontra il mare e il tempo sembra rallentare, si estende una sorta di \u201cTerra di Mezzo\u201d italiana\"","robots":{"index":"index","follow":"follow","max-snippet":"max-snippet:-1","max-image-preview":"max-image-preview:large","max-video-preview":"max-video-preview:-1"},"canonical":"https:\/\/www.intoscana.it\/it\/la-maremma-incanta-alessandro-borghese-parte-dalla-toscana-la-nuova-edizione-di-4-ristoranti\/","og_locale":"it_IT","og_type":"article","og_title":"La Maremma incanta Alessandro Borghese: parte dalla Toscana la nuova edizione di \"4 Ristoranti\"","og_description":"Lo chef pi\u00f9 amato della tv d\u00e0 il via alla nuova stagione del fortunato programma e lo fa decantando la bellezza del territorio: \"Nel cuore pi\u00f9 autentico della Toscana, \u00a0dove la terra incontra il mare e il tempo sembra rallentare, si estende una sorta di \u201cTerra di Mezzo\u201d italiana\"","og_url":"https:\/\/www.intoscana.it\/it\/la-maremma-incanta-alessandro-borghese-parte-dalla-toscana-la-nuova-edizione-di-4-ristoranti\/","og_site_name":"intoscana","article_publisher":"https:\/\/www.facebook.com\/intoscana.it","article_published_time":"2026-04-27T09:46:00+00:00","og_image":[{"width":1070,"height":715,"url":"https:\/\/www.intoscana.it\/wp-content\/uploads\/IMG_0763-1.jpg","type":"image\/jpeg"}],"author":"Clara D'Acunto","twitter_card":"summary_large_image","twitter_creator":"@intoscana","twitter_site":"@intoscana","twitter_misc":{"Written by":"Clara D'Acunto","Est. reading time":"4 minuti"},"schema":{"@context":"https:\/\/schema.org","@graph":[{"@type":"WebPage","@id":"https:\/\/www.intoscana.it\/it\/la-maremma-incanta-alessandro-borghese-parte-dalla-toscana-la-nuova-edizione-di-4-ristoranti\/","url":"https:\/\/www.intoscana.it\/it\/la-maremma-incanta-alessandro-borghese-parte-dalla-toscana-la-nuova-edizione-di-4-ristoranti\/","name":"La Maremma incanta Alessandro Borghese: parte dalla Toscana la nuova edizione di \"4 Ristoranti\" - intoscana","isPartOf":{"@id":"https:\/\/www.intoscana.it\/it\/#website"},"primaryImageOfPage":{"@id":"https:\/\/www.intoscana.it\/it\/la-maremma-incanta-alessandro-borghese-parte-dalla-toscana-la-nuova-edizione-di-4-ristoranti\/#primaryimage"},"image":{"@id":"https:\/\/www.intoscana.it\/it\/la-maremma-incanta-alessandro-borghese-parte-dalla-toscana-la-nuova-edizione-di-4-ristoranti\/#primaryimage"},"thumbnailUrl":"https:\/\/www.intoscana.it\/wp-content\/uploads\/IMG_0763-1.jpg","datePublished":"2026-04-27T09:46:00+00:00","author":{"@id":"https:\/\/www.intoscana.it\/it\/#\/schema\/person\/137419af9ef5d385bde52864a841e6ce"},"description":"Lo chef pi\u00f9 amato della tv d\u00e0 il via alla nuova stagione del fortunato programma e lo fa decantando la bellezza del territorio: \"Nel cuore pi\u00f9 autentico della Toscana, \u00a0dove la terra incontra il mare e il tempo sembra rallentare, si estende una sorta di \u201cTerra di Mezzo\u201d italiana\"","breadcrumb":{"@id":"https:\/\/www.intoscana.it\/it\/la-maremma-incanta-alessandro-borghese-parte-dalla-toscana-la-nuova-edizione-di-4-ristoranti\/#breadcrumb"},"inLanguage":"it-IT","potentialAction":[{"@type":"ReadAction","target":["https:\/\/www.intoscana.it\/it\/la-maremma-incanta-alessandro-borghese-parte-dalla-toscana-la-nuova-edizione-di-4-ristoranti\/"]}]},{"@type":"ImageObject","inLanguage":"it-IT","@id":"https:\/\/www.intoscana.it\/it\/la-maremma-incanta-alessandro-borghese-parte-dalla-toscana-la-nuova-edizione-di-4-ristoranti\/#primaryimage","url":"https:\/\/www.intoscana.it\/wp-content\/uploads\/IMG_0763-1.jpg","contentUrl":"https:\/\/www.intoscana.it\/wp-content\/uploads\/IMG_0763-1.jpg","width":1070,"height":715},{"@type":"BreadcrumbList","@id":"https:\/\/www.intoscana.it\/it\/la-maremma-incanta-alessandro-borghese-parte-dalla-toscana-la-nuova-edizione-di-4-ristoranti\/#breadcrumb","itemListElement":[{"@type":"ListItem","position":1,"name":"Home","item":"https:\/\/www.intoscana.it\/it\/"},{"@type":"ListItem","position":2,"name":"La Maremma incanta Alessandro Borghese: parte dalla Toscana la nuova edizione di &#8220;4 Ristoranti&#8221;"}]},{"@type":"WebSite","@id":"https:\/\/www.intoscana.it\/it\/#website","url":"https:\/\/www.intoscana.it\/it\/","name":"intoscana","description":"","potentialAction":[{"@type":"SearchAction","target":{"@type":"EntryPoint","urlTemplate":"https:\/\/www.intoscana.it\/it\/?s={search_term_string}"},"query-input":{"@type":"PropertyValueSpecification","valueRequired":true,"valueName":"search_term_string"}}],"inLanguage":"it-IT"},{"@type":"Person","@id":"https:\/\/www.intoscana.it\/it\/#\/schema\/person\/137419af9ef5d385bde52864a841e6ce","name":"Clara D'Acunto","url":"https:\/\/www.intoscana.it\/it\/author\/clara-d_acunto\/"}]}},"_links":{"self":[{"href":"https:\/\/www.intoscana.it\/it\/wp-json\/wp\/v2\/posts\/425387","targetHints":{"allow":["GET"]}}],"collection":[{"href":"https:\/\/www.intoscana.it\/it\/wp-json\/wp\/v2\/posts"}],"about":[{"href":"https:\/\/www.intoscana.it\/it\/wp-json\/wp\/v2\/types\/post"}],"author":[{"embeddable":true,"href":"https:\/\/www.intoscana.it\/it\/wp-json\/wp\/v2\/users\/545"}],"replies":[{"embeddable":true,"href":"https:\/\/www.intoscana.it\/it\/wp-json\/wp\/v2\/comments?post=425387"}],"version-history":[{"count":5,"href":"https:\/\/www.intoscana.it\/it\/wp-json\/wp\/v2\/posts\/425387\/revisions"}],"predecessor-version":[{"id":425476,"href":"https:\/\/www.intoscana.it\/it\/wp-json\/wp\/v2\/posts\/425387\/revisions\/425476"}],"wp:featuredmedia":[{"embeddable":true,"href":"https:\/\/www.intoscana.it\/it\/wp-json\/wp\/v2\/media\/425394"}],"wp:attachment":[{"href":"https:\/\/www.intoscana.it\/it\/wp-json\/wp\/v2\/media?parent=425387"}],"wp:term":[{"taxonomy":"category","embeddable":true,"href":"https:\/\/www.intoscana.it\/it\/wp-json\/wp\/v2\/categories?post=425387"},{"taxonomy":"post_tag","embeddable":true,"href":"https:\/\/www.intoscana.it\/it\/wp-json\/wp\/v2\/tags?post=425387"}],"curies":[{"name":"wp","href":"https:\/\/api.w.org\/{rel}","templated":true}]}}