{"id":425493,"date":"2026-04-27T14:37:55","date_gmt":"2026-04-27T12:37:55","guid":{"rendered":"https:\/\/www.intoscana.it\/it\/?p=425493"},"modified":"2026-04-27T14:40:16","modified_gmt":"2026-04-27T12:40:16","slug":"sicurezza-sul-lavoro-progetti-safe","status":"publish","type":"post","link":"https:\/\/www.intoscana.it\/it\/sicurezza-sul-lavoro-progetti-safe\/","title":{"rendered":"Sicurezza sul lavoro: al via i progetti di formazione di Safe per lavoratori autonomi e studenti"},"content":{"rendered":"<p>Diffondere la cultura della prevenzione e promuovere la formazione in tema di<strong> sicurezza sul lavoro<\/strong>. Sono questi gli obiettivi presentati in occasione della &#8220;Giornata mondiale della sicurezza sul lavoro&#8221; del 28 aprile <strong>dall\u2019associazione Safe<\/strong> (Sicurezza, apprendimento e formazione efficace) nella sede del <strong>Consiglio regionale della Toscana a Firenze<\/strong>. Il primo \u201cFormula 2.0\u201d \u00e8 dedicato ai lavoratori autonomi e ai liberi professionisti mentre \u201cSicuropoly for Education\u201d \u00e8 pensato per attivit\u00e0 educative nelle scuole della Citt\u00e0 metropolitana di Firenze.<\/p>\n<p><em>\u201cLa sicurezza sul lavoro non pu\u00f2 essere considerata un tema tecnico riservato agli addetti ai lavori, ma rappresenta una priorit\u00e0 civile che riguarda l\u2019intera comunit\u00e0 <\/em>\u2013 ha detto la<strong> presidente del Consiglio regionale Stefania Saccardi<\/strong> \u2013 i<em>niziative come quelle promosse dall\u2019associazione Safe vanno nella direzione giusta perch\u00e9 mettono al centro la persona, la consapevolezza e la responsabilit\u00e0 individuale. \u00c8 particolarmente importante il <\/em><mark><em>focus sui lavoratori autonomi, troppo spesso esclusi da percorsi strutturati di formazione e prevenzione, ma anche il lavoro nelle scuole, perch\u00e9 \u00e8 l\u00ec che si costruisce una vera cultura della sicurezza. <\/em><\/mark><em>Parlare ai pi\u00f9 giovani con strumenti innovativi significa investire nel futuro, rendendo questi temi parte integrante della crescita e della vita quotidiana.&#8221;<\/em><\/p>\n<h3>I progetti Formula 2.0 e Sicuropoly<\/h3>\n<p><strong>Il progetto Formula 2.0 <\/strong>punta su una formazione innovativa e altamente strutturata: <strong>prevede nove moduli, tutti online e gratuiti,<\/strong> di cui uno obbligatorio sulla normativa e propedeutico agli altri otto. &#8220;<em>\u00c8 un progetto che nasce non per rispondere a un obbligo di legge che non c&#8217;\u00e8, ma per colmare un vuoto culturale. Per troppo tempo <strong>i lavoratori autonomi e i liberi professionisti<\/strong> sono stati i &#8216;grandi dimenticati&#8217; dei sistemi di prevenzione. Con questa iniziativa, vogliamo restituire loro una bussola: la sicurezza non come vincolo, ma come un autentico dispositivo di libert\u00e0 e un valore competitivo imprescindibile&#8221;<\/em> ha sottolineato<strong> il presidente di Safe Matteo Micheli.<\/strong><\/p>\n<p><mark>Sicuropoly, invece, \u00e8 un gioco ispirato al Monopoli che debutter\u00e0 domani con gli studenti del liceo Alberti-Dante di Firenze.<\/mark> &#8220;<em>Portiamo i ragazzi nella citt\u00e0 della sicurezza in un&#8217;et\u00e0 in cui prendersi cura di s\u00e9 non \u00e8 la priorit\u00e0<\/em> &#8211; hanno spiegato gli ideatori, <strong>Lapo Tasselli e Claudia Del Re<\/strong> &#8211; <em>parlare di sicurezza agli adolescenti forse \u00e8 contro natura, per questo abbiamo scelto di farlo in modo diverso. Giocheremo con loro e cercheremo di far nascere un dibattito sul tema che incontreremo per le vie di Sicuropoly&#8221;.<\/em><\/p>\n<p>L\u2019associazione Safe inoltre promuove la cultura della prevenzione attraverso la <strong>diffusione della \u201cCarta Fondamentale della Formazione sulla Sicurezza\u201d,<\/strong> il miglioramento dei metodi formativi rivolti a formatori, insegnanti ed educatori e la condivisione di esperienze e conoscenze tra persone, enti e istituzioni.<\/p>\n<p>I progetti Formula 2.0 e Sicuropoly for Education prenderanno il via, simbolicamente, il 28 aprile, &#8220;Giornata mondiale della sicurezza sul lavoro.&#8221;<\/p>\n","protected":false},"excerpt":{"rendered":"<p>Presentati in Consiglio regionale \u201cFormula 2.0\u201d, percorso per i liberi professionisti, e \u201cSicuropoly for Education\u201d, il progetto rivolto alle scuole<\/p>\n","protected":false},"author":525,"featured_media":425496,"comment_status":"open","ping_status":"open","sticky":false,"template":"","format":"standard","meta":{"_acf_changed":false,"footnotes":""},"categories":[494],"tags":[4753,260,2119],"class_list":["post-425493","post","type-post","status-publish","format-standard","has-post-thumbnail","hentry","category-attualita","tag-consiglio-regionale-della-toscana","tag-lavoro","tag-sicurezza"],"acf":[],"yoast_head":"<!-- This site is optimized with the Yoast SEO Premium plugin v24.2 (Yoast SEO v25.6) - https:\/\/yoast.com\/wordpress\/plugins\/seo\/ -->\n<title>Sicurezza sul lavoro: al via i progetti di formazione di Safe per lavoratori autonomi e studenti - intoscana<\/title>\n<meta name=\"robots\" content=\"index, follow, max-snippet:-1, max-image-preview:large, max-video-preview:-1\" \/>\n<link rel=\"canonical\" href=\"https:\/\/www.intoscana.it\/it\/sicurezza-sul-lavoro-progetti-safe\/\" \/>\n<meta property=\"og:locale\" content=\"it_IT\" \/>\n<meta property=\"og:type\" content=\"article\" \/>\n<meta property=\"og:title\" content=\"Sicurezza sul lavoro: al via i progetti di formazione di Safe per lavoratori autonomi e studenti\" \/>\n<meta property=\"og:description\" content=\"Presentati in Consiglio regionale \u201cFormula 2.0\u201d, percorso per i liberi professionisti, e \u201cSicuropoly for Education\u201d, il progetto rivolto alle scuole\" \/>\n<meta property=\"og:url\" content=\"https:\/\/www.intoscana.it\/it\/sicurezza-sul-lavoro-progetti-safe\/\" \/>\n<meta property=\"og:site_name\" content=\"intoscana\" \/>\n<meta property=\"article:publisher\" content=\"https:\/\/www.facebook.com\/intoscana.it\" \/>\n<meta property=\"article:published_time\" content=\"2026-04-27T12:37:55+00:00\" \/>\n<meta property=\"article:modified_time\" content=\"2026-04-27T12:40:16+00:00\" \/>\n<meta property=\"og:image\" content=\"https:\/\/www.intoscana.it\/wp-content\/uploads\/sicuro1-e1777291880210.jpg\" \/>\n\t<meta property=\"og:image:width\" content=\"2048\" \/>\n\t<meta property=\"og:image:height\" content=\"1287\" \/>\n\t<meta property=\"og:image:type\" content=\"image\/jpeg\" \/>\n<meta name=\"author\" content=\"Redazione\" \/>\n<meta name=\"twitter:card\" content=\"summary_large_image\" \/>\n<meta name=\"twitter:creator\" content=\"@intoscana\" \/>\n<meta name=\"twitter:site\" content=\"@intoscana\" \/>\n<meta name=\"twitter:label1\" content=\"Written by\" \/>\n\t<meta name=\"twitter:data1\" content=\"Redazione\" \/>\n\t<meta name=\"twitter:label2\" content=\"Est. reading time\" \/>\n\t<meta name=\"twitter:data2\" content=\"3 minuti\" \/>\n<script type=\"application\/ld+json\" class=\"yoast-schema-graph\">{\"@context\":\"https:\/\/schema.org\",\"@graph\":[{\"@type\":\"WebPage\",\"@id\":\"https:\/\/www.intoscana.it\/it\/sicurezza-sul-lavoro-progetti-safe\/\",\"url\":\"https:\/\/www.intoscana.it\/it\/sicurezza-sul-lavoro-progetti-safe\/\",\"name\":\"Sicurezza sul lavoro: al via i progetti di formazione di Safe per lavoratori autonomi e studenti - intoscana\",\"isPartOf\":{\"@id\":\"https:\/\/www.intoscana.it\/it\/#website\"},\"primaryImageOfPage\":{\"@id\":\"https:\/\/www.intoscana.it\/it\/sicurezza-sul-lavoro-progetti-safe\/#primaryimage\"},\"image\":{\"@id\":\"https:\/\/www.intoscana.it\/it\/sicurezza-sul-lavoro-progetti-safe\/#primaryimage\"},\"thumbnailUrl\":\"https:\/\/www.intoscana.it\/wp-content\/uploads\/sicuro1-e1777291880210.jpg\",\"datePublished\":\"2026-04-27T12:37:55+00:00\",\"dateModified\":\"2026-04-27T12:40:16+00:00\",\"author\":{\"@id\":\"https:\/\/www.intoscana.it\/it\/#\/schema\/person\/9223810753230f20bd670fdd322661f8\"},\"breadcrumb\":{\"@id\":\"https:\/\/www.intoscana.it\/it\/sicurezza-sul-lavoro-progetti-safe\/#breadcrumb\"},\"inLanguage\":\"it-IT\",\"potentialAction\":[{\"@type\":\"ReadAction\",\"target\":[\"https:\/\/www.intoscana.it\/it\/sicurezza-sul-lavoro-progetti-safe\/\"]}]},{\"@type\":\"ImageObject\",\"inLanguage\":\"it-IT\",\"@id\":\"https:\/\/www.intoscana.it\/it\/sicurezza-sul-lavoro-progetti-safe\/#primaryimage\",\"url\":\"https:\/\/www.intoscana.it\/wp-content\/uploads\/sicuro1-e1777291880210.jpg\",\"contentUrl\":\"https:\/\/www.intoscana.it\/wp-content\/uploads\/sicuro1-e1777291880210.jpg\",\"width\":2048,\"height\":1287,\"caption\":\"La presentazione dei progetti di Safe in Consiglio regionale\"},{\"@type\":\"BreadcrumbList\",\"@id\":\"https:\/\/www.intoscana.it\/it\/sicurezza-sul-lavoro-progetti-safe\/#breadcrumb\",\"itemListElement\":[{\"@type\":\"ListItem\",\"position\":1,\"name\":\"Home\",\"item\":\"https:\/\/www.intoscana.it\/it\/\"},{\"@type\":\"ListItem\",\"position\":2,\"name\":\"Sicurezza sul lavoro: al via i progetti di formazione di Safe per lavoratori autonomi e studenti\"}]},{\"@type\":\"WebSite\",\"@id\":\"https:\/\/www.intoscana.it\/it\/#website\",\"url\":\"https:\/\/www.intoscana.it\/it\/\",\"name\":\"intoscana\",\"description\":\"\",\"potentialAction\":[{\"@type\":\"SearchAction\",\"target\":{\"@type\":\"EntryPoint\",\"urlTemplate\":\"https:\/\/www.intoscana.it\/it\/?s={search_term_string}\"},\"query-input\":{\"@type\":\"PropertyValueSpecification\",\"valueRequired\":true,\"valueName\":\"search_term_string\"}}],\"inLanguage\":\"it-IT\"},{\"@type\":\"Person\",\"@id\":\"https:\/\/www.intoscana.it\/it\/#\/schema\/person\/9223810753230f20bd670fdd322661f8\",\"name\":\"Redazione\",\"url\":\"https:\/\/www.intoscana.it\/it\/author\/redazione\/\"}]}<\/script>\n<!-- \/ Yoast SEO Premium plugin. -->","yoast_head_json":{"title":"Sicurezza sul lavoro: al via i progetti di formazione di Safe per lavoratori autonomi e studenti - intoscana","robots":{"index":"index","follow":"follow","max-snippet":"max-snippet:-1","max-image-preview":"max-image-preview:large","max-video-preview":"max-video-preview:-1"},"canonical":"https:\/\/www.intoscana.it\/it\/sicurezza-sul-lavoro-progetti-safe\/","og_locale":"it_IT","og_type":"article","og_title":"Sicurezza sul lavoro: al via i progetti di formazione di Safe per lavoratori autonomi e studenti","og_description":"Presentati in Consiglio regionale \u201cFormula 2.0\u201d, percorso per i liberi professionisti, e \u201cSicuropoly for Education\u201d, il progetto rivolto alle scuole","og_url":"https:\/\/www.intoscana.it\/it\/sicurezza-sul-lavoro-progetti-safe\/","og_site_name":"intoscana","article_publisher":"https:\/\/www.facebook.com\/intoscana.it","article_published_time":"2026-04-27T12:37:55+00:00","article_modified_time":"2026-04-27T12:40:16+00:00","og_image":[{"width":2048,"height":1287,"url":"https:\/\/www.intoscana.it\/wp-content\/uploads\/sicuro1-e1777291880210.jpg","type":"image\/jpeg"}],"author":"Redazione","twitter_card":"summary_large_image","twitter_creator":"@intoscana","twitter_site":"@intoscana","twitter_misc":{"Written by":"Redazione","Est. reading time":"3 minuti"},"schema":{"@context":"https:\/\/schema.org","@graph":[{"@type":"WebPage","@id":"https:\/\/www.intoscana.it\/it\/sicurezza-sul-lavoro-progetti-safe\/","url":"https:\/\/www.intoscana.it\/it\/sicurezza-sul-lavoro-progetti-safe\/","name":"Sicurezza sul lavoro: al via i progetti di formazione di Safe per lavoratori autonomi e studenti - intoscana","isPartOf":{"@id":"https:\/\/www.intoscana.it\/it\/#website"},"primaryImageOfPage":{"@id":"https:\/\/www.intoscana.it\/it\/sicurezza-sul-lavoro-progetti-safe\/#primaryimage"},"image":{"@id":"https:\/\/www.intoscana.it\/it\/sicurezza-sul-lavoro-progetti-safe\/#primaryimage"},"thumbnailUrl":"https:\/\/www.intoscana.it\/wp-content\/uploads\/sicuro1-e1777291880210.jpg","datePublished":"2026-04-27T12:37:55+00:00","dateModified":"2026-04-27T12:40:16+00:00","author":{"@id":"https:\/\/www.intoscana.it\/it\/#\/schema\/person\/9223810753230f20bd670fdd322661f8"},"breadcrumb":{"@id":"https:\/\/www.intoscana.it\/it\/sicurezza-sul-lavoro-progetti-safe\/#breadcrumb"},"inLanguage":"it-IT","potentialAction":[{"@type":"ReadAction","target":["https:\/\/www.intoscana.it\/it\/sicurezza-sul-lavoro-progetti-safe\/"]}]},{"@type":"ImageObject","inLanguage":"it-IT","@id":"https:\/\/www.intoscana.it\/it\/sicurezza-sul-lavoro-progetti-safe\/#primaryimage","url":"https:\/\/www.intoscana.it\/wp-content\/uploads\/sicuro1-e1777291880210.jpg","contentUrl":"https:\/\/www.intoscana.it\/wp-content\/uploads\/sicuro1-e1777291880210.jpg","width":2048,"height":1287,"caption":"La presentazione dei progetti di Safe in Consiglio regionale"},{"@type":"BreadcrumbList","@id":"https:\/\/www.intoscana.it\/it\/sicurezza-sul-lavoro-progetti-safe\/#breadcrumb","itemListElement":[{"@type":"ListItem","position":1,"name":"Home","item":"https:\/\/www.intoscana.it\/it\/"},{"@type":"ListItem","position":2,"name":"Sicurezza sul lavoro: al via i progetti di formazione di Safe per lavoratori autonomi e studenti"}]},{"@type":"WebSite","@id":"https:\/\/www.intoscana.it\/it\/#website","url":"https:\/\/www.intoscana.it\/it\/","name":"intoscana","description":"","potentialAction":[{"@type":"SearchAction","target":{"@type":"EntryPoint","urlTemplate":"https:\/\/www.intoscana.it\/it\/?s={search_term_string}"},"query-input":{"@type":"PropertyValueSpecification","valueRequired":true,"valueName":"search_term_string"}}],"inLanguage":"it-IT"},{"@type":"Person","@id":"https:\/\/www.intoscana.it\/it\/#\/schema\/person\/9223810753230f20bd670fdd322661f8","name":"Redazione","url":"https:\/\/www.intoscana.it\/it\/author\/redazione\/"}]}},"_links":{"self":[{"href":"https:\/\/www.intoscana.it\/it\/wp-json\/wp\/v2\/posts\/425493","targetHints":{"allow":["GET"]}}],"collection":[{"href":"https:\/\/www.intoscana.it\/it\/wp-json\/wp\/v2\/posts"}],"about":[{"href":"https:\/\/www.intoscana.it\/it\/wp-json\/wp\/v2\/types\/post"}],"author":[{"embeddable":true,"href":"https:\/\/www.intoscana.it\/it\/wp-json\/wp\/v2\/users\/525"}],"replies":[{"embeddable":true,"href":"https:\/\/www.intoscana.it\/it\/wp-json\/wp\/v2\/comments?post=425493"}],"version-history":[{"count":5,"href":"https:\/\/www.intoscana.it\/it\/wp-json\/wp\/v2\/posts\/425493\/revisions"}],"predecessor-version":[{"id":425515,"href":"https:\/\/www.intoscana.it\/it\/wp-json\/wp\/v2\/posts\/425493\/revisions\/425515"}],"wp:featuredmedia":[{"embeddable":true,"href":"https:\/\/www.intoscana.it\/it\/wp-json\/wp\/v2\/media\/425496"}],"wp:attachment":[{"href":"https:\/\/www.intoscana.it\/it\/wp-json\/wp\/v2\/media?parent=425493"}],"wp:term":[{"taxonomy":"category","embeddable":true,"href":"https:\/\/www.intoscana.it\/it\/wp-json\/wp\/v2\/categories?post=425493"},{"taxonomy":"post_tag","embeddable":true,"href":"https:\/\/www.intoscana.it\/it\/wp-json\/wp\/v2\/tags?post=425493"}],"curies":[{"name":"wp","href":"https:\/\/api.w.org\/{rel}","templated":true}]}}