{"id":425513,"date":"2026-04-27T15:11:34","date_gmt":"2026-04-27T13:11:34","guid":{"rendered":"https:\/\/www.intoscana.it\/it\/?p=425513"},"modified":"2026-04-27T15:12:35","modified_gmt":"2026-04-27T13:12:35","slug":"chianti-eh-giovani-cantina-sociale-colli-fiorentini","status":"publish","type":"post","link":"https:\/\/www.intoscana.it\/it\/chianti-eh-giovani-cantina-sociale-colli-fiorentini\/","title":{"rendered":"La Cantina Sociale Colli Fiorentini e l&#8217;Ateneo di Firenze lanciano &#8220;EH!&#8221;, il Chianti pensato per i giovani"},"content":{"rendered":"<p>Si chiama <strong>&#8220;EH!&#8221; il Chianti pensato per i giovani<\/strong> nato a Montespertoli, dove la <strong>Cantina Sociale Colli Fiorentini<\/strong> in collaborazione con il Dipartimento di Scienze e Tecnologie Agrarie, Alimentari, Ambientali e Forestali dell\u2019<strong>Universit\u00e0 di Firenze<\/strong> ha deciso di ridisegnare il profilo del vino pi\u00f9 famoso del mondo per renderlo &#8220;a prova di futuro&#8221;.<\/p>\n<h3>Da Gasiamoci arriva il nuovo <strong>Chianti Docg<\/strong><\/h3>\n<p>Il segreto di &#8220;EH! (12% vol.), che sar\u00e0 distribuito nei <strong>punti vendita Valvirginio,<\/strong> consiste in <mark>una tecnologia che protegge la freschezza e i profumi naturali dell\u2019uva, eliminando quella pesantezza che spesso allontana i consumatori pi\u00f9 giovani.<\/mark><\/p>\n<p>Oggi la Cantina ha presentato i risultati del <strong>progetto Gasiamoci finanziato dalla Regione Toscana<\/strong> nell&#8217;ambito del Bando Documento Economia e Finanza Regionale 2022 che non si ferma ai laboratori, ma che arriva direttamente nel bicchiere con un <strong>nuovo Chianti Docg<\/strong> pensato per essere pi\u00f9 moderno, agile e piacevole fin dal primo sorso.<\/p>\n<figure id=\"post-425543 media-425543\" class=\"align-none\"><\/figure>\n<div class=\"titleimg\">\n<figure id=\"post-425536 media-425536\" class=\"align-none\">\n<p><figure style=\"width: 1536px\" class=\"wp-caption alignnone\"><img loading=\"lazy\" decoding=\"async\" src=\"https:\/\/www.intoscana.it\/wp-content\/uploads\/Gasiamoci-4.jpg.jpeg\" alt=\"\" width=\"1536\" height=\"2048\" \/><figcaption class=\"wp-caption-text\">La presentazione del nuovo Chianti Docg &#8220;EH!&#8221;<\/figcaption><\/figure><\/figure>\n<\/div>\n<h3>Il vino che parla alle nuove generazioni<\/h3>\n<p><em>\u201cIl vino rosso \u2013 <\/em>spiega <strong>Fabrizio Ferretti, presidente della Cantina<\/strong><em> &#8211; rischia di diventare un ricordo dei nostri nonni se non impariamo a parlare la lingua dei giovani. Con questo progetto abbiamo usato la scienza per tornare alla freschezza del frutto. Vogliamo che il nostro Chianti sia un piacere quotidiano, <strong>un vino dinamico e facile da approcciare, capace di stare a tavola con le nuove generazioni<\/strong> senza risultare vecchio o complicato. Innovare significa dare un futuro ai nostri vigneti e alle famiglie dei nostri soci\u201d.<\/em><\/p>\n<p>L\u2019evento di presentazione di oggi ha visto la partecipazione di Fabrizio Ferretti e Ritano Baragli, rispettivamente presidente e direttore della Cantina Colli Fiorentini, oltre che di Alessio Mugnaini, sindaco di Montespertoli e delegato Anci Toscana per l&#8217;agricoltura. Gli aspetti tecnici e di mercato sono stati illustrati dall&#8217;<strong>enologo Marco Puleo e dai docenti dell\u2019Universit\u00e0 di Firenze<\/strong> del Dipartimento di Scienze e Tecnologie Agrarie Valentina Canuti, Silvio Menghini e Lapo Pierguidi.<\/p>\n<p>Il cuore del dibattito \u00e8 stata la <strong>tavola rotonda &#8220;Gasiamoci: il rosso di nuova generazione per le nuove generazioni\u201d.<\/strong> Insieme alla moderatrice, la giornalista Sandra Salvato, ne hanno discusso Saverio Galli Torrini, direttore del Consorzio Vino Chianti, il rappresentante di Assoenologi Toscana Slow Food &#8211; Slow Wine Andrea Pizzolato. Le conclusioni sono state affidate a Claudio Galli della Regione Toscana.<\/p>\n<p>La mattinata si \u00e8 chiusa con una prova pratica: una <strong>degustazione tecnica di sei vini sperimentali<\/strong> per toccare con mano (e palato) il cambiamento.<\/p>\n","protected":false},"excerpt":{"rendered":"<p>Grazie al progetto Gasiamoci \u00e8 nato un vino rosso che guarda alla Generazione Z: pi\u00f9 leggero e fresco sar\u00e0 distribuito nei punti vendita Valvirginio<\/p>\n","protected":false},"author":525,"featured_media":425543,"comment_status":"open","ping_status":"open","sticky":false,"template":"","format":"standard","meta":{"_acf_changed":false,"footnotes":""},"categories":[8],"tags":[366,353,224],"class_list":["post-425513","post","type-post","status-publish","format-standard","has-post-thumbnail","hentry","category-enogastronomia","tag-chianti","tag-universita-di-firenze","tag-vino"],"acf":[],"yoast_head":"<!-- This site is optimized with the Yoast SEO Premium plugin v24.2 (Yoast SEO v25.6) - https:\/\/yoast.com\/wordpress\/plugins\/seo\/ -->\n<title>La Cantina Sociale Colli Fiorentini e l&#039;Ateneo di Firenze lanciano &quot;EH!&quot;, il Chianti pensato per i giovani - intoscana<\/title>\n<meta name=\"description\" content=\"Cantina Sociale Colli Fiorentini e Ateneo di Firenze lanciano &quot;Eh!&quot;, il Chianti Docg pi\u00f9 fresco e leggero pensato per i giovani.\" \/>\n<meta name=\"robots\" content=\"index, follow, max-snippet:-1, max-image-preview:large, max-video-preview:-1\" \/>\n<link rel=\"canonical\" href=\"https:\/\/www.intoscana.it\/it\/chianti-eh-giovani-cantina-sociale-colli-fiorentini\/\" \/>\n<meta property=\"og:locale\" content=\"it_IT\" \/>\n<meta property=\"og:type\" content=\"article\" \/>\n<meta property=\"og:title\" content=\"La Cantina Sociale Colli Fiorentini e l&#039;Ateneo di Firenze lanciano &quot;EH!&quot;, il Chianti pensato per i giovani\" \/>\n<meta property=\"og:description\" content=\"Cantina Sociale Colli Fiorentini e Ateneo di Firenze lanciano &quot;Eh!&quot;, il Chianti Docg pi\u00f9 fresco e leggero pensato per i giovani.\" \/>\n<meta property=\"og:url\" content=\"https:\/\/www.intoscana.it\/it\/chianti-eh-giovani-cantina-sociale-colli-fiorentini\/\" \/>\n<meta property=\"og:site_name\" content=\"intoscana\" \/>\n<meta property=\"article:publisher\" content=\"https:\/\/www.facebook.com\/intoscana.it\" \/>\n<meta property=\"article:published_time\" content=\"2026-04-27T13:11:34+00:00\" \/>\n<meta property=\"article:modified_time\" content=\"2026-04-27T13:12:35+00:00\" \/>\n<meta property=\"og:image\" content=\"https:\/\/www.intoscana.it\/wp-content\/uploads\/vino-eh-e1777295392833.jpeg\" \/>\n\t<meta property=\"og:image:width\" content=\"1536\" \/>\n\t<meta property=\"og:image:height\" content=\"1750\" \/>\n\t<meta property=\"og:image:type\" content=\"image\/jpeg\" \/>\n<meta name=\"author\" content=\"Redazione\" \/>\n<meta name=\"twitter:card\" content=\"summary_large_image\" \/>\n<meta name=\"twitter:creator\" content=\"@intoscana\" \/>\n<meta name=\"twitter:site\" content=\"@intoscana\" \/>\n<meta name=\"twitter:label1\" content=\"Written by\" \/>\n\t<meta name=\"twitter:data1\" content=\"Redazione\" \/>\n\t<meta name=\"twitter:label2\" content=\"Est. reading time\" \/>\n\t<meta name=\"twitter:data2\" content=\"3 minuti\" \/>\n<script type=\"application\/ld+json\" class=\"yoast-schema-graph\">{\"@context\":\"https:\/\/schema.org\",\"@graph\":[{\"@type\":\"WebPage\",\"@id\":\"https:\/\/www.intoscana.it\/it\/chianti-eh-giovani-cantina-sociale-colli-fiorentini\/\",\"url\":\"https:\/\/www.intoscana.it\/it\/chianti-eh-giovani-cantina-sociale-colli-fiorentini\/\",\"name\":\"La Cantina Sociale Colli Fiorentini e l'Ateneo di Firenze lanciano \\\"EH!\\\", il Chianti pensato per i giovani - intoscana\",\"isPartOf\":{\"@id\":\"https:\/\/www.intoscana.it\/it\/#website\"},\"primaryImageOfPage\":{\"@id\":\"https:\/\/www.intoscana.it\/it\/chianti-eh-giovani-cantina-sociale-colli-fiorentini\/#primaryimage\"},\"image\":{\"@id\":\"https:\/\/www.intoscana.it\/it\/chianti-eh-giovani-cantina-sociale-colli-fiorentini\/#primaryimage\"},\"thumbnailUrl\":\"https:\/\/www.intoscana.it\/wp-content\/uploads\/vino-eh-e1777295392833.jpeg\",\"datePublished\":\"2026-04-27T13:11:34+00:00\",\"dateModified\":\"2026-04-27T13:12:35+00:00\",\"author\":{\"@id\":\"https:\/\/www.intoscana.it\/it\/#\/schema\/person\/9223810753230f20bd670fdd322661f8\"},\"description\":\"Cantina Sociale Colli Fiorentini e Ateneo di Firenze lanciano \\\"Eh!\\\", il Chianti Docg pi\u00f9 fresco e leggero pensato per i giovani.\",\"breadcrumb\":{\"@id\":\"https:\/\/www.intoscana.it\/it\/chianti-eh-giovani-cantina-sociale-colli-fiorentini\/#breadcrumb\"},\"inLanguage\":\"it-IT\",\"potentialAction\":[{\"@type\":\"ReadAction\",\"target\":[\"https:\/\/www.intoscana.it\/it\/chianti-eh-giovani-cantina-sociale-colli-fiorentini\/\"]}]},{\"@type\":\"ImageObject\",\"inLanguage\":\"it-IT\",\"@id\":\"https:\/\/www.intoscana.it\/it\/chianti-eh-giovani-cantina-sociale-colli-fiorentini\/#primaryimage\",\"url\":\"https:\/\/www.intoscana.it\/wp-content\/uploads\/vino-eh-e1777295392833.jpeg\",\"contentUrl\":\"https:\/\/www.intoscana.it\/wp-content\/uploads\/vino-eh-e1777295392833.jpeg\",\"width\":1536,\"height\":1750,\"caption\":\"Il nuovo Chianti Docg \\\"EH!\\\"\"},{\"@type\":\"BreadcrumbList\",\"@id\":\"https:\/\/www.intoscana.it\/it\/chianti-eh-giovani-cantina-sociale-colli-fiorentini\/#breadcrumb\",\"itemListElement\":[{\"@type\":\"ListItem\",\"position\":1,\"name\":\"Home\",\"item\":\"https:\/\/www.intoscana.it\/it\/\"},{\"@type\":\"ListItem\",\"position\":2,\"name\":\"La Cantina Sociale Colli Fiorentini e l&#8217;Ateneo di Firenze lanciano &#8220;EH!&#8221;, il Chianti pensato per i giovani\"}]},{\"@type\":\"WebSite\",\"@id\":\"https:\/\/www.intoscana.it\/it\/#website\",\"url\":\"https:\/\/www.intoscana.it\/it\/\",\"name\":\"intoscana\",\"description\":\"\",\"potentialAction\":[{\"@type\":\"SearchAction\",\"target\":{\"@type\":\"EntryPoint\",\"urlTemplate\":\"https:\/\/www.intoscana.it\/it\/?s={search_term_string}\"},\"query-input\":{\"@type\":\"PropertyValueSpecification\",\"valueRequired\":true,\"valueName\":\"search_term_string\"}}],\"inLanguage\":\"it-IT\"},{\"@type\":\"Person\",\"@id\":\"https:\/\/www.intoscana.it\/it\/#\/schema\/person\/9223810753230f20bd670fdd322661f8\",\"name\":\"Redazione\",\"url\":\"https:\/\/www.intoscana.it\/it\/author\/redazione\/\"}]}<\/script>\n<!-- \/ Yoast SEO Premium plugin. -->","yoast_head_json":{"title":"La Cantina Sociale Colli Fiorentini e l'Ateneo di Firenze lanciano \"EH!\", il Chianti pensato per i giovani - intoscana","description":"Cantina Sociale Colli Fiorentini e Ateneo di Firenze lanciano \"Eh!\", il Chianti Docg pi\u00f9 fresco e leggero pensato per i giovani.","robots":{"index":"index","follow":"follow","max-snippet":"max-snippet:-1","max-image-preview":"max-image-preview:large","max-video-preview":"max-video-preview:-1"},"canonical":"https:\/\/www.intoscana.it\/it\/chianti-eh-giovani-cantina-sociale-colli-fiorentini\/","og_locale":"it_IT","og_type":"article","og_title":"La Cantina Sociale Colli Fiorentini e l'Ateneo di Firenze lanciano \"EH!\", il Chianti pensato per i giovani","og_description":"Cantina Sociale Colli Fiorentini e Ateneo di Firenze lanciano \"Eh!\", il Chianti Docg pi\u00f9 fresco e leggero pensato per i giovani.","og_url":"https:\/\/www.intoscana.it\/it\/chianti-eh-giovani-cantina-sociale-colli-fiorentini\/","og_site_name":"intoscana","article_publisher":"https:\/\/www.facebook.com\/intoscana.it","article_published_time":"2026-04-27T13:11:34+00:00","article_modified_time":"2026-04-27T13:12:35+00:00","og_image":[{"width":1536,"height":1750,"url":"https:\/\/www.intoscana.it\/wp-content\/uploads\/vino-eh-e1777295392833.jpeg","type":"image\/jpeg"}],"author":"Redazione","twitter_card":"summary_large_image","twitter_creator":"@intoscana","twitter_site":"@intoscana","twitter_misc":{"Written by":"Redazione","Est. reading time":"3 minuti"},"schema":{"@context":"https:\/\/schema.org","@graph":[{"@type":"WebPage","@id":"https:\/\/www.intoscana.it\/it\/chianti-eh-giovani-cantina-sociale-colli-fiorentini\/","url":"https:\/\/www.intoscana.it\/it\/chianti-eh-giovani-cantina-sociale-colli-fiorentini\/","name":"La Cantina Sociale Colli Fiorentini e l'Ateneo di Firenze lanciano \"EH!\", il Chianti pensato per i giovani - intoscana","isPartOf":{"@id":"https:\/\/www.intoscana.it\/it\/#website"},"primaryImageOfPage":{"@id":"https:\/\/www.intoscana.it\/it\/chianti-eh-giovani-cantina-sociale-colli-fiorentini\/#primaryimage"},"image":{"@id":"https:\/\/www.intoscana.it\/it\/chianti-eh-giovani-cantina-sociale-colli-fiorentini\/#primaryimage"},"thumbnailUrl":"https:\/\/www.intoscana.it\/wp-content\/uploads\/vino-eh-e1777295392833.jpeg","datePublished":"2026-04-27T13:11:34+00:00","dateModified":"2026-04-27T13:12:35+00:00","author":{"@id":"https:\/\/www.intoscana.it\/it\/#\/schema\/person\/9223810753230f20bd670fdd322661f8"},"description":"Cantina Sociale Colli Fiorentini e Ateneo di Firenze lanciano \"Eh!\", il Chianti Docg pi\u00f9 fresco e leggero pensato per i giovani.","breadcrumb":{"@id":"https:\/\/www.intoscana.it\/it\/chianti-eh-giovani-cantina-sociale-colli-fiorentini\/#breadcrumb"},"inLanguage":"it-IT","potentialAction":[{"@type":"ReadAction","target":["https:\/\/www.intoscana.it\/it\/chianti-eh-giovani-cantina-sociale-colli-fiorentini\/"]}]},{"@type":"ImageObject","inLanguage":"it-IT","@id":"https:\/\/www.intoscana.it\/it\/chianti-eh-giovani-cantina-sociale-colli-fiorentini\/#primaryimage","url":"https:\/\/www.intoscana.it\/wp-content\/uploads\/vino-eh-e1777295392833.jpeg","contentUrl":"https:\/\/www.intoscana.it\/wp-content\/uploads\/vino-eh-e1777295392833.jpeg","width":1536,"height":1750,"caption":"Il nuovo Chianti Docg \"EH!\""},{"@type":"BreadcrumbList","@id":"https:\/\/www.intoscana.it\/it\/chianti-eh-giovani-cantina-sociale-colli-fiorentini\/#breadcrumb","itemListElement":[{"@type":"ListItem","position":1,"name":"Home","item":"https:\/\/www.intoscana.it\/it\/"},{"@type":"ListItem","position":2,"name":"La Cantina Sociale Colli Fiorentini e l&#8217;Ateneo di Firenze lanciano &#8220;EH!&#8221;, il Chianti pensato per i giovani"}]},{"@type":"WebSite","@id":"https:\/\/www.intoscana.it\/it\/#website","url":"https:\/\/www.intoscana.it\/it\/","name":"intoscana","description":"","potentialAction":[{"@type":"SearchAction","target":{"@type":"EntryPoint","urlTemplate":"https:\/\/www.intoscana.it\/it\/?s={search_term_string}"},"query-input":{"@type":"PropertyValueSpecification","valueRequired":true,"valueName":"search_term_string"}}],"inLanguage":"it-IT"},{"@type":"Person","@id":"https:\/\/www.intoscana.it\/it\/#\/schema\/person\/9223810753230f20bd670fdd322661f8","name":"Redazione","url":"https:\/\/www.intoscana.it\/it\/author\/redazione\/"}]}},"_links":{"self":[{"href":"https:\/\/www.intoscana.it\/it\/wp-json\/wp\/v2\/posts\/425513","targetHints":{"allow":["GET"]}}],"collection":[{"href":"https:\/\/www.intoscana.it\/it\/wp-json\/wp\/v2\/posts"}],"about":[{"href":"https:\/\/www.intoscana.it\/it\/wp-json\/wp\/v2\/types\/post"}],"author":[{"embeddable":true,"href":"https:\/\/www.intoscana.it\/it\/wp-json\/wp\/v2\/users\/525"}],"replies":[{"embeddable":true,"href":"https:\/\/www.intoscana.it\/it\/wp-json\/wp\/v2\/comments?post=425513"}],"version-history":[{"count":5,"href":"https:\/\/www.intoscana.it\/it\/wp-json\/wp\/v2\/posts\/425513\/revisions"}],"predecessor-version":[{"id":425545,"href":"https:\/\/www.intoscana.it\/it\/wp-json\/wp\/v2\/posts\/425513\/revisions\/425545"}],"wp:featuredmedia":[{"embeddable":true,"href":"https:\/\/www.intoscana.it\/it\/wp-json\/wp\/v2\/media\/425543"}],"wp:attachment":[{"href":"https:\/\/www.intoscana.it\/it\/wp-json\/wp\/v2\/media?parent=425513"}],"wp:term":[{"taxonomy":"category","embeddable":true,"href":"https:\/\/www.intoscana.it\/it\/wp-json\/wp\/v2\/categories?post=425513"},{"taxonomy":"post_tag","embeddable":true,"href":"https:\/\/www.intoscana.it\/it\/wp-json\/wp\/v2\/tags?post=425513"}],"curies":[{"name":"wp","href":"https:\/\/api.w.org\/{rel}","templated":true}]}}