{"id":425547,"date":"2026-04-27T16:05:38","date_gmt":"2026-04-27T14:05:38","guid":{"rendered":"https:\/\/www.intoscana.it\/it\/?p=425547"},"modified":"2026-04-27T16:06:34","modified_gmt":"2026-04-27T14:06:34","slug":"il-ministro-degli-esteri-in-visita-al-distretto-vivaistico-di-pistoia-il-vivaismo-al-centro-delle-politiche-per-il-made-in-italy","status":"publish","type":"post","link":"https:\/\/www.intoscana.it\/it\/il-ministro-degli-esteri-in-visita-al-distretto-vivaistico-di-pistoia-il-vivaismo-al-centro-delle-politiche-per-il-made-in-italy\/","title":{"rendered":"Il Ministro degli Esteri in visita al Distretto Vivaistico di Pistoia: il vivaismo al centro delle politiche per il Made in Italy"},"content":{"rendered":"<p>Il Vicepresidente del Consiglio dei ministri e Ministro degli Affari Esteri e della Cooperazione Internazionale ha visitato oggi il <strong>Distretto Rurale Vivaistico Ornamentale di Pistoia<\/strong>, ospite di Associazione Vivaisti Italiani, presso parco GEA (Ex CESPEVI) a Pistoia, incontrando i<strong>mprese, rappresentanti istituzionali, associazioni di categoria<\/strong> e operatori del comparto in un momento di confronto dedicato alle prospettive di sviluppo del settore.<\/p>\n<h3>Il Distretto di Pistoia leader in Italia<\/h3>\n<p>La visita ha rappresentato l\u2019occasione per approfondire il ruolo del vivaismo ornamentale italiano, riconosciuto come una delle eccellenze produttive europee e come comparto strategico per l\u2019economia nazionale, l\u2019export e la sostenibilit\u00e0 ambientale. <mark>Il Distretto di Pistoia si conferma uno dei principali poli produttivi del continente, con circa 1.500 aziende, oltre 3.500 ettari coltivati <\/mark>e una<strong> forte proiezione internazionale che raggiunge pi\u00f9 di 60 Paesi,<\/strong> in un contesto in cui l\u2019Italia \u00e8 il secondo mercato vivaistico europeo e la Toscana concentra oltre il 40% della produzione nazionale.<\/p>\n<p>Nel corso dell\u2019incontro \u00e8 emersa con particolare evidenza la volont\u00e0 del settore di <strong>vedere riconosciuto il vivaismo ornamentale come una vera eccellenza del Made in Italy<\/strong>, al pari delle grandi filiere agroalimentari come olio e vino. In questa prospettiva \u00e8 stata sottolineata l\u2019importanza di rafforzarne la presenza nelle politiche di internazionalizzazione e nelle attivit\u00e0 di diplomazia economica, anche attraverso un maggiore coinvolgimento nelle missioni istituzionali all\u2019estero e nella rete diplomatico-consolare, valorizzando il vivaismo come espressione della qualit\u00e0 italiana, della sostenibilit\u00e0 e della cultura del paesaggio.<\/p>\n<p>Un passaggio significativo del confronto ha riguardato anche le criticit\u00e0 legate ai rapporti commerciali con la Gran Bretagna, mercato storicamente centrale per il settore.<\/p>\n<h3><strong>Il ruolo cruciale dei Distretti Rurali<\/strong><\/h3>\n<p>Ampio spazio \u00e8 stato inoltre dedicato al ruolo dei Distretti Rurali, considerati strumenti fondamentali per l\u2019innovazione e la competitivit\u00e0 delle filiere agricol<strong>e. Il Distretto Rurale Vivaistico Ornamentale di Pistoia \u00e8 stato indicato come modello di riferimento a livello nazionale<\/strong> per la capacit\u00e0 di integrare imprese, ricerca e sviluppo, promuovendo al tempo stesso tutela del territorio e crescita economica. \u00c8 stata quindi ribadita l\u2019esigenza di sostenere in modo strutturale il sistema distrettuale attraverso strumenti dedicati, capaci di rafforzare la ricerca applicata, l\u2019innovazione, la sostenibilit\u00e0 e i processi di internazionalizzazione, riconoscendone pienamente il valore strategico nelle politiche agricole e di sviluppo.<\/p>\n<p>Nel corso dell\u2019incontro \u00e8 stato inoltre evidenziato come<strong> il settore vivaistico si trovi ad affrontare sfide rilevanti, legate sia alla crescente concorrenza internazionale,<\/strong> talvolta caratterizzata da condizioni produttive e normative non comparabili con quelle europee, sia all\u2019aumento generalizzato dei costi di produzione che incide sulla sostenibilit\u00e0 economica delle imprese. Su questi temi \u00e8 stata condivisa la necessit\u00e0 di un approccio strutturale, orientato alla tutela della competitivit\u00e0, al contrasto delle distorsioni di mercato e all\u2019introduzione di misure capaci di sostenere le filiere strategiche agricole.<\/p>\n","protected":false},"excerpt":{"rendered":"<p>Quello pistoiese \u00e8 uno dei principali poli produttivi italiani con circa 1.500 aziende e oltre 3.500 ettari coltivati<\/p>\n","protected":false},"author":525,"featured_media":391867,"comment_status":"open","ping_status":"open","sticky":false,"template":"","format":"standard","meta":{"_acf_changed":false,"footnotes":""},"categories":[9],"tags":[5090,5045],"class_list":["post-425547","post","type-post","status-publish","format-standard","has-post-thumbnail","hentry","category-made-in-toscana","tag-vivaismo","tag-vivaismo-pistoia"],"acf":[],"yoast_head":"<!-- This site is optimized with the Yoast SEO Premium plugin v24.2 (Yoast SEO v25.6) - https:\/\/yoast.com\/wordpress\/plugins\/seo\/ -->\n<title>Il Ministro degli Esteri in visita al Distretto Vivaistico di Pistoia: il vivaismo al centro delle politiche per il Made in Italy - intoscana<\/title>\n<meta name=\"robots\" content=\"index, follow, max-snippet:-1, max-image-preview:large, max-video-preview:-1\" \/>\n<link rel=\"canonical\" href=\"https:\/\/www.intoscana.it\/it\/il-ministro-degli-esteri-in-visita-al-distretto-vivaistico-di-pistoia-il-vivaismo-al-centro-delle-politiche-per-il-made-in-italy\/\" \/>\n<meta property=\"og:locale\" content=\"it_IT\" \/>\n<meta property=\"og:type\" content=\"article\" \/>\n<meta property=\"og:title\" content=\"Il Ministro degli Esteri in visita al Distretto Vivaistico di Pistoia: il vivaismo al centro delle politiche per il Made in Italy\" \/>\n<meta property=\"og:description\" content=\"Quello pistoiese \u00e8 uno dei principali poli produttivi italiani con circa 1.500 aziende e oltre 3.500 ettari coltivati\" \/>\n<meta property=\"og:url\" content=\"https:\/\/www.intoscana.it\/it\/il-ministro-degli-esteri-in-visita-al-distretto-vivaistico-di-pistoia-il-vivaismo-al-centro-delle-politiche-per-il-made-in-italy\/\" \/>\n<meta property=\"og:site_name\" content=\"intoscana\" \/>\n<meta property=\"article:publisher\" content=\"https:\/\/www.facebook.com\/intoscana.it\" \/>\n<meta property=\"article:published_time\" content=\"2026-04-27T14:05:38+00:00\" \/>\n<meta property=\"article:modified_time\" content=\"2026-04-27T14:06:34+00:00\" \/>\n<meta property=\"og:image\" content=\"https:\/\/www.intoscana.it\/wp-content\/uploads\/vivaismo-piante-ornamentali-pistoia-scaled.jpg\" \/>\n\t<meta property=\"og:image:width\" content=\"2048\" \/>\n\t<meta property=\"og:image:height\" content=\"1536\" \/>\n\t<meta property=\"og:image:type\" content=\"image\/jpeg\" \/>\n<meta name=\"author\" content=\"Redazione\" \/>\n<meta name=\"twitter:card\" content=\"summary_large_image\" \/>\n<meta name=\"twitter:creator\" content=\"@intoscana\" \/>\n<meta name=\"twitter:site\" content=\"@intoscana\" \/>\n<meta name=\"twitter:label1\" content=\"Written by\" \/>\n\t<meta name=\"twitter:data1\" content=\"Redazione\" \/>\n\t<meta name=\"twitter:label2\" content=\"Est. reading time\" \/>\n\t<meta name=\"twitter:data2\" content=\"3 minuti\" \/>\n<script type=\"application\/ld+json\" class=\"yoast-schema-graph\">{\"@context\":\"https:\/\/schema.org\",\"@graph\":[{\"@type\":\"WebPage\",\"@id\":\"https:\/\/www.intoscana.it\/it\/il-ministro-degli-esteri-in-visita-al-distretto-vivaistico-di-pistoia-il-vivaismo-al-centro-delle-politiche-per-il-made-in-italy\/\",\"url\":\"https:\/\/www.intoscana.it\/it\/il-ministro-degli-esteri-in-visita-al-distretto-vivaistico-di-pistoia-il-vivaismo-al-centro-delle-politiche-per-il-made-in-italy\/\",\"name\":\"Il Ministro degli Esteri in visita al Distretto Vivaistico di Pistoia: il vivaismo al centro delle politiche per il Made in Italy - intoscana\",\"isPartOf\":{\"@id\":\"https:\/\/www.intoscana.it\/it\/#website\"},\"primaryImageOfPage\":{\"@id\":\"https:\/\/www.intoscana.it\/it\/il-ministro-degli-esteri-in-visita-al-distretto-vivaistico-di-pistoia-il-vivaismo-al-centro-delle-politiche-per-il-made-in-italy\/#primaryimage\"},\"image\":{\"@id\":\"https:\/\/www.intoscana.it\/it\/il-ministro-degli-esteri-in-visita-al-distretto-vivaistico-di-pistoia-il-vivaismo-al-centro-delle-politiche-per-il-made-in-italy\/#primaryimage\"},\"thumbnailUrl\":\"https:\/\/www.intoscana.it\/wp-content\/uploads\/vivaismo-piante-ornamentali-pistoia-scaled.jpg\",\"datePublished\":\"2026-04-27T14:05:38+00:00\",\"dateModified\":\"2026-04-27T14:06:34+00:00\",\"author\":{\"@id\":\"https:\/\/www.intoscana.it\/it\/#\/schema\/person\/9223810753230f20bd670fdd322661f8\"},\"breadcrumb\":{\"@id\":\"https:\/\/www.intoscana.it\/it\/il-ministro-degli-esteri-in-visita-al-distretto-vivaistico-di-pistoia-il-vivaismo-al-centro-delle-politiche-per-il-made-in-italy\/#breadcrumb\"},\"inLanguage\":\"it-IT\",\"potentialAction\":[{\"@type\":\"ReadAction\",\"target\":[\"https:\/\/www.intoscana.it\/it\/il-ministro-degli-esteri-in-visita-al-distretto-vivaistico-di-pistoia-il-vivaismo-al-centro-delle-politiche-per-il-made-in-italy\/\"]}]},{\"@type\":\"ImageObject\",\"inLanguage\":\"it-IT\",\"@id\":\"https:\/\/www.intoscana.it\/it\/il-ministro-degli-esteri-in-visita-al-distretto-vivaistico-di-pistoia-il-vivaismo-al-centro-delle-politiche-per-il-made-in-italy\/#primaryimage\",\"url\":\"https:\/\/www.intoscana.it\/wp-content\/uploads\/vivaismo-piante-ornamentali-pistoia-scaled.jpg\",\"contentUrl\":\"https:\/\/www.intoscana.it\/wp-content\/uploads\/vivaismo-piante-ornamentali-pistoia-scaled.jpg\",\"width\":2048,\"height\":1536,\"caption\":\"Aziende florovivaistiche a Pistoia\"},{\"@type\":\"BreadcrumbList\",\"@id\":\"https:\/\/www.intoscana.it\/it\/il-ministro-degli-esteri-in-visita-al-distretto-vivaistico-di-pistoia-il-vivaismo-al-centro-delle-politiche-per-il-made-in-italy\/#breadcrumb\",\"itemListElement\":[{\"@type\":\"ListItem\",\"position\":1,\"name\":\"Home\",\"item\":\"https:\/\/www.intoscana.it\/it\/\"},{\"@type\":\"ListItem\",\"position\":2,\"name\":\"Il Ministro degli Esteri in visita al Distretto Vivaistico di Pistoia: il vivaismo al centro delle politiche per il Made in Italy\"}]},{\"@type\":\"WebSite\",\"@id\":\"https:\/\/www.intoscana.it\/it\/#website\",\"url\":\"https:\/\/www.intoscana.it\/it\/\",\"name\":\"intoscana\",\"description\":\"\",\"potentialAction\":[{\"@type\":\"SearchAction\",\"target\":{\"@type\":\"EntryPoint\",\"urlTemplate\":\"https:\/\/www.intoscana.it\/it\/?s={search_term_string}\"},\"query-input\":{\"@type\":\"PropertyValueSpecification\",\"valueRequired\":true,\"valueName\":\"search_term_string\"}}],\"inLanguage\":\"it-IT\"},{\"@type\":\"Person\",\"@id\":\"https:\/\/www.intoscana.it\/it\/#\/schema\/person\/9223810753230f20bd670fdd322661f8\",\"name\":\"Redazione\",\"url\":\"https:\/\/www.intoscana.it\/it\/author\/redazione\/\"}]}<\/script>\n<!-- \/ Yoast SEO Premium plugin. -->","yoast_head_json":{"title":"Il Ministro degli Esteri in visita al Distretto Vivaistico di Pistoia: il vivaismo al centro delle politiche per il Made in Italy - intoscana","robots":{"index":"index","follow":"follow","max-snippet":"max-snippet:-1","max-image-preview":"max-image-preview:large","max-video-preview":"max-video-preview:-1"},"canonical":"https:\/\/www.intoscana.it\/it\/il-ministro-degli-esteri-in-visita-al-distretto-vivaistico-di-pistoia-il-vivaismo-al-centro-delle-politiche-per-il-made-in-italy\/","og_locale":"it_IT","og_type":"article","og_title":"Il Ministro degli Esteri in visita al Distretto Vivaistico di Pistoia: il vivaismo al centro delle politiche per il Made in Italy","og_description":"Quello pistoiese \u00e8 uno dei principali poli produttivi italiani con circa 1.500 aziende e oltre 3.500 ettari coltivati","og_url":"https:\/\/www.intoscana.it\/it\/il-ministro-degli-esteri-in-visita-al-distretto-vivaistico-di-pistoia-il-vivaismo-al-centro-delle-politiche-per-il-made-in-italy\/","og_site_name":"intoscana","article_publisher":"https:\/\/www.facebook.com\/intoscana.it","article_published_time":"2026-04-27T14:05:38+00:00","article_modified_time":"2026-04-27T14:06:34+00:00","og_image":[{"width":2048,"height":1536,"url":"https:\/\/www.intoscana.it\/wp-content\/uploads\/vivaismo-piante-ornamentali-pistoia-scaled.jpg","type":"image\/jpeg"}],"author":"Redazione","twitter_card":"summary_large_image","twitter_creator":"@intoscana","twitter_site":"@intoscana","twitter_misc":{"Written by":"Redazione","Est. reading time":"3 minuti"},"schema":{"@context":"https:\/\/schema.org","@graph":[{"@type":"WebPage","@id":"https:\/\/www.intoscana.it\/it\/il-ministro-degli-esteri-in-visita-al-distretto-vivaistico-di-pistoia-il-vivaismo-al-centro-delle-politiche-per-il-made-in-italy\/","url":"https:\/\/www.intoscana.it\/it\/il-ministro-degli-esteri-in-visita-al-distretto-vivaistico-di-pistoia-il-vivaismo-al-centro-delle-politiche-per-il-made-in-italy\/","name":"Il Ministro degli Esteri in visita al Distretto Vivaistico di Pistoia: il vivaismo al centro delle politiche per il Made in Italy - intoscana","isPartOf":{"@id":"https:\/\/www.intoscana.it\/it\/#website"},"primaryImageOfPage":{"@id":"https:\/\/www.intoscana.it\/it\/il-ministro-degli-esteri-in-visita-al-distretto-vivaistico-di-pistoia-il-vivaismo-al-centro-delle-politiche-per-il-made-in-italy\/#primaryimage"},"image":{"@id":"https:\/\/www.intoscana.it\/it\/il-ministro-degli-esteri-in-visita-al-distretto-vivaistico-di-pistoia-il-vivaismo-al-centro-delle-politiche-per-il-made-in-italy\/#primaryimage"},"thumbnailUrl":"https:\/\/www.intoscana.it\/wp-content\/uploads\/vivaismo-piante-ornamentali-pistoia-scaled.jpg","datePublished":"2026-04-27T14:05:38+00:00","dateModified":"2026-04-27T14:06:34+00:00","author":{"@id":"https:\/\/www.intoscana.it\/it\/#\/schema\/person\/9223810753230f20bd670fdd322661f8"},"breadcrumb":{"@id":"https:\/\/www.intoscana.it\/it\/il-ministro-degli-esteri-in-visita-al-distretto-vivaistico-di-pistoia-il-vivaismo-al-centro-delle-politiche-per-il-made-in-italy\/#breadcrumb"},"inLanguage":"it-IT","potentialAction":[{"@type":"ReadAction","target":["https:\/\/www.intoscana.it\/it\/il-ministro-degli-esteri-in-visita-al-distretto-vivaistico-di-pistoia-il-vivaismo-al-centro-delle-politiche-per-il-made-in-italy\/"]}]},{"@type":"ImageObject","inLanguage":"it-IT","@id":"https:\/\/www.intoscana.it\/it\/il-ministro-degli-esteri-in-visita-al-distretto-vivaistico-di-pistoia-il-vivaismo-al-centro-delle-politiche-per-il-made-in-italy\/#primaryimage","url":"https:\/\/www.intoscana.it\/wp-content\/uploads\/vivaismo-piante-ornamentali-pistoia-scaled.jpg","contentUrl":"https:\/\/www.intoscana.it\/wp-content\/uploads\/vivaismo-piante-ornamentali-pistoia-scaled.jpg","width":2048,"height":1536,"caption":"Aziende florovivaistiche a Pistoia"},{"@type":"BreadcrumbList","@id":"https:\/\/www.intoscana.it\/it\/il-ministro-degli-esteri-in-visita-al-distretto-vivaistico-di-pistoia-il-vivaismo-al-centro-delle-politiche-per-il-made-in-italy\/#breadcrumb","itemListElement":[{"@type":"ListItem","position":1,"name":"Home","item":"https:\/\/www.intoscana.it\/it\/"},{"@type":"ListItem","position":2,"name":"Il Ministro degli Esteri in visita al Distretto Vivaistico di Pistoia: il vivaismo al centro delle politiche per il Made in Italy"}]},{"@type":"WebSite","@id":"https:\/\/www.intoscana.it\/it\/#website","url":"https:\/\/www.intoscana.it\/it\/","name":"intoscana","description":"","potentialAction":[{"@type":"SearchAction","target":{"@type":"EntryPoint","urlTemplate":"https:\/\/www.intoscana.it\/it\/?s={search_term_string}"},"query-input":{"@type":"PropertyValueSpecification","valueRequired":true,"valueName":"search_term_string"}}],"inLanguage":"it-IT"},{"@type":"Person","@id":"https:\/\/www.intoscana.it\/it\/#\/schema\/person\/9223810753230f20bd670fdd322661f8","name":"Redazione","url":"https:\/\/www.intoscana.it\/it\/author\/redazione\/"}]}},"_links":{"self":[{"href":"https:\/\/www.intoscana.it\/it\/wp-json\/wp\/v2\/posts\/425547","targetHints":{"allow":["GET"]}}],"collection":[{"href":"https:\/\/www.intoscana.it\/it\/wp-json\/wp\/v2\/posts"}],"about":[{"href":"https:\/\/www.intoscana.it\/it\/wp-json\/wp\/v2\/types\/post"}],"author":[{"embeddable":true,"href":"https:\/\/www.intoscana.it\/it\/wp-json\/wp\/v2\/users\/525"}],"replies":[{"embeddable":true,"href":"https:\/\/www.intoscana.it\/it\/wp-json\/wp\/v2\/comments?post=425547"}],"version-history":[{"count":3,"href":"https:\/\/www.intoscana.it\/it\/wp-json\/wp\/v2\/posts\/425547\/revisions"}],"predecessor-version":[{"id":425550,"href":"https:\/\/www.intoscana.it\/it\/wp-json\/wp\/v2\/posts\/425547\/revisions\/425550"}],"wp:featuredmedia":[{"embeddable":true,"href":"https:\/\/www.intoscana.it\/it\/wp-json\/wp\/v2\/media\/391867"}],"wp:attachment":[{"href":"https:\/\/www.intoscana.it\/it\/wp-json\/wp\/v2\/media?parent=425547"}],"wp:term":[{"taxonomy":"category","embeddable":true,"href":"https:\/\/www.intoscana.it\/it\/wp-json\/wp\/v2\/categories?post=425547"},{"taxonomy":"post_tag","embeddable":true,"href":"https:\/\/www.intoscana.it\/it\/wp-json\/wp\/v2\/tags?post=425547"}],"curies":[{"name":"wp","href":"https:\/\/api.w.org\/{rel}","templated":true}]}}