{"id":425551,"date":"2026-04-27T16:24:53","date_gmt":"2026-04-27T14:24:53","guid":{"rendered":"https:\/\/www.intoscana.it\/it\/?p=425551"},"modified":"2026-04-27T16:28:10","modified_gmt":"2026-04-27T14:28:10","slug":"legge-clima-regione-toscana","status":"publish","type":"post","link":"https:\/\/www.intoscana.it\/it\/legge-clima-regione-toscana\/","title":{"rendered":"Ambiente e cambiamenti climatici: la Toscana verso una legge regionale sul clima"},"content":{"rendered":"<p>La Toscana sar\u00e0 una delle <strong>prime regioni in Italia<\/strong> a dotarsi di una <strong>legge quadro sul clima:<\/strong> lo hanno annunciato arrivato oggi dal <strong>presidente della Regione Eugenio Giani e dall&#8217;assessore all&#8217;ambiente David Barontini.<br \/>\n<\/strong> &#8220;<em>Avviamo un percorso che mette al centro una strategia concreta, ambiziosa e non pi\u00f9 rinviabile contro i cambiamenti climatici<\/em> &#8211; hanno detto Giani e Barontini &#8211; <em><strong>la grande sfida essenziale del nostro tempo e delle prossime generazioni<\/strong>. \u00c8 un atto fondamentale previsto nel programma di governo di questo mandato, a cui stiamo lavorando da inizio legislatura con gli uffici della Giunta e che presto prender\u00e0 vita&#8221;.<\/em><\/p>\n<h3>La legge che affronta i cambiamenti climatici<\/h3>\n<p>Di fronte al nascere di movimenti negazionisti, la Regione Toscana afferma con forza che le verit\u00e0 scientifiche, come quelle dimostrate in merito ai <strong>cambiamenti climatici e alla loro causa antropica,<\/strong> che non possono essere piegate a logiche utilitaristiche che guardano in maniera miope al breve periodo e agli interessi di pochi.<\/p>\n<p><mark>La legge punter\u00e0 a integrare in modo strutturale mitigazione e adattamento affrontando l\u2019emergenza climatica con strumenti operativi e tempi certi. <\/mark>Saranno previsti <strong>nuovi strumenti di programmazione<\/strong>, in linea coi pi\u00f9 recenti indirizzi europei, programmi e strategie in cui andranno a concentrarsi <strong>le politiche e le risorse regionali in materia di sviluppo sostenibile<\/strong> e contrasto ai cambiamenti climatici, sia in termini di riduzione delle emissioni che di adattamento.<\/p>\n<h3>Un sistema di monitoraggio e il coinvolgimento dei Comuni<\/h3>\n<p>Inoltre, sar\u00e0 attivato un <strong>sistema di monitoraggio:<\/strong> un vero e proprio bilancio delle emissioni climalteranti, con cui istituzioni e cittadini potranno osservare e valutare gli impatti delle politiche regionali, per consentire anche l\u2019attivazione di eventuali elementi correttivi.<\/p>\n<p>La legge riconoscer\u00e0 il<strong> ruolo fondamentale dei Comuni,<\/strong>\u00a0con l\u2019attivazione di un sistema di governance avanzato che si basi sulla consapevolezza che la sfida dei cambiamenti climatici \u00e8 perseguibile solo con il contributo di tutti i livelli amministrativi. Sar\u00e0 inoltre importante il <strong>ruolo della societ\u00e0 civile,<\/strong> con strumenti che possano implementare le forme di partecipazione, e della scienza, con il coinvolgimento del <strong>mondo della ricerca e dell&#8217;Universit\u00e0.<\/strong><\/p>\n<p><em>&#8220;Abbiamo deciso di avviare questo percorso con la collaborazione di Marco Frey, professore ordinario di Economia e gestione delle imprese, coordinatore del Centro Interdisciplinare sulla Sostenibilit\u00e0 e il Clima della Scuola Superiore Sant\u2019Anna di Pisa e di Simone Bastianoni, professore ordinario di Chimica dell&#8217;Ambiente e dei Beni Culturali dell\u2019Universit\u00e0 di Siena, oltre della Fondazione Univerde presieduta dall\u2019ex ministro Alfonso Pecoraro Scanio.<\/em> <em>Questa iniziativa del governo regionale in materia ambientale si inserisce in un percorso gi\u00e0 avviato dall\u2019Assessorato, accanto ad altri interventi strategici: la Legge regionale sulle aree idonee, il Piano delle aree di accelerazione per le FER (fonti di energia rinnovabile) e il Progetto regionale \u2018Politiche del Mare\u2019 che sar\u00e0 incluso nel Programma regionale di sviluppo 2026\u20132030\u201d <\/em>hanno concluso\u00a0il presidente Giani e l\u2019assessore Barontini.<\/p>\n","protected":false},"excerpt":{"rendered":"<p>L&#8217;annuncio del presidente Giani e dell&#8217;assessore Barontini: sar\u00e0 una delle prime regioni a dotarsi di una legge per l&#8217;emergenza climatica, con un sistema di monitoraggio e strategie di mitigazione<\/p>\n","protected":false},"author":525,"featured_media":148569,"comment_status":"open","ping_status":"open","sticky":false,"template":"","format":"standard","meta":{"_acf_changed":false,"footnotes":""},"categories":[494],"tags":[6548,3568,151],"class_list":["post-425551","post","type-post","status-publish","format-standard","has-post-thumbnail","hentry","category-attualita","tag-cambiamenti-climatici","tag-clima","tag-regione-toscana"],"acf":[],"yoast_head":"<!-- This site is optimized with the Yoast SEO Premium plugin v24.2 (Yoast SEO v25.6) - https:\/\/yoast.com\/wordpress\/plugins\/seo\/ -->\n<title>La Regione Toscana verso una legge regionale sul clima<\/title>\n<meta name=\"description\" content=\"La Regione Toscana sar\u00e0 una delle prime in Italia a varare una legge quadro regionale sul clima per affrontare i cambiamenti climatici.\" \/>\n<meta name=\"robots\" content=\"index, follow, max-snippet:-1, max-image-preview:large, max-video-preview:-1\" \/>\n<link rel=\"canonical\" href=\"https:\/\/www.intoscana.it\/it\/legge-clima-regione-toscana\/\" \/>\n<meta property=\"og:locale\" content=\"it_IT\" \/>\n<meta property=\"og:type\" content=\"article\" \/>\n<meta property=\"og:title\" content=\"Ambiente e cambiamenti climatici: la Toscana verso una legge regionale sul clima\" \/>\n<meta property=\"og:description\" content=\"La Regione Toscana sar\u00e0 una delle prime in Italia a varare una legge quadro regionale sul clima per affrontare i cambiamenti climatici.\" \/>\n<meta property=\"og:url\" content=\"https:\/\/www.intoscana.it\/it\/legge-clima-regione-toscana\/\" \/>\n<meta property=\"og:site_name\" content=\"intoscana\" \/>\n<meta property=\"article:publisher\" content=\"https:\/\/www.facebook.com\/intoscana.it\" \/>\n<meta property=\"article:published_time\" content=\"2026-04-27T14:24:53+00:00\" \/>\n<meta property=\"article:modified_time\" content=\"2026-04-27T14:28:10+00:00\" \/>\n<meta property=\"og:image\" content=\"https:\/\/www.intoscana.it\/wp-content\/uploads\/Ambiente.jpg\" \/>\n\t<meta property=\"og:image:width\" content=\"2000\" \/>\n\t<meta property=\"og:image:height\" content=\"1036\" \/>\n\t<meta property=\"og:image:type\" content=\"image\/jpeg\" \/>\n<meta name=\"author\" content=\"Redazione\" \/>\n<meta name=\"twitter:card\" content=\"summary_large_image\" \/>\n<meta name=\"twitter:creator\" content=\"@intoscana\" \/>\n<meta name=\"twitter:site\" content=\"@intoscana\" \/>\n<meta name=\"twitter:label1\" content=\"Written by\" \/>\n\t<meta name=\"twitter:data1\" content=\"Redazione\" \/>\n\t<meta name=\"twitter:label2\" content=\"Est. reading time\" \/>\n\t<meta name=\"twitter:data2\" content=\"3 minuti\" \/>\n<script type=\"application\/ld+json\" class=\"yoast-schema-graph\">{\"@context\":\"https:\/\/schema.org\",\"@graph\":[{\"@type\":\"WebPage\",\"@id\":\"https:\/\/www.intoscana.it\/it\/legge-clima-regione-toscana\/\",\"url\":\"https:\/\/www.intoscana.it\/it\/legge-clima-regione-toscana\/\",\"name\":\"La Regione Toscana verso una legge regionale sul clima\",\"isPartOf\":{\"@id\":\"https:\/\/www.intoscana.it\/it\/#website\"},\"primaryImageOfPage\":{\"@id\":\"https:\/\/www.intoscana.it\/it\/legge-clima-regione-toscana\/#primaryimage\"},\"image\":{\"@id\":\"https:\/\/www.intoscana.it\/it\/legge-clima-regione-toscana\/#primaryimage\"},\"thumbnailUrl\":\"https:\/\/www.intoscana.it\/wp-content\/uploads\/Ambiente.jpg\",\"datePublished\":\"2026-04-27T14:24:53+00:00\",\"dateModified\":\"2026-04-27T14:28:10+00:00\",\"author\":{\"@id\":\"https:\/\/www.intoscana.it\/it\/#\/schema\/person\/9223810753230f20bd670fdd322661f8\"},\"description\":\"La Regione Toscana sar\u00e0 una delle prime in Italia a varare una legge quadro regionale sul clima per affrontare i cambiamenti climatici.\",\"breadcrumb\":{\"@id\":\"https:\/\/www.intoscana.it\/it\/legge-clima-regione-toscana\/#breadcrumb\"},\"inLanguage\":\"it-IT\",\"potentialAction\":[{\"@type\":\"ReadAction\",\"target\":[\"https:\/\/www.intoscana.it\/it\/legge-clima-regione-toscana\/\"]}]},{\"@type\":\"ImageObject\",\"inLanguage\":\"it-IT\",\"@id\":\"https:\/\/www.intoscana.it\/it\/legge-clima-regione-toscana\/#primaryimage\",\"url\":\"https:\/\/www.intoscana.it\/wp-content\/uploads\/Ambiente.jpg\",\"contentUrl\":\"https:\/\/www.intoscana.it\/wp-content\/uploads\/Ambiente.jpg\",\"width\":2000,\"height\":1036,\"caption\":\"ambiente\"},{\"@type\":\"BreadcrumbList\",\"@id\":\"https:\/\/www.intoscana.it\/it\/legge-clima-regione-toscana\/#breadcrumb\",\"itemListElement\":[{\"@type\":\"ListItem\",\"position\":1,\"name\":\"Home\",\"item\":\"https:\/\/www.intoscana.it\/it\/\"},{\"@type\":\"ListItem\",\"position\":2,\"name\":\"Ambiente e cambiamenti climatici: la Toscana verso una legge regionale sul clima\"}]},{\"@type\":\"WebSite\",\"@id\":\"https:\/\/www.intoscana.it\/it\/#website\",\"url\":\"https:\/\/www.intoscana.it\/it\/\",\"name\":\"intoscana\",\"description\":\"\",\"potentialAction\":[{\"@type\":\"SearchAction\",\"target\":{\"@type\":\"EntryPoint\",\"urlTemplate\":\"https:\/\/www.intoscana.it\/it\/?s={search_term_string}\"},\"query-input\":{\"@type\":\"PropertyValueSpecification\",\"valueRequired\":true,\"valueName\":\"search_term_string\"}}],\"inLanguage\":\"it-IT\"},{\"@type\":\"Person\",\"@id\":\"https:\/\/www.intoscana.it\/it\/#\/schema\/person\/9223810753230f20bd670fdd322661f8\",\"name\":\"Redazione\",\"url\":\"https:\/\/www.intoscana.it\/it\/author\/redazione\/\"}]}<\/script>\n<!-- \/ Yoast SEO Premium plugin. -->","yoast_head_json":{"title":"La Regione Toscana verso una legge regionale sul clima","description":"La Regione Toscana sar\u00e0 una delle prime in Italia a varare una legge quadro regionale sul clima per affrontare i cambiamenti climatici.","robots":{"index":"index","follow":"follow","max-snippet":"max-snippet:-1","max-image-preview":"max-image-preview:large","max-video-preview":"max-video-preview:-1"},"canonical":"https:\/\/www.intoscana.it\/it\/legge-clima-regione-toscana\/","og_locale":"it_IT","og_type":"article","og_title":"Ambiente e cambiamenti climatici: la Toscana verso una legge regionale sul clima","og_description":"La Regione Toscana sar\u00e0 una delle prime in Italia a varare una legge quadro regionale sul clima per affrontare i cambiamenti climatici.","og_url":"https:\/\/www.intoscana.it\/it\/legge-clima-regione-toscana\/","og_site_name":"intoscana","article_publisher":"https:\/\/www.facebook.com\/intoscana.it","article_published_time":"2026-04-27T14:24:53+00:00","article_modified_time":"2026-04-27T14:28:10+00:00","og_image":[{"width":2000,"height":1036,"url":"https:\/\/www.intoscana.it\/wp-content\/uploads\/Ambiente.jpg","type":"image\/jpeg"}],"author":"Redazione","twitter_card":"summary_large_image","twitter_creator":"@intoscana","twitter_site":"@intoscana","twitter_misc":{"Written by":"Redazione","Est. reading time":"3 minuti"},"schema":{"@context":"https:\/\/schema.org","@graph":[{"@type":"WebPage","@id":"https:\/\/www.intoscana.it\/it\/legge-clima-regione-toscana\/","url":"https:\/\/www.intoscana.it\/it\/legge-clima-regione-toscana\/","name":"La Regione Toscana verso una legge regionale sul clima","isPartOf":{"@id":"https:\/\/www.intoscana.it\/it\/#website"},"primaryImageOfPage":{"@id":"https:\/\/www.intoscana.it\/it\/legge-clima-regione-toscana\/#primaryimage"},"image":{"@id":"https:\/\/www.intoscana.it\/it\/legge-clima-regione-toscana\/#primaryimage"},"thumbnailUrl":"https:\/\/www.intoscana.it\/wp-content\/uploads\/Ambiente.jpg","datePublished":"2026-04-27T14:24:53+00:00","dateModified":"2026-04-27T14:28:10+00:00","author":{"@id":"https:\/\/www.intoscana.it\/it\/#\/schema\/person\/9223810753230f20bd670fdd322661f8"},"description":"La Regione Toscana sar\u00e0 una delle prime in Italia a varare una legge quadro regionale sul clima per affrontare i cambiamenti climatici.","breadcrumb":{"@id":"https:\/\/www.intoscana.it\/it\/legge-clima-regione-toscana\/#breadcrumb"},"inLanguage":"it-IT","potentialAction":[{"@type":"ReadAction","target":["https:\/\/www.intoscana.it\/it\/legge-clima-regione-toscana\/"]}]},{"@type":"ImageObject","inLanguage":"it-IT","@id":"https:\/\/www.intoscana.it\/it\/legge-clima-regione-toscana\/#primaryimage","url":"https:\/\/www.intoscana.it\/wp-content\/uploads\/Ambiente.jpg","contentUrl":"https:\/\/www.intoscana.it\/wp-content\/uploads\/Ambiente.jpg","width":2000,"height":1036,"caption":"ambiente"},{"@type":"BreadcrumbList","@id":"https:\/\/www.intoscana.it\/it\/legge-clima-regione-toscana\/#breadcrumb","itemListElement":[{"@type":"ListItem","position":1,"name":"Home","item":"https:\/\/www.intoscana.it\/it\/"},{"@type":"ListItem","position":2,"name":"Ambiente e cambiamenti climatici: la Toscana verso una legge regionale sul clima"}]},{"@type":"WebSite","@id":"https:\/\/www.intoscana.it\/it\/#website","url":"https:\/\/www.intoscana.it\/it\/","name":"intoscana","description":"","potentialAction":[{"@type":"SearchAction","target":{"@type":"EntryPoint","urlTemplate":"https:\/\/www.intoscana.it\/it\/?s={search_term_string}"},"query-input":{"@type":"PropertyValueSpecification","valueRequired":true,"valueName":"search_term_string"}}],"inLanguage":"it-IT"},{"@type":"Person","@id":"https:\/\/www.intoscana.it\/it\/#\/schema\/person\/9223810753230f20bd670fdd322661f8","name":"Redazione","url":"https:\/\/www.intoscana.it\/it\/author\/redazione\/"}]}},"_links":{"self":[{"href":"https:\/\/www.intoscana.it\/it\/wp-json\/wp\/v2\/posts\/425551","targetHints":{"allow":["GET"]}}],"collection":[{"href":"https:\/\/www.intoscana.it\/it\/wp-json\/wp\/v2\/posts"}],"about":[{"href":"https:\/\/www.intoscana.it\/it\/wp-json\/wp\/v2\/types\/post"}],"author":[{"embeddable":true,"href":"https:\/\/www.intoscana.it\/it\/wp-json\/wp\/v2\/users\/525"}],"replies":[{"embeddable":true,"href":"https:\/\/www.intoscana.it\/it\/wp-json\/wp\/v2\/comments?post=425551"}],"version-history":[{"count":5,"href":"https:\/\/www.intoscana.it\/it\/wp-json\/wp\/v2\/posts\/425551\/revisions"}],"predecessor-version":[{"id":425568,"href":"https:\/\/www.intoscana.it\/it\/wp-json\/wp\/v2\/posts\/425551\/revisions\/425568"}],"wp:featuredmedia":[{"embeddable":true,"href":"https:\/\/www.intoscana.it\/it\/wp-json\/wp\/v2\/media\/148569"}],"wp:attachment":[{"href":"https:\/\/www.intoscana.it\/it\/wp-json\/wp\/v2\/media?parent=425551"}],"wp:term":[{"taxonomy":"category","embeddable":true,"href":"https:\/\/www.intoscana.it\/it\/wp-json\/wp\/v2\/categories?post=425551"},{"taxonomy":"post_tag","embeddable":true,"href":"https:\/\/www.intoscana.it\/it\/wp-json\/wp\/v2\/tags?post=425551"}],"curies":[{"name":"wp","href":"https:\/\/api.w.org\/{rel}","templated":true}]}}