{"id":425588,"date":"2026-04-28T09:28:04","date_gmt":"2026-04-28T07:28:04","guid":{"rendered":"https:\/\/www.intoscana.it\/it\/?p=425588"},"modified":"2026-04-28T11:05:44","modified_gmt":"2026-04-28T09:05:44","slug":"luniversita-di-pisa-svela-per-un-giorno-le-sue-antiche-carte-geografiche","status":"publish","type":"post","link":"https:\/\/www.intoscana.it\/it\/luniversita-di-pisa-svela-per-un-giorno-le-sue-antiche-carte-geografiche\/","title":{"rendered":"L&#8217;Universit\u00e0 di Pisa svela per un giorno le sue antiche carte geografiche"},"content":{"rendered":"<p>Marted\u00ec 28 aprile aprir\u00e0 al pubblico la <strong>Cartoteca del Dipartimento di Civilt\u00e0 e Forme del sapere dell&#8217;Universit\u00e0 di Pisa.<\/strong><\/p>\n<p>Alle ore 16 si terr\u00e0 l\u2019evento <strong><em>Maps Talks<\/em><\/strong> con la presentazione del libro <em><strong>\u201cMap Talks. Dalla cartografia storica all\u2019intelligenza artificiale geospaziale\u201d<\/strong><\/em> di Antonello Romano, a seguire, dalle ore 18, sar\u00e0 possibile accedere all\u2019archivio cartografico dove saranno esposte alcune delle mappe e degli atlanti pi\u00f9 preziosi emersi durante il lavoro di catalogazione.<\/p>\n<p>I confini dell\u2019antica Persia, l\u2019estensione del <strong>Granducato di Toscana<\/strong> nell\u2019Italia preunitaria, le mire espansionistiche della <strong>Germania del Reich,<\/strong> \u00e8 un viaggio nel tempo quello che si potr\u00e0 fare sfogliando gli atlanti e le carte della collezione.<\/p>\n<p><strong>Migliaia di carte antiche, alcune risalenti al 1700, che tornano ora visibili<\/strong>: \u201c<em>Questo enorme patrimonio \u00e8 in fase di sistemazione \u2013 <\/em><strong>spiega Paolo Macchia, professore associato in Geografia <\/strong><em>\u2013 un tesoro che comprende tutta la base cartografica dell\u2019Istituto Geografico Militare ma che si \u00e8 allargato con importanti elementi utili sia per la didattica che per la ricerca scientifica. Vediamo plastici, carte murali, carte tematiche e soprattutto gli atlanti, \u00e8 un patrimonio che diventa accessibile e che diventa un patrimonio culturale della citt\u00e0, non dimentichiamoci che Pisa aveva una delle maggiori scuole di geografia a livello nazionale\u201d.<\/em><\/p>\n<figure id=\"post-425523 media-425523\" class=\"align-none\"><img decoding=\"async\" src=\"https:\/\/www.intoscana.it\/wp-content\/uploads\/mappe8.jpg\" alt=\"\" \/><\/figure>\n<p>Negli armadi sono conservati gli alberi genealogici delle <strong>maggiori casate europee, i dettagli urbanistici di una Roma<\/strong> nella quale il Colosseo era quasi in periferia o tornano in vita<strong> i confini delle enclavi toscane nello Stato Pontificio.<\/strong><\/p>\n<p>Si pu\u00f2 viaggiare con lo sguardo <strong>dal Lombardo-Veneto rinascimentale alla Cina dei Tartari<\/strong> di oltre un secolo fa grazie a una enorme collezione di carte, che vanno da edizioni ottocentesche fino a quelle contemporanee.<\/p>\n<p>Sono inoltre presenti<strong> collezioni di diapositive, carte murali di inizio \u2019900 e circa 400 atlanti geografici,<\/strong> che coprono un arco temporale a partire dal \u2019700 fino ai giorni nostri<\/p>\n<p><em>\u201c\u00c8 molto importante la collezione di atlanti \u2013<\/em><strong> conclude Macchia <\/strong><em>\u2013 almeno 80 di questi volumi risalgono ad un periodo precedente al 1900 e circa 60 non erano presenti sul catalogo nazionale quindi risultano copie uniche. Alcuni di questi lo sono anche a livello internazionale non essendo reperibili nei cataloghi delle principali biblioteche nel mondo. Speriamo che studiosi di altri atenei o semplici cittadini incuriositi dal nostro passato vogliano contattarci, ci sono mondi interi da scoprire\u201d.<\/em><\/p>\n<figure id=\"post-425518 media-425518\" class=\"align-none\"><img decoding=\"async\" src=\"https:\/\/www.intoscana.it\/wp-content\/uploads\/mappe3.jpg\" alt=\"\" \/><\/figure>\n<div class=\"titleimg\">mappe<\/div>\n","protected":false},"excerpt":{"rendered":"<p>I confini dell\u2019antica Persia, l\u2019estensione del Granducato di Toscana nell\u2019Italia preunitaria, le mire espansionistiche della Germania del Reich, \u00e8 un viaggio nel tempo quello che si potr\u00e0 fare marted\u00ec 28 aprile sfogliando gli atlanti e le carte della collezione dell&#8217;Universit\u00e0 di Pisa<\/p>\n","protected":false},"author":525,"featured_media":425522,"comment_status":"open","ping_status":"open","sticky":false,"template":"","format":"standard","meta":{"_acf_changed":false,"footnotes":""},"categories":[494],"tags":[222,203,368],"class_list":["post-425588","post","type-post","status-publish","format-standard","has-post-thumbnail","hentry","category-attualita","tag-mostre","tag-pisa","tag-universita-di-pisa"],"acf":[],"yoast_head":"<!-- This site is optimized with the Yoast SEO Premium plugin v24.2 (Yoast SEO v25.6) - https:\/\/yoast.com\/wordpress\/plugins\/seo\/ -->\n<title>L&#039;Universit\u00e0 di Pisa svela per un giorno le sue antiche carte geografiche - intoscana<\/title>\n<meta name=\"description\" content=\"Marted\u00ec 28 aprile aprir\u00e0 al pubblico la Cartoteca del Dipartimento di Civilt\u00e0 e Forme del sapere dell&#039;Universit\u00e0 di Pisa\" \/>\n<meta name=\"robots\" content=\"index, follow, max-snippet:-1, max-image-preview:large, max-video-preview:-1\" \/>\n<link rel=\"canonical\" href=\"https:\/\/www.intoscana.it\/it\/luniversita-di-pisa-svela-per-un-giorno-le-sue-antiche-carte-geografiche\/\" \/>\n<meta property=\"og:locale\" content=\"it_IT\" \/>\n<meta property=\"og:type\" content=\"article\" \/>\n<meta property=\"og:title\" content=\"L&#039;Universit\u00e0 di Pisa svela per un giorno le sue antiche carte geografiche\" \/>\n<meta property=\"og:description\" content=\"Marted\u00ec 28 aprile aprir\u00e0 al pubblico la Cartoteca del Dipartimento di Civilt\u00e0 e Forme del sapere dell&#039;Universit\u00e0 di Pisa\" \/>\n<meta property=\"og:url\" content=\"https:\/\/www.intoscana.it\/it\/luniversita-di-pisa-svela-per-un-giorno-le-sue-antiche-carte-geografiche\/\" \/>\n<meta property=\"og:site_name\" content=\"intoscana\" \/>\n<meta property=\"article:publisher\" content=\"https:\/\/www.facebook.com\/intoscana.it\" \/>\n<meta property=\"article:published_time\" content=\"2026-04-28T07:28:04+00:00\" \/>\n<meta property=\"article:modified_time\" content=\"2026-04-28T09:05:44+00:00\" \/>\n<meta property=\"og:image\" content=\"https:\/\/www.intoscana.it\/wp-content\/uploads\/mappe7.jpg\" \/>\n\t<meta property=\"og:image:width\" content=\"1444\" \/>\n\t<meta property=\"og:image:height\" content=\"959\" \/>\n\t<meta property=\"og:image:type\" content=\"image\/jpeg\" \/>\n<meta name=\"author\" content=\"Redazione\" \/>\n<meta name=\"twitter:card\" content=\"summary_large_image\" \/>\n<meta name=\"twitter:creator\" content=\"@intoscana\" \/>\n<meta name=\"twitter:site\" content=\"@intoscana\" \/>\n<meta name=\"twitter:label1\" content=\"Written by\" \/>\n\t<meta name=\"twitter:data1\" content=\"Redazione\" \/>\n\t<meta name=\"twitter:label2\" content=\"Est. reading time\" \/>\n\t<meta name=\"twitter:data2\" content=\"3 minuti\" \/>\n<script type=\"application\/ld+json\" class=\"yoast-schema-graph\">{\"@context\":\"https:\/\/schema.org\",\"@graph\":[{\"@type\":\"WebPage\",\"@id\":\"https:\/\/www.intoscana.it\/it\/luniversita-di-pisa-svela-per-un-giorno-le-sue-antiche-carte-geografiche\/\",\"url\":\"https:\/\/www.intoscana.it\/it\/luniversita-di-pisa-svela-per-un-giorno-le-sue-antiche-carte-geografiche\/\",\"name\":\"L'Universit\u00e0 di Pisa svela per un giorno le sue antiche carte geografiche - intoscana\",\"isPartOf\":{\"@id\":\"https:\/\/www.intoscana.it\/it\/#website\"},\"primaryImageOfPage\":{\"@id\":\"https:\/\/www.intoscana.it\/it\/luniversita-di-pisa-svela-per-un-giorno-le-sue-antiche-carte-geografiche\/#primaryimage\"},\"image\":{\"@id\":\"https:\/\/www.intoscana.it\/it\/luniversita-di-pisa-svela-per-un-giorno-le-sue-antiche-carte-geografiche\/#primaryimage\"},\"thumbnailUrl\":\"https:\/\/www.intoscana.it\/wp-content\/uploads\/mappe7.jpg\",\"datePublished\":\"2026-04-28T07:28:04+00:00\",\"dateModified\":\"2026-04-28T09:05:44+00:00\",\"author\":{\"@id\":\"https:\/\/www.intoscana.it\/it\/#\/schema\/person\/9223810753230f20bd670fdd322661f8\"},\"description\":\"Marted\u00ec 28 aprile aprir\u00e0 al pubblico la Cartoteca del Dipartimento di Civilt\u00e0 e Forme del sapere dell'Universit\u00e0 di Pisa\",\"breadcrumb\":{\"@id\":\"https:\/\/www.intoscana.it\/it\/luniversita-di-pisa-svela-per-un-giorno-le-sue-antiche-carte-geografiche\/#breadcrumb\"},\"inLanguage\":\"it-IT\",\"potentialAction\":[{\"@type\":\"ReadAction\",\"target\":[\"https:\/\/www.intoscana.it\/it\/luniversita-di-pisa-svela-per-un-giorno-le-sue-antiche-carte-geografiche\/\"]}]},{\"@type\":\"ImageObject\",\"inLanguage\":\"it-IT\",\"@id\":\"https:\/\/www.intoscana.it\/it\/luniversita-di-pisa-svela-per-un-giorno-le-sue-antiche-carte-geografiche\/#primaryimage\",\"url\":\"https:\/\/www.intoscana.it\/wp-content\/uploads\/mappe7.jpg\",\"contentUrl\":\"https:\/\/www.intoscana.it\/wp-content\/uploads\/mappe7.jpg\",\"width\":1444,\"height\":959},{\"@type\":\"BreadcrumbList\",\"@id\":\"https:\/\/www.intoscana.it\/it\/luniversita-di-pisa-svela-per-un-giorno-le-sue-antiche-carte-geografiche\/#breadcrumb\",\"itemListElement\":[{\"@type\":\"ListItem\",\"position\":1,\"name\":\"Home\",\"item\":\"https:\/\/www.intoscana.it\/it\/\"},{\"@type\":\"ListItem\",\"position\":2,\"name\":\"L&#8217;Universit\u00e0 di Pisa svela per un giorno le sue antiche carte geografiche\"}]},{\"@type\":\"WebSite\",\"@id\":\"https:\/\/www.intoscana.it\/it\/#website\",\"url\":\"https:\/\/www.intoscana.it\/it\/\",\"name\":\"intoscana\",\"description\":\"\",\"potentialAction\":[{\"@type\":\"SearchAction\",\"target\":{\"@type\":\"EntryPoint\",\"urlTemplate\":\"https:\/\/www.intoscana.it\/it\/?s={search_term_string}\"},\"query-input\":{\"@type\":\"PropertyValueSpecification\",\"valueRequired\":true,\"valueName\":\"search_term_string\"}}],\"inLanguage\":\"it-IT\"},{\"@type\":\"Person\",\"@id\":\"https:\/\/www.intoscana.it\/it\/#\/schema\/person\/9223810753230f20bd670fdd322661f8\",\"name\":\"Redazione\",\"url\":\"https:\/\/www.intoscana.it\/it\/author\/redazione\/\"}]}<\/script>\n<!-- \/ Yoast SEO Premium plugin. -->","yoast_head_json":{"title":"L'Universit\u00e0 di Pisa svela per un giorno le sue antiche carte geografiche - intoscana","description":"Marted\u00ec 28 aprile aprir\u00e0 al pubblico la Cartoteca del Dipartimento di Civilt\u00e0 e Forme del sapere dell'Universit\u00e0 di Pisa","robots":{"index":"index","follow":"follow","max-snippet":"max-snippet:-1","max-image-preview":"max-image-preview:large","max-video-preview":"max-video-preview:-1"},"canonical":"https:\/\/www.intoscana.it\/it\/luniversita-di-pisa-svela-per-un-giorno-le-sue-antiche-carte-geografiche\/","og_locale":"it_IT","og_type":"article","og_title":"L'Universit\u00e0 di Pisa svela per un giorno le sue antiche carte geografiche","og_description":"Marted\u00ec 28 aprile aprir\u00e0 al pubblico la Cartoteca del Dipartimento di Civilt\u00e0 e Forme del sapere dell'Universit\u00e0 di Pisa","og_url":"https:\/\/www.intoscana.it\/it\/luniversita-di-pisa-svela-per-un-giorno-le-sue-antiche-carte-geografiche\/","og_site_name":"intoscana","article_publisher":"https:\/\/www.facebook.com\/intoscana.it","article_published_time":"2026-04-28T07:28:04+00:00","article_modified_time":"2026-04-28T09:05:44+00:00","og_image":[{"width":1444,"height":959,"url":"https:\/\/www.intoscana.it\/wp-content\/uploads\/mappe7.jpg","type":"image\/jpeg"}],"author":"Redazione","twitter_card":"summary_large_image","twitter_creator":"@intoscana","twitter_site":"@intoscana","twitter_misc":{"Written by":"Redazione","Est. reading time":"3 minuti"},"schema":{"@context":"https:\/\/schema.org","@graph":[{"@type":"WebPage","@id":"https:\/\/www.intoscana.it\/it\/luniversita-di-pisa-svela-per-un-giorno-le-sue-antiche-carte-geografiche\/","url":"https:\/\/www.intoscana.it\/it\/luniversita-di-pisa-svela-per-un-giorno-le-sue-antiche-carte-geografiche\/","name":"L'Universit\u00e0 di Pisa svela per un giorno le sue antiche carte geografiche - intoscana","isPartOf":{"@id":"https:\/\/www.intoscana.it\/it\/#website"},"primaryImageOfPage":{"@id":"https:\/\/www.intoscana.it\/it\/luniversita-di-pisa-svela-per-un-giorno-le-sue-antiche-carte-geografiche\/#primaryimage"},"image":{"@id":"https:\/\/www.intoscana.it\/it\/luniversita-di-pisa-svela-per-un-giorno-le-sue-antiche-carte-geografiche\/#primaryimage"},"thumbnailUrl":"https:\/\/www.intoscana.it\/wp-content\/uploads\/mappe7.jpg","datePublished":"2026-04-28T07:28:04+00:00","dateModified":"2026-04-28T09:05:44+00:00","author":{"@id":"https:\/\/www.intoscana.it\/it\/#\/schema\/person\/9223810753230f20bd670fdd322661f8"},"description":"Marted\u00ec 28 aprile aprir\u00e0 al pubblico la Cartoteca del Dipartimento di Civilt\u00e0 e Forme del sapere dell'Universit\u00e0 di Pisa","breadcrumb":{"@id":"https:\/\/www.intoscana.it\/it\/luniversita-di-pisa-svela-per-un-giorno-le-sue-antiche-carte-geografiche\/#breadcrumb"},"inLanguage":"it-IT","potentialAction":[{"@type":"ReadAction","target":["https:\/\/www.intoscana.it\/it\/luniversita-di-pisa-svela-per-un-giorno-le-sue-antiche-carte-geografiche\/"]}]},{"@type":"ImageObject","inLanguage":"it-IT","@id":"https:\/\/www.intoscana.it\/it\/luniversita-di-pisa-svela-per-un-giorno-le-sue-antiche-carte-geografiche\/#primaryimage","url":"https:\/\/www.intoscana.it\/wp-content\/uploads\/mappe7.jpg","contentUrl":"https:\/\/www.intoscana.it\/wp-content\/uploads\/mappe7.jpg","width":1444,"height":959},{"@type":"BreadcrumbList","@id":"https:\/\/www.intoscana.it\/it\/luniversita-di-pisa-svela-per-un-giorno-le-sue-antiche-carte-geografiche\/#breadcrumb","itemListElement":[{"@type":"ListItem","position":1,"name":"Home","item":"https:\/\/www.intoscana.it\/it\/"},{"@type":"ListItem","position":2,"name":"L&#8217;Universit\u00e0 di Pisa svela per un giorno le sue antiche carte geografiche"}]},{"@type":"WebSite","@id":"https:\/\/www.intoscana.it\/it\/#website","url":"https:\/\/www.intoscana.it\/it\/","name":"intoscana","description":"","potentialAction":[{"@type":"SearchAction","target":{"@type":"EntryPoint","urlTemplate":"https:\/\/www.intoscana.it\/it\/?s={search_term_string}"},"query-input":{"@type":"PropertyValueSpecification","valueRequired":true,"valueName":"search_term_string"}}],"inLanguage":"it-IT"},{"@type":"Person","@id":"https:\/\/www.intoscana.it\/it\/#\/schema\/person\/9223810753230f20bd670fdd322661f8","name":"Redazione","url":"https:\/\/www.intoscana.it\/it\/author\/redazione\/"}]}},"_links":{"self":[{"href":"https:\/\/www.intoscana.it\/it\/wp-json\/wp\/v2\/posts\/425588","targetHints":{"allow":["GET"]}}],"collection":[{"href":"https:\/\/www.intoscana.it\/it\/wp-json\/wp\/v2\/posts"}],"about":[{"href":"https:\/\/www.intoscana.it\/it\/wp-json\/wp\/v2\/types\/post"}],"author":[{"embeddable":true,"href":"https:\/\/www.intoscana.it\/it\/wp-json\/wp\/v2\/users\/525"}],"replies":[{"embeddable":true,"href":"https:\/\/www.intoscana.it\/it\/wp-json\/wp\/v2\/comments?post=425588"}],"version-history":[{"count":5,"href":"https:\/\/www.intoscana.it\/it\/wp-json\/wp\/v2\/posts\/425588\/revisions"}],"predecessor-version":[{"id":425657,"href":"https:\/\/www.intoscana.it\/it\/wp-json\/wp\/v2\/posts\/425588\/revisions\/425657"}],"wp:featuredmedia":[{"embeddable":true,"href":"https:\/\/www.intoscana.it\/it\/wp-json\/wp\/v2\/media\/425522"}],"wp:attachment":[{"href":"https:\/\/www.intoscana.it\/it\/wp-json\/wp\/v2\/media?parent=425588"}],"wp:term":[{"taxonomy":"category","embeddable":true,"href":"https:\/\/www.intoscana.it\/it\/wp-json\/wp\/v2\/categories?post=425588"},{"taxonomy":"post_tag","embeddable":true,"href":"https:\/\/www.intoscana.it\/it\/wp-json\/wp\/v2\/tags?post=425588"}],"curies":[{"name":"wp","href":"https:\/\/api.w.org\/{rel}","templated":true}]}}