{"id":425618,"date":"2026-04-28T10:59:09","date_gmt":"2026-04-28T08:59:09","guid":{"rendered":"https:\/\/www.intoscana.it\/it\/?p=425618"},"modified":"2026-04-28T11:14:41","modified_gmt":"2026-04-28T09:14:41","slug":"auguri-maestro-zubin-mehta-compie-90-anni-e-dirige-la-nona-sinfonia-di-beethoven-la-musica-strumento-di-fratellanza","status":"publish","type":"post","link":"https:\/\/www.intoscana.it\/it\/auguri-maestro-zubin-mehta-compie-90-anni-e-dirige-la-nona-sinfonia-di-beethoven-la-musica-strumento-di-fratellanza\/","title":{"rendered":"Auguri Maestro! Zubin Mehta compie 90 anni e dirige la Nona sinfonia di Beethoven: &#8220;La musica strumento di fratellanza&#8221;"},"content":{"rendered":"<p><strong>Mercoled\u00ec 29 aprile<\/strong> 2026 il <strong>Maestro Zubin Mehta compie 90 anni<\/strong> e il <strong>Teatro del Maggio Musicale Fiorentino<\/strong> lo celebrer\u00e0 con <strong>un concerto a una mostra nel Foyer<\/strong> che ripercorre <strong>la sua incredibile carriera.<\/strong><\/p>\n<p>Il direttore,<strong> legato al Maggio da oltre sessant\u2019anni<\/strong> e oggi <strong>Direttore Onorario a vita,<\/strong> ha scelto di festeggiare il compleanno proprio a Firenze, ribadendo<strong> il profondo legame con la citt\u00e0<\/strong> e con quella che definisce la sua \u201cfamiglia fiorentina\u201d.<\/p>\n<p><strong>Mehta salir\u00e0 sul podio nella Sala Grande<\/strong> alla guida dell\u2019<strong>Orchestra e del Coro del Maggio<\/strong> per dirigere la <strong>Nona Sinfonia di Ludwig van Beethoven<\/strong>. In programma anche un cast vocale di rilievo con<strong> Jessica Pratt, Szilvia V\u00f6r\u00f6s, Bernard Richter e Simon Lim,<\/strong> preparati dal maestro del coro Lorenzo Fratini.<\/p>\n<p>Pi\u00f9 che un concerto, una vera celebrazione: <strong>oltre duemila gli spettacoli diretti da Mehta al Maggio dal debutto nel 1962<\/strong>, in un sodalizio che ha contribuito a consolidare il prestigio internazionale del teatro.<\/p>\n<p><strong>Zubin Mehta ha scelto non a caso la<\/strong>\u00a0<strong>Nona di Beethoven<\/strong> per festeggiare il suo compleanno e allo stesso tempo per <strong>mandare un messaggio di pace al mondo<\/strong>,: <em>&#8220;Il testo di Friedrich Schiller del celeberrimo Inno alla gioia dice tutto, parla di pace e fratellanza che \u00e8 ci\u00f2 che tutto il mondo auspica in questo momento. E io condivido il testo, la musica pu\u00f2 essere uno strumento di fratellanza&#8221;.<\/em><\/p>\n<div class=\"titleimg\">\n<figure id=\"post-425647 media-425647\" class=\"align-none\"><img decoding=\"async\" src=\"https:\/\/www.intoscana.it\/wp-content\/uploads\/117-scaled.jpg\" alt=\"\" \/><\/figure>\n<div class=\"titleimg\">Zubin Mehta<\/div>\n<\/div>\n<h3>Una mostra per celebrare i 60 anni Zubin Mehta al Maggio<\/h3>\n<p>In occasione del compleanno del maestro Mehta, \u00a0il Teatro gli dedica inoltre <strong>una mostra fotografica nel Foyer con 90 scatti e un video<\/strong> che ripercorrono la sua lunga carriera.<\/p>\n<p><strong>Un&#8217;ascesa iniziata giovanissimo,<\/strong> grazie alla formazione ricevuta dal padre, <strong>Mehli Mehta, musicista e fondatore della Bombay Symphony Orchestra<\/strong>: <em>&#8220;Mio padre era un grande violinista \u2013<\/em><strong> ricorda il maestro Mehta <\/strong><em>&#8211; ha studiato a New York cinque anni con un grande professore di violino e mandava a noi a Mumbai tutti i programmi che suonava, con i suoi commenti. Lui mi ha dato una formazione continua, ogni giorno ricevevo la sua posta da New York&#8221;.<\/em><\/p>\n<p><strong>Mehta si trasferisce successivamente a Vienna<\/strong> &#8220;<em>Ho frequentato il conservatorio e al secondo anno sono entrato nella classe di direzione d&#8217;orchestra di Hans Swarowski all&#8217;Akademie f\u00fcr Musik. Lui \u00e8 stato il mio maestro per tutto il resto della mia vita e mi ha trasmesso tutti i suoi segreti&#8221;.<\/em><\/p>\n<p><strong>Poco pi\u00f9 che ventenne debutta a Liverpool<\/strong> e dirige alcune delle principali orchestre del mondo, tra cui i <strong>Wiener e i Berliner Philharmoniker e la Israel Philharmonic Orchestra<\/strong>.<\/p>\n<p>\u00c8 stato anche direttore musicale della <strong>Montreal Symphony, della Los Angeles Philharmonic e della New York Philharmonic<\/strong> per tredici anni.<\/p>\n<p><strong>Debutta al Maggio nel luglio del 1964,<\/strong> con un titolo che diventer\u00e0 presto una delle punte di diamante del suo repertorio, ossia <strong>La traviata di Giuseppe Verdi<\/strong>: il primo tassello del suo<strong> lunghissimo cammino fiorentino.<\/strong><\/p>\n<figure id=\"post-425638 media-425638\" class=\"align-none\">\n<div class=\"titleimg\">\n<figure id=\"post-425624 media-425624\" class=\"align-none\"><img decoding=\"async\" src=\"https:\/\/www.intoscana.it\/wp-content\/uploads\/21-dicembre-2011.-Si-inaugura-il-nuovo-Teatro-del-Maggio-scaled.jpg\" alt=\"\" \/><\/figure>\n<div class=\"titleimg\">21 dicembre 2011. Si inaugura il nuovo Teatro del Maggio<\/div>\n<\/div>\n<\/figure>\n<div class=\"titleimg\"><\/div>\n","protected":false},"excerpt":{"rendered":"<p>Mercoled\u00ec 29 aprile Zubin Mehta salir\u00e0 sul podio del Maggio per un grande concerto in occasione del suo 90esimo compleanno. Nel Foyer del teatro una mostra fotografica per celebrare i 60 anni del Maestro con Firenze<\/p>\n","protected":false},"author":518,"featured_media":425636,"comment_status":"open","ping_status":"open","sticky":false,"template":"","format":"standard","meta":{"_acf_changed":false,"footnotes":""},"categories":[14],"tags":[216,202,369,6358],"class_list":["post-425618","post","type-post","status-publish","format-standard","has-post-thumbnail","hentry","category-musica","tag-concerti","tag-firenze","tag-maggio-musicale-fiorentino","tag-zubin-mehta"],"acf":[],"yoast_head":"<!-- This site is optimized with the Yoast SEO Premium plugin v24.2 (Yoast SEO v25.6) - https:\/\/yoast.com\/wordpress\/plugins\/seo\/ -->\n<title>Auguri Maestro! Zubin Mehta compie 90 anni e dirige la Nona sinfonia di Beethoven: &quot;La musica strumento di fratellanza&quot; - intoscana<\/title>\n<meta name=\"description\" content=\"Mercoled\u00ec 29 aprile Zubin Mehta salir\u00e0 sul podio della Sala Grande del Teatro per un grande concerto in occasione del suo 90esimo compleanno\" \/>\n<meta name=\"robots\" content=\"index, follow, max-snippet:-1, max-image-preview:large, max-video-preview:-1\" \/>\n<link rel=\"canonical\" href=\"https:\/\/www.intoscana.it\/it\/auguri-maestro-zubin-mehta-compie-90-anni-e-dirige-la-nona-sinfonia-di-beethoven-la-musica-strumento-di-fratellanza\/\" \/>\n<meta property=\"og:locale\" content=\"it_IT\" \/>\n<meta property=\"og:type\" content=\"article\" \/>\n<meta property=\"og:title\" content=\"Auguri Maestro! Zubin Mehta compie 90 anni e dirige la Nona sinfonia di Beethoven: &quot;La musica strumento di fratellanza&quot;\" \/>\n<meta property=\"og:description\" content=\"Mercoled\u00ec 29 aprile Zubin Mehta salir\u00e0 sul podio della Sala Grande del Teatro per un grande concerto in occasione del suo 90esimo compleanno\" \/>\n<meta property=\"og:url\" content=\"https:\/\/www.intoscana.it\/it\/auguri-maestro-zubin-mehta-compie-90-anni-e-dirige-la-nona-sinfonia-di-beethoven-la-musica-strumento-di-fratellanza\/\" \/>\n<meta property=\"og:site_name\" content=\"intoscana\" \/>\n<meta property=\"article:publisher\" content=\"https:\/\/www.facebook.com\/intoscana.it\" \/>\n<meta property=\"article:published_time\" content=\"2026-04-28T08:59:09+00:00\" \/>\n<meta property=\"article:modified_time\" content=\"2026-04-28T09:14:41+00:00\" \/>\n<meta property=\"og:image\" content=\"https:\/\/www.intoscana.it\/wp-content\/uploads\/2006.-I-festeggiamenti-per-i-70-anni-di-Zubin-Mehta_3-scaled.jpg\" \/>\n\t<meta property=\"og:image:width\" content=\"2048\" \/>\n\t<meta property=\"og:image:height\" content=\"1360\" \/>\n\t<meta property=\"og:image:type\" content=\"image\/jpeg\" \/>\n<meta name=\"author\" content=\"Costanza Baldini\" \/>\n<meta name=\"twitter:card\" content=\"summary_large_image\" \/>\n<meta name=\"twitter:creator\" content=\"@intoscana\" \/>\n<meta name=\"twitter:site\" content=\"@intoscana\" \/>\n<meta name=\"twitter:label1\" content=\"Written by\" \/>\n\t<meta name=\"twitter:data1\" content=\"Costanza Baldini\" \/>\n\t<meta name=\"twitter:label2\" content=\"Est. reading time\" \/>\n\t<meta name=\"twitter:data2\" content=\"4 minuti\" \/>\n<script type=\"application\/ld+json\" class=\"yoast-schema-graph\">{\"@context\":\"https:\/\/schema.org\",\"@graph\":[{\"@type\":\"WebPage\",\"@id\":\"https:\/\/www.intoscana.it\/it\/auguri-maestro-zubin-mehta-compie-90-anni-e-dirige-la-nona-sinfonia-di-beethoven-la-musica-strumento-di-fratellanza\/\",\"url\":\"https:\/\/www.intoscana.it\/it\/auguri-maestro-zubin-mehta-compie-90-anni-e-dirige-la-nona-sinfonia-di-beethoven-la-musica-strumento-di-fratellanza\/\",\"name\":\"Auguri Maestro! Zubin Mehta compie 90 anni e dirige la Nona sinfonia di Beethoven: \\\"La musica strumento di fratellanza\\\" - intoscana\",\"isPartOf\":{\"@id\":\"https:\/\/www.intoscana.it\/it\/#website\"},\"primaryImageOfPage\":{\"@id\":\"https:\/\/www.intoscana.it\/it\/auguri-maestro-zubin-mehta-compie-90-anni-e-dirige-la-nona-sinfonia-di-beethoven-la-musica-strumento-di-fratellanza\/#primaryimage\"},\"image\":{\"@id\":\"https:\/\/www.intoscana.it\/it\/auguri-maestro-zubin-mehta-compie-90-anni-e-dirige-la-nona-sinfonia-di-beethoven-la-musica-strumento-di-fratellanza\/#primaryimage\"},\"thumbnailUrl\":\"https:\/\/www.intoscana.it\/wp-content\/uploads\/2006.-I-festeggiamenti-per-i-70-anni-di-Zubin-Mehta_3-scaled.jpg\",\"datePublished\":\"2026-04-28T08:59:09+00:00\",\"dateModified\":\"2026-04-28T09:14:41+00:00\",\"author\":{\"@id\":\"https:\/\/www.intoscana.it\/it\/#\/schema\/person\/d469f35f09739bdf00bf5dd3f0647a82\"},\"description\":\"Mercoled\u00ec 29 aprile Zubin Mehta salir\u00e0 sul podio della Sala Grande del Teatro per un grande concerto in occasione del suo 90esimo compleanno\",\"breadcrumb\":{\"@id\":\"https:\/\/www.intoscana.it\/it\/auguri-maestro-zubin-mehta-compie-90-anni-e-dirige-la-nona-sinfonia-di-beethoven-la-musica-strumento-di-fratellanza\/#breadcrumb\"},\"inLanguage\":\"it-IT\",\"potentialAction\":[{\"@type\":\"ReadAction\",\"target\":[\"https:\/\/www.intoscana.it\/it\/auguri-maestro-zubin-mehta-compie-90-anni-e-dirige-la-nona-sinfonia-di-beethoven-la-musica-strumento-di-fratellanza\/\"]}]},{\"@type\":\"ImageObject\",\"inLanguage\":\"it-IT\",\"@id\":\"https:\/\/www.intoscana.it\/it\/auguri-maestro-zubin-mehta-compie-90-anni-e-dirige-la-nona-sinfonia-di-beethoven-la-musica-strumento-di-fratellanza\/#primaryimage\",\"url\":\"https:\/\/www.intoscana.it\/wp-content\/uploads\/2006.-I-festeggiamenti-per-i-70-anni-di-Zubin-Mehta_3-scaled.jpg\",\"contentUrl\":\"https:\/\/www.intoscana.it\/wp-content\/uploads\/2006.-I-festeggiamenti-per-i-70-anni-di-Zubin-Mehta_3-scaled.jpg\",\"width\":2048,\"height\":1360},{\"@type\":\"BreadcrumbList\",\"@id\":\"https:\/\/www.intoscana.it\/it\/auguri-maestro-zubin-mehta-compie-90-anni-e-dirige-la-nona-sinfonia-di-beethoven-la-musica-strumento-di-fratellanza\/#breadcrumb\",\"itemListElement\":[{\"@type\":\"ListItem\",\"position\":1,\"name\":\"Home\",\"item\":\"https:\/\/www.intoscana.it\/it\/\"},{\"@type\":\"ListItem\",\"position\":2,\"name\":\"Auguri Maestro! Zubin Mehta compie 90 anni e dirige la Nona sinfonia di Beethoven: &#8220;La musica strumento di fratellanza&#8221;\"}]},{\"@type\":\"WebSite\",\"@id\":\"https:\/\/www.intoscana.it\/it\/#website\",\"url\":\"https:\/\/www.intoscana.it\/it\/\",\"name\":\"intoscana\",\"description\":\"\",\"potentialAction\":[{\"@type\":\"SearchAction\",\"target\":{\"@type\":\"EntryPoint\",\"urlTemplate\":\"https:\/\/www.intoscana.it\/it\/?s={search_term_string}\"},\"query-input\":{\"@type\":\"PropertyValueSpecification\",\"valueRequired\":true,\"valueName\":\"search_term_string\"}}],\"inLanguage\":\"it-IT\"},{\"@type\":\"Person\",\"@id\":\"https:\/\/www.intoscana.it\/it\/#\/schema\/person\/d469f35f09739bdf00bf5dd3f0647a82\",\"name\":\"Costanza Baldini\",\"url\":\"https:\/\/www.intoscana.it\/it\/author\/costanza-baldini\/\"}]}<\/script>\n<!-- \/ Yoast SEO Premium plugin. -->","yoast_head_json":{"title":"Auguri Maestro! Zubin Mehta compie 90 anni e dirige la Nona sinfonia di Beethoven: \"La musica strumento di fratellanza\" - intoscana","description":"Mercoled\u00ec 29 aprile Zubin Mehta salir\u00e0 sul podio della Sala Grande del Teatro per un grande concerto in occasione del suo 90esimo compleanno","robots":{"index":"index","follow":"follow","max-snippet":"max-snippet:-1","max-image-preview":"max-image-preview:large","max-video-preview":"max-video-preview:-1"},"canonical":"https:\/\/www.intoscana.it\/it\/auguri-maestro-zubin-mehta-compie-90-anni-e-dirige-la-nona-sinfonia-di-beethoven-la-musica-strumento-di-fratellanza\/","og_locale":"it_IT","og_type":"article","og_title":"Auguri Maestro! Zubin Mehta compie 90 anni e dirige la Nona sinfonia di Beethoven: \"La musica strumento di fratellanza\"","og_description":"Mercoled\u00ec 29 aprile Zubin Mehta salir\u00e0 sul podio della Sala Grande del Teatro per un grande concerto in occasione del suo 90esimo compleanno","og_url":"https:\/\/www.intoscana.it\/it\/auguri-maestro-zubin-mehta-compie-90-anni-e-dirige-la-nona-sinfonia-di-beethoven-la-musica-strumento-di-fratellanza\/","og_site_name":"intoscana","article_publisher":"https:\/\/www.facebook.com\/intoscana.it","article_published_time":"2026-04-28T08:59:09+00:00","article_modified_time":"2026-04-28T09:14:41+00:00","og_image":[{"width":2048,"height":1360,"url":"https:\/\/www.intoscana.it\/wp-content\/uploads\/2006.-I-festeggiamenti-per-i-70-anni-di-Zubin-Mehta_3-scaled.jpg","type":"image\/jpeg"}],"author":"Costanza Baldini","twitter_card":"summary_large_image","twitter_creator":"@intoscana","twitter_site":"@intoscana","twitter_misc":{"Written by":"Costanza Baldini","Est. reading time":"4 minuti"},"schema":{"@context":"https:\/\/schema.org","@graph":[{"@type":"WebPage","@id":"https:\/\/www.intoscana.it\/it\/auguri-maestro-zubin-mehta-compie-90-anni-e-dirige-la-nona-sinfonia-di-beethoven-la-musica-strumento-di-fratellanza\/","url":"https:\/\/www.intoscana.it\/it\/auguri-maestro-zubin-mehta-compie-90-anni-e-dirige-la-nona-sinfonia-di-beethoven-la-musica-strumento-di-fratellanza\/","name":"Auguri Maestro! Zubin Mehta compie 90 anni e dirige la Nona sinfonia di Beethoven: \"La musica strumento di fratellanza\" - intoscana","isPartOf":{"@id":"https:\/\/www.intoscana.it\/it\/#website"},"primaryImageOfPage":{"@id":"https:\/\/www.intoscana.it\/it\/auguri-maestro-zubin-mehta-compie-90-anni-e-dirige-la-nona-sinfonia-di-beethoven-la-musica-strumento-di-fratellanza\/#primaryimage"},"image":{"@id":"https:\/\/www.intoscana.it\/it\/auguri-maestro-zubin-mehta-compie-90-anni-e-dirige-la-nona-sinfonia-di-beethoven-la-musica-strumento-di-fratellanza\/#primaryimage"},"thumbnailUrl":"https:\/\/www.intoscana.it\/wp-content\/uploads\/2006.-I-festeggiamenti-per-i-70-anni-di-Zubin-Mehta_3-scaled.jpg","datePublished":"2026-04-28T08:59:09+00:00","dateModified":"2026-04-28T09:14:41+00:00","author":{"@id":"https:\/\/www.intoscana.it\/it\/#\/schema\/person\/d469f35f09739bdf00bf5dd3f0647a82"},"description":"Mercoled\u00ec 29 aprile Zubin Mehta salir\u00e0 sul podio della Sala Grande del Teatro per un grande concerto in occasione del suo 90esimo compleanno","breadcrumb":{"@id":"https:\/\/www.intoscana.it\/it\/auguri-maestro-zubin-mehta-compie-90-anni-e-dirige-la-nona-sinfonia-di-beethoven-la-musica-strumento-di-fratellanza\/#breadcrumb"},"inLanguage":"it-IT","potentialAction":[{"@type":"ReadAction","target":["https:\/\/www.intoscana.it\/it\/auguri-maestro-zubin-mehta-compie-90-anni-e-dirige-la-nona-sinfonia-di-beethoven-la-musica-strumento-di-fratellanza\/"]}]},{"@type":"ImageObject","inLanguage":"it-IT","@id":"https:\/\/www.intoscana.it\/it\/auguri-maestro-zubin-mehta-compie-90-anni-e-dirige-la-nona-sinfonia-di-beethoven-la-musica-strumento-di-fratellanza\/#primaryimage","url":"https:\/\/www.intoscana.it\/wp-content\/uploads\/2006.-I-festeggiamenti-per-i-70-anni-di-Zubin-Mehta_3-scaled.jpg","contentUrl":"https:\/\/www.intoscana.it\/wp-content\/uploads\/2006.-I-festeggiamenti-per-i-70-anni-di-Zubin-Mehta_3-scaled.jpg","width":2048,"height":1360},{"@type":"BreadcrumbList","@id":"https:\/\/www.intoscana.it\/it\/auguri-maestro-zubin-mehta-compie-90-anni-e-dirige-la-nona-sinfonia-di-beethoven-la-musica-strumento-di-fratellanza\/#breadcrumb","itemListElement":[{"@type":"ListItem","position":1,"name":"Home","item":"https:\/\/www.intoscana.it\/it\/"},{"@type":"ListItem","position":2,"name":"Auguri Maestro! Zubin Mehta compie 90 anni e dirige la Nona sinfonia di Beethoven: &#8220;La musica strumento di fratellanza&#8221;"}]},{"@type":"WebSite","@id":"https:\/\/www.intoscana.it\/it\/#website","url":"https:\/\/www.intoscana.it\/it\/","name":"intoscana","description":"","potentialAction":[{"@type":"SearchAction","target":{"@type":"EntryPoint","urlTemplate":"https:\/\/www.intoscana.it\/it\/?s={search_term_string}"},"query-input":{"@type":"PropertyValueSpecification","valueRequired":true,"valueName":"search_term_string"}}],"inLanguage":"it-IT"},{"@type":"Person","@id":"https:\/\/www.intoscana.it\/it\/#\/schema\/person\/d469f35f09739bdf00bf5dd3f0647a82","name":"Costanza Baldini","url":"https:\/\/www.intoscana.it\/it\/author\/costanza-baldini\/"}]}},"_links":{"self":[{"href":"https:\/\/www.intoscana.it\/it\/wp-json\/wp\/v2\/posts\/425618","targetHints":{"allow":["GET"]}}],"collection":[{"href":"https:\/\/www.intoscana.it\/it\/wp-json\/wp\/v2\/posts"}],"about":[{"href":"https:\/\/www.intoscana.it\/it\/wp-json\/wp\/v2\/types\/post"}],"author":[{"embeddable":true,"href":"https:\/\/www.intoscana.it\/it\/wp-json\/wp\/v2\/users\/518"}],"replies":[{"embeddable":true,"href":"https:\/\/www.intoscana.it\/it\/wp-json\/wp\/v2\/comments?post=425618"}],"version-history":[{"count":5,"href":"https:\/\/www.intoscana.it\/it\/wp-json\/wp\/v2\/posts\/425618\/revisions"}],"predecessor-version":[{"id":425660,"href":"https:\/\/www.intoscana.it\/it\/wp-json\/wp\/v2\/posts\/425618\/revisions\/425660"}],"wp:featuredmedia":[{"embeddable":true,"href":"https:\/\/www.intoscana.it\/it\/wp-json\/wp\/v2\/media\/425636"}],"wp:attachment":[{"href":"https:\/\/www.intoscana.it\/it\/wp-json\/wp\/v2\/media?parent=425618"}],"wp:term":[{"taxonomy":"category","embeddable":true,"href":"https:\/\/www.intoscana.it\/it\/wp-json\/wp\/v2\/categories?post=425618"},{"taxonomy":"post_tag","embeddable":true,"href":"https:\/\/www.intoscana.it\/it\/wp-json\/wp\/v2\/tags?post=425618"}],"curies":[{"name":"wp","href":"https:\/\/api.w.org\/{rel}","templated":true}]}}