{"id":425680,"date":"2026-04-28T14:21:52","date_gmt":"2026-04-28T12:21:52","guid":{"rendered":"https:\/\/www.intoscana.it\/it\/?p=425680"},"modified":"2026-04-28T14:24:29","modified_gmt":"2026-04-28T12:24:29","slug":"straordinari-cantata-per-la-fine-del-mese-a-teatro-va-in-scena-il-far-west-lavorativo","status":"publish","type":"post","link":"https:\/\/www.intoscana.it\/it\/straordinari-cantata-per-la-fine-del-mese-a-teatro-va-in-scena-il-far-west-lavorativo\/","title":{"rendered":"&#8220;Straordinari &#8211; Cantata per la fine del mese&#8221; a teatro va in scena il Far-West del mondo lavorativo"},"content":{"rendered":"<p>Dal 29 al 30 aprile al <strong>Teatro Era di Pontedera<\/strong> e dal 5 al 9 maggio al<strong> Teatro Nuovo Rifredi Scena Aperta di Firenze<\/strong> va in scena <strong><em>&#8220;Straordinari &#8211; Cantata per la fine del mese&#8221;<\/em><\/strong> di e con <strong>Riccardo Goretti, Gioia Salvatori, Simona Senzacqua.<\/strong><\/p>\n<p>Lo spettacolo analizza con uno sguardo tra l&#8217;ironico e lo sbigottito il &#8220;<strong>Far-West&#8221; lavorativo italiano<\/strong>, chiedendosi cosa resta alla fine del mese dopo tutti gli sforzi che facciamo ogni giorno.<\/p>\n<p>L&#8217;obiettivo \u00e8 riflettere sull<strong>\u2019ingiustizia del dover produrre per poi solo crepare a fine viaggio<\/strong> e sull\u2019aver creduto che il mondo girasse intorno ai nostri ombelichi, per poi scoprire che<strong> manca la collettivit\u00e0<\/strong>, che manca casa e <strong>qualcuno con cui fare, stare, sperare, sognare.<\/strong><\/p>\n<p>Vengono raccontate le storie di <strong>tre persone in tre situazioni lavorative<\/strong> diverse ma ugualmente problematiche.<\/p>\n<p>&#8220;Riccardo \u00e8 un grande depresso &#8211;<strong> ci ha raccontato uno degli attori e autori Riccardo Goretti<\/strong> &#8211; che continua a vivere nel ricordo del giorno in cui <strong>per ordini ricevuti dall&#8217;alto ha dovuto licenziare in tronco 400 persone<\/strong> con una mail. Dopo poco ha perso il lavoro anche lui e passa le giornate incartando regalini da spedire alle famiglie di quelli che ha licenziato. <strong>Poi c&#8217;\u00e8 Simona che \u00e8 una &#8220;quitter&#8221;<\/strong> cio\u00e8 una di quelle persone che cambia lavoro spesso e pensa di aver messo in atto la sua personalissima rivoluzione. Infine c&#8217;\u00e8 <strong>Gioia un&#8217;insegnante precaria che quindi \u00e8 una di quelle che fa un lavoro per vocazione,\u00a0<\/strong>continua a lavorare anche se \u00e8 sfinita.&#8221;<\/p>\n<figure id=\"post-425526 media-425526\" class=\"align-none\"><img decoding=\"async\" src=\"https:\/\/www.intoscana.it\/wp-content\/uploads\/IMG_9046_1.jpg\" alt=\"\" \/><\/figure>\n<div class=\"titleimg\">Straordinari<\/div>\n<p><strong>Lo spettacolo che evete scritto a sei mani \u00e8 una riflessione sul lavoro da vari punti di vista&#8230;<\/strong><\/p>\n<p>La nostra \u00e8 una presa di coscienza su quelli che sono i fenomeni pi\u00f9 ricorrenti e particolari del mondo di oggi, soprattutto sul fatto che si sta cominciando a vedere<strong> il lavoro come se fosse una cosa non importante, che si pu\u00f2 anche mettere in pausa<\/strong>. Si parla anche del fatto che <strong>il sistema sta producendo tantissima solitudine<\/strong>, espressione di un malessere pi\u00f9 esistenziale che lavorativo.<p><span class=\"citazione\">In Italia c&#8217;\u00e8 una fascia &#8220;grigia&#8221; i working poor che sono poveri pur lavorando, famiglie che hanno grossi problemi economici<\/span><\/p><\/p>\n<p>Lo spettacolo ha una chiave di volta, o <strong>una &#8220;soluzione&#8221; nell&#8217;ostinazione dei personaggi a non voler rimanere soli, a voler risolvere le cose insieme.<\/strong> Questo per noi \u00e8 <strong>il messaggio pi\u00f9 importante<\/strong> che vogliamo dare rispetto a quello che sta succedendo nel mondo oggi: <strong>andiamo a braccetto insieme forse verso l&#8217;abisso.<\/strong><\/p>\n<p><strong>Quindi c&#8217;\u00e8 una nota positiva<\/strong><\/p>\n<p>S\u00ec anche se prima si passa attraverso l&#8217;Inferno personale di tutti e tre. Per tanti anni ci siamo presentati come se il nostro lavoro ci dientificasse, ora non \u00e8 pi\u00f9 cos\u00ec. Anche se <strong>Freud diceva che il lavoro che scegli \u00e8 la seconda cosa \u00a0pi\u00f9 importante della tua vita, <\/strong>adesso piano, piano tutto questo si sta un po&#8217; sbriciolando a forza di lavori che non consentono di arrivare a fine mese. Ormai<strong> in Italia c&#8217;\u00e8 una fascia &#8220;grigia&#8221; i <em>working poor<\/em> che sono poveri pur lavorando, famiglie che hanno grossi problemi economici<\/strong>. Prima era un problema che toccava solo i disoccupati.<\/p>\n<figure id=\"post-425524 media-425524\" class=\"align-none\"><img decoding=\"async\" src=\"https:\/\/www.intoscana.it\/wp-content\/uploads\/IMG_8920_1.jpg\" alt=\"\" \/><\/figure>\n<div class=\"titleimg\">Straordinari<\/div>\n","protected":false},"excerpt":{"rendered":"<p>A Pontedera e Firenze va in scena la tragicomica resa dei conti che ci impone il nostro presente nello spettacolo scritto e interpretato da Riccardo Goretti, Gioia Salvatori e Simona Senzacqua<\/p>\n","protected":false},"author":518,"featured_media":425528,"comment_status":"open","ping_status":"open","sticky":false,"template":"","format":"standard","meta":{"_acf_changed":false,"footnotes":""},"categories":[493],"tags":[3138,236,4659],"class_list":["post-425680","post","type-post","status-publish","format-standard","has-post-thumbnail","hentry","category-cultura","tag-interviste-agli-artisti","tag-teatro","tag-teatro-della-pergola"],"acf":[],"yoast_head":"<!-- This site is optimized with the Yoast SEO Premium plugin v24.2 (Yoast SEO v25.6) - https:\/\/yoast.com\/wordpress\/plugins\/seo\/ -->\n<title>&quot;Straordinari - Cantata per la fine del mese&quot; a teatro va in scena il Far-West del mondo lavorativo - intoscana<\/title>\n<meta name=\"description\" content=\"A Pontedera e Firenze va in scena la tragicomica resa dei conti che ci impone il nostro presente nello spettacolo &quot;Straordinari&quot;\" \/>\n<meta name=\"robots\" content=\"index, follow, max-snippet:-1, max-image-preview:large, max-video-preview:-1\" \/>\n<link rel=\"canonical\" href=\"https:\/\/www.intoscana.it\/it\/straordinari-cantata-per-la-fine-del-mese-a-teatro-va-in-scena-il-far-west-lavorativo\/\" \/>\n<meta property=\"og:locale\" content=\"it_IT\" \/>\n<meta property=\"og:type\" content=\"article\" \/>\n<meta property=\"og:title\" content=\"&quot;Straordinari - Cantata per la fine del mese&quot; a teatro va in scena il Far-West del mondo lavorativo\" \/>\n<meta property=\"og:description\" content=\"A Pontedera e Firenze va in scena la tragicomica resa dei conti che ci impone il nostro presente nello spettacolo &quot;Straordinari&quot;\" \/>\n<meta property=\"og:url\" content=\"https:\/\/www.intoscana.it\/it\/straordinari-cantata-per-la-fine-del-mese-a-teatro-va-in-scena-il-far-west-lavorativo\/\" \/>\n<meta property=\"og:site_name\" content=\"intoscana\" \/>\n<meta property=\"article:publisher\" content=\"https:\/\/www.facebook.com\/intoscana.it\" \/>\n<meta property=\"article:published_time\" content=\"2026-04-28T12:21:52+00:00\" \/>\n<meta property=\"article:modified_time\" content=\"2026-04-28T12:24:29+00:00\" \/>\n<meta property=\"og:image\" content=\"https:\/\/www.intoscana.it\/wp-content\/uploads\/IMG_9326_1.jpg\" \/>\n\t<meta property=\"og:image:width\" content=\"1877\" \/>\n\t<meta property=\"og:image:height\" content=\"1280\" \/>\n\t<meta property=\"og:image:type\" content=\"image\/jpeg\" \/>\n<meta name=\"author\" content=\"Costanza Baldini\" \/>\n<meta name=\"twitter:card\" content=\"summary_large_image\" \/>\n<meta name=\"twitter:creator\" content=\"@intoscana\" \/>\n<meta name=\"twitter:site\" content=\"@intoscana\" \/>\n<meta name=\"twitter:label1\" content=\"Written by\" \/>\n\t<meta name=\"twitter:data1\" content=\"Costanza Baldini\" \/>\n\t<meta name=\"twitter:label2\" content=\"Est. reading time\" \/>\n\t<meta name=\"twitter:data2\" content=\"4 minuti\" \/>\n<script type=\"application\/ld+json\" class=\"yoast-schema-graph\">{\"@context\":\"https:\/\/schema.org\",\"@graph\":[{\"@type\":\"WebPage\",\"@id\":\"https:\/\/www.intoscana.it\/it\/straordinari-cantata-per-la-fine-del-mese-a-teatro-va-in-scena-il-far-west-lavorativo\/\",\"url\":\"https:\/\/www.intoscana.it\/it\/straordinari-cantata-per-la-fine-del-mese-a-teatro-va-in-scena-il-far-west-lavorativo\/\",\"name\":\"\\\"Straordinari - Cantata per la fine del mese\\\" a teatro va in scena il Far-West del mondo lavorativo - intoscana\",\"isPartOf\":{\"@id\":\"https:\/\/www.intoscana.it\/it\/#website\"},\"primaryImageOfPage\":{\"@id\":\"https:\/\/www.intoscana.it\/it\/straordinari-cantata-per-la-fine-del-mese-a-teatro-va-in-scena-il-far-west-lavorativo\/#primaryimage\"},\"image\":{\"@id\":\"https:\/\/www.intoscana.it\/it\/straordinari-cantata-per-la-fine-del-mese-a-teatro-va-in-scena-il-far-west-lavorativo\/#primaryimage\"},\"thumbnailUrl\":\"https:\/\/www.intoscana.it\/wp-content\/uploads\/IMG_9326_1.jpg\",\"datePublished\":\"2026-04-28T12:21:52+00:00\",\"dateModified\":\"2026-04-28T12:24:29+00:00\",\"author\":{\"@id\":\"https:\/\/www.intoscana.it\/it\/#\/schema\/person\/d469f35f09739bdf00bf5dd3f0647a82\"},\"description\":\"A Pontedera e Firenze va in scena la tragicomica resa dei conti che ci impone il nostro presente nello spettacolo \\\"Straordinari\\\"\",\"breadcrumb\":{\"@id\":\"https:\/\/www.intoscana.it\/it\/straordinari-cantata-per-la-fine-del-mese-a-teatro-va-in-scena-il-far-west-lavorativo\/#breadcrumb\"},\"inLanguage\":\"it-IT\",\"potentialAction\":[{\"@type\":\"ReadAction\",\"target\":[\"https:\/\/www.intoscana.it\/it\/straordinari-cantata-per-la-fine-del-mese-a-teatro-va-in-scena-il-far-west-lavorativo\/\"]}]},{\"@type\":\"ImageObject\",\"inLanguage\":\"it-IT\",\"@id\":\"https:\/\/www.intoscana.it\/it\/straordinari-cantata-per-la-fine-del-mese-a-teatro-va-in-scena-il-far-west-lavorativo\/#primaryimage\",\"url\":\"https:\/\/www.intoscana.it\/wp-content\/uploads\/IMG_9326_1.jpg\",\"contentUrl\":\"https:\/\/www.intoscana.it\/wp-content\/uploads\/IMG_9326_1.jpg\",\"width\":1877,\"height\":1280,\"caption\":\"Straordinari - Cantata per la fine del mese\"},{\"@type\":\"BreadcrumbList\",\"@id\":\"https:\/\/www.intoscana.it\/it\/straordinari-cantata-per-la-fine-del-mese-a-teatro-va-in-scena-il-far-west-lavorativo\/#breadcrumb\",\"itemListElement\":[{\"@type\":\"ListItem\",\"position\":1,\"name\":\"Home\",\"item\":\"https:\/\/www.intoscana.it\/it\/\"},{\"@type\":\"ListItem\",\"position\":2,\"name\":\"&#8220;Straordinari &#8211; Cantata per la fine del mese&#8221; a teatro va in scena il Far-West del mondo lavorativo\"}]},{\"@type\":\"WebSite\",\"@id\":\"https:\/\/www.intoscana.it\/it\/#website\",\"url\":\"https:\/\/www.intoscana.it\/it\/\",\"name\":\"intoscana\",\"description\":\"\",\"potentialAction\":[{\"@type\":\"SearchAction\",\"target\":{\"@type\":\"EntryPoint\",\"urlTemplate\":\"https:\/\/www.intoscana.it\/it\/?s={search_term_string}\"},\"query-input\":{\"@type\":\"PropertyValueSpecification\",\"valueRequired\":true,\"valueName\":\"search_term_string\"}}],\"inLanguage\":\"it-IT\"},{\"@type\":\"Person\",\"@id\":\"https:\/\/www.intoscana.it\/it\/#\/schema\/person\/d469f35f09739bdf00bf5dd3f0647a82\",\"name\":\"Costanza Baldini\",\"url\":\"https:\/\/www.intoscana.it\/it\/author\/costanza-baldini\/\"}]}<\/script>\n<!-- \/ Yoast SEO Premium plugin. -->","yoast_head_json":{"title":"\"Straordinari - Cantata per la fine del mese\" a teatro va in scena il Far-West del mondo lavorativo - intoscana","description":"A Pontedera e Firenze va in scena la tragicomica resa dei conti che ci impone il nostro presente nello spettacolo \"Straordinari\"","robots":{"index":"index","follow":"follow","max-snippet":"max-snippet:-1","max-image-preview":"max-image-preview:large","max-video-preview":"max-video-preview:-1"},"canonical":"https:\/\/www.intoscana.it\/it\/straordinari-cantata-per-la-fine-del-mese-a-teatro-va-in-scena-il-far-west-lavorativo\/","og_locale":"it_IT","og_type":"article","og_title":"\"Straordinari - Cantata per la fine del mese\" a teatro va in scena il Far-West del mondo lavorativo","og_description":"A Pontedera e Firenze va in scena la tragicomica resa dei conti che ci impone il nostro presente nello spettacolo \"Straordinari\"","og_url":"https:\/\/www.intoscana.it\/it\/straordinari-cantata-per-la-fine-del-mese-a-teatro-va-in-scena-il-far-west-lavorativo\/","og_site_name":"intoscana","article_publisher":"https:\/\/www.facebook.com\/intoscana.it","article_published_time":"2026-04-28T12:21:52+00:00","article_modified_time":"2026-04-28T12:24:29+00:00","og_image":[{"width":1877,"height":1280,"url":"https:\/\/www.intoscana.it\/wp-content\/uploads\/IMG_9326_1.jpg","type":"image\/jpeg"}],"author":"Costanza Baldini","twitter_card":"summary_large_image","twitter_creator":"@intoscana","twitter_site":"@intoscana","twitter_misc":{"Written by":"Costanza Baldini","Est. reading time":"4 minuti"},"schema":{"@context":"https:\/\/schema.org","@graph":[{"@type":"WebPage","@id":"https:\/\/www.intoscana.it\/it\/straordinari-cantata-per-la-fine-del-mese-a-teatro-va-in-scena-il-far-west-lavorativo\/","url":"https:\/\/www.intoscana.it\/it\/straordinari-cantata-per-la-fine-del-mese-a-teatro-va-in-scena-il-far-west-lavorativo\/","name":"\"Straordinari - Cantata per la fine del mese\" a teatro va in scena il Far-West del mondo lavorativo - intoscana","isPartOf":{"@id":"https:\/\/www.intoscana.it\/it\/#website"},"primaryImageOfPage":{"@id":"https:\/\/www.intoscana.it\/it\/straordinari-cantata-per-la-fine-del-mese-a-teatro-va-in-scena-il-far-west-lavorativo\/#primaryimage"},"image":{"@id":"https:\/\/www.intoscana.it\/it\/straordinari-cantata-per-la-fine-del-mese-a-teatro-va-in-scena-il-far-west-lavorativo\/#primaryimage"},"thumbnailUrl":"https:\/\/www.intoscana.it\/wp-content\/uploads\/IMG_9326_1.jpg","datePublished":"2026-04-28T12:21:52+00:00","dateModified":"2026-04-28T12:24:29+00:00","author":{"@id":"https:\/\/www.intoscana.it\/it\/#\/schema\/person\/d469f35f09739bdf00bf5dd3f0647a82"},"description":"A Pontedera e Firenze va in scena la tragicomica resa dei conti che ci impone il nostro presente nello spettacolo \"Straordinari\"","breadcrumb":{"@id":"https:\/\/www.intoscana.it\/it\/straordinari-cantata-per-la-fine-del-mese-a-teatro-va-in-scena-il-far-west-lavorativo\/#breadcrumb"},"inLanguage":"it-IT","potentialAction":[{"@type":"ReadAction","target":["https:\/\/www.intoscana.it\/it\/straordinari-cantata-per-la-fine-del-mese-a-teatro-va-in-scena-il-far-west-lavorativo\/"]}]},{"@type":"ImageObject","inLanguage":"it-IT","@id":"https:\/\/www.intoscana.it\/it\/straordinari-cantata-per-la-fine-del-mese-a-teatro-va-in-scena-il-far-west-lavorativo\/#primaryimage","url":"https:\/\/www.intoscana.it\/wp-content\/uploads\/IMG_9326_1.jpg","contentUrl":"https:\/\/www.intoscana.it\/wp-content\/uploads\/IMG_9326_1.jpg","width":1877,"height":1280,"caption":"Straordinari - Cantata per la fine del mese"},{"@type":"BreadcrumbList","@id":"https:\/\/www.intoscana.it\/it\/straordinari-cantata-per-la-fine-del-mese-a-teatro-va-in-scena-il-far-west-lavorativo\/#breadcrumb","itemListElement":[{"@type":"ListItem","position":1,"name":"Home","item":"https:\/\/www.intoscana.it\/it\/"},{"@type":"ListItem","position":2,"name":"&#8220;Straordinari &#8211; Cantata per la fine del mese&#8221; a teatro va in scena il Far-West del mondo lavorativo"}]},{"@type":"WebSite","@id":"https:\/\/www.intoscana.it\/it\/#website","url":"https:\/\/www.intoscana.it\/it\/","name":"intoscana","description":"","potentialAction":[{"@type":"SearchAction","target":{"@type":"EntryPoint","urlTemplate":"https:\/\/www.intoscana.it\/it\/?s={search_term_string}"},"query-input":{"@type":"PropertyValueSpecification","valueRequired":true,"valueName":"search_term_string"}}],"inLanguage":"it-IT"},{"@type":"Person","@id":"https:\/\/www.intoscana.it\/it\/#\/schema\/person\/d469f35f09739bdf00bf5dd3f0647a82","name":"Costanza Baldini","url":"https:\/\/www.intoscana.it\/it\/author\/costanza-baldini\/"}]}},"_links":{"self":[{"href":"https:\/\/www.intoscana.it\/it\/wp-json\/wp\/v2\/posts\/425680","targetHints":{"allow":["GET"]}}],"collection":[{"href":"https:\/\/www.intoscana.it\/it\/wp-json\/wp\/v2\/posts"}],"about":[{"href":"https:\/\/www.intoscana.it\/it\/wp-json\/wp\/v2\/types\/post"}],"author":[{"embeddable":true,"href":"https:\/\/www.intoscana.it\/it\/wp-json\/wp\/v2\/users\/518"}],"replies":[{"embeddable":true,"href":"https:\/\/www.intoscana.it\/it\/wp-json\/wp\/v2\/comments?post=425680"}],"version-history":[{"count":5,"href":"https:\/\/www.intoscana.it\/it\/wp-json\/wp\/v2\/posts\/425680\/revisions"}],"predecessor-version":[{"id":425708,"href":"https:\/\/www.intoscana.it\/it\/wp-json\/wp\/v2\/posts\/425680\/revisions\/425708"}],"wp:featuredmedia":[{"embeddable":true,"href":"https:\/\/www.intoscana.it\/it\/wp-json\/wp\/v2\/media\/425528"}],"wp:attachment":[{"href":"https:\/\/www.intoscana.it\/it\/wp-json\/wp\/v2\/media?parent=425680"}],"wp:term":[{"taxonomy":"category","embeddable":true,"href":"https:\/\/www.intoscana.it\/it\/wp-json\/wp\/v2\/categories?post=425680"},{"taxonomy":"post_tag","embeddable":true,"href":"https:\/\/www.intoscana.it\/it\/wp-json\/wp\/v2\/tags?post=425680"}],"curies":[{"name":"wp","href":"https:\/\/api.w.org\/{rel}","templated":true}]}}