{"id":425719,"date":"2026-04-28T15:10:13","date_gmt":"2026-04-28T13:10:13","guid":{"rendered":"https:\/\/www.intoscana.it\/it\/?p=425719"},"modified":"2026-04-28T15:10:13","modified_gmt":"2026-04-28T13:10:13","slug":"dialoghi-di-pistoia-2026","status":"publish","type":"post","link":"https:\/\/www.intoscana.it\/it\/dialoghi-di-pistoia-2026\/","title":{"rendered":"Il corpo nell\u2019era dei bit: a Pistoia torna il festival dei Dialoghi"},"content":{"rendered":"<p>Dal <strong>22 al 24 maggio 2026<\/strong>, la diciassettesima edizione dei <strong>Dialoghi di Pistoia, <\/strong>il festival di antropologia del contemporaneo,\u00a0 trasformer\u00e0 il centro storico, da Piazza del Duomo alla Cattedrale ex Breda, in un laboratorio a cielo aperto per riflettere su cosa significhi, oggi, &#8220;<strong>essere corpo<\/strong>&#8220;. Il tema scelto dalla direttrice e ideatrice <strong>Giulia Cogoli<\/strong>, <em>Corpi in divenire. Mappe, sfide e confini dell\u2019umano<\/em>, punta i riflettori su una metamorfosi che ci riguarda tutti: come cambia la nostra percezione fisica tra l&#8217;avvento dell&#8217;intelligenza artificiale, le nuove frontiere della longevit\u00e0 e le ferite aperte dai conflitti globali.<\/p>\n<p class=\"p1\">&#8220;<em>Noi siamo corpo, il corpo che ci \u00e8 dato e il corpo che vorremmo, il corpo che cresce, che cambia, che si ammala, che gioisce, che invecchia<\/em>&#8221; spiega Giulia Cogoli. &#8220;<em>Nell\u2019epoca dell\u2019IA, e delle tecnologie in costante evoluzione, <strong>i confini del corpo umano sono sempre pi\u00f9 incerti e in divenire<\/strong>: corpo reale o virtuale? Ma corpo umano significa anche sensi, piacere, danza, acrobazie: sar\u00e0 un festival che indaga le moltissime potenzialit\u00e0 e i limiti, sempre pi\u00f9 avanzati, del nostro essere corpo umano. Dialoghi di Pistoia, festival di approfondimento culturale dedicato all\u2019antropologia del contemporaneo, continua il percorso iniziato diciassette anni fa per meglio comprendere la realt\u00e0 che ci circonda, spinti dall\u2019interesse per gli altri e per le altre culture<\/em>&#8220;.<\/p>\n<figure id=\"post-425721 media-425721\" class=\"align-none\"><img decoding=\"async\" src=\"https:\/\/www.intoscana.it\/wp-content\/uploads\/Dialoghi-di-Pistoia-2026-Conferenza-Stampa-Lorenzo-Marianeschi-11-scaled.jpg\" alt=\"\" \/><\/figure>\n<div class=\"titleimg\">Dialoghi di Pistoia 2026 \u2013 Conferenza Stampa &#8211; \u00a9 Lorenzo Marianeschi<\/div>\n<h3>Un programma tra scienza, storia e provocazione<\/h3>\n<p>Il sipario si alza <strong>venerd\u00ec 22 maggio<\/strong> in Piazza del Duomo con lo psichiatra e psicoanalista <strong>Vittorio Lingiardi<\/strong>, pronto a spiegare perch\u00e9, nonostante la virtualit\u00e0 dilagante, &#8220;<em>dal corpo non si scappa<\/em>&#8220;. La serata proseguir\u00e0 con un viaggio nel tempo guidato dallo storico <strong>Alessandro Barbero<\/strong>, che racconter\u00e0 il corpo nel Medioevo tra piacere e mortificazione, e con l&#8217;energia dei danzatori della compagnia fondata dalla direttrice artistica Giulia Staccioli, i <strong>Katakl\u00f2<\/strong>.<\/p>\n<p>Il weekend pistoiese sar\u00e0 un susseguirsi di voci autorevoli che intrecceranno saperi diversi per mappare l&#8217;umano. Il neuroscienziato <strong>Vittorio Gallese<\/strong> e l&#8217;umanista e designer <strong>Jeffrey Schnapp<\/strong> esploreranno il confine sottile tra uomo, digitale e robotica, mentre la scrittrice <strong>Lidia Ravera<\/strong> smonter\u00e0 i pregiudizi sulla maturit\u00e0 con un &#8220;elogio&#8221; della libert\u00e0 riconquistata. Nelle stesse ore, la scrittrice <strong>Benedetta Tobagi<\/strong> ripercorrer\u00e0 le lotte delle donne, dalla Resistenza al femminismo, e lo scrittore <strong>Paolo Nori<\/strong> affronter\u00e0 il tema del dolore e del trauma con la consueta, tagliente ironia.<\/p>\n<h3>Il Premio Internazionale a Emmanuel Carr\u00e8re<\/h3>\n<p>Uno dei momenti pi\u00f9 attesi sar\u00e0 la consegna del Premio Internazionale Dialoghi di Pistoia allo scrittore <strong>Emmanuel Carr\u00e8re<\/strong>. L&#8217;autore francese, maestro nel mettere a nudo la fragilit\u00e0 umana, ricever\u00e0 il riconoscimento <strong>mercoled\u00ec 3 giugno<\/strong> in Sala Maggiore, dove dialogher\u00e0 con lo scrittore e critico <strong>Paolo Di Paolo<\/strong> sul &#8220;corpo della scrittura&#8221;. Carr\u00e8re \u00e8uno dei pi\u00f9 influenti autori contemporanei, capace di fondere racconto personale e realt\u00e0 con una scrittura che non concede tregua. Nelle sue pagine il corpo, spesso in crisi, sofferente e in fuga, diventa materia viva di scrittura, messo a nudo a favore della narrazione, in una prosa che scava nei grandi temi dell\u2019esistenza e obbliga il lettore a confrontarsi con essi.<\/p>\n<h3>Non solo parole: cinema, circo e territorio<\/h3>\n<p>Il festival non dimentica le radici toscane e l&#8217;impatto visivo. Quest\u2019anno si celebra il bicentenario della nascita dell&#8217;autore di <strong>Pinocchio<\/strong> con una lettura affidata all&#8217;attore <strong>Peppe Servillo<\/strong>, mentre la Cattedrale Ex Breda ospiter\u00e0 uno spettacolo ideato dal regista Boris Vecchio, Oscillando nel tempo, una produzione di circo contemporaneo.<\/p>\n<p>Per gli amanti del grande schermo, il <strong>Cinema Lux<\/strong> proporr\u00e0 cult restaurati di registi visionari come <strong>David Lynch e David Cronenberg<\/strong>. Spazio anche ai pi\u00f9 piccoli con la sezione <strong>everyBODY<\/strong>, curata dall&#8217;Associazione Boemondo, con <strong>18 appuntamenti gratuiti<\/strong> tra gioco e arte per insegnare ai bambini che ogni corpo \u00e8 unico.<\/p>\n<p>I biglietti sono in vendita dal 29 aprile. Tutti i dettagli e il programma completo sono disponibili su <a href=\"http:\/\/www.dialoghidipistoia.it\" target=\"_blank\" rel=\"noopener\">www.dialoghidipistoia.it<\/a>.<\/p>\n","protected":false},"excerpt":{"rendered":"<p>Dall\u2019IA alla chirurgia, dalla danza al Medioevo di Barbero: la XVII edizione indaga i &#8220;Corpi in divenire&#8221;. Premio internazionale a Emmanuel Carr\u00e8re<\/p>\n","protected":false},"author":507,"featured_media":425720,"comment_status":"open","ping_status":"open","sticky":false,"template":"","format":"standard","meta":{"_acf_changed":false,"footnotes":""},"categories":[493],"tags":[4474,210,215],"class_list":["post-425719","post","type-post","status-publish","format-standard","has-post-thumbnail","hentry","category-cultura","tag-eventi","tag-libri","tag-pistoia"],"acf":[],"yoast_head":"<!-- This site is optimized with the Yoast SEO Premium plugin v24.2 (Yoast SEO v25.6) - https:\/\/yoast.com\/wordpress\/plugins\/seo\/ -->\n<title>Il corpo nell\u2019era dei bit: a Pistoia torna il festival dei Dialoghi - intoscana<\/title>\n<meta name=\"robots\" content=\"index, follow, max-snippet:-1, max-image-preview:large, max-video-preview:-1\" \/>\n<link rel=\"canonical\" href=\"https:\/\/www.intoscana.it\/it\/dialoghi-di-pistoia-2026\/\" \/>\n<meta property=\"og:locale\" content=\"it_IT\" \/>\n<meta property=\"og:type\" content=\"article\" \/>\n<meta property=\"og:title\" content=\"Il corpo nell\u2019era dei bit: a Pistoia torna il festival dei Dialoghi\" \/>\n<meta property=\"og:description\" content=\"Dall\u2019IA alla chirurgia, dalla danza al Medioevo di Barbero: la XVII edizione indaga i &quot;Corpi in divenire&quot;. Premio internazionale a Emmanuel Carr\u00e8re\" \/>\n<meta property=\"og:url\" content=\"https:\/\/www.intoscana.it\/it\/dialoghi-di-pistoia-2026\/\" \/>\n<meta property=\"og:site_name\" content=\"intoscana\" \/>\n<meta property=\"article:publisher\" content=\"https:\/\/www.facebook.com\/intoscana.it\" \/>\n<meta property=\"article:published_time\" content=\"2026-04-28T13:10:13+00:00\" \/>\n<meta property=\"og:image\" content=\"https:\/\/www.intoscana.it\/wp-content\/uploads\/DAY-03-Dialoghi-2025-low-Lorenzo-Marianeschi-33-scaled.jpg\" \/>\n\t<meta property=\"og:image:width\" content=\"2048\" \/>\n\t<meta property=\"og:image:height\" content=\"1365\" \/>\n\t<meta property=\"og:image:type\" content=\"image\/jpeg\" \/>\n<meta name=\"author\" content=\"Chiara Bianchini\" \/>\n<meta name=\"twitter:card\" content=\"summary_large_image\" \/>\n<meta name=\"twitter:creator\" content=\"@intoscana\" \/>\n<meta name=\"twitter:site\" content=\"@intoscana\" \/>\n<meta name=\"twitter:label1\" content=\"Written by\" \/>\n\t<meta name=\"twitter:data1\" content=\"Chiara Bianchini\" \/>\n\t<meta name=\"twitter:label2\" content=\"Est. reading time\" \/>\n\t<meta name=\"twitter:data2\" content=\"4 minuti\" \/>\n<script type=\"application\/ld+json\" class=\"yoast-schema-graph\">{\"@context\":\"https:\/\/schema.org\",\"@graph\":[{\"@type\":\"WebPage\",\"@id\":\"https:\/\/www.intoscana.it\/it\/dialoghi-di-pistoia-2026\/\",\"url\":\"https:\/\/www.intoscana.it\/it\/dialoghi-di-pistoia-2026\/\",\"name\":\"Il corpo nell\u2019era dei bit: a Pistoia torna il festival dei Dialoghi - intoscana\",\"isPartOf\":{\"@id\":\"https:\/\/www.intoscana.it\/it\/#website\"},\"primaryImageOfPage\":{\"@id\":\"https:\/\/www.intoscana.it\/it\/dialoghi-di-pistoia-2026\/#primaryimage\"},\"image\":{\"@id\":\"https:\/\/www.intoscana.it\/it\/dialoghi-di-pistoia-2026\/#primaryimage\"},\"thumbnailUrl\":\"https:\/\/www.intoscana.it\/wp-content\/uploads\/DAY-03-Dialoghi-2025-low-Lorenzo-Marianeschi-33-scaled.jpg\",\"datePublished\":\"2026-04-28T13:10:13+00:00\",\"author\":{\"@id\":\"https:\/\/www.intoscana.it\/it\/#\/schema\/person\/010af92117f50561886339ad5b873a41\"},\"breadcrumb\":{\"@id\":\"https:\/\/www.intoscana.it\/it\/dialoghi-di-pistoia-2026\/#breadcrumb\"},\"inLanguage\":\"it-IT\",\"potentialAction\":[{\"@type\":\"ReadAction\",\"target\":[\"https:\/\/www.intoscana.it\/it\/dialoghi-di-pistoia-2026\/\"]}]},{\"@type\":\"ImageObject\",\"inLanguage\":\"it-IT\",\"@id\":\"https:\/\/www.intoscana.it\/it\/dialoghi-di-pistoia-2026\/#primaryimage\",\"url\":\"https:\/\/www.intoscana.it\/wp-content\/uploads\/DAY-03-Dialoghi-2025-low-Lorenzo-Marianeschi-33-scaled.jpg\",\"contentUrl\":\"https:\/\/www.intoscana.it\/wp-content\/uploads\/DAY-03-Dialoghi-2025-low-Lorenzo-Marianeschi-33-scaled.jpg\",\"width\":2048,\"height\":1365},{\"@type\":\"BreadcrumbList\",\"@id\":\"https:\/\/www.intoscana.it\/it\/dialoghi-di-pistoia-2026\/#breadcrumb\",\"itemListElement\":[{\"@type\":\"ListItem\",\"position\":1,\"name\":\"Home\",\"item\":\"https:\/\/www.intoscana.it\/it\/\"},{\"@type\":\"ListItem\",\"position\":2,\"name\":\"Il corpo nell\u2019era dei bit: a Pistoia torna il festival dei Dialoghi\"}]},{\"@type\":\"WebSite\",\"@id\":\"https:\/\/www.intoscana.it\/it\/#website\",\"url\":\"https:\/\/www.intoscana.it\/it\/\",\"name\":\"intoscana\",\"description\":\"\",\"potentialAction\":[{\"@type\":\"SearchAction\",\"target\":{\"@type\":\"EntryPoint\",\"urlTemplate\":\"https:\/\/www.intoscana.it\/it\/?s={search_term_string}\"},\"query-input\":{\"@type\":\"PropertyValueSpecification\",\"valueRequired\":true,\"valueName\":\"search_term_string\"}}],\"inLanguage\":\"it-IT\"},{\"@type\":\"Person\",\"@id\":\"https:\/\/www.intoscana.it\/it\/#\/schema\/person\/010af92117f50561886339ad5b873a41\",\"name\":\"Chiara Bianchini\",\"sameAs\":[\"c.bianchini@fst.it\"],\"url\":\"https:\/\/www.intoscana.it\/it\/author\/chiara-bianchini\/\"}]}<\/script>\n<!-- \/ Yoast SEO Premium plugin. -->","yoast_head_json":{"title":"Il corpo nell\u2019era dei bit: a Pistoia torna il festival dei Dialoghi - intoscana","robots":{"index":"index","follow":"follow","max-snippet":"max-snippet:-1","max-image-preview":"max-image-preview:large","max-video-preview":"max-video-preview:-1"},"canonical":"https:\/\/www.intoscana.it\/it\/dialoghi-di-pistoia-2026\/","og_locale":"it_IT","og_type":"article","og_title":"Il corpo nell\u2019era dei bit: a Pistoia torna il festival dei Dialoghi","og_description":"Dall\u2019IA alla chirurgia, dalla danza al Medioevo di Barbero: la XVII edizione indaga i \"Corpi in divenire\". Premio internazionale a Emmanuel Carr\u00e8re","og_url":"https:\/\/www.intoscana.it\/it\/dialoghi-di-pistoia-2026\/","og_site_name":"intoscana","article_publisher":"https:\/\/www.facebook.com\/intoscana.it","article_published_time":"2026-04-28T13:10:13+00:00","og_image":[{"width":2048,"height":1365,"url":"https:\/\/www.intoscana.it\/wp-content\/uploads\/DAY-03-Dialoghi-2025-low-Lorenzo-Marianeschi-33-scaled.jpg","type":"image\/jpeg"}],"author":"Chiara Bianchini","twitter_card":"summary_large_image","twitter_creator":"@intoscana","twitter_site":"@intoscana","twitter_misc":{"Written by":"Chiara Bianchini","Est. reading time":"4 minuti"},"schema":{"@context":"https:\/\/schema.org","@graph":[{"@type":"WebPage","@id":"https:\/\/www.intoscana.it\/it\/dialoghi-di-pistoia-2026\/","url":"https:\/\/www.intoscana.it\/it\/dialoghi-di-pistoia-2026\/","name":"Il corpo nell\u2019era dei bit: a Pistoia torna il festival dei Dialoghi - intoscana","isPartOf":{"@id":"https:\/\/www.intoscana.it\/it\/#website"},"primaryImageOfPage":{"@id":"https:\/\/www.intoscana.it\/it\/dialoghi-di-pistoia-2026\/#primaryimage"},"image":{"@id":"https:\/\/www.intoscana.it\/it\/dialoghi-di-pistoia-2026\/#primaryimage"},"thumbnailUrl":"https:\/\/www.intoscana.it\/wp-content\/uploads\/DAY-03-Dialoghi-2025-low-Lorenzo-Marianeschi-33-scaled.jpg","datePublished":"2026-04-28T13:10:13+00:00","author":{"@id":"https:\/\/www.intoscana.it\/it\/#\/schema\/person\/010af92117f50561886339ad5b873a41"},"breadcrumb":{"@id":"https:\/\/www.intoscana.it\/it\/dialoghi-di-pistoia-2026\/#breadcrumb"},"inLanguage":"it-IT","potentialAction":[{"@type":"ReadAction","target":["https:\/\/www.intoscana.it\/it\/dialoghi-di-pistoia-2026\/"]}]},{"@type":"ImageObject","inLanguage":"it-IT","@id":"https:\/\/www.intoscana.it\/it\/dialoghi-di-pistoia-2026\/#primaryimage","url":"https:\/\/www.intoscana.it\/wp-content\/uploads\/DAY-03-Dialoghi-2025-low-Lorenzo-Marianeschi-33-scaled.jpg","contentUrl":"https:\/\/www.intoscana.it\/wp-content\/uploads\/DAY-03-Dialoghi-2025-low-Lorenzo-Marianeschi-33-scaled.jpg","width":2048,"height":1365},{"@type":"BreadcrumbList","@id":"https:\/\/www.intoscana.it\/it\/dialoghi-di-pistoia-2026\/#breadcrumb","itemListElement":[{"@type":"ListItem","position":1,"name":"Home","item":"https:\/\/www.intoscana.it\/it\/"},{"@type":"ListItem","position":2,"name":"Il corpo nell\u2019era dei bit: a Pistoia torna il festival dei Dialoghi"}]},{"@type":"WebSite","@id":"https:\/\/www.intoscana.it\/it\/#website","url":"https:\/\/www.intoscana.it\/it\/","name":"intoscana","description":"","potentialAction":[{"@type":"SearchAction","target":{"@type":"EntryPoint","urlTemplate":"https:\/\/www.intoscana.it\/it\/?s={search_term_string}"},"query-input":{"@type":"PropertyValueSpecification","valueRequired":true,"valueName":"search_term_string"}}],"inLanguage":"it-IT"},{"@type":"Person","@id":"https:\/\/www.intoscana.it\/it\/#\/schema\/person\/010af92117f50561886339ad5b873a41","name":"Chiara Bianchini","sameAs":["c.bianchini@fst.it"],"url":"https:\/\/www.intoscana.it\/it\/author\/chiara-bianchini\/"}]}},"_links":{"self":[{"href":"https:\/\/www.intoscana.it\/it\/wp-json\/wp\/v2\/posts\/425719","targetHints":{"allow":["GET"]}}],"collection":[{"href":"https:\/\/www.intoscana.it\/it\/wp-json\/wp\/v2\/posts"}],"about":[{"href":"https:\/\/www.intoscana.it\/it\/wp-json\/wp\/v2\/types\/post"}],"author":[{"embeddable":true,"href":"https:\/\/www.intoscana.it\/it\/wp-json\/wp\/v2\/users\/507"}],"replies":[{"embeddable":true,"href":"https:\/\/www.intoscana.it\/it\/wp-json\/wp\/v2\/comments?post=425719"}],"version-history":[{"count":1,"href":"https:\/\/www.intoscana.it\/it\/wp-json\/wp\/v2\/posts\/425719\/revisions"}],"predecessor-version":[{"id":425726,"href":"https:\/\/www.intoscana.it\/it\/wp-json\/wp\/v2\/posts\/425719\/revisions\/425726"}],"wp:featuredmedia":[{"embeddable":true,"href":"https:\/\/www.intoscana.it\/it\/wp-json\/wp\/v2\/media\/425720"}],"wp:attachment":[{"href":"https:\/\/www.intoscana.it\/it\/wp-json\/wp\/v2\/media?parent=425719"}],"wp:term":[{"taxonomy":"category","embeddable":true,"href":"https:\/\/www.intoscana.it\/it\/wp-json\/wp\/v2\/categories?post=425719"},{"taxonomy":"post_tag","embeddable":true,"href":"https:\/\/www.intoscana.it\/it\/wp-json\/wp\/v2\/tags?post=425719"}],"curies":[{"name":"wp","href":"https:\/\/api.w.org\/{rel}","templated":true}]}}