{"id":425771,"date":"2026-04-29T15:03:18","date_gmt":"2026-04-29T13:03:18","guid":{"rendered":"https:\/\/www.intoscana.it\/it\/?p=425771"},"modified":"2026-04-29T15:03:18","modified_gmt":"2026-04-29T13:03:18","slug":"the-diplomat-la-quarta-stagione-della-serie-cult-di-netflix-si-girera-tra-firenze-e-lucca","status":"publish","type":"post","link":"https:\/\/www.intoscana.it\/it\/the-diplomat-la-quarta-stagione-della-serie-cult-di-netflix-si-girera-tra-firenze-e-lucca\/","title":{"rendered":"The Diplomat, la quarta stagione della serie cult di Netflix si girer\u00e0 tra Firenze e Lucca"},"content":{"rendered":"<p>Bocche cucite e casting al buio, ma si capiva dall&#8217;attenzione e dall&#8217;impiego di mezzi e risorse che si stava avendo a che fare con una grande produzione internazionale. Ora \u00e8 ufficiale: in Toscana, tra Lucca e Firenze, si girer\u00e0 la quarta stagione di <strong>&#8220;The Diplomat&#8221;<\/strong>, la serie statunitense <strong>Netflix<\/strong>, tra le pi\u00f9 amate del suo catalogo. <mark>Le date delle riprese, che verranno realizzate con la collaborazione di <strong>Toscana Film Commission<\/strong>, sono fissate tra il 13 maggio e il 19 giugno e tra i luoghi adibiti a set si parla anche della Villa Reale di Marlia.<\/mark><\/p>\n<p>I casting si sono tenuti prima a <strong>Firenze<\/strong>, tra l&#8217;8 e il 9 aprile nella sede della Scuola nazionale di cinema indipendente, e poi a <strong>Lucca<\/strong>, il 15 aprile all&#8217;audotorium San Romano. <mark>Per tutto il giorno, uomini e donne tra i 18 e i 65 anni hanno partecipato a un provino al buio, senza un titolo di riferimento.<\/mark> Centinaia e centinaia di persone si sono presentate, incuriositi e con la voglia di essere parte di un grande set.<\/p>\n<p>Dalla quantit\u00e0 di comparse richieste dalla stessa produzione si intuisce che le riprese richiederanno folle, scene in movimento e corali, anche in contesti urbani.<\/p>\n<figure id=\"post-425795 media-425795\" class=\"align-none\"><img decoding=\"async\" src=\"https:\/\/www.intoscana.it\/wp-content\/uploads\/imgi_43_153844433-77ce02b8-a977-4970-bf8d-73107f32ff94.jpg\" alt=\"\" \/><\/figure>\n<div class=\"titleimg\">The Diplomat &#8211; \u00a9 Netflix<\/div>\n<h3><em>Intrighi internazionali e cast stellare<\/em><\/h3>\n<p>La serie ideata da <strong>Debora Cahn<\/strong>, candidata agli Emmy, racconta delle vicende di Kate Wyler, interpretata da una splendida <strong>Keri Russel<\/strong>, ambasciatrice americana a Londra, e del marito Hal Wyler (<strong>Rufus Sewell<\/strong>). Un political drama, con <mark>un mix vincente di intrighi e relazioni internazionali, tensioni diplomatiche e rapporti personali, tra cui un matrimonio in crisi da gestire.<\/mark> Andata in onda nel 2023, ha riscosso subito un grande successo di pubblico.<\/p>\n<p>Le riprese della quarta stagione sono attualmente in corso tra Londra e New York e l\u2019uscita della serie \u00e8 attesa per la <strong>fine del 2026<\/strong>.<\/p>\n<p>La terza stagione ha visto l&#8217;ascesa, dopo la morte del presidente Usa, della vicepresidente Grace Penn (Allison Janney) alla guida del Paese e la scalata di Kate Wyler alla vicepresidenza, ma la sua ambizione si scontra con <mark>le macchinazioni di suo marito, sempre in bilico tra l&#8217;essere complice e nemico.<\/mark><\/p>\n<p>Come visto nelle passate stagioni, sono<b> <\/b>le relazioni affettive e personali quelle pi\u00f9 difficili da gestire. Sullo sfondo, sfide internazionali ancora pi\u00f9 grandi da affrontare. La quarta stagione si preannuncia dunque ricca di colpi di scena, <mark>con la curiosit\u00e0 che accompagna le riprese a Lucca e Firenze e sugli sviluppi &#8220;toscani&#8221; della storia.<\/mark><\/p>\n<p>&nbsp;<\/p>\n<p>&nbsp;<\/p>\n","protected":false},"excerpt":{"rendered":"<p>Dopo mesi di bocche cucite e affollati casting al buio, \u00e8 arrivata la conferma: le date delle riprese sono fissate tra il 13 maggio e il 19 giugno e uno dei set sar\u00e0 la Villa Reale di Marlia<\/p>\n","protected":false},"author":545,"featured_media":143608,"comment_status":"open","ping_status":"open","sticky":false,"template":"","format":"standard","meta":{"_acf_changed":false,"footnotes":""},"categories":[493],"tags":[188,6490,5199],"class_list":["post-425771","post","type-post","status-publish","format-standard","has-post-thumbnail","hentry","category-cultura","tag-cinema","tag-netflix","tag-toscana-film-commission"],"acf":[],"yoast_head":"<!-- This site is optimized with the Yoast SEO Premium plugin v24.2 (Yoast SEO v25.6) - https:\/\/yoast.com\/wordpress\/plugins\/seo\/ -->\n<title>The Diplomat, la quarta stagione della serie cult di Netflix si girer\u00e0 tra Firenze e Lucca - intoscana<\/title>\n<meta name=\"description\" content=\"Dopo mesi di bocche cucite e affollati casting al buio, \u00e8 arrivata la conferma: le date delle riprese sono fissate tra il 13 maggio e il 19 giugno e tra i luoghi adibiti a set si parla anche della Villa Reale di Marlia\" \/>\n<meta name=\"robots\" content=\"index, follow, max-snippet:-1, max-image-preview:large, max-video-preview:-1\" \/>\n<link rel=\"canonical\" href=\"https:\/\/www.intoscana.it\/it\/the-diplomat-la-quarta-stagione-della-serie-cult-di-netflix-si-girera-tra-firenze-e-lucca\/\" \/>\n<meta property=\"og:locale\" content=\"it_IT\" \/>\n<meta property=\"og:type\" content=\"article\" \/>\n<meta property=\"og:title\" content=\"The Diplomat, la quarta stagione della serie cult di Netflix si girer\u00e0 tra Firenze e Lucca\" \/>\n<meta property=\"og:description\" content=\"Dopo mesi di bocche cucite e affollati casting al buio, \u00e8 arrivata la conferma: le date delle riprese sono fissate tra il 13 maggio e il 19 giugno e tra i luoghi adibiti a set si parla anche della Villa Reale di Marlia\" \/>\n<meta property=\"og:url\" content=\"https:\/\/www.intoscana.it\/it\/the-diplomat-la-quarta-stagione-della-serie-cult-di-netflix-si-girera-tra-firenze-e-lucca\/\" \/>\n<meta property=\"og:site_name\" content=\"intoscana\" \/>\n<meta property=\"article:publisher\" content=\"https:\/\/www.facebook.com\/intoscana.it\" \/>\n<meta property=\"article:published_time\" content=\"2026-04-29T13:03:18+00:00\" \/>\n<meta property=\"og:image\" content=\"https:\/\/www.intoscana.it\/wp-content\/uploads\/villa-reale-marlia.jpg\" \/>\n\t<meta property=\"og:image:width\" content=\"1920\" \/>\n\t<meta property=\"og:image:height\" content=\"1282\" \/>\n\t<meta property=\"og:image:type\" content=\"image\/jpeg\" \/>\n<meta name=\"author\" content=\"Clara D&#039;Acunto\" \/>\n<meta name=\"twitter:card\" content=\"summary_large_image\" \/>\n<meta name=\"twitter:creator\" content=\"@intoscana\" \/>\n<meta name=\"twitter:site\" content=\"@intoscana\" \/>\n<meta name=\"twitter:label1\" content=\"Written by\" \/>\n\t<meta name=\"twitter:data1\" content=\"Clara D&#039;Acunto\" \/>\n\t<meta name=\"twitter:label2\" content=\"Est. reading time\" \/>\n\t<meta name=\"twitter:data2\" content=\"3 minuti\" \/>\n<script type=\"application\/ld+json\" class=\"yoast-schema-graph\">{\"@context\":\"https:\/\/schema.org\",\"@graph\":[{\"@type\":\"WebPage\",\"@id\":\"https:\/\/www.intoscana.it\/it\/the-diplomat-la-quarta-stagione-della-serie-cult-di-netflix-si-girera-tra-firenze-e-lucca\/\",\"url\":\"https:\/\/www.intoscana.it\/it\/the-diplomat-la-quarta-stagione-della-serie-cult-di-netflix-si-girera-tra-firenze-e-lucca\/\",\"name\":\"The Diplomat, la quarta stagione della serie cult di Netflix si girer\u00e0 tra Firenze e Lucca - intoscana\",\"isPartOf\":{\"@id\":\"https:\/\/www.intoscana.it\/it\/#website\"},\"primaryImageOfPage\":{\"@id\":\"https:\/\/www.intoscana.it\/it\/the-diplomat-la-quarta-stagione-della-serie-cult-di-netflix-si-girera-tra-firenze-e-lucca\/#primaryimage\"},\"image\":{\"@id\":\"https:\/\/www.intoscana.it\/it\/the-diplomat-la-quarta-stagione-della-serie-cult-di-netflix-si-girera-tra-firenze-e-lucca\/#primaryimage\"},\"thumbnailUrl\":\"https:\/\/www.intoscana.it\/wp-content\/uploads\/villa-reale-marlia.jpg\",\"datePublished\":\"2026-04-29T13:03:18+00:00\",\"author\":{\"@id\":\"https:\/\/www.intoscana.it\/it\/#\/schema\/person\/137419af9ef5d385bde52864a841e6ce\"},\"description\":\"Dopo mesi di bocche cucite e affollati casting al buio, \u00e8 arrivata la conferma: le date delle riprese sono fissate tra il 13 maggio e il 19 giugno e tra i luoghi adibiti a set si parla anche della Villa Reale di Marlia\",\"breadcrumb\":{\"@id\":\"https:\/\/www.intoscana.it\/it\/the-diplomat-la-quarta-stagione-della-serie-cult-di-netflix-si-girera-tra-firenze-e-lucca\/#breadcrumb\"},\"inLanguage\":\"it-IT\",\"potentialAction\":[{\"@type\":\"ReadAction\",\"target\":[\"https:\/\/www.intoscana.it\/it\/the-diplomat-la-quarta-stagione-della-serie-cult-di-netflix-si-girera-tra-firenze-e-lucca\/\"]}]},{\"@type\":\"ImageObject\",\"inLanguage\":\"it-IT\",\"@id\":\"https:\/\/www.intoscana.it\/it\/the-diplomat-la-quarta-stagione-della-serie-cult-di-netflix-si-girera-tra-firenze-e-lucca\/#primaryimage\",\"url\":\"https:\/\/www.intoscana.it\/wp-content\/uploads\/villa-reale-marlia.jpg\",\"contentUrl\":\"https:\/\/www.intoscana.it\/wp-content\/uploads\/villa-reale-marlia.jpg\",\"width\":1920,\"height\":1282,\"caption\":\"La Villa Reale di Marlia con il suo parco\"},{\"@type\":\"BreadcrumbList\",\"@id\":\"https:\/\/www.intoscana.it\/it\/the-diplomat-la-quarta-stagione-della-serie-cult-di-netflix-si-girera-tra-firenze-e-lucca\/#breadcrumb\",\"itemListElement\":[{\"@type\":\"ListItem\",\"position\":1,\"name\":\"Home\",\"item\":\"https:\/\/www.intoscana.it\/it\/\"},{\"@type\":\"ListItem\",\"position\":2,\"name\":\"The Diplomat, la quarta stagione della serie cult di Netflix si girer\u00e0 tra Firenze e Lucca\"}]},{\"@type\":\"WebSite\",\"@id\":\"https:\/\/www.intoscana.it\/it\/#website\",\"url\":\"https:\/\/www.intoscana.it\/it\/\",\"name\":\"intoscana\",\"description\":\"\",\"potentialAction\":[{\"@type\":\"SearchAction\",\"target\":{\"@type\":\"EntryPoint\",\"urlTemplate\":\"https:\/\/www.intoscana.it\/it\/?s={search_term_string}\"},\"query-input\":{\"@type\":\"PropertyValueSpecification\",\"valueRequired\":true,\"valueName\":\"search_term_string\"}}],\"inLanguage\":\"it-IT\"},{\"@type\":\"Person\",\"@id\":\"https:\/\/www.intoscana.it\/it\/#\/schema\/person\/137419af9ef5d385bde52864a841e6ce\",\"name\":\"Clara D'Acunto\",\"url\":\"https:\/\/www.intoscana.it\/it\/author\/clara-d_acunto\/\"}]}<\/script>\n<!-- \/ Yoast SEO Premium plugin. -->","yoast_head_json":{"title":"The Diplomat, la quarta stagione della serie cult di Netflix si girer\u00e0 tra Firenze e Lucca - intoscana","description":"Dopo mesi di bocche cucite e affollati casting al buio, \u00e8 arrivata la conferma: le date delle riprese sono fissate tra il 13 maggio e il 19 giugno e tra i luoghi adibiti a set si parla anche della Villa Reale di Marlia","robots":{"index":"index","follow":"follow","max-snippet":"max-snippet:-1","max-image-preview":"max-image-preview:large","max-video-preview":"max-video-preview:-1"},"canonical":"https:\/\/www.intoscana.it\/it\/the-diplomat-la-quarta-stagione-della-serie-cult-di-netflix-si-girera-tra-firenze-e-lucca\/","og_locale":"it_IT","og_type":"article","og_title":"The Diplomat, la quarta stagione della serie cult di Netflix si girer\u00e0 tra Firenze e Lucca","og_description":"Dopo mesi di bocche cucite e affollati casting al buio, \u00e8 arrivata la conferma: le date delle riprese sono fissate tra il 13 maggio e il 19 giugno e tra i luoghi adibiti a set si parla anche della Villa Reale di Marlia","og_url":"https:\/\/www.intoscana.it\/it\/the-diplomat-la-quarta-stagione-della-serie-cult-di-netflix-si-girera-tra-firenze-e-lucca\/","og_site_name":"intoscana","article_publisher":"https:\/\/www.facebook.com\/intoscana.it","article_published_time":"2026-04-29T13:03:18+00:00","og_image":[{"width":1920,"height":1282,"url":"https:\/\/www.intoscana.it\/wp-content\/uploads\/villa-reale-marlia.jpg","type":"image\/jpeg"}],"author":"Clara D'Acunto","twitter_card":"summary_large_image","twitter_creator":"@intoscana","twitter_site":"@intoscana","twitter_misc":{"Written by":"Clara D'Acunto","Est. reading time":"3 minuti"},"schema":{"@context":"https:\/\/schema.org","@graph":[{"@type":"WebPage","@id":"https:\/\/www.intoscana.it\/it\/the-diplomat-la-quarta-stagione-della-serie-cult-di-netflix-si-girera-tra-firenze-e-lucca\/","url":"https:\/\/www.intoscana.it\/it\/the-diplomat-la-quarta-stagione-della-serie-cult-di-netflix-si-girera-tra-firenze-e-lucca\/","name":"The Diplomat, la quarta stagione della serie cult di Netflix si girer\u00e0 tra Firenze e Lucca - intoscana","isPartOf":{"@id":"https:\/\/www.intoscana.it\/it\/#website"},"primaryImageOfPage":{"@id":"https:\/\/www.intoscana.it\/it\/the-diplomat-la-quarta-stagione-della-serie-cult-di-netflix-si-girera-tra-firenze-e-lucca\/#primaryimage"},"image":{"@id":"https:\/\/www.intoscana.it\/it\/the-diplomat-la-quarta-stagione-della-serie-cult-di-netflix-si-girera-tra-firenze-e-lucca\/#primaryimage"},"thumbnailUrl":"https:\/\/www.intoscana.it\/wp-content\/uploads\/villa-reale-marlia.jpg","datePublished":"2026-04-29T13:03:18+00:00","author":{"@id":"https:\/\/www.intoscana.it\/it\/#\/schema\/person\/137419af9ef5d385bde52864a841e6ce"},"description":"Dopo mesi di bocche cucite e affollati casting al buio, \u00e8 arrivata la conferma: le date delle riprese sono fissate tra il 13 maggio e il 19 giugno e tra i luoghi adibiti a set si parla anche della Villa Reale di Marlia","breadcrumb":{"@id":"https:\/\/www.intoscana.it\/it\/the-diplomat-la-quarta-stagione-della-serie-cult-di-netflix-si-girera-tra-firenze-e-lucca\/#breadcrumb"},"inLanguage":"it-IT","potentialAction":[{"@type":"ReadAction","target":["https:\/\/www.intoscana.it\/it\/the-diplomat-la-quarta-stagione-della-serie-cult-di-netflix-si-girera-tra-firenze-e-lucca\/"]}]},{"@type":"ImageObject","inLanguage":"it-IT","@id":"https:\/\/www.intoscana.it\/it\/the-diplomat-la-quarta-stagione-della-serie-cult-di-netflix-si-girera-tra-firenze-e-lucca\/#primaryimage","url":"https:\/\/www.intoscana.it\/wp-content\/uploads\/villa-reale-marlia.jpg","contentUrl":"https:\/\/www.intoscana.it\/wp-content\/uploads\/villa-reale-marlia.jpg","width":1920,"height":1282,"caption":"La Villa Reale di Marlia con il suo parco"},{"@type":"BreadcrumbList","@id":"https:\/\/www.intoscana.it\/it\/the-diplomat-la-quarta-stagione-della-serie-cult-di-netflix-si-girera-tra-firenze-e-lucca\/#breadcrumb","itemListElement":[{"@type":"ListItem","position":1,"name":"Home","item":"https:\/\/www.intoscana.it\/it\/"},{"@type":"ListItem","position":2,"name":"The Diplomat, la quarta stagione della serie cult di Netflix si girer\u00e0 tra Firenze e Lucca"}]},{"@type":"WebSite","@id":"https:\/\/www.intoscana.it\/it\/#website","url":"https:\/\/www.intoscana.it\/it\/","name":"intoscana","description":"","potentialAction":[{"@type":"SearchAction","target":{"@type":"EntryPoint","urlTemplate":"https:\/\/www.intoscana.it\/it\/?s={search_term_string}"},"query-input":{"@type":"PropertyValueSpecification","valueRequired":true,"valueName":"search_term_string"}}],"inLanguage":"it-IT"},{"@type":"Person","@id":"https:\/\/www.intoscana.it\/it\/#\/schema\/person\/137419af9ef5d385bde52864a841e6ce","name":"Clara D'Acunto","url":"https:\/\/www.intoscana.it\/it\/author\/clara-d_acunto\/"}]}},"_links":{"self":[{"href":"https:\/\/www.intoscana.it\/it\/wp-json\/wp\/v2\/posts\/425771","targetHints":{"allow":["GET"]}}],"collection":[{"href":"https:\/\/www.intoscana.it\/it\/wp-json\/wp\/v2\/posts"}],"about":[{"href":"https:\/\/www.intoscana.it\/it\/wp-json\/wp\/v2\/types\/post"}],"author":[{"embeddable":true,"href":"https:\/\/www.intoscana.it\/it\/wp-json\/wp\/v2\/users\/545"}],"replies":[{"embeddable":true,"href":"https:\/\/www.intoscana.it\/it\/wp-json\/wp\/v2\/comments?post=425771"}],"version-history":[{"count":5,"href":"https:\/\/www.intoscana.it\/it\/wp-json\/wp\/v2\/posts\/425771\/revisions"}],"predecessor-version":[{"id":425900,"href":"https:\/\/www.intoscana.it\/it\/wp-json\/wp\/v2\/posts\/425771\/revisions\/425900"}],"wp:featuredmedia":[{"embeddable":true,"href":"https:\/\/www.intoscana.it\/it\/wp-json\/wp\/v2\/media\/143608"}],"wp:attachment":[{"href":"https:\/\/www.intoscana.it\/it\/wp-json\/wp\/v2\/media?parent=425771"}],"wp:term":[{"taxonomy":"category","embeddable":true,"href":"https:\/\/www.intoscana.it\/it\/wp-json\/wp\/v2\/categories?post=425771"},{"taxonomy":"post_tag","embeddable":true,"href":"https:\/\/www.intoscana.it\/it\/wp-json\/wp\/v2\/tags?post=425771"}],"curies":[{"name":"wp","href":"https:\/\/api.w.org\/{rel}","templated":true}]}}