{"id":425830,"date":"2026-04-29T12:46:15","date_gmt":"2026-04-29T10:46:15","guid":{"rendered":"https:\/\/www.intoscana.it\/it\/?p=425830"},"modified":"2026-04-29T12:57:21","modified_gmt":"2026-04-29T10:57:21","slug":"ultratrail-mugello-2026","status":"publish","type":"post","link":"https:\/\/www.intoscana.it\/it\/ultratrail-mugello-2026\/","title":{"rendered":"Ultratrail, il Mugello si prepara a un\u2019edizione da record, attesi i grandi campioni dello skyrunning"},"content":{"rendered":"<p>&#8220;<em>Run free, live the mountain<\/em>&#8220;. \u00c8 questo lo slogan che accompagna l&#8217;undicesima edizione dell&#8217;<strong>Ultratrail Mugello<\/strong>, un evento che quest&#8217;anno pone l&#8217;attenzione sull&#8217;essenzialit\u00e0 del gesto sportivo e sull&#8217;immersione totale nella natura selvaggia del territorio. Con i percorsi in ottime condizioni e previsioni meteo favorevoli, la macchina organizzativa guidata dai volontari dell&#8217;associazione Mugello Outdoor sta ultimando i preparativi per la <strong>due giorni di gare<\/strong><\/p>\n<p>L\u2019entusiasmo degli appassionati ha portato a risultati rilevanti sul fronte delle iscrizioni, con il tutto esaurito registrato per le distanze pi\u00f9 impegnative. La prova regina, <strong>l&#8217;Ultra Trail Mugello (UTM)<\/strong> da 60 km e 3200 metri di dislivello, sar\u00e0 valida quest&#8217;anno come prova unica del <strong>Campionato Regionale UltraSkyMarathon<\/strong>. Analogo successo di adesioni hanno riscosso la <strong>Mugello Marathon Trail<\/strong> (MMT) da 43,5 km e la Mugello Trail (MT) da 23,5 km, i cui pettorali sono andati esauriti in breve tempo. Le competizioni maggiori, inserite nel circuito Tuscany Skytrail Tour affiliato alla Federazione Italiana Skyrunning, prenderanno il via all&#8217;<strong>alba di sabato 2 maggio<\/strong>.<\/p>\n<p>&nbsp;<\/p>\n<div class=\"titleimg\">\n<figure id=\"post-425832 media-425832\" class=\"align-none\"><img decoding=\"async\" src=\"https:\/\/www.intoscana.it\/wp-content\/uploads\/ultratrail-2024-2.jpg\" alt=\"\" \/><\/figure>\n<div class=\"titleimg\">\u00a0\u00a9 Ultratrail Mugello<\/div>\n<\/div>\n<p>Il livello tecnico dei partecipanti si preannuncia particolarmente elevato. Nell&#8217;UTM \u00e8 attesa la campionessa mondiale di skyrunning 2024, Giulia Marchesoni, che si misurer\u00e0 con l&#8217;esperta Daniela Rota e con la bellunese Cristiana Follador, gi\u00e0 vincitrice di ben cinque edizioni della competizione mugellana. Tra gli uomini si segnalano i nomi di Diego Angella e di Matteo Anselmi, quest&#8217;ultimo reduce dal successo della passata stagione all\u2019Isola d\u2019Elba.<\/p>\n<p>Nella distanza intermedia (MMT) spiccano i profili di Enrico Bonati, Alberto Luciraca Garcia, Leonardo Barioni e della campionessa uscente Marta Cassai. Anche nella 23,5 km la sfida sar\u00e0 accesa: tra le donne figurano Dinehlee Calzolari, recente vincitrice all&#8217;Elba, la detentrice del titolo Chiara Lelli e Silvia Gaffi; in campo maschile i favori del pronostico vanno a Jacopo Fontaini, Luigi Pietrini e Jacopo Mantovani.<\/p>\n<figure id=\"post-425834 media-425834\" class=\"align-none\"><img decoding=\"async\" src=\"https:\/\/www.intoscana.it\/wp-content\/uploads\/ultratrailmugello-2025-3.jpg\" alt=\"\" \/><\/figure>\n<div class=\"titleimg\">\u00a0\u00a9 Ultratrail Mugello<\/div>\n<p>L\u2019evento amplia i propri confini con l&#8217;esordio della <strong>Mugello Dog Trail<\/strong>, corsa dedicata al binomio uomo-cane prevista per venerd\u00ec 1 maggio, giornata che ospiter\u00e0 anche un seminario tecnico a cura del professor Giulio Sergio Roi, esperto di medicina dello sport. Sul fronte dell&#8217;inclusione, sabato 2 maggio si terranno il <strong>Trekking della BioDiversit\u00e0<\/strong> e una passeggiata aperta a tutti, inclusi i partecipanti con disabilit\u00e0 che potranno usufruire delle joelette, le speciali carrozzine da fuori strada.<\/p>\n<p>Il fulcro della manifestazione sar\u00e0 ancora una volta la storica localit\u00e0 di <strong>Moscheta<\/strong>, sede di partenza e arrivo organizzata da Mugello Outdoor con il supporto dell\u2019Unione montana dei Comuni del Mugello, della Citt\u00e0 Metropolitana e del Comune di Firenze e della Regione Toscana.<\/p>\n","protected":false},"excerpt":{"rendered":"<p>Sold out per le gare regine della tredicesima edizione al via il 2 maggio. Tra le novit\u00e0 la Dog Trail e il Campionato Regionale UltraSkyMarathon nella cornice selvaggia di Moscheta<\/p>\n","protected":false},"author":525,"featured_media":425833,"comment_status":"open","ping_status":"open","sticky":false,"template":"","format":"standard","meta":{"_acf_changed":false,"footnotes":""},"categories":[494],"tags":[375,159],"class_list":["post-425830","post","type-post","status-publish","format-standard","has-post-thumbnail","hentry","category-attualita","tag-mugello","tag-sport"],"acf":[],"yoast_head":"<!-- This site is optimized with the Yoast SEO Premium plugin v24.2 (Yoast SEO v25.6) - https:\/\/yoast.com\/wordpress\/plugins\/seo\/ -->\n<title>Ultratrail, il Mugello si prepara a un\u2019edizione da record, attesi i grandi campioni dello skyrunning - intoscana<\/title>\n<meta name=\"robots\" content=\"index, follow, max-snippet:-1, max-image-preview:large, max-video-preview:-1\" \/>\n<link rel=\"canonical\" href=\"https:\/\/www.intoscana.it\/it\/ultratrail-mugello-2026\/\" \/>\n<meta property=\"og:locale\" content=\"it_IT\" \/>\n<meta property=\"og:type\" content=\"article\" \/>\n<meta property=\"og:title\" content=\"Ultratrail, il Mugello si prepara a un\u2019edizione da record, attesi i grandi campioni dello skyrunning\" \/>\n<meta property=\"og:description\" content=\"Sold out per le gare regine della tredicesima edizione al via il 2 maggio. Tra le novit\u00e0 la Dog Trail e il Campionato Regionale UltraSkyMarathon nella cornice selvaggia di Moscheta\" \/>\n<meta property=\"og:url\" content=\"https:\/\/www.intoscana.it\/it\/ultratrail-mugello-2026\/\" \/>\n<meta property=\"og:site_name\" content=\"intoscana\" \/>\n<meta property=\"article:publisher\" content=\"https:\/\/www.facebook.com\/intoscana.it\" \/>\n<meta property=\"article:published_time\" content=\"2026-04-29T10:46:15+00:00\" \/>\n<meta property=\"article:modified_time\" content=\"2026-04-29T10:57:21+00:00\" \/>\n<meta property=\"og:image\" content=\"https:\/\/www.intoscana.it\/wp-content\/uploads\/ultratrail-2024-3.jpg\" \/>\n\t<meta property=\"og:image:width\" content=\"1920\" \/>\n\t<meta property=\"og:image:height\" content=\"1280\" \/>\n\t<meta property=\"og:image:type\" content=\"image\/jpeg\" \/>\n<meta name=\"author\" content=\"Redazione\" \/>\n<meta name=\"twitter:card\" content=\"summary_large_image\" \/>\n<meta name=\"twitter:creator\" content=\"@intoscana\" \/>\n<meta name=\"twitter:site\" content=\"@intoscana\" \/>\n<meta name=\"twitter:label1\" content=\"Written by\" \/>\n\t<meta name=\"twitter:data1\" content=\"Redazione\" \/>\n\t<meta name=\"twitter:label2\" content=\"Est. reading time\" \/>\n\t<meta name=\"twitter:data2\" content=\"3 minuti\" \/>\n<script type=\"application\/ld+json\" class=\"yoast-schema-graph\">{\"@context\":\"https:\/\/schema.org\",\"@graph\":[{\"@type\":\"WebPage\",\"@id\":\"https:\/\/www.intoscana.it\/it\/ultratrail-mugello-2026\/\",\"url\":\"https:\/\/www.intoscana.it\/it\/ultratrail-mugello-2026\/\",\"name\":\"Ultratrail, il Mugello si prepara a un\u2019edizione da record, attesi i grandi campioni dello skyrunning - intoscana\",\"isPartOf\":{\"@id\":\"https:\/\/www.intoscana.it\/it\/#website\"},\"primaryImageOfPage\":{\"@id\":\"https:\/\/www.intoscana.it\/it\/ultratrail-mugello-2026\/#primaryimage\"},\"image\":{\"@id\":\"https:\/\/www.intoscana.it\/it\/ultratrail-mugello-2026\/#primaryimage\"},\"thumbnailUrl\":\"https:\/\/www.intoscana.it\/wp-content\/uploads\/ultratrail-2024-3.jpg\",\"datePublished\":\"2026-04-29T10:46:15+00:00\",\"dateModified\":\"2026-04-29T10:57:21+00:00\",\"author\":{\"@id\":\"https:\/\/www.intoscana.it\/it\/#\/schema\/person\/9223810753230f20bd670fdd322661f8\"},\"breadcrumb\":{\"@id\":\"https:\/\/www.intoscana.it\/it\/ultratrail-mugello-2026\/#breadcrumb\"},\"inLanguage\":\"it-IT\",\"potentialAction\":[{\"@type\":\"ReadAction\",\"target\":[\"https:\/\/www.intoscana.it\/it\/ultratrail-mugello-2026\/\"]}]},{\"@type\":\"ImageObject\",\"inLanguage\":\"it-IT\",\"@id\":\"https:\/\/www.intoscana.it\/it\/ultratrail-mugello-2026\/#primaryimage\",\"url\":\"https:\/\/www.intoscana.it\/wp-content\/uploads\/ultratrail-2024-3.jpg\",\"contentUrl\":\"https:\/\/www.intoscana.it\/wp-content\/uploads\/ultratrail-2024-3.jpg\",\"width\":1920,\"height\":1280,\"caption\":\"Ultratrail Mugello\"},{\"@type\":\"BreadcrumbList\",\"@id\":\"https:\/\/www.intoscana.it\/it\/ultratrail-mugello-2026\/#breadcrumb\",\"itemListElement\":[{\"@type\":\"ListItem\",\"position\":1,\"name\":\"Home\",\"item\":\"https:\/\/www.intoscana.it\/it\/\"},{\"@type\":\"ListItem\",\"position\":2,\"name\":\"Ultratrail, il Mugello si prepara a un\u2019edizione da record, attesi i grandi campioni dello skyrunning\"}]},{\"@type\":\"WebSite\",\"@id\":\"https:\/\/www.intoscana.it\/it\/#website\",\"url\":\"https:\/\/www.intoscana.it\/it\/\",\"name\":\"intoscana\",\"description\":\"\",\"potentialAction\":[{\"@type\":\"SearchAction\",\"target\":{\"@type\":\"EntryPoint\",\"urlTemplate\":\"https:\/\/www.intoscana.it\/it\/?s={search_term_string}\"},\"query-input\":{\"@type\":\"PropertyValueSpecification\",\"valueRequired\":true,\"valueName\":\"search_term_string\"}}],\"inLanguage\":\"it-IT\"},{\"@type\":\"Person\",\"@id\":\"https:\/\/www.intoscana.it\/it\/#\/schema\/person\/9223810753230f20bd670fdd322661f8\",\"name\":\"Redazione\",\"url\":\"https:\/\/www.intoscana.it\/it\/author\/redazione\/\"}]}<\/script>\n<!-- \/ Yoast SEO Premium plugin. -->","yoast_head_json":{"title":"Ultratrail, il Mugello si prepara a un\u2019edizione da record, attesi i grandi campioni dello skyrunning - intoscana","robots":{"index":"index","follow":"follow","max-snippet":"max-snippet:-1","max-image-preview":"max-image-preview:large","max-video-preview":"max-video-preview:-1"},"canonical":"https:\/\/www.intoscana.it\/it\/ultratrail-mugello-2026\/","og_locale":"it_IT","og_type":"article","og_title":"Ultratrail, il Mugello si prepara a un\u2019edizione da record, attesi i grandi campioni dello skyrunning","og_description":"Sold out per le gare regine della tredicesima edizione al via il 2 maggio. Tra le novit\u00e0 la Dog Trail e il Campionato Regionale UltraSkyMarathon nella cornice selvaggia di Moscheta","og_url":"https:\/\/www.intoscana.it\/it\/ultratrail-mugello-2026\/","og_site_name":"intoscana","article_publisher":"https:\/\/www.facebook.com\/intoscana.it","article_published_time":"2026-04-29T10:46:15+00:00","article_modified_time":"2026-04-29T10:57:21+00:00","og_image":[{"width":1920,"height":1280,"url":"https:\/\/www.intoscana.it\/wp-content\/uploads\/ultratrail-2024-3.jpg","type":"image\/jpeg"}],"author":"Redazione","twitter_card":"summary_large_image","twitter_creator":"@intoscana","twitter_site":"@intoscana","twitter_misc":{"Written by":"Redazione","Est. reading time":"3 minuti"},"schema":{"@context":"https:\/\/schema.org","@graph":[{"@type":"WebPage","@id":"https:\/\/www.intoscana.it\/it\/ultratrail-mugello-2026\/","url":"https:\/\/www.intoscana.it\/it\/ultratrail-mugello-2026\/","name":"Ultratrail, il Mugello si prepara a un\u2019edizione da record, attesi i grandi campioni dello skyrunning - intoscana","isPartOf":{"@id":"https:\/\/www.intoscana.it\/it\/#website"},"primaryImageOfPage":{"@id":"https:\/\/www.intoscana.it\/it\/ultratrail-mugello-2026\/#primaryimage"},"image":{"@id":"https:\/\/www.intoscana.it\/it\/ultratrail-mugello-2026\/#primaryimage"},"thumbnailUrl":"https:\/\/www.intoscana.it\/wp-content\/uploads\/ultratrail-2024-3.jpg","datePublished":"2026-04-29T10:46:15+00:00","dateModified":"2026-04-29T10:57:21+00:00","author":{"@id":"https:\/\/www.intoscana.it\/it\/#\/schema\/person\/9223810753230f20bd670fdd322661f8"},"breadcrumb":{"@id":"https:\/\/www.intoscana.it\/it\/ultratrail-mugello-2026\/#breadcrumb"},"inLanguage":"it-IT","potentialAction":[{"@type":"ReadAction","target":["https:\/\/www.intoscana.it\/it\/ultratrail-mugello-2026\/"]}]},{"@type":"ImageObject","inLanguage":"it-IT","@id":"https:\/\/www.intoscana.it\/it\/ultratrail-mugello-2026\/#primaryimage","url":"https:\/\/www.intoscana.it\/wp-content\/uploads\/ultratrail-2024-3.jpg","contentUrl":"https:\/\/www.intoscana.it\/wp-content\/uploads\/ultratrail-2024-3.jpg","width":1920,"height":1280,"caption":"Ultratrail Mugello"},{"@type":"BreadcrumbList","@id":"https:\/\/www.intoscana.it\/it\/ultratrail-mugello-2026\/#breadcrumb","itemListElement":[{"@type":"ListItem","position":1,"name":"Home","item":"https:\/\/www.intoscana.it\/it\/"},{"@type":"ListItem","position":2,"name":"Ultratrail, il Mugello si prepara a un\u2019edizione da record, attesi i grandi campioni dello skyrunning"}]},{"@type":"WebSite","@id":"https:\/\/www.intoscana.it\/it\/#website","url":"https:\/\/www.intoscana.it\/it\/","name":"intoscana","description":"","potentialAction":[{"@type":"SearchAction","target":{"@type":"EntryPoint","urlTemplate":"https:\/\/www.intoscana.it\/it\/?s={search_term_string}"},"query-input":{"@type":"PropertyValueSpecification","valueRequired":true,"valueName":"search_term_string"}}],"inLanguage":"it-IT"},{"@type":"Person","@id":"https:\/\/www.intoscana.it\/it\/#\/schema\/person\/9223810753230f20bd670fdd322661f8","name":"Redazione","url":"https:\/\/www.intoscana.it\/it\/author\/redazione\/"}]}},"_links":{"self":[{"href":"https:\/\/www.intoscana.it\/it\/wp-json\/wp\/v2\/posts\/425830","targetHints":{"allow":["GET"]}}],"collection":[{"href":"https:\/\/www.intoscana.it\/it\/wp-json\/wp\/v2\/posts"}],"about":[{"href":"https:\/\/www.intoscana.it\/it\/wp-json\/wp\/v2\/types\/post"}],"author":[{"embeddable":true,"href":"https:\/\/www.intoscana.it\/it\/wp-json\/wp\/v2\/users\/525"}],"replies":[{"embeddable":true,"href":"https:\/\/www.intoscana.it\/it\/wp-json\/wp\/v2\/comments?post=425830"}],"version-history":[{"count":2,"href":"https:\/\/www.intoscana.it\/it\/wp-json\/wp\/v2\/posts\/425830\/revisions"}],"predecessor-version":[{"id":425857,"href":"https:\/\/www.intoscana.it\/it\/wp-json\/wp\/v2\/posts\/425830\/revisions\/425857"}],"wp:featuredmedia":[{"embeddable":true,"href":"https:\/\/www.intoscana.it\/it\/wp-json\/wp\/v2\/media\/425833"}],"wp:attachment":[{"href":"https:\/\/www.intoscana.it\/it\/wp-json\/wp\/v2\/media?parent=425830"}],"wp:term":[{"taxonomy":"category","embeddable":true,"href":"https:\/\/www.intoscana.it\/it\/wp-json\/wp\/v2\/categories?post=425830"},{"taxonomy":"post_tag","embeddable":true,"href":"https:\/\/www.intoscana.it\/it\/wp-json\/wp\/v2\/tags?post=425830"}],"curies":[{"name":"wp","href":"https:\/\/api.w.org\/{rel}","templated":true}]}}