{"id":425851,"date":"2026-04-29T15:42:48","date_gmt":"2026-04-29T13:42:48","guid":{"rendered":"https:\/\/www.intoscana.it\/it\/?p=425851"},"modified":"2026-04-29T15:52:19","modified_gmt":"2026-04-29T13:52:19","slug":"obbligo-monopattini-elettrici-targa-assicurazione-2026","status":"publish","type":"post","link":"https:\/\/www.intoscana.it\/it\/obbligo-monopattini-elettrici-targa-assicurazione-2026\/","title":{"rendered":"Monopattini elettrici: scatta l\u2019obbligo del \u201ctarghino\u201d, per l\u2019assicurazione c\u2019\u00e8 tempo fino a luglio"},"content":{"rendered":"<p>La stagione del &#8220;Far West&#8221; per i monopattini elettrici sta per concludersi. Dopo una lunga attesa normativa, il nuovo <strong>Codice della Strada<\/strong> entra nella sua fase operativa pi\u00f9 calda, portando con s\u00e9 obblighi precisi per proprietari e utilizzatori. Due le date da segnare in rosso sul calendario: il <strong>17 maggio 2026<\/strong> per l&#8217;identificazione del mezzo e il <strong>16 luglio 2026<\/strong> per la copertura assicurativa.<\/p>\n<h3>Il &#8220;Targhino&#8221;: cos&#8217;\u00e8 e come ottenerlo<\/h3>\n<p>A partire dal 17 maggio, nessun monopattino potr\u00e0 circolare senza il cosiddetto &#8220;targhino&#8221;. Si tratta di un <strong>contrassegno plastificato e adesivo<\/strong> di 6&#215;5 centimetri, non rimovibile, stampato dal <strong>Poligrafico dello Stato<\/strong>. I gi\u00e0 proprietari di un monopattino elettrico hanno quindi tempo fino al 16 maggio per dotarsi del contrassegno.<\/p>\n<p>Per mettersi in regola, i proprietari devono agire attraverso il <strong>Portale dell\u2019Automobilista<\/strong>. La procedura prevede il pagamento di circa <strong>37 euro tramite PagoPA<\/strong> (comprensivi di bolli e diritti di motorizzazione) e la presentazione di un modulo firmato. Una volta completata la richiesta online, il contrassegno andr\u00e0 ritirato fisicamente presso gli uffici della<strong> Motorizzazione Civile<\/strong>. Chi verr\u00e0 colto senza il documento identificativo rischia multe salate, comprese <strong>tra 100 e 400 euro<\/strong>.<\/p>\n<figure id=\"post-425914 media-425914\" class=\"align-none\"><img decoding=\"async\" src=\"https:\/\/www.intoscana.it\/wp-content\/uploads\/targa-monopattini-elettrici.jpeg\" alt=\"\" \/><\/figure>\n<div class=\"titleimg\">Il contrassegno per i monopattini elettrici<\/div>\n<h3>Assicurazione: perch\u00e9 lo slittamento?<\/h3>\n<p>Sebbene inizialmente previste in contemporanea, le scadenze sono state differenziate. Il Ministero delle Imprese e del Made in Italy (MIMIT) e il Ministero delle Infrastrutture e dei Trasporti (MIT) hanno accolto le richieste dell\u2019ANIA (Associazione Nazionale Imprese Assicuratrici), fissando al 16 luglio l\u2019obbligo della polizza RC.<\/p>\n<p>Il rinvio di 60 giorni \u00e8 di natura puramente tecnica: \u00e8 necessario rendere interoperabili le banche dati della Motorizzazione con quelle delle assicurazioni. Dal 16 luglio, infatti, le forze dell\u2019ordine potranno verificare in tempo reale la copertura assicurativa semplicemente scansionando il contrassegno sul mezzo.<\/p>\n<h3>Cinque punti chiave per non sbagliare<\/h3>\n<ul>\n<li><strong>Chi si intesta la polizza<\/strong>: Possono farlo i maggiorenni e i minori dai 14 anni in su (previa firma del genitore).<\/li>\n<li><strong>RC Famiglia non basta<\/strong>: Attenzione a non cadere nell&#8217;errore comune. Le polizze &#8220;capofamiglia&#8221; generiche solitamente non coprono i veicoli soggetti a obbligo di assicurazione. La nuova polizza dovr\u00e0 essere specifica e legata al codice del contrassegno.<\/li>\n<li><strong>Massimali e costi<\/strong>: La copertura dovr\u00e0 garantire almeno 6,45 milioni di euro per i danni alle persone. Il costo annuale stimato per i proprietari osciller\u00e0 tra i 25 e i 150 euro.<\/li>\n<li><strong>Condivisione del mezzo<\/strong>: Se il monopattino \u00e8 usato da pi\u00f9 familiari, \u00e8 fondamentale verificare che la polizza copra &#8220;tutti i conducenti&#8221; e non solo l&#8217;intestatario.<\/li>\n<li><strong>Il rischio rivalsa<\/strong>: Le assicurazioni potrebbero richiedere indietro i soldi dei risarcimenti (rivalsa) se l\u2019incidente avviene mentre si viola la legge, ad esempio guidando senza casco o trasportando un passeggero.<\/li>\n<\/ul>\n<h3>Verso una mobilit\u00e0 pi\u00f9 sicura<\/h3>\n<p>L&#8217;introduzione di targa e assicurazione punta a colmare un <strong>vuoto normativo<\/strong> che rendeva difficile, fino a oggi, risalire ai responsabili in caso di sinistri o infrazioni gravi. Con l&#8217;integrazione del sistema nella piattaforma ANIA e l&#8217;attivazione del <strong>Fondo di garanzia per le vittime della strada<\/strong> anche per questi mezzi, il monopattino elettrico smette ufficialmente di essere considerato un giocattolo per diventare, a tutti gli effetti, un veicolo integrato nel sistema stradale nazionale.<\/p>\n","protected":false},"excerpt":{"rendered":"<p>Dal 17 maggio i mezzi dovranno essere identificabili con il nuovo contrassegno adesivo. Slitta invece di due mesi la scadenza per la polizza RC a causa di ritardi tecnici. Ecco la guida completa alle nuove regole<\/p>\n","protected":false},"author":507,"featured_media":425858,"comment_status":"open","ping_status":"open","sticky":false,"template":"","format":"standard","meta":{"_acf_changed":false,"footnotes":""},"categories":[494],"tags":[4608,1577],"class_list":["post-425851","post","type-post","status-publish","format-standard","has-post-thumbnail","hentry","category-attualita","tag-monopattini","tag-muoversi-in-toscana"],"acf":[],"yoast_head":"<!-- This site is optimized with the Yoast SEO Premium plugin v24.2 (Yoast SEO v25.6) - https:\/\/yoast.com\/wordpress\/plugins\/seo\/ -->\n<title>Monopattini elettrici: scatta l\u2019obbligo del \u201ctarghino\u201d, per l\u2019assicurazione c\u2019\u00e8 tempo fino a luglio - intoscana<\/title>\n<meta name=\"description\" content=\"Dal 17 maggio i monopattini elettrici dovranno essere identificabili con un contrassegno adesivo. Ecco la guida completa alle nuove regole\" \/>\n<meta name=\"robots\" content=\"index, follow, max-snippet:-1, max-image-preview:large, max-video-preview:-1\" \/>\n<link rel=\"canonical\" href=\"https:\/\/www.intoscana.it\/it\/obbligo-monopattini-elettrici-targa-assicurazione-2026\/\" \/>\n<meta property=\"og:locale\" content=\"it_IT\" \/>\n<meta property=\"og:type\" content=\"article\" \/>\n<meta property=\"og:title\" content=\"Monopattini elettrici: scatta l\u2019obbligo del \u201ctarghino\u201d, per l\u2019assicurazione c\u2019\u00e8 tempo fino a luglio\" \/>\n<meta property=\"og:description\" content=\"Dal 17 maggio i monopattini elettrici dovranno essere identificabili con un contrassegno adesivo. Ecco la guida completa alle nuove regole\" \/>\n<meta property=\"og:url\" content=\"https:\/\/www.intoscana.it\/it\/obbligo-monopattini-elettrici-targa-assicurazione-2026\/\" \/>\n<meta property=\"og:site_name\" content=\"intoscana\" \/>\n<meta property=\"article:publisher\" content=\"https:\/\/www.facebook.com\/intoscana.it\" \/>\n<meta property=\"article:published_time\" content=\"2026-04-29T13:42:48+00:00\" \/>\n<meta property=\"article:modified_time\" content=\"2026-04-29T13:52:19+00:00\" \/>\n<meta property=\"og:image\" content=\"https:\/\/www.intoscana.it\/wp-content\/uploads\/yiting-he-aNXchknVYYo-unsplash-1.jpg\" \/>\n\t<meta property=\"og:image:width\" content=\"1920\" \/>\n\t<meta property=\"og:image:height\" content=\"1280\" \/>\n\t<meta property=\"og:image:type\" content=\"image\/jpeg\" \/>\n<meta name=\"author\" content=\"Chiara Bianchini\" \/>\n<meta name=\"twitter:card\" content=\"summary_large_image\" \/>\n<meta name=\"twitter:creator\" content=\"@intoscana\" \/>\n<meta name=\"twitter:site\" content=\"@intoscana\" \/>\n<meta name=\"twitter:label1\" content=\"Written by\" \/>\n\t<meta name=\"twitter:data1\" content=\"Chiara Bianchini\" \/>\n\t<meta name=\"twitter:label2\" content=\"Est. reading time\" \/>\n\t<meta name=\"twitter:data2\" content=\"4 minuti\" \/>\n<script type=\"application\/ld+json\" class=\"yoast-schema-graph\">{\"@context\":\"https:\/\/schema.org\",\"@graph\":[{\"@type\":\"WebPage\",\"@id\":\"https:\/\/www.intoscana.it\/it\/obbligo-monopattini-elettrici-targa-assicurazione-2026\/\",\"url\":\"https:\/\/www.intoscana.it\/it\/obbligo-monopattini-elettrici-targa-assicurazione-2026\/\",\"name\":\"Monopattini elettrici: scatta l\u2019obbligo del \u201ctarghino\u201d, per l\u2019assicurazione c\u2019\u00e8 tempo fino a luglio - intoscana\",\"isPartOf\":{\"@id\":\"https:\/\/www.intoscana.it\/it\/#website\"},\"primaryImageOfPage\":{\"@id\":\"https:\/\/www.intoscana.it\/it\/obbligo-monopattini-elettrici-targa-assicurazione-2026\/#primaryimage\"},\"image\":{\"@id\":\"https:\/\/www.intoscana.it\/it\/obbligo-monopattini-elettrici-targa-assicurazione-2026\/#primaryimage\"},\"thumbnailUrl\":\"https:\/\/www.intoscana.it\/wp-content\/uploads\/yiting-he-aNXchknVYYo-unsplash-1.jpg\",\"datePublished\":\"2026-04-29T13:42:48+00:00\",\"dateModified\":\"2026-04-29T13:52:19+00:00\",\"author\":{\"@id\":\"https:\/\/www.intoscana.it\/it\/#\/schema\/person\/010af92117f50561886339ad5b873a41\"},\"description\":\"Dal 17 maggio i monopattini elettrici dovranno essere identificabili con un contrassegno adesivo. Ecco la guida completa alle nuove regole\",\"breadcrumb\":{\"@id\":\"https:\/\/www.intoscana.it\/it\/obbligo-monopattini-elettrici-targa-assicurazione-2026\/#breadcrumb\"},\"inLanguage\":\"it-IT\",\"potentialAction\":[{\"@type\":\"ReadAction\",\"target\":[\"https:\/\/www.intoscana.it\/it\/obbligo-monopattini-elettrici-targa-assicurazione-2026\/\"]}]},{\"@type\":\"ImageObject\",\"inLanguage\":\"it-IT\",\"@id\":\"https:\/\/www.intoscana.it\/it\/obbligo-monopattini-elettrici-targa-assicurazione-2026\/#primaryimage\",\"url\":\"https:\/\/www.intoscana.it\/wp-content\/uploads\/yiting-he-aNXchknVYYo-unsplash-1.jpg\",\"contentUrl\":\"https:\/\/www.intoscana.it\/wp-content\/uploads\/yiting-he-aNXchknVYYo-unsplash-1.jpg\",\"width\":1920,\"height\":1280,\"caption\":\"Monopattino elettrico\"},{\"@type\":\"BreadcrumbList\",\"@id\":\"https:\/\/www.intoscana.it\/it\/obbligo-monopattini-elettrici-targa-assicurazione-2026\/#breadcrumb\",\"itemListElement\":[{\"@type\":\"ListItem\",\"position\":1,\"name\":\"Home\",\"item\":\"https:\/\/www.intoscana.it\/it\/\"},{\"@type\":\"ListItem\",\"position\":2,\"name\":\"Monopattini elettrici: scatta l\u2019obbligo del \u201ctarghino\u201d, per l\u2019assicurazione c\u2019\u00e8 tempo fino a luglio\"}]},{\"@type\":\"WebSite\",\"@id\":\"https:\/\/www.intoscana.it\/it\/#website\",\"url\":\"https:\/\/www.intoscana.it\/it\/\",\"name\":\"intoscana\",\"description\":\"\",\"potentialAction\":[{\"@type\":\"SearchAction\",\"target\":{\"@type\":\"EntryPoint\",\"urlTemplate\":\"https:\/\/www.intoscana.it\/it\/?s={search_term_string}\"},\"query-input\":{\"@type\":\"PropertyValueSpecification\",\"valueRequired\":true,\"valueName\":\"search_term_string\"}}],\"inLanguage\":\"it-IT\"},{\"@type\":\"Person\",\"@id\":\"https:\/\/www.intoscana.it\/it\/#\/schema\/person\/010af92117f50561886339ad5b873a41\",\"name\":\"Chiara Bianchini\",\"sameAs\":[\"c.bianchini@fst.it\"],\"url\":\"https:\/\/www.intoscana.it\/it\/author\/chiara-bianchini\/\"}]}<\/script>\n<!-- \/ Yoast SEO Premium plugin. -->","yoast_head_json":{"title":"Monopattini elettrici: scatta l\u2019obbligo del \u201ctarghino\u201d, per l\u2019assicurazione c\u2019\u00e8 tempo fino a luglio - intoscana","description":"Dal 17 maggio i monopattini elettrici dovranno essere identificabili con un contrassegno adesivo. Ecco la guida completa alle nuove regole","robots":{"index":"index","follow":"follow","max-snippet":"max-snippet:-1","max-image-preview":"max-image-preview:large","max-video-preview":"max-video-preview:-1"},"canonical":"https:\/\/www.intoscana.it\/it\/obbligo-monopattini-elettrici-targa-assicurazione-2026\/","og_locale":"it_IT","og_type":"article","og_title":"Monopattini elettrici: scatta l\u2019obbligo del \u201ctarghino\u201d, per l\u2019assicurazione c\u2019\u00e8 tempo fino a luglio","og_description":"Dal 17 maggio i monopattini elettrici dovranno essere identificabili con un contrassegno adesivo. Ecco la guida completa alle nuove regole","og_url":"https:\/\/www.intoscana.it\/it\/obbligo-monopattini-elettrici-targa-assicurazione-2026\/","og_site_name":"intoscana","article_publisher":"https:\/\/www.facebook.com\/intoscana.it","article_published_time":"2026-04-29T13:42:48+00:00","article_modified_time":"2026-04-29T13:52:19+00:00","og_image":[{"width":1920,"height":1280,"url":"https:\/\/www.intoscana.it\/wp-content\/uploads\/yiting-he-aNXchknVYYo-unsplash-1.jpg","type":"image\/jpeg"}],"author":"Chiara Bianchini","twitter_card":"summary_large_image","twitter_creator":"@intoscana","twitter_site":"@intoscana","twitter_misc":{"Written by":"Chiara Bianchini","Est. reading time":"4 minuti"},"schema":{"@context":"https:\/\/schema.org","@graph":[{"@type":"WebPage","@id":"https:\/\/www.intoscana.it\/it\/obbligo-monopattini-elettrici-targa-assicurazione-2026\/","url":"https:\/\/www.intoscana.it\/it\/obbligo-monopattini-elettrici-targa-assicurazione-2026\/","name":"Monopattini elettrici: scatta l\u2019obbligo del \u201ctarghino\u201d, per l\u2019assicurazione c\u2019\u00e8 tempo fino a luglio - intoscana","isPartOf":{"@id":"https:\/\/www.intoscana.it\/it\/#website"},"primaryImageOfPage":{"@id":"https:\/\/www.intoscana.it\/it\/obbligo-monopattini-elettrici-targa-assicurazione-2026\/#primaryimage"},"image":{"@id":"https:\/\/www.intoscana.it\/it\/obbligo-monopattini-elettrici-targa-assicurazione-2026\/#primaryimage"},"thumbnailUrl":"https:\/\/www.intoscana.it\/wp-content\/uploads\/yiting-he-aNXchknVYYo-unsplash-1.jpg","datePublished":"2026-04-29T13:42:48+00:00","dateModified":"2026-04-29T13:52:19+00:00","author":{"@id":"https:\/\/www.intoscana.it\/it\/#\/schema\/person\/010af92117f50561886339ad5b873a41"},"description":"Dal 17 maggio i monopattini elettrici dovranno essere identificabili con un contrassegno adesivo. Ecco la guida completa alle nuove regole","breadcrumb":{"@id":"https:\/\/www.intoscana.it\/it\/obbligo-monopattini-elettrici-targa-assicurazione-2026\/#breadcrumb"},"inLanguage":"it-IT","potentialAction":[{"@type":"ReadAction","target":["https:\/\/www.intoscana.it\/it\/obbligo-monopattini-elettrici-targa-assicurazione-2026\/"]}]},{"@type":"ImageObject","inLanguage":"it-IT","@id":"https:\/\/www.intoscana.it\/it\/obbligo-monopattini-elettrici-targa-assicurazione-2026\/#primaryimage","url":"https:\/\/www.intoscana.it\/wp-content\/uploads\/yiting-he-aNXchknVYYo-unsplash-1.jpg","contentUrl":"https:\/\/www.intoscana.it\/wp-content\/uploads\/yiting-he-aNXchknVYYo-unsplash-1.jpg","width":1920,"height":1280,"caption":"Monopattino elettrico"},{"@type":"BreadcrumbList","@id":"https:\/\/www.intoscana.it\/it\/obbligo-monopattini-elettrici-targa-assicurazione-2026\/#breadcrumb","itemListElement":[{"@type":"ListItem","position":1,"name":"Home","item":"https:\/\/www.intoscana.it\/it\/"},{"@type":"ListItem","position":2,"name":"Monopattini elettrici: scatta l\u2019obbligo del \u201ctarghino\u201d, per l\u2019assicurazione c\u2019\u00e8 tempo fino a luglio"}]},{"@type":"WebSite","@id":"https:\/\/www.intoscana.it\/it\/#website","url":"https:\/\/www.intoscana.it\/it\/","name":"intoscana","description":"","potentialAction":[{"@type":"SearchAction","target":{"@type":"EntryPoint","urlTemplate":"https:\/\/www.intoscana.it\/it\/?s={search_term_string}"},"query-input":{"@type":"PropertyValueSpecification","valueRequired":true,"valueName":"search_term_string"}}],"inLanguage":"it-IT"},{"@type":"Person","@id":"https:\/\/www.intoscana.it\/it\/#\/schema\/person\/010af92117f50561886339ad5b873a41","name":"Chiara Bianchini","sameAs":["c.bianchini@fst.it"],"url":"https:\/\/www.intoscana.it\/it\/author\/chiara-bianchini\/"}]}},"_links":{"self":[{"href":"https:\/\/www.intoscana.it\/it\/wp-json\/wp\/v2\/posts\/425851","targetHints":{"allow":["GET"]}}],"collection":[{"href":"https:\/\/www.intoscana.it\/it\/wp-json\/wp\/v2\/posts"}],"about":[{"href":"https:\/\/www.intoscana.it\/it\/wp-json\/wp\/v2\/types\/post"}],"author":[{"embeddable":true,"href":"https:\/\/www.intoscana.it\/it\/wp-json\/wp\/v2\/users\/507"}],"replies":[{"embeddable":true,"href":"https:\/\/www.intoscana.it\/it\/wp-json\/wp\/v2\/comments?post=425851"}],"version-history":[{"count":3,"href":"https:\/\/www.intoscana.it\/it\/wp-json\/wp\/v2\/posts\/425851\/revisions"}],"predecessor-version":[{"id":425915,"href":"https:\/\/www.intoscana.it\/it\/wp-json\/wp\/v2\/posts\/425851\/revisions\/425915"}],"wp:featuredmedia":[{"embeddable":true,"href":"https:\/\/www.intoscana.it\/it\/wp-json\/wp\/v2\/media\/425858"}],"wp:attachment":[{"href":"https:\/\/www.intoscana.it\/it\/wp-json\/wp\/v2\/media?parent=425851"}],"wp:term":[{"taxonomy":"category","embeddable":true,"href":"https:\/\/www.intoscana.it\/it\/wp-json\/wp\/v2\/categories?post=425851"},{"taxonomy":"post_tag","embeddable":true,"href":"https:\/\/www.intoscana.it\/it\/wp-json\/wp\/v2\/tags?post=425851"}],"curies":[{"name":"wp","href":"https:\/\/api.w.org\/{rel}","templated":true}]}}