{"id":425869,"date":"2026-04-29T14:35:36","date_gmt":"2026-04-29T12:35:36","guid":{"rendered":"https:\/\/www.intoscana.it\/it\/?p=425869"},"modified":"2026-04-29T14:35:36","modified_gmt":"2026-04-29T12:35:36","slug":"teatro-san-miniato-dramma-popolare-preziosi","status":"publish","type":"post","link":"https:\/\/www.intoscana.it\/it\/teatro-san-miniato-dramma-popolare-preziosi\/","title":{"rendered":"San Miniato, con Alessandro Preziosi il Dramma Popolare torna a San Francesco"},"content":{"rendered":"<p>Per la terza volta nella sua grande storia, lunga ottanta edizioni, il Teatro del Cielo di San Miniato, si confronter\u00e0 con San Francesco d&#8217;Assisi, una delle figure pi\u00f9 universali della spiritualit\u00e0, e lo far\u00e0 affidandosi alla voce e alla presenza scenica di <strong>Alessandro Preziosi,<\/strong> protagonista del Dramma Popolare.<\/p>\n<p>Era il 1950 quando and\u00f2 in scena <strong>Il Poverello<\/strong> di Jacques Copeau, con Antonio Pierfederici diretto da Orazio Costa. Poi, nel 1998, fu la volta de <strong>L\u2019uomo che vide: San Francesco d\u2019Assisi<\/strong>, interpretato da Maximilian Nisi con la regia di Krzysztof Zanussi. Quest&#8217;anno, a ottocento anni dalla morte del santo, il Dramma Popolare torna a quella sorgente con <strong>La ferita, la letizia,<\/strong> testo firmato da Davide Rondoni. Uno spettacolo che, come spiega la Fondazione Istituto Dramma Popolare guidata da Marzio Gabbanini, immagina un dialogo intimo e profondo con Francesco: non solo icona spirituale, ma uomo attraversato da dubbi, passioni, fede e poesia.<\/p>\n<p>Il debutto \u00e8 fissato per il <strong>28 luglio<\/strong> in piazza del Duomo, con repliche fino al 30. <mark>A completare l\u2019identit\u00e0 visiva dello spettacolo, l\u2019incisione del manifesto realizzata dall\u2019artista Luca Macchi <\/mark>.<\/p>\n<figure id=\"post-425878 media-425878\" class=\"align-none\"><img decoding=\"async\" src=\"https:\/\/www.intoscana.it\/wp-content\/uploads\/Manifesto-12-scaled-e1777465889322.jpg\" alt=\"\" \/><\/figure>\n<h3>Un mese di spettacoli verso il Dramma<\/h3>\n<p>La Festa del Teatro prender\u00e0 il via il <strong>25 giugno<\/strong>, costruendo un percorso articolato che accompagner\u00e0 il pubblico fino al Dramma Popolare. Il programma intreccia prime assolute, riletture e nuove drammaturgie.<\/p>\n<p>Si parte con <strong>Sui passi<\/strong> del giovane Francesco di Stefano Vestrini, con Andrea Giuntini, Tommaso Nobilio e Katia Lari. Il <strong>29 giugno<\/strong> sar\u00e0 la volta della prima assoluta di <strong>Riccardo III \u2013 quasi un\u2019orazione civile \u2013 Primo studio<\/strong>, con Daniela Morozzi e Stefano Cocco Cantini, per la regia di Matteo Marsan. Ad anticipare lo spettacolo, una riflessione sul potere tra arte e letteratura con Tomaso Montanari, Nadia Fusini e Masolino D\u2019Amico.<\/p>\n<p>Il <strong>2 luglio<\/strong> debutta <strong>Elementi per un\u2019esperienza di pace,<\/strong> ispirato alla figura di Aldo Capitini, padre della Marcia per la Pace. Il <strong>4 luglio<\/strong> arriva <strong>NAGAI<\/strong>, racconto dedicato alla tragedia atomica di Nagasaki, mentre il <strong>7 luglio<\/strong> \u00e8 in scena <strong>ALEX<\/strong>. <strong>Vita e morte di Alexander Langer<\/strong> di Francesco Niccolini, con Dimitri Frosali.<\/p>\n<p>Seguono <strong>Strada maestra (9 luglio)<\/strong> e, il 1<strong>3 luglio, Milite Ignoto\u2013quindicidiciotto<\/strong>, lavoro di Mario Perrotta tratto da testi di Nicola Maranesi e dal progetto di Pier Vittorio Buffa.<\/p>\n<p>Dal <strong>16 luglio<\/strong> spazio alla nuova drammaturgia con la rassegna <strong>Futuro Passato<\/strong>, tra cui <strong>Now they have really gone bananas #1<\/strong> di Giulia Bartolini. E ancora il <strong>17 luglio \u201cCaff\u00e8 sospeso [ovvero: \u201cUnire nella diversit\u00e0\u201d] #2<\/strong>\u201d di Floria Laetitia e \u201c<strong>Di l\u00e0 dell\u2019Arcadia\u201d#3<\/strong> di Simone Corso.. Gli spettacoli si svolgeranno tra il giardino della Misericordia e il complesso del convento di San Francesco, trasformando l\u2019intera citt\u00e0 in un palcoscenico diffuso.<\/p>\n<h3 data-section-id=\"1l3fyt5\" data-start=\"3417\" data-end=\"3459\">Omaggio a Battiato prima del debutto<\/h3>\n<p data-start=\"3505\" data-end=\"3734\">Ad anticipare il Dramma Popolare, il <strong>25 luglio<\/strong> in piazza del Duomo, sar\u00e0 un evento speciale: <strong>Torneremo ancora. Concerto mistico per Battiato<\/strong>con<strong> <span class=\"hover:entity-accent entity-underline inline cursor-pointer align-baseline\"><span class=\"whitespace-normal\">Simone Cristicchi<\/span><\/span> e <span class=\"hover:entity-accent entity-underline inline cursor-pointer align-baseline\"><span class=\"whitespace-normal\">Amara<\/span><\/span>.<\/strong><\/p>\n<p data-start=\"3736\" data-end=\"4156\">Un omaggio all\u2019universo musicale e spirituale di <span class=\"hover:entity-accent entity-underline inline cursor-pointer align-baseline\"><span class=\"whitespace-normal\">Franco Battiato<\/span><\/span>, artista capace di unire terra e cielo attraverso la sua opera. Dalla preghiera universale de <strong>L\u2019ombra della luce<\/strong> alla profondit\u00e0 emotiva de <strong>La cura<\/strong>, fino a <strong>E ti vengo a cercare<\/strong> e all\u2019ultimo brano <strong>Torneremo ancora,<\/strong> il concerto ripercorre una produzione artistica che ha saputo coniugare forma musicale e tensione spirituale.<\/p>\n<div class=\"no-scrollbar flex min-h-36 flex-nowrap gap-0.5 overflow-auto sm:gap-1 sm:overflow-hidden xl:min-h-44 mt-1 mb-5 not-first:mt-4\">\n<div class=\"border-token-border-default relative w-32 shrink-0 overflow-hidden rounded-xl border-[0.5px] md:shrink max-h-64 sm:w-[calc((100%-0.5rem)\/3)] rounded-s-xl\">\n<div class=\"group\/search-image @container\/search-image relative rounded-[inherit] h-full w-full\">\n<div>\n<section class=\"text-token-text-primary w-full focus:outline-none [--shadow-height:45px] has-data-writing-block:pointer-events-none has-data-writing-block:-mt-(--shadow-height) has-data-writing-block:pt-(--shadow-height) [&amp;:has([data-writing-block])&gt;*]:pointer-events-auto [content-visibility:auto] supports-[content-visibility:auto]:[contain-intrinsic-size:auto_100lvh] R6Vx5W_threadScrollVars scroll-mb-[calc(var(--scroll-root-safe-area-inset-bottom,0px)+var(--thread-response-height))] scroll-mt-[calc(var(--header-height)+min(200px,max(70px,20svh)))]\" dir=\"auto\" data-turn-id=\"request-WEB:941481d5-3ea8-4997-82b3-ef2b200a34b4-0\" data-testid=\"conversation-turn-2\" data-scroll-anchor=\"false\" data-turn=\"assistant\">\n<div class=\"text-base my-auto mx-auto pb-10 [--thread-content-margin:var(--thread-content-margin-xs,calc(var(--spacing)*4))] @w-sm\/main:[--thread-content-margin:var(--thread-content-margin-sm,calc(var(--spacing)*6))] @w-lg\/main:[--thread-content-margin:var(--thread-content-margin-lg,calc(var(--spacing)*16))] px-(--thread-content-margin)\">\n<div class=\"[--thread-content-max-width:40rem] @w-lg\/main:[--thread-content-max-width:48rem] mx-auto max-w-(--thread-content-max-width) flex-1 group\/turn-messages focus-visible:outline-hidden relative flex w-full min-w-0 flex-col agent-turn\">\n<div class=\"flex max-w-full flex-col gap-4 grow\">\n<div class=\"min-h-8 text-message relative flex w-full flex-col items-end gap-2 text-start break-words whitespace-normal outline-none keyboard-focused:focus-ring [.text-message+&amp;]:mt-1\" dir=\"auto\" tabindex=\"0\" data-message-author-role=\"assistant\" data-message-id=\"7da01609-aa8c-479b-ab55-7ce16b7e8744\" data-message-model-slug=\"gpt-5-3\" data-turn-start-message=\"true\">\n<div class=\"flex w-full flex-col gap-1 empty:hidden\">\n<div class=\"markdown prose dark:prose-invert w-full wrap-break-word light markdown-new-styling\">\n<p data-start=\"4163\" data-end=\"4500\" data-is-last-node=\"\" data-is-only-node=\"\">La Festa del Teatro di San Miniato \u00e8 sostenuta dalla Fondazione Cassa di Risparmio di San Miniato, in collaborazione con <span class=\"hover:entity-accent entity-underline inline cursor-pointer align-baseline\"><span class=\"whitespace-normal\">Cr\u00e9dit Agricole Italia<\/span><\/span>, e si conferma come <mark>uno degli appuntamenti pi\u00f9 identitari della scena culturale toscana, capace di tenere insieme tradizione e contemporaneit\u00e0, spiritualit\u00e0 e ricerca teatrale <\/mark>.<\/p>\n<p>I <strong>biglietti<\/strong> potranno essere acquistati attraverso la biglietteria on line sul <a href=\"https:\/\/www.drammapopolare.it\/#\">sito del dramma popolare<\/a> oppure \u00e8 possibile acquistarli direttamente alla biglietteria presso la sede del Dramma Popolare. La biglietteria sar\u00e0 aperta per l\u2019acquisto ed il ritiro dei biglietti anche la sera degli spettacoli.<\/p>\n<\/div>\n<\/div>\n<\/div>\n<\/div>\n<\/div>\n<\/div>\n<\/section>\n<\/div>\n<\/div>\n<\/div>\n<\/div>\n","protected":false},"excerpt":{"rendered":"<p data-start=\"797\" data-end=\"983\">A ottocento anni dalla morte del santo, il testo di Davide Rondoni riporta in scena l\u2019uomo Francesco. Nel cartellone della kermesse spettacoli, prime assolute e un tributo a Battiato il 25 luglio<\/p>\n<p data-start=\"985\" data-end=\"1163\">\n","protected":false},"author":503,"featured_media":425879,"comment_status":"open","ping_status":"open","sticky":false,"template":"","format":"standard","meta":{"_acf_changed":false,"footnotes":""},"categories":[493],"tags":[5417,395,6047,167,4780,4492],"class_list":["post-425869","post","type-post","status-publish","format-standard","has-post-thumbnail","hentry","category-cultura","tag-dramma-popolare","tag-eventi-in-toscana","tag-franco-battiato","tag-musica","tag-san-francesco","tag-san-miniato"],"acf":[],"yoast_head":"<!-- This site is optimized with the Yoast SEO Premium plugin v24.2 (Yoast SEO v25.6) - https:\/\/yoast.com\/wordpress\/plugins\/seo\/ -->\n<title>San Miniato, con Alessandro Preziosi il Dramma Popolare torna a San Francesco - intoscana<\/title>\n<meta name=\"description\" content=\"Il programma completo del Teatro di San Miniato 2026: Dramma Popolare con Alessandro Preziosi, spettacoli, eventi e omaggio a Battiato\" \/>\n<meta name=\"robots\" content=\"index, follow, max-snippet:-1, max-image-preview:large, max-video-preview:-1\" \/>\n<link rel=\"canonical\" href=\"https:\/\/www.intoscana.it\/it\/teatro-san-miniato-dramma-popolare-preziosi\/\" \/>\n<meta property=\"og:locale\" content=\"it_IT\" \/>\n<meta property=\"og:type\" content=\"article\" \/>\n<meta property=\"og:title\" content=\"San Miniato, con Alessandro Preziosi il Dramma Popolare torna a San Francesco\" \/>\n<meta property=\"og:description\" content=\"Il programma completo del Teatro di San Miniato 2026: Dramma Popolare con Alessandro Preziosi, spettacoli, eventi e omaggio a Battiato\" \/>\n<meta property=\"og:url\" content=\"https:\/\/www.intoscana.it\/it\/teatro-san-miniato-dramma-popolare-preziosi\/\" \/>\n<meta property=\"og:site_name\" content=\"intoscana\" \/>\n<meta property=\"article:publisher\" content=\"https:\/\/www.facebook.com\/intoscana.it\" \/>\n<meta property=\"article:published_time\" content=\"2026-04-29T12:35:36+00:00\" \/>\n<meta property=\"og:image\" content=\"https:\/\/www.intoscana.it\/wp-content\/uploads\/Alessandro-Preziosi-scaled.jpg\" \/>\n\t<meta property=\"og:image:width\" content=\"2048\" \/>\n\t<meta property=\"og:image:height\" content=\"1536\" \/>\n\t<meta property=\"og:image:type\" content=\"image\/jpeg\" \/>\n<meta name=\"author\" content=\"Giulia Rafanelli\" \/>\n<meta name=\"twitter:card\" content=\"summary_large_image\" \/>\n<meta name=\"twitter:creator\" content=\"@intoscana\" \/>\n<meta name=\"twitter:site\" content=\"@intoscana\" \/>\n<meta name=\"twitter:label1\" content=\"Written by\" \/>\n\t<meta name=\"twitter:data1\" content=\"Giulia Rafanelli\" \/>\n\t<meta name=\"twitter:label2\" content=\"Est. reading time\" \/>\n\t<meta name=\"twitter:data2\" content=\"4 minuti\" \/>\n<script type=\"application\/ld+json\" class=\"yoast-schema-graph\">{\"@context\":\"https:\/\/schema.org\",\"@graph\":[{\"@type\":\"WebPage\",\"@id\":\"https:\/\/www.intoscana.it\/it\/teatro-san-miniato-dramma-popolare-preziosi\/\",\"url\":\"https:\/\/www.intoscana.it\/it\/teatro-san-miniato-dramma-popolare-preziosi\/\",\"name\":\"San Miniato, con Alessandro Preziosi il Dramma Popolare torna a San Francesco - intoscana\",\"isPartOf\":{\"@id\":\"https:\/\/www.intoscana.it\/it\/#website\"},\"primaryImageOfPage\":{\"@id\":\"https:\/\/www.intoscana.it\/it\/teatro-san-miniato-dramma-popolare-preziosi\/#primaryimage\"},\"image\":{\"@id\":\"https:\/\/www.intoscana.it\/it\/teatro-san-miniato-dramma-popolare-preziosi\/#primaryimage\"},\"thumbnailUrl\":\"https:\/\/www.intoscana.it\/wp-content\/uploads\/Alessandro-Preziosi-scaled.jpg\",\"datePublished\":\"2026-04-29T12:35:36+00:00\",\"author\":{\"@id\":\"https:\/\/www.intoscana.it\/it\/#\/schema\/person\/333569b367b301e30262defcea56c939\"},\"description\":\"Il programma completo del Teatro di San Miniato 2026: Dramma Popolare con Alessandro Preziosi, spettacoli, eventi e omaggio a Battiato\",\"breadcrumb\":{\"@id\":\"https:\/\/www.intoscana.it\/it\/teatro-san-miniato-dramma-popolare-preziosi\/#breadcrumb\"},\"inLanguage\":\"it-IT\",\"potentialAction\":[{\"@type\":\"ReadAction\",\"target\":[\"https:\/\/www.intoscana.it\/it\/teatro-san-miniato-dramma-popolare-preziosi\/\"]}]},{\"@type\":\"ImageObject\",\"inLanguage\":\"it-IT\",\"@id\":\"https:\/\/www.intoscana.it\/it\/teatro-san-miniato-dramma-popolare-preziosi\/#primaryimage\",\"url\":\"https:\/\/www.intoscana.it\/wp-content\/uploads\/Alessandro-Preziosi-scaled.jpg\",\"contentUrl\":\"https:\/\/www.intoscana.it\/wp-content\/uploads\/Alessandro-Preziosi-scaled.jpg\",\"width\":2048,\"height\":1536,\"caption\":\"Conferenza stampa di presentazione dell'edizione 2026 con Alessandro Preziosi\"},{\"@type\":\"BreadcrumbList\",\"@id\":\"https:\/\/www.intoscana.it\/it\/teatro-san-miniato-dramma-popolare-preziosi\/#breadcrumb\",\"itemListElement\":[{\"@type\":\"ListItem\",\"position\":1,\"name\":\"Home\",\"item\":\"https:\/\/www.intoscana.it\/it\/\"},{\"@type\":\"ListItem\",\"position\":2,\"name\":\"San Miniato, con Alessandro Preziosi il Dramma Popolare torna a San Francesco\"}]},{\"@type\":\"WebSite\",\"@id\":\"https:\/\/www.intoscana.it\/it\/#website\",\"url\":\"https:\/\/www.intoscana.it\/it\/\",\"name\":\"intoscana\",\"description\":\"\",\"potentialAction\":[{\"@type\":\"SearchAction\",\"target\":{\"@type\":\"EntryPoint\",\"urlTemplate\":\"https:\/\/www.intoscana.it\/it\/?s={search_term_string}\"},\"query-input\":{\"@type\":\"PropertyValueSpecification\",\"valueRequired\":true,\"valueName\":\"search_term_string\"}}],\"inLanguage\":\"it-IT\"},{\"@type\":\"Person\",\"@id\":\"https:\/\/www.intoscana.it\/it\/#\/schema\/person\/333569b367b301e30262defcea56c939\",\"name\":\"Giulia Rafanelli\",\"url\":\"https:\/\/www.intoscana.it\/it\/author\/giulia-rafanelli\/\"}]}<\/script>\n<!-- \/ Yoast SEO Premium plugin. -->","yoast_head_json":{"title":"San Miniato, con Alessandro Preziosi il Dramma Popolare torna a San Francesco - intoscana","description":"Il programma completo del Teatro di San Miniato 2026: Dramma Popolare con Alessandro Preziosi, spettacoli, eventi e omaggio a Battiato","robots":{"index":"index","follow":"follow","max-snippet":"max-snippet:-1","max-image-preview":"max-image-preview:large","max-video-preview":"max-video-preview:-1"},"canonical":"https:\/\/www.intoscana.it\/it\/teatro-san-miniato-dramma-popolare-preziosi\/","og_locale":"it_IT","og_type":"article","og_title":"San Miniato, con Alessandro Preziosi il Dramma Popolare torna a San Francesco","og_description":"Il programma completo del Teatro di San Miniato 2026: Dramma Popolare con Alessandro Preziosi, spettacoli, eventi e omaggio a Battiato","og_url":"https:\/\/www.intoscana.it\/it\/teatro-san-miniato-dramma-popolare-preziosi\/","og_site_name":"intoscana","article_publisher":"https:\/\/www.facebook.com\/intoscana.it","article_published_time":"2026-04-29T12:35:36+00:00","og_image":[{"width":2048,"height":1536,"url":"https:\/\/www.intoscana.it\/wp-content\/uploads\/Alessandro-Preziosi-scaled.jpg","type":"image\/jpeg"}],"author":"Giulia Rafanelli","twitter_card":"summary_large_image","twitter_creator":"@intoscana","twitter_site":"@intoscana","twitter_misc":{"Written by":"Giulia Rafanelli","Est. reading time":"4 minuti"},"schema":{"@context":"https:\/\/schema.org","@graph":[{"@type":"WebPage","@id":"https:\/\/www.intoscana.it\/it\/teatro-san-miniato-dramma-popolare-preziosi\/","url":"https:\/\/www.intoscana.it\/it\/teatro-san-miniato-dramma-popolare-preziosi\/","name":"San Miniato, con Alessandro Preziosi il Dramma Popolare torna a San Francesco - intoscana","isPartOf":{"@id":"https:\/\/www.intoscana.it\/it\/#website"},"primaryImageOfPage":{"@id":"https:\/\/www.intoscana.it\/it\/teatro-san-miniato-dramma-popolare-preziosi\/#primaryimage"},"image":{"@id":"https:\/\/www.intoscana.it\/it\/teatro-san-miniato-dramma-popolare-preziosi\/#primaryimage"},"thumbnailUrl":"https:\/\/www.intoscana.it\/wp-content\/uploads\/Alessandro-Preziosi-scaled.jpg","datePublished":"2026-04-29T12:35:36+00:00","author":{"@id":"https:\/\/www.intoscana.it\/it\/#\/schema\/person\/333569b367b301e30262defcea56c939"},"description":"Il programma completo del Teatro di San Miniato 2026: Dramma Popolare con Alessandro Preziosi, spettacoli, eventi e omaggio a Battiato","breadcrumb":{"@id":"https:\/\/www.intoscana.it\/it\/teatro-san-miniato-dramma-popolare-preziosi\/#breadcrumb"},"inLanguage":"it-IT","potentialAction":[{"@type":"ReadAction","target":["https:\/\/www.intoscana.it\/it\/teatro-san-miniato-dramma-popolare-preziosi\/"]}]},{"@type":"ImageObject","inLanguage":"it-IT","@id":"https:\/\/www.intoscana.it\/it\/teatro-san-miniato-dramma-popolare-preziosi\/#primaryimage","url":"https:\/\/www.intoscana.it\/wp-content\/uploads\/Alessandro-Preziosi-scaled.jpg","contentUrl":"https:\/\/www.intoscana.it\/wp-content\/uploads\/Alessandro-Preziosi-scaled.jpg","width":2048,"height":1536,"caption":"Conferenza stampa di presentazione dell'edizione 2026 con Alessandro Preziosi"},{"@type":"BreadcrumbList","@id":"https:\/\/www.intoscana.it\/it\/teatro-san-miniato-dramma-popolare-preziosi\/#breadcrumb","itemListElement":[{"@type":"ListItem","position":1,"name":"Home","item":"https:\/\/www.intoscana.it\/it\/"},{"@type":"ListItem","position":2,"name":"San Miniato, con Alessandro Preziosi il Dramma Popolare torna a San Francesco"}]},{"@type":"WebSite","@id":"https:\/\/www.intoscana.it\/it\/#website","url":"https:\/\/www.intoscana.it\/it\/","name":"intoscana","description":"","potentialAction":[{"@type":"SearchAction","target":{"@type":"EntryPoint","urlTemplate":"https:\/\/www.intoscana.it\/it\/?s={search_term_string}"},"query-input":{"@type":"PropertyValueSpecification","valueRequired":true,"valueName":"search_term_string"}}],"inLanguage":"it-IT"},{"@type":"Person","@id":"https:\/\/www.intoscana.it\/it\/#\/schema\/person\/333569b367b301e30262defcea56c939","name":"Giulia Rafanelli","url":"https:\/\/www.intoscana.it\/it\/author\/giulia-rafanelli\/"}]}},"_links":{"self":[{"href":"https:\/\/www.intoscana.it\/it\/wp-json\/wp\/v2\/posts\/425869","targetHints":{"allow":["GET"]}}],"collection":[{"href":"https:\/\/www.intoscana.it\/it\/wp-json\/wp\/v2\/posts"}],"about":[{"href":"https:\/\/www.intoscana.it\/it\/wp-json\/wp\/v2\/types\/post"}],"author":[{"embeddable":true,"href":"https:\/\/www.intoscana.it\/it\/wp-json\/wp\/v2\/users\/503"}],"replies":[{"embeddable":true,"href":"https:\/\/www.intoscana.it\/it\/wp-json\/wp\/v2\/comments?post=425869"}],"version-history":[{"count":2,"href":"https:\/\/www.intoscana.it\/it\/wp-json\/wp\/v2\/posts\/425869\/revisions"}],"predecessor-version":[{"id":425882,"href":"https:\/\/www.intoscana.it\/it\/wp-json\/wp\/v2\/posts\/425869\/revisions\/425882"}],"wp:featuredmedia":[{"embeddable":true,"href":"https:\/\/www.intoscana.it\/it\/wp-json\/wp\/v2\/media\/425879"}],"wp:attachment":[{"href":"https:\/\/www.intoscana.it\/it\/wp-json\/wp\/v2\/media?parent=425869"}],"wp:term":[{"taxonomy":"category","embeddable":true,"href":"https:\/\/www.intoscana.it\/it\/wp-json\/wp\/v2\/categories?post=425869"},{"taxonomy":"post_tag","embeddable":true,"href":"https:\/\/www.intoscana.it\/it\/wp-json\/wp\/v2\/tags?post=425869"}],"curies":[{"name":"wp","href":"https:\/\/api.w.org\/{rel}","templated":true}]}}