{"id":425883,"date":"2026-04-29T14:47:37","date_gmt":"2026-04-29T12:47:37","guid":{"rendered":"https:\/\/www.intoscana.it\/it\/?p=425883"},"modified":"2026-04-29T14:47:37","modified_gmt":"2026-04-29T12:47:37","slug":"meteo-il-caldo-sara-spazzato-via-da-vento-e-aria-fredda-ma-tornera-il-sole-per-il-ponte-del-1-maggio","status":"publish","type":"post","link":"https:\/\/www.intoscana.it\/it\/meteo-il-caldo-sara-spazzato-via-da-vento-e-aria-fredda-ma-tornera-il-sole-per-il-ponte-del-1-maggio\/","title":{"rendered":"Meteo, il caldo sar\u00e0 spazzato via da vento e aria fredda. Ma torner\u00e0 il sole per il ponte del 1 maggio"},"content":{"rendered":"<p>Dopo giorni quasi estivi, \u00e8 atteso nella giornata di domani, gioved\u00ec 30 aprile, un afflusso di aria fredda sulla Toscana. Nell\u2019area centro-settentrionale della regione sono previste raffiche di <strong>vento<\/strong> di grecale fino a 50-60 chilometri orari lungo le pianure esposte e fino a 60-80 chilometri orari sulle zone collinari centro-meridionali.<\/p>\n<p>Per questo motivo la Sala operativa delle Protezione civile regionale ha emesso un\u2019<strong>allerta con codice giallo<\/strong> per vento che interesser\u00e0, dalle 10 alle 20 di domani, la piana di Firenze, il Valdarno inferiore, le valli del Bisenzio e dell\u2019Ombrone pistoiese, la Valdelsa e la Valdera.<\/p>\n<p>Il calo delle temperature interesser\u00e0 tutto il Paese, ma per chi si \u00e8 organizzato per passare fuori o all&#8217;aperto i giorni del ponte del\u00a0 maggio, niente paura, saono previste temperature nella media del periodo: si assesteranno ovunque sui 22-23\u00b0C. Il Ponte, poi, proseguir\u00e0 all&#8217;insegna di un ulteriore, sensibile miglioramento. Le temperature massime riprenderanno a salire dolcemente, riportandosi leggermente sopra i valori medi, con punte di 25\u00b0C anche al Nord.<\/p>\n<p>Ulteriori dettagli e consigli sui comportamenti da adottare, a seconda del rischio, si trovano all&#8217;interno della sezione Allerta meteo del sito della Regione Toscana, accessibile all&#8217;indirizzo\u00a0<a href=\"http:\/\/www.regione.toscana.it\/allertameteo\" target=\"_blank\" rel=\"noopener\" data-saferedirecturl=\"https:\/\/www.google.com\/url?q=http:\/\/www.regione.toscana.it\/allertameteo&amp;source=gmail&amp;ust=1777550922785000&amp;usg=AOvVaw2PtIR6PW8RWk2J4Wpy8JAT\">http:\/\/www.<wbr \/>regione.toscana.it\/<wbr \/>allertameteo<\/a>.<\/p>\n","protected":false},"excerpt":{"rendered":"<p>La Sala operativa delle Protezione civile regionale ha emesso un\u2019allerta con codice giallo per vento che interesser\u00e0, dalle 10 alle 20 di domani, la piana di Firenze, il Valdarno inferiore, le valli del Bisenzio e dell\u2019Ombrone pistoiese, la Valdelsa e la Valdera<\/p>\n","protected":false},"author":503,"featured_media":425888,"comment_status":"open","ping_status":"open","sticky":false,"template":"","format":"standard","meta":{"_acf_changed":false,"footnotes":""},"categories":[494],"tags":[4387,4858,3471],"class_list":["post-425883","post","type-post","status-publish","format-standard","has-post-thumbnail","hentry","category-attualita","tag-allerta-meteo","tag-meteo","tag-protezione-civile"],"acf":[],"yoast_head":"<!-- This site is optimized with the Yoast SEO Premium plugin v24.2 (Yoast SEO v25.6) - https:\/\/yoast.com\/wordpress\/plugins\/seo\/ -->\n<title>Meteo, il caldo sar\u00e0 spazzato via da vento e aria fredda. Ma torner\u00e0 il sole per il ponte del 1 maggio - intoscana<\/title>\n<meta name=\"description\" content=\"Attese forti raffiche di vento sulla Toscana. Poi le temperature rialzeranno portando sole e bel tempo per il ponte\" \/>\n<meta name=\"robots\" content=\"index, follow, max-snippet:-1, max-image-preview:large, max-video-preview:-1\" \/>\n<link rel=\"canonical\" href=\"https:\/\/www.intoscana.it\/it\/meteo-il-caldo-sara-spazzato-via-da-vento-e-aria-fredda-ma-tornera-il-sole-per-il-ponte-del-1-maggio\/\" \/>\n<meta property=\"og:locale\" content=\"it_IT\" \/>\n<meta property=\"og:type\" content=\"article\" \/>\n<meta property=\"og:title\" content=\"Meteo, il caldo sar\u00e0 spazzato via da vento e aria fredda. Ma torner\u00e0 il sole per il ponte del 1 maggio\" \/>\n<meta property=\"og:description\" content=\"Attese forti raffiche di vento sulla Toscana. Poi le temperature rialzeranno portando sole e bel tempo per il ponte\" \/>\n<meta property=\"og:url\" content=\"https:\/\/www.intoscana.it\/it\/meteo-il-caldo-sara-spazzato-via-da-vento-e-aria-fredda-ma-tornera-il-sole-per-il-ponte-del-1-maggio\/\" \/>\n<meta property=\"og:site_name\" content=\"intoscana\" \/>\n<meta property=\"article:publisher\" content=\"https:\/\/www.facebook.com\/intoscana.it\" \/>\n<meta property=\"article:published_time\" content=\"2026-04-29T12:47:37+00:00\" \/>\n<meta property=\"og:image\" content=\"https:\/\/www.intoscana.it\/wp-content\/uploads\/fietzfotos-grain-4858574_1280.jpg\" \/>\n\t<meta property=\"og:image:width\" content=\"1280\" \/>\n\t<meta property=\"og:image:height\" content=\"845\" \/>\n\t<meta property=\"og:image:type\" content=\"image\/jpeg\" \/>\n<meta name=\"author\" content=\"Giulia Rafanelli\" \/>\n<meta name=\"twitter:card\" content=\"summary_large_image\" \/>\n<meta name=\"twitter:creator\" content=\"@intoscana\" \/>\n<meta name=\"twitter:site\" content=\"@intoscana\" \/>\n<meta name=\"twitter:label1\" content=\"Written by\" \/>\n\t<meta name=\"twitter:data1\" content=\"Giulia Rafanelli\" \/>\n\t<meta name=\"twitter:label2\" content=\"Est. reading time\" \/>\n\t<meta name=\"twitter:data2\" content=\"2 minuti\" \/>\n<script type=\"application\/ld+json\" class=\"yoast-schema-graph\">{\"@context\":\"https:\/\/schema.org\",\"@graph\":[{\"@type\":\"WebPage\",\"@id\":\"https:\/\/www.intoscana.it\/it\/meteo-il-caldo-sara-spazzato-via-da-vento-e-aria-fredda-ma-tornera-il-sole-per-il-ponte-del-1-maggio\/\",\"url\":\"https:\/\/www.intoscana.it\/it\/meteo-il-caldo-sara-spazzato-via-da-vento-e-aria-fredda-ma-tornera-il-sole-per-il-ponte-del-1-maggio\/\",\"name\":\"Meteo, il caldo sar\u00e0 spazzato via da vento e aria fredda. Ma torner\u00e0 il sole per il ponte del 1 maggio - intoscana\",\"isPartOf\":{\"@id\":\"https:\/\/www.intoscana.it\/it\/#website\"},\"primaryImageOfPage\":{\"@id\":\"https:\/\/www.intoscana.it\/it\/meteo-il-caldo-sara-spazzato-via-da-vento-e-aria-fredda-ma-tornera-il-sole-per-il-ponte-del-1-maggio\/#primaryimage\"},\"image\":{\"@id\":\"https:\/\/www.intoscana.it\/it\/meteo-il-caldo-sara-spazzato-via-da-vento-e-aria-fredda-ma-tornera-il-sole-per-il-ponte-del-1-maggio\/#primaryimage\"},\"thumbnailUrl\":\"https:\/\/www.intoscana.it\/wp-content\/uploads\/fietzfotos-grain-4858574_1280.jpg\",\"datePublished\":\"2026-04-29T12:47:37+00:00\",\"author\":{\"@id\":\"https:\/\/www.intoscana.it\/it\/#\/schema\/person\/333569b367b301e30262defcea56c939\"},\"description\":\"Attese forti raffiche di vento sulla Toscana. Poi le temperature rialzeranno portando sole e bel tempo per il ponte\",\"breadcrumb\":{\"@id\":\"https:\/\/www.intoscana.it\/it\/meteo-il-caldo-sara-spazzato-via-da-vento-e-aria-fredda-ma-tornera-il-sole-per-il-ponte-del-1-maggio\/#breadcrumb\"},\"inLanguage\":\"it-IT\",\"potentialAction\":[{\"@type\":\"ReadAction\",\"target\":[\"https:\/\/www.intoscana.it\/it\/meteo-il-caldo-sara-spazzato-via-da-vento-e-aria-fredda-ma-tornera-il-sole-per-il-ponte-del-1-maggio\/\"]}]},{\"@type\":\"ImageObject\",\"inLanguage\":\"it-IT\",\"@id\":\"https:\/\/www.intoscana.it\/it\/meteo-il-caldo-sara-spazzato-via-da-vento-e-aria-fredda-ma-tornera-il-sole-per-il-ponte-del-1-maggio\/#primaryimage\",\"url\":\"https:\/\/www.intoscana.it\/wp-content\/uploads\/fietzfotos-grain-4858574_1280.jpg\",\"contentUrl\":\"https:\/\/www.intoscana.it\/wp-content\/uploads\/fietzfotos-grain-4858574_1280.jpg\",\"width\":1280,\"height\":845},{\"@type\":\"BreadcrumbList\",\"@id\":\"https:\/\/www.intoscana.it\/it\/meteo-il-caldo-sara-spazzato-via-da-vento-e-aria-fredda-ma-tornera-il-sole-per-il-ponte-del-1-maggio\/#breadcrumb\",\"itemListElement\":[{\"@type\":\"ListItem\",\"position\":1,\"name\":\"Home\",\"item\":\"https:\/\/www.intoscana.it\/it\/\"},{\"@type\":\"ListItem\",\"position\":2,\"name\":\"Meteo, il caldo sar\u00e0 spazzato via da vento e aria fredda. Ma torner\u00e0 il sole per il ponte del 1 maggio\"}]},{\"@type\":\"WebSite\",\"@id\":\"https:\/\/www.intoscana.it\/it\/#website\",\"url\":\"https:\/\/www.intoscana.it\/it\/\",\"name\":\"intoscana\",\"description\":\"\",\"potentialAction\":[{\"@type\":\"SearchAction\",\"target\":{\"@type\":\"EntryPoint\",\"urlTemplate\":\"https:\/\/www.intoscana.it\/it\/?s={search_term_string}\"},\"query-input\":{\"@type\":\"PropertyValueSpecification\",\"valueRequired\":true,\"valueName\":\"search_term_string\"}}],\"inLanguage\":\"it-IT\"},{\"@type\":\"Person\",\"@id\":\"https:\/\/www.intoscana.it\/it\/#\/schema\/person\/333569b367b301e30262defcea56c939\",\"name\":\"Giulia Rafanelli\",\"url\":\"https:\/\/www.intoscana.it\/it\/author\/giulia-rafanelli\/\"}]}<\/script>\n<!-- \/ Yoast SEO Premium plugin. -->","yoast_head_json":{"title":"Meteo, il caldo sar\u00e0 spazzato via da vento e aria fredda. Ma torner\u00e0 il sole per il ponte del 1 maggio - intoscana","description":"Attese forti raffiche di vento sulla Toscana. Poi le temperature rialzeranno portando sole e bel tempo per il ponte","robots":{"index":"index","follow":"follow","max-snippet":"max-snippet:-1","max-image-preview":"max-image-preview:large","max-video-preview":"max-video-preview:-1"},"canonical":"https:\/\/www.intoscana.it\/it\/meteo-il-caldo-sara-spazzato-via-da-vento-e-aria-fredda-ma-tornera-il-sole-per-il-ponte-del-1-maggio\/","og_locale":"it_IT","og_type":"article","og_title":"Meteo, il caldo sar\u00e0 spazzato via da vento e aria fredda. Ma torner\u00e0 il sole per il ponte del 1 maggio","og_description":"Attese forti raffiche di vento sulla Toscana. Poi le temperature rialzeranno portando sole e bel tempo per il ponte","og_url":"https:\/\/www.intoscana.it\/it\/meteo-il-caldo-sara-spazzato-via-da-vento-e-aria-fredda-ma-tornera-il-sole-per-il-ponte-del-1-maggio\/","og_site_name":"intoscana","article_publisher":"https:\/\/www.facebook.com\/intoscana.it","article_published_time":"2026-04-29T12:47:37+00:00","og_image":[{"width":1280,"height":845,"url":"https:\/\/www.intoscana.it\/wp-content\/uploads\/fietzfotos-grain-4858574_1280.jpg","type":"image\/jpeg"}],"author":"Giulia Rafanelli","twitter_card":"summary_large_image","twitter_creator":"@intoscana","twitter_site":"@intoscana","twitter_misc":{"Written by":"Giulia Rafanelli","Est. reading time":"2 minuti"},"schema":{"@context":"https:\/\/schema.org","@graph":[{"@type":"WebPage","@id":"https:\/\/www.intoscana.it\/it\/meteo-il-caldo-sara-spazzato-via-da-vento-e-aria-fredda-ma-tornera-il-sole-per-il-ponte-del-1-maggio\/","url":"https:\/\/www.intoscana.it\/it\/meteo-il-caldo-sara-spazzato-via-da-vento-e-aria-fredda-ma-tornera-il-sole-per-il-ponte-del-1-maggio\/","name":"Meteo, il caldo sar\u00e0 spazzato via da vento e aria fredda. Ma torner\u00e0 il sole per il ponte del 1 maggio - intoscana","isPartOf":{"@id":"https:\/\/www.intoscana.it\/it\/#website"},"primaryImageOfPage":{"@id":"https:\/\/www.intoscana.it\/it\/meteo-il-caldo-sara-spazzato-via-da-vento-e-aria-fredda-ma-tornera-il-sole-per-il-ponte-del-1-maggio\/#primaryimage"},"image":{"@id":"https:\/\/www.intoscana.it\/it\/meteo-il-caldo-sara-spazzato-via-da-vento-e-aria-fredda-ma-tornera-il-sole-per-il-ponte-del-1-maggio\/#primaryimage"},"thumbnailUrl":"https:\/\/www.intoscana.it\/wp-content\/uploads\/fietzfotos-grain-4858574_1280.jpg","datePublished":"2026-04-29T12:47:37+00:00","author":{"@id":"https:\/\/www.intoscana.it\/it\/#\/schema\/person\/333569b367b301e30262defcea56c939"},"description":"Attese forti raffiche di vento sulla Toscana. Poi le temperature rialzeranno portando sole e bel tempo per il ponte","breadcrumb":{"@id":"https:\/\/www.intoscana.it\/it\/meteo-il-caldo-sara-spazzato-via-da-vento-e-aria-fredda-ma-tornera-il-sole-per-il-ponte-del-1-maggio\/#breadcrumb"},"inLanguage":"it-IT","potentialAction":[{"@type":"ReadAction","target":["https:\/\/www.intoscana.it\/it\/meteo-il-caldo-sara-spazzato-via-da-vento-e-aria-fredda-ma-tornera-il-sole-per-il-ponte-del-1-maggio\/"]}]},{"@type":"ImageObject","inLanguage":"it-IT","@id":"https:\/\/www.intoscana.it\/it\/meteo-il-caldo-sara-spazzato-via-da-vento-e-aria-fredda-ma-tornera-il-sole-per-il-ponte-del-1-maggio\/#primaryimage","url":"https:\/\/www.intoscana.it\/wp-content\/uploads\/fietzfotos-grain-4858574_1280.jpg","contentUrl":"https:\/\/www.intoscana.it\/wp-content\/uploads\/fietzfotos-grain-4858574_1280.jpg","width":1280,"height":845},{"@type":"BreadcrumbList","@id":"https:\/\/www.intoscana.it\/it\/meteo-il-caldo-sara-spazzato-via-da-vento-e-aria-fredda-ma-tornera-il-sole-per-il-ponte-del-1-maggio\/#breadcrumb","itemListElement":[{"@type":"ListItem","position":1,"name":"Home","item":"https:\/\/www.intoscana.it\/it\/"},{"@type":"ListItem","position":2,"name":"Meteo, il caldo sar\u00e0 spazzato via da vento e aria fredda. Ma torner\u00e0 il sole per il ponte del 1 maggio"}]},{"@type":"WebSite","@id":"https:\/\/www.intoscana.it\/it\/#website","url":"https:\/\/www.intoscana.it\/it\/","name":"intoscana","description":"","potentialAction":[{"@type":"SearchAction","target":{"@type":"EntryPoint","urlTemplate":"https:\/\/www.intoscana.it\/it\/?s={search_term_string}"},"query-input":{"@type":"PropertyValueSpecification","valueRequired":true,"valueName":"search_term_string"}}],"inLanguage":"it-IT"},{"@type":"Person","@id":"https:\/\/www.intoscana.it\/it\/#\/schema\/person\/333569b367b301e30262defcea56c939","name":"Giulia Rafanelli","url":"https:\/\/www.intoscana.it\/it\/author\/giulia-rafanelli\/"}]}},"_links":{"self":[{"href":"https:\/\/www.intoscana.it\/it\/wp-json\/wp\/v2\/posts\/425883","targetHints":{"allow":["GET"]}}],"collection":[{"href":"https:\/\/www.intoscana.it\/it\/wp-json\/wp\/v2\/posts"}],"about":[{"href":"https:\/\/www.intoscana.it\/it\/wp-json\/wp\/v2\/types\/post"}],"author":[{"embeddable":true,"href":"https:\/\/www.intoscana.it\/it\/wp-json\/wp\/v2\/users\/503"}],"replies":[{"embeddable":true,"href":"https:\/\/www.intoscana.it\/it\/wp-json\/wp\/v2\/comments?post=425883"}],"version-history":[{"count":1,"href":"https:\/\/www.intoscana.it\/it\/wp-json\/wp\/v2\/posts\/425883\/revisions"}],"predecessor-version":[{"id":425890,"href":"https:\/\/www.intoscana.it\/it\/wp-json\/wp\/v2\/posts\/425883\/revisions\/425890"}],"wp:featuredmedia":[{"embeddable":true,"href":"https:\/\/www.intoscana.it\/it\/wp-json\/wp\/v2\/media\/425888"}],"wp:attachment":[{"href":"https:\/\/www.intoscana.it\/it\/wp-json\/wp\/v2\/media?parent=425883"}],"wp:term":[{"taxonomy":"category","embeddable":true,"href":"https:\/\/www.intoscana.it\/it\/wp-json\/wp\/v2\/categories?post=425883"},{"taxonomy":"post_tag","embeddable":true,"href":"https:\/\/www.intoscana.it\/it\/wp-json\/wp\/v2\/tags?post=425883"}],"curies":[{"name":"wp","href":"https:\/\/api.w.org\/{rel}","templated":true}]}}