{"id":425897,"date":"2026-04-29T15:18:12","date_gmt":"2026-04-29T13:18:12","guid":{"rendered":"https:\/\/www.intoscana.it\/it\/?p=425897"},"modified":"2026-04-29T16:38:42","modified_gmt":"2026-04-29T14:38:42","slug":"portale-web-casa-museo-rodolfo-siviero","status":"publish","type":"post","link":"https:\/\/www.intoscana.it\/it\/portale-web-casa-museo-rodolfo-siviero\/","title":{"rendered":"Arte, un nuovo portale web per la Casa Museo Rodolfo Siviero"},"content":{"rendered":"<blockquote>\n<div class=\"sit-container sit-hero__container\">\n<div class=\"sit-hero__text\">\n<p class=\"sit-hero__subtitle\" data-lfr-editable-id=\"hero_ricerca_subtitle\" data-lfr-editable-type=\"text\">Un percorso tra fascismo e Repubblica fra capolavori salvati, servizi segreti e relazioni internazionali<\/p>\n<\/div>\n<\/div>\n<\/blockquote>\n<div class=\"sit-container sit-hero__container\">\n<div class=\"sit-hero__text\">\n<p data-lfr-editable-id=\"hero_ricerca_subtitle\" data-lfr-editable-type=\"text\"><strong>Casa Museo Rodolfo Siviero<\/strong>, il villino sul Lungarno Soderini a Firenze interessato fino al 2027 da un importante intervento di restauro e riqualificazione, da oggi ha un nuovo portale di informazione e interazione sulla raccolta dei beni storico artistici e documentari prodotti dall\u2019attivit\u00e0 del Ministro plenipotenziario a capo della Delegazione per le restituzioni delle opere d\u2019arte.<\/p>\n<p data-lfr-editable-id=\"hero_ricerca_subtitle\" data-lfr-editable-type=\"text\"><a href=\"http:\/\/casamuseosiviero.toscana.it\">casamuseosiviero.toscana.it<\/a> \u00e8 il nome del nuovo portale dedicato alla <strong>Casa Museo Rodolfo Siviero<\/strong>. <strong>Siverio<\/strong> (1911\u20131983), \u00e8 stato un agente dei servizi d\u2019informazione, partigiano e ministro plenipotenziario della Repubblica, \u00e8 stato il principale artefice del recupero in Italia di centinaia di opere sottratte prima e durante la Seconda guerra mondiale. A capo della Delegazione per il recupero delle opere d\u2019arte del Ministero degli Esteri, seppe unire competenze diplomatiche, investigative e storico-artistiche, contribuendo in modo decisivo a costruire una nuova coscienza culturale nel Paese. <mark>La sua scelta di donare alla Regione Toscana la casa e la collezione personale ha trasformato il villino ottocentesco in un luogo simbolo della memoria e della tutela del patrimonio <\/mark>.<\/p>\n<p data-lfr-editable-id=\"hero_ricerca_subtitle\" data-lfr-editable-type=\"text\">\u201cSiviero scelse consapevolmente di legare il proprio patrimonio alla Regione Toscana \u2013 ha dichiarato il presidente della Regione Toscana <strong>Eugenio Giani<\/strong> \u2013 anche grazie al rapporto con l\u2019allora presidente della Regione Mario Leone. <mark>Oggi noi proseguiamo quella scelta con un investimento di oltre 3 milioni di euro per la ristrutturazione in corso. La casa diventer\u00e0 parte di un sistema pi\u00f9 ampio, collegato a piazza Poggi, al futuro Museo dell\u2019Acqua e agli interventi sulla Pescaia di San Niccol\u00f2, configurandosi come una vera e propria cittadella culturale <\/mark>&#8220;.<\/p>\n<p data-lfr-editable-id=\"hero_ricerca_subtitle\" data-lfr-editable-type=\"text\"><mark>La Casa Museo Rodolfo Siviero \u00e8 molto pi\u00f9 di una raccolta di opere d&#8217;arte. Ogni suo angolo racconta una storia. La storia di un uomo che ha dedicato la sua vita alla salvaguardia del patrimonio culturale italiano <\/mark>.\u00a0 Tra le mura di una dimora storica si respira l&#8217;atmosfera di un&#8217;epoca e si scoprono i valori che hanno ispirato Siviero nella sua lotta contro il fascismo, il nazismo e il saccheggio delle opere d&#8217;arte. &#8220;\u00c8 la dimostrazione &#8211; ha aggiunto Giani &#8211; di quanto Siviero abbia visto lontano: la sua residenza, simbolo dell\u2019impegno straordinario per il recupero delle opere trafugate durante il nazifascismo, torna a vivere. Con questo portale anticipiamo idealmente la riapertura, offrendo gi\u00e0 da ora la possibilit\u00e0 di conoscere un patrimonio che presto sar\u00e0 nuovamente accessibile dal vivo\u201d.<\/p>\n<p data-lfr-editable-id=\"hero_ricerca_subtitle\" data-lfr-editable-type=\"text\"><mark>Il portale si presenta come un vero e proprio ambiente digitale di esplorazione e conoscenza. Attraverso percorsi narrativi, schede delle opere, documenti d\u2019archivio e fotografie, sar\u00e0 possibile approfondire la storia della collezione e delle opere scomparse e recuperate <\/mark>, oltre al contesto storico italiano ed europeo in cui Siviero oper\u00f2.<\/p>\n<p data-lfr-editable-id=\"hero_ricerca_subtitle\" data-lfr-editable-type=\"text\">\u201cDa oggi possiamo visitare, almeno virtualmente, la Casa Museo \u2013 ha aggiunto l\u2019assessora alla Cultura <strong>Cristina Manetti<\/strong> \u2013 un museo regionale la cui apertura \u00e8 prevista per l\u2019inizio del 2027. Il portale permette di entrare negli spazi del museo e scoprire alcune opere importanti, tra cui lavori di Giorgio De Chirico, insieme a un nuovo allestimento dedicato a una figura affascinante e complessa. Siviero fu un protagonista fondamentale nel recupero delle opere d\u2019arte trafugate durante la guerra: un impegno che merita di essere conosciuto e raccontato. Il sito consente non solo di vedere le opere, ma anche di approfondire la storia di questo personaggio straordinario. <mark>Ci saranno anche elementi curiosi, come l\u2019automobile di Siviero restaurata. \u00c8 uno strumento prezioso per valorizzare la memoria che la Regione continua a custodire e promuovere\u201d <\/mark>.<\/p>\n<\/div>\n<\/div>\n","protected":false},"excerpt":{"rendered":"<p>Percorsi digitali, opere e archivi raccontano la storia del protagonista del recupero dei beni trafugati durante la guerra. Giani: &#8220;Siviero scelse di legare il proprio patrimonio alla Regione Toscana. Noi proseguiamo su questa strada con un investimento di oltre 3 milioni di euro per la ristrutturazione del villino&#8221;<\/p>\n","protected":false},"author":503,"featured_media":425923,"comment_status":"open","ping_status":"open","sticky":false,"template":"","format":"standard","meta":{"_acf_changed":false,"footnotes":""},"categories":[493],"tags":[174,4609,6621,6940,175],"class_list":["post-425897","post","type-post","status-publish","format-standard","has-post-thumbnail","hentry","category-cultura","tag-arte","tag-memoria","tag-resistenza","tag-siviero","tag-storia"],"acf":[],"yoast_head":"<!-- This site is optimized with the Yoast SEO Premium plugin v24.2 (Yoast SEO v25.6) - https:\/\/yoast.com\/wordpress\/plugins\/seo\/ -->\n<title>Arte, un nuovo portale web per la Casa Museo Rodolfo Siviero - intoscana<\/title>\n<meta name=\"description\" content=\"Un archivio digitale tra opere, documenti e racconti sul protagonista del recupero artistico nel dopoguerra.\" \/>\n<meta name=\"robots\" content=\"index, follow, max-snippet:-1, max-image-preview:large, max-video-preview:-1\" \/>\n<link rel=\"canonical\" href=\"https:\/\/www.intoscana.it\/it\/portale-web-casa-museo-rodolfo-siviero\/\" \/>\n<meta property=\"og:locale\" content=\"it_IT\" \/>\n<meta property=\"og:type\" content=\"article\" \/>\n<meta property=\"og:title\" content=\"Arte, un nuovo portale web per la Casa Museo Rodolfo Siviero\" \/>\n<meta property=\"og:description\" content=\"Un archivio digitale tra opere, documenti e racconti sul protagonista del recupero artistico nel dopoguerra.\" \/>\n<meta property=\"og:url\" content=\"https:\/\/www.intoscana.it\/it\/portale-web-casa-museo-rodolfo-siviero\/\" \/>\n<meta property=\"og:site_name\" content=\"intoscana\" \/>\n<meta property=\"article:publisher\" content=\"https:\/\/www.facebook.com\/intoscana.it\" \/>\n<meta property=\"article:published_time\" content=\"2026-04-29T13:18:12+00:00\" \/>\n<meta property=\"article:modified_time\" content=\"2026-04-29T14:38:42+00:00\" \/>\n<meta property=\"og:image\" content=\"https:\/\/www.intoscana.it\/wp-content\/uploads\/Rodolfo-Siviero-scaled.png\" \/>\n\t<meta property=\"og:image:width\" content=\"2048\" \/>\n\t<meta property=\"og:image:height\" content=\"1612\" \/>\n\t<meta property=\"og:image:type\" content=\"image\/png\" \/>\n<meta name=\"author\" content=\"Giulia Rafanelli\" \/>\n<meta name=\"twitter:card\" content=\"summary_large_image\" \/>\n<meta name=\"twitter:creator\" content=\"@intoscana\" \/>\n<meta name=\"twitter:site\" content=\"@intoscana\" \/>\n<meta name=\"twitter:label1\" content=\"Written by\" \/>\n\t<meta name=\"twitter:data1\" content=\"Giulia Rafanelli\" \/>\n\t<meta name=\"twitter:label2\" content=\"Est. reading time\" \/>\n\t<meta name=\"twitter:data2\" content=\"4 minuti\" \/>\n<script type=\"application\/ld+json\" class=\"yoast-schema-graph\">{\"@context\":\"https:\/\/schema.org\",\"@graph\":[{\"@type\":\"WebPage\",\"@id\":\"https:\/\/www.intoscana.it\/it\/portale-web-casa-museo-rodolfo-siviero\/\",\"url\":\"https:\/\/www.intoscana.it\/it\/portale-web-casa-museo-rodolfo-siviero\/\",\"name\":\"Arte, un nuovo portale web per la Casa Museo Rodolfo Siviero - intoscana\",\"isPartOf\":{\"@id\":\"https:\/\/www.intoscana.it\/it\/#website\"},\"primaryImageOfPage\":{\"@id\":\"https:\/\/www.intoscana.it\/it\/portale-web-casa-museo-rodolfo-siviero\/#primaryimage\"},\"image\":{\"@id\":\"https:\/\/www.intoscana.it\/it\/portale-web-casa-museo-rodolfo-siviero\/#primaryimage\"},\"thumbnailUrl\":\"https:\/\/www.intoscana.it\/wp-content\/uploads\/Rodolfo-Siviero-scaled.png\",\"datePublished\":\"2026-04-29T13:18:12+00:00\",\"dateModified\":\"2026-04-29T14:38:42+00:00\",\"author\":{\"@id\":\"https:\/\/www.intoscana.it\/it\/#\/schema\/person\/333569b367b301e30262defcea56c939\"},\"description\":\"Un archivio digitale tra opere, documenti e racconti sul protagonista del recupero artistico nel dopoguerra.\",\"breadcrumb\":{\"@id\":\"https:\/\/www.intoscana.it\/it\/portale-web-casa-museo-rodolfo-siviero\/#breadcrumb\"},\"inLanguage\":\"it-IT\",\"potentialAction\":[{\"@type\":\"ReadAction\",\"target\":[\"https:\/\/www.intoscana.it\/it\/portale-web-casa-museo-rodolfo-siviero\/\"]}]},{\"@type\":\"ImageObject\",\"inLanguage\":\"it-IT\",\"@id\":\"https:\/\/www.intoscana.it\/it\/portale-web-casa-museo-rodolfo-siviero\/#primaryimage\",\"url\":\"https:\/\/www.intoscana.it\/wp-content\/uploads\/Rodolfo-Siviero-scaled.png\",\"contentUrl\":\"https:\/\/www.intoscana.it\/wp-content\/uploads\/Rodolfo-Siviero-scaled.png\",\"width\":2048,\"height\":1612},{\"@type\":\"BreadcrumbList\",\"@id\":\"https:\/\/www.intoscana.it\/it\/portale-web-casa-museo-rodolfo-siviero\/#breadcrumb\",\"itemListElement\":[{\"@type\":\"ListItem\",\"position\":1,\"name\":\"Home\",\"item\":\"https:\/\/www.intoscana.it\/it\/\"},{\"@type\":\"ListItem\",\"position\":2,\"name\":\"Arte, un nuovo portale web per la Casa Museo Rodolfo Siviero\"}]},{\"@type\":\"WebSite\",\"@id\":\"https:\/\/www.intoscana.it\/it\/#website\",\"url\":\"https:\/\/www.intoscana.it\/it\/\",\"name\":\"intoscana\",\"description\":\"\",\"potentialAction\":[{\"@type\":\"SearchAction\",\"target\":{\"@type\":\"EntryPoint\",\"urlTemplate\":\"https:\/\/www.intoscana.it\/it\/?s={search_term_string}\"},\"query-input\":{\"@type\":\"PropertyValueSpecification\",\"valueRequired\":true,\"valueName\":\"search_term_string\"}}],\"inLanguage\":\"it-IT\"},{\"@type\":\"Person\",\"@id\":\"https:\/\/www.intoscana.it\/it\/#\/schema\/person\/333569b367b301e30262defcea56c939\",\"name\":\"Giulia Rafanelli\",\"url\":\"https:\/\/www.intoscana.it\/it\/author\/giulia-rafanelli\/\"}]}<\/script>\n<!-- \/ Yoast SEO Premium plugin. -->","yoast_head_json":{"title":"Arte, un nuovo portale web per la Casa Museo Rodolfo Siviero - intoscana","description":"Un archivio digitale tra opere, documenti e racconti sul protagonista del recupero artistico nel dopoguerra.","robots":{"index":"index","follow":"follow","max-snippet":"max-snippet:-1","max-image-preview":"max-image-preview:large","max-video-preview":"max-video-preview:-1"},"canonical":"https:\/\/www.intoscana.it\/it\/portale-web-casa-museo-rodolfo-siviero\/","og_locale":"it_IT","og_type":"article","og_title":"Arte, un nuovo portale web per la Casa Museo Rodolfo Siviero","og_description":"Un archivio digitale tra opere, documenti e racconti sul protagonista del recupero artistico nel dopoguerra.","og_url":"https:\/\/www.intoscana.it\/it\/portale-web-casa-museo-rodolfo-siviero\/","og_site_name":"intoscana","article_publisher":"https:\/\/www.facebook.com\/intoscana.it","article_published_time":"2026-04-29T13:18:12+00:00","article_modified_time":"2026-04-29T14:38:42+00:00","og_image":[{"width":2048,"height":1612,"url":"https:\/\/www.intoscana.it\/wp-content\/uploads\/Rodolfo-Siviero-scaled.png","type":"image\/png"}],"author":"Giulia Rafanelli","twitter_card":"summary_large_image","twitter_creator":"@intoscana","twitter_site":"@intoscana","twitter_misc":{"Written by":"Giulia Rafanelli","Est. reading time":"4 minuti"},"schema":{"@context":"https:\/\/schema.org","@graph":[{"@type":"WebPage","@id":"https:\/\/www.intoscana.it\/it\/portale-web-casa-museo-rodolfo-siviero\/","url":"https:\/\/www.intoscana.it\/it\/portale-web-casa-museo-rodolfo-siviero\/","name":"Arte, un nuovo portale web per la Casa Museo Rodolfo Siviero - intoscana","isPartOf":{"@id":"https:\/\/www.intoscana.it\/it\/#website"},"primaryImageOfPage":{"@id":"https:\/\/www.intoscana.it\/it\/portale-web-casa-museo-rodolfo-siviero\/#primaryimage"},"image":{"@id":"https:\/\/www.intoscana.it\/it\/portale-web-casa-museo-rodolfo-siviero\/#primaryimage"},"thumbnailUrl":"https:\/\/www.intoscana.it\/wp-content\/uploads\/Rodolfo-Siviero-scaled.png","datePublished":"2026-04-29T13:18:12+00:00","dateModified":"2026-04-29T14:38:42+00:00","author":{"@id":"https:\/\/www.intoscana.it\/it\/#\/schema\/person\/333569b367b301e30262defcea56c939"},"description":"Un archivio digitale tra opere, documenti e racconti sul protagonista del recupero artistico nel dopoguerra.","breadcrumb":{"@id":"https:\/\/www.intoscana.it\/it\/portale-web-casa-museo-rodolfo-siviero\/#breadcrumb"},"inLanguage":"it-IT","potentialAction":[{"@type":"ReadAction","target":["https:\/\/www.intoscana.it\/it\/portale-web-casa-museo-rodolfo-siviero\/"]}]},{"@type":"ImageObject","inLanguage":"it-IT","@id":"https:\/\/www.intoscana.it\/it\/portale-web-casa-museo-rodolfo-siviero\/#primaryimage","url":"https:\/\/www.intoscana.it\/wp-content\/uploads\/Rodolfo-Siviero-scaled.png","contentUrl":"https:\/\/www.intoscana.it\/wp-content\/uploads\/Rodolfo-Siviero-scaled.png","width":2048,"height":1612},{"@type":"BreadcrumbList","@id":"https:\/\/www.intoscana.it\/it\/portale-web-casa-museo-rodolfo-siviero\/#breadcrumb","itemListElement":[{"@type":"ListItem","position":1,"name":"Home","item":"https:\/\/www.intoscana.it\/it\/"},{"@type":"ListItem","position":2,"name":"Arte, un nuovo portale web per la Casa Museo Rodolfo Siviero"}]},{"@type":"WebSite","@id":"https:\/\/www.intoscana.it\/it\/#website","url":"https:\/\/www.intoscana.it\/it\/","name":"intoscana","description":"","potentialAction":[{"@type":"SearchAction","target":{"@type":"EntryPoint","urlTemplate":"https:\/\/www.intoscana.it\/it\/?s={search_term_string}"},"query-input":{"@type":"PropertyValueSpecification","valueRequired":true,"valueName":"search_term_string"}}],"inLanguage":"it-IT"},{"@type":"Person","@id":"https:\/\/www.intoscana.it\/it\/#\/schema\/person\/333569b367b301e30262defcea56c939","name":"Giulia Rafanelli","url":"https:\/\/www.intoscana.it\/it\/author\/giulia-rafanelli\/"}]}},"_links":{"self":[{"href":"https:\/\/www.intoscana.it\/it\/wp-json\/wp\/v2\/posts\/425897","targetHints":{"allow":["GET"]}}],"collection":[{"href":"https:\/\/www.intoscana.it\/it\/wp-json\/wp\/v2\/posts"}],"about":[{"href":"https:\/\/www.intoscana.it\/it\/wp-json\/wp\/v2\/types\/post"}],"author":[{"embeddable":true,"href":"https:\/\/www.intoscana.it\/it\/wp-json\/wp\/v2\/users\/503"}],"replies":[{"embeddable":true,"href":"https:\/\/www.intoscana.it\/it\/wp-json\/wp\/v2\/comments?post=425897"}],"version-history":[{"count":3,"href":"https:\/\/www.intoscana.it\/it\/wp-json\/wp\/v2\/posts\/425897\/revisions"}],"predecessor-version":[{"id":425925,"href":"https:\/\/www.intoscana.it\/it\/wp-json\/wp\/v2\/posts\/425897\/revisions\/425925"}],"wp:featuredmedia":[{"embeddable":true,"href":"https:\/\/www.intoscana.it\/it\/wp-json\/wp\/v2\/media\/425923"}],"wp:attachment":[{"href":"https:\/\/www.intoscana.it\/it\/wp-json\/wp\/v2\/media?parent=425897"}],"wp:term":[{"taxonomy":"category","embeddable":true,"href":"https:\/\/www.intoscana.it\/it\/wp-json\/wp\/v2\/categories?post=425897"},{"taxonomy":"post_tag","embeddable":true,"href":"https:\/\/www.intoscana.it\/it\/wp-json\/wp\/v2\/tags?post=425897"}],"curies":[{"name":"wp","href":"https:\/\/api.w.org\/{rel}","templated":true}]}}