{"id":425919,"date":"2026-04-29T16:29:28","date_gmt":"2026-04-29T14:29:28","guid":{"rendered":"https:\/\/www.intoscana.it\/it\/?p=425919"},"modified":"2026-04-29T16:29:54","modified_gmt":"2026-04-29T14:29:54","slug":"osservatorio-nazionale-per-diritti-civili-teatro-e-arti","status":"publish","type":"post","link":"https:\/\/www.intoscana.it\/it\/osservatorio-nazionale-per-diritti-civili-teatro-e-arti\/","title":{"rendered":"Il teatro per dare voce ai diritti: nasce il nuovo Osservatorio nazionale nel segno di Luana D\u2019Orazio"},"content":{"rendered":"<p><mark>Le arti sceniche come strumento di impegno civile, legalit\u00e0 e memoria <\/mark>. \u00c8 questa la missione alla base dell\u2019<strong>Osservatorio nazionale per i diritti civili, il teatro e le arti,<\/strong> presentato nella sala Sassoli del Consiglio Regionale della Toscana.<\/p>\n<p>Il progetto nasce da un\u2019aggregazione spontanea della societ\u00e0 civile, che riunisce artisti e intellettuali con l\u2019obiettivo di promuovere iniziative di sensibilizzazione sui temi dei diritti, coinvolgendo teatri, istituzioni e soprattutto i pi\u00f9 giovani. Tra i principali ambiti di intervento ci sono infatti le scuole superiori e l\u2019Universit\u00e0 di Firenze, luoghi centrali per costruire consapevolezza e partecipazione: saranno infatti organizzati una serie di appuntamenti di sensibilizzazione nei teatri, nelle istituzioni e, in particolare, nelle scuole superiori e nell\u2019Universit\u00e0 di Firenze<\/p>\n<p>L\u2019Osservatorio, inaugurato nei mesi scorsi a Palazzo Vecchio e sostenuto anche da Rai per il Sociale, <strong>ha gi\u00e0 coinvolto migliaia di persone<\/strong> attraverso attivit\u00e0 online e sui social, attivando contatti con educatori e realt\u00e0 formative come i campi scuola. Ora punta a radicarsi stabilmente proprio a Firenze.<\/p>\n<p>Responsabile e coordinatore del&#8217;Osservatorio \u00e8 <strong>Ugo De Vita <\/strong>che ha dato vita anche a un mensile gratuito, <strong>Il Manto di Arlecchino,<\/strong> regolarmente registrato presso il tribunale di Roma e qui diffuso oltre che a Firenze e Milano in librerie, biblioteche e circoli culturali.<\/p>\n<h3>Il teatro civile e il ricordo di Luana D\u2019Orazio<\/h3>\n<p>Tra le attivit\u00e0 promosse dall&#8217;Osservatorio c\u2019\u00e8 <strong>\u201cElle come Luana \u2013 Tributo a Luana D\u2019Orazio\u201d<\/strong>, un\u2019opera teatrale in versi e prose dedicata alla giovane operaia morta sul lavoro a Montemurlo il 3 maggio 2021, divenuta il simbolo e il volto delle morti sul lavoro.<\/p>\n<p>Il testo, scritto da De Vita, ha visto la collaborazione di <strong>Emma Marrazzo<\/strong>, la mamma di Luana Dopo le presentazioni alla Camera dei Deputati e al Consiglio regionale della Toscana, lo spettacolo ha gi\u00e0 toccato numerosi comuni italiani e continuer\u00e0 il suo percorso istituzionale con una tappa al Senato il 7 maggio. Il prossimo 18 maggio approder\u00e0 anche al prestigioso Teatro Argentina di Roma, prima di riprendere a settembre con un ciclo di appuntamenti nelle scuole secondarie che ne hanno fatto richiesta. <mark>&#8220;Questo tributo \u00e8 nato per mia figlia, per i diritti civili, grazie all&#8217;Osservatorio per i Diritti civili, il teatro e le arti, e voglio ringraziare Ugo perch\u00e9 insieme a me portiamo avanti una battaglia proprio per il diritto civile perch\u00e9, come sapete tutti, Luana non ha avuto giustizia <\/mark>\u201d, ha detto Emma Marrazzo durante la presentazione in Consiglio Regionale.<\/p>\n<h3>Saccardi: &#8220;Ora trasformiamo l&#8217;idea in un&#8217;azione concreta&#8221;<\/h3>\n<p>\u201cLa proposta di affrontare tematiche sociali complesse attraverso il linguaggio teatrale \u00e8 positiva e trova la nostra attenzione \u2013 ha detto la presidente del Consiglio regionale <strong>Stefania Saccardi<\/strong> \u2013 Sar\u00e0 necessario verificare come sar\u00e0 possibile declinare questa iniziativa sul territorio, tenendo conto delle competenze regionali, della fattibilit\u00e0 tecnica e delle metodologie pi\u00f9 appropriate. L&#8217;obiettivo finale \u00e8 trasformare, se possibile, questa idea in un&#8217;azione concreta che possa sensibilizzare il pubblico su argomenti di rilevante attualit\u00e0\u201d.<\/p>\n","protected":false},"excerpt":{"rendered":"<p>Presentato in Consiglio regionale l\u2019Osservatorio per i diritti civili, il teatro e le arti: un progetto che unisce cultura, memoria e impegno sociale. Dalle scuole ai teatri, il progetto punta a sensibilizzare sui temi civili. Tra le iniziative anche \u201cElle come Luana\u201d: opera teatrale dedicata alla giovane operaia morta sul lavoro a Montemurlo il 3 maggio 2021<\/p>\n","protected":false},"author":503,"featured_media":175602,"comment_status":"open","ping_status":"open","sticky":false,"template":"","format":"standard","meta":{"_acf_changed":false,"footnotes":""},"categories":[494],"tags":[4236,4753,4533,6003,236],"class_list":["post-425919","post","type-post","status-publish","format-standard","has-post-thumbnail","hentry","category-attualita","tag-arte-a-firenze","tag-consiglio-regionale-della-toscana","tag-diritti","tag-luana-dorazio","tag-teatro"],"acf":[],"yoast_head":"<!-- This site is optimized with the Yoast SEO Premium plugin v24.2 (Yoast SEO v25.6) - https:\/\/yoast.com\/wordpress\/plugins\/seo\/ -->\n<title>Il teatro per dare voce ai diritti: nasce il nuovo Osservatorio nazionale nel segno di Luana D\u2019Orazio - intoscana<\/title>\n<meta name=\"description\" content=\"Presentato a Firenze l\u2019Osservatorio per i diritti civili, il teatro e le arti: un progetto che unisce cultura, memoria e impegno sociale\" \/>\n<meta name=\"robots\" content=\"index, follow, max-snippet:-1, max-image-preview:large, max-video-preview:-1\" \/>\n<link rel=\"canonical\" href=\"https:\/\/www.intoscana.it\/it\/osservatorio-nazionale-per-diritti-civili-teatro-e-arti\/\" \/>\n<meta property=\"og:locale\" content=\"it_IT\" \/>\n<meta property=\"og:type\" content=\"article\" \/>\n<meta property=\"og:title\" content=\"Il teatro per dare voce ai diritti: nasce il nuovo Osservatorio nazionale nel segno di Luana D\u2019Orazio\" \/>\n<meta property=\"og:description\" content=\"Presentato a Firenze l\u2019Osservatorio per i diritti civili, il teatro e le arti: un progetto che unisce cultura, memoria e impegno sociale\" \/>\n<meta property=\"og:url\" content=\"https:\/\/www.intoscana.it\/it\/osservatorio-nazionale-per-diritti-civili-teatro-e-arti\/\" \/>\n<meta property=\"og:site_name\" content=\"intoscana\" \/>\n<meta property=\"article:publisher\" content=\"https:\/\/www.facebook.com\/intoscana.it\" \/>\n<meta property=\"article:published_time\" content=\"2026-04-29T14:29:28+00:00\" \/>\n<meta property=\"article:modified_time\" content=\"2026-04-29T14:29:54+00:00\" \/>\n<meta property=\"og:image\" content=\"https:\/\/www.intoscana.it\/wp-content\/uploads\/Luana-d-Orazio.jpg\" \/>\n\t<meta property=\"og:image:width\" content=\"600\" \/>\n\t<meta property=\"og:image:height\" content=\"338\" \/>\n\t<meta property=\"og:image:type\" content=\"image\/jpeg\" \/>\n<meta name=\"author\" content=\"Giulia Rafanelli\" \/>\n<meta name=\"twitter:card\" content=\"summary_large_image\" \/>\n<meta name=\"twitter:creator\" content=\"@intoscana\" \/>\n<meta name=\"twitter:site\" content=\"@intoscana\" \/>\n<meta name=\"twitter:label1\" content=\"Written by\" \/>\n\t<meta name=\"twitter:data1\" content=\"Giulia Rafanelli\" \/>\n\t<meta name=\"twitter:label2\" content=\"Est. reading time\" \/>\n\t<meta name=\"twitter:data2\" content=\"3 minuti\" \/>\n<script type=\"application\/ld+json\" class=\"yoast-schema-graph\">{\"@context\":\"https:\/\/schema.org\",\"@graph\":[{\"@type\":\"WebPage\",\"@id\":\"https:\/\/www.intoscana.it\/it\/osservatorio-nazionale-per-diritti-civili-teatro-e-arti\/\",\"url\":\"https:\/\/www.intoscana.it\/it\/osservatorio-nazionale-per-diritti-civili-teatro-e-arti\/\",\"name\":\"Il teatro per dare voce ai diritti: nasce il nuovo Osservatorio nazionale nel segno di Luana D\u2019Orazio - intoscana\",\"isPartOf\":{\"@id\":\"https:\/\/www.intoscana.it\/it\/#website\"},\"primaryImageOfPage\":{\"@id\":\"https:\/\/www.intoscana.it\/it\/osservatorio-nazionale-per-diritti-civili-teatro-e-arti\/#primaryimage\"},\"image\":{\"@id\":\"https:\/\/www.intoscana.it\/it\/osservatorio-nazionale-per-diritti-civili-teatro-e-arti\/#primaryimage\"},\"thumbnailUrl\":\"https:\/\/www.intoscana.it\/wp-content\/uploads\/Luana-d-Orazio.jpg\",\"datePublished\":\"2026-04-29T14:29:28+00:00\",\"dateModified\":\"2026-04-29T14:29:54+00:00\",\"author\":{\"@id\":\"https:\/\/www.intoscana.it\/it\/#\/schema\/person\/333569b367b301e30262defcea56c939\"},\"description\":\"Presentato a Firenze l\u2019Osservatorio per i diritti civili, il teatro e le arti: un progetto che unisce cultura, memoria e impegno sociale\",\"breadcrumb\":{\"@id\":\"https:\/\/www.intoscana.it\/it\/osservatorio-nazionale-per-diritti-civili-teatro-e-arti\/#breadcrumb\"},\"inLanguage\":\"it-IT\",\"potentialAction\":[{\"@type\":\"ReadAction\",\"target\":[\"https:\/\/www.intoscana.it\/it\/osservatorio-nazionale-per-diritti-civili-teatro-e-arti\/\"]}]},{\"@type\":\"ImageObject\",\"inLanguage\":\"it-IT\",\"@id\":\"https:\/\/www.intoscana.it\/it\/osservatorio-nazionale-per-diritti-civili-teatro-e-arti\/#primaryimage\",\"url\":\"https:\/\/www.intoscana.it\/wp-content\/uploads\/Luana-d-Orazio.jpg\",\"contentUrl\":\"https:\/\/www.intoscana.it\/wp-content\/uploads\/Luana-d-Orazio.jpg\",\"width\":600,\"height\":338},{\"@type\":\"BreadcrumbList\",\"@id\":\"https:\/\/www.intoscana.it\/it\/osservatorio-nazionale-per-diritti-civili-teatro-e-arti\/#breadcrumb\",\"itemListElement\":[{\"@type\":\"ListItem\",\"position\":1,\"name\":\"Home\",\"item\":\"https:\/\/www.intoscana.it\/it\/\"},{\"@type\":\"ListItem\",\"position\":2,\"name\":\"Il teatro per dare voce ai diritti: nasce il nuovo Osservatorio nazionale nel segno di Luana D\u2019Orazio\"}]},{\"@type\":\"WebSite\",\"@id\":\"https:\/\/www.intoscana.it\/it\/#website\",\"url\":\"https:\/\/www.intoscana.it\/it\/\",\"name\":\"intoscana\",\"description\":\"\",\"potentialAction\":[{\"@type\":\"SearchAction\",\"target\":{\"@type\":\"EntryPoint\",\"urlTemplate\":\"https:\/\/www.intoscana.it\/it\/?s={search_term_string}\"},\"query-input\":{\"@type\":\"PropertyValueSpecification\",\"valueRequired\":true,\"valueName\":\"search_term_string\"}}],\"inLanguage\":\"it-IT\"},{\"@type\":\"Person\",\"@id\":\"https:\/\/www.intoscana.it\/it\/#\/schema\/person\/333569b367b301e30262defcea56c939\",\"name\":\"Giulia Rafanelli\",\"url\":\"https:\/\/www.intoscana.it\/it\/author\/giulia-rafanelli\/\"}]}<\/script>\n<!-- \/ Yoast SEO Premium plugin. -->","yoast_head_json":{"title":"Il teatro per dare voce ai diritti: nasce il nuovo Osservatorio nazionale nel segno di Luana D\u2019Orazio - intoscana","description":"Presentato a Firenze l\u2019Osservatorio per i diritti civili, il teatro e le arti: un progetto che unisce cultura, memoria e impegno sociale","robots":{"index":"index","follow":"follow","max-snippet":"max-snippet:-1","max-image-preview":"max-image-preview:large","max-video-preview":"max-video-preview:-1"},"canonical":"https:\/\/www.intoscana.it\/it\/osservatorio-nazionale-per-diritti-civili-teatro-e-arti\/","og_locale":"it_IT","og_type":"article","og_title":"Il teatro per dare voce ai diritti: nasce il nuovo Osservatorio nazionale nel segno di Luana D\u2019Orazio","og_description":"Presentato a Firenze l\u2019Osservatorio per i diritti civili, il teatro e le arti: un progetto che unisce cultura, memoria e impegno sociale","og_url":"https:\/\/www.intoscana.it\/it\/osservatorio-nazionale-per-diritti-civili-teatro-e-arti\/","og_site_name":"intoscana","article_publisher":"https:\/\/www.facebook.com\/intoscana.it","article_published_time":"2026-04-29T14:29:28+00:00","article_modified_time":"2026-04-29T14:29:54+00:00","og_image":[{"width":600,"height":338,"url":"https:\/\/www.intoscana.it\/wp-content\/uploads\/Luana-d-Orazio.jpg","type":"image\/jpeg"}],"author":"Giulia Rafanelli","twitter_card":"summary_large_image","twitter_creator":"@intoscana","twitter_site":"@intoscana","twitter_misc":{"Written by":"Giulia Rafanelli","Est. reading time":"3 minuti"},"schema":{"@context":"https:\/\/schema.org","@graph":[{"@type":"WebPage","@id":"https:\/\/www.intoscana.it\/it\/osservatorio-nazionale-per-diritti-civili-teatro-e-arti\/","url":"https:\/\/www.intoscana.it\/it\/osservatorio-nazionale-per-diritti-civili-teatro-e-arti\/","name":"Il teatro per dare voce ai diritti: nasce il nuovo Osservatorio nazionale nel segno di Luana D\u2019Orazio - intoscana","isPartOf":{"@id":"https:\/\/www.intoscana.it\/it\/#website"},"primaryImageOfPage":{"@id":"https:\/\/www.intoscana.it\/it\/osservatorio-nazionale-per-diritti-civili-teatro-e-arti\/#primaryimage"},"image":{"@id":"https:\/\/www.intoscana.it\/it\/osservatorio-nazionale-per-diritti-civili-teatro-e-arti\/#primaryimage"},"thumbnailUrl":"https:\/\/www.intoscana.it\/wp-content\/uploads\/Luana-d-Orazio.jpg","datePublished":"2026-04-29T14:29:28+00:00","dateModified":"2026-04-29T14:29:54+00:00","author":{"@id":"https:\/\/www.intoscana.it\/it\/#\/schema\/person\/333569b367b301e30262defcea56c939"},"description":"Presentato a Firenze l\u2019Osservatorio per i diritti civili, il teatro e le arti: un progetto che unisce cultura, memoria e impegno sociale","breadcrumb":{"@id":"https:\/\/www.intoscana.it\/it\/osservatorio-nazionale-per-diritti-civili-teatro-e-arti\/#breadcrumb"},"inLanguage":"it-IT","potentialAction":[{"@type":"ReadAction","target":["https:\/\/www.intoscana.it\/it\/osservatorio-nazionale-per-diritti-civili-teatro-e-arti\/"]}]},{"@type":"ImageObject","inLanguage":"it-IT","@id":"https:\/\/www.intoscana.it\/it\/osservatorio-nazionale-per-diritti-civili-teatro-e-arti\/#primaryimage","url":"https:\/\/www.intoscana.it\/wp-content\/uploads\/Luana-d-Orazio.jpg","contentUrl":"https:\/\/www.intoscana.it\/wp-content\/uploads\/Luana-d-Orazio.jpg","width":600,"height":338},{"@type":"BreadcrumbList","@id":"https:\/\/www.intoscana.it\/it\/osservatorio-nazionale-per-diritti-civili-teatro-e-arti\/#breadcrumb","itemListElement":[{"@type":"ListItem","position":1,"name":"Home","item":"https:\/\/www.intoscana.it\/it\/"},{"@type":"ListItem","position":2,"name":"Il teatro per dare voce ai diritti: nasce il nuovo Osservatorio nazionale nel segno di Luana D\u2019Orazio"}]},{"@type":"WebSite","@id":"https:\/\/www.intoscana.it\/it\/#website","url":"https:\/\/www.intoscana.it\/it\/","name":"intoscana","description":"","potentialAction":[{"@type":"SearchAction","target":{"@type":"EntryPoint","urlTemplate":"https:\/\/www.intoscana.it\/it\/?s={search_term_string}"},"query-input":{"@type":"PropertyValueSpecification","valueRequired":true,"valueName":"search_term_string"}}],"inLanguage":"it-IT"},{"@type":"Person","@id":"https:\/\/www.intoscana.it\/it\/#\/schema\/person\/333569b367b301e30262defcea56c939","name":"Giulia Rafanelli","url":"https:\/\/www.intoscana.it\/it\/author\/giulia-rafanelli\/"}]}},"_links":{"self":[{"href":"https:\/\/www.intoscana.it\/it\/wp-json\/wp\/v2\/posts\/425919","targetHints":{"allow":["GET"]}}],"collection":[{"href":"https:\/\/www.intoscana.it\/it\/wp-json\/wp\/v2\/posts"}],"about":[{"href":"https:\/\/www.intoscana.it\/it\/wp-json\/wp\/v2\/types\/post"}],"author":[{"embeddable":true,"href":"https:\/\/www.intoscana.it\/it\/wp-json\/wp\/v2\/users\/503"}],"replies":[{"embeddable":true,"href":"https:\/\/www.intoscana.it\/it\/wp-json\/wp\/v2\/comments?post=425919"}],"version-history":[{"count":2,"href":"https:\/\/www.intoscana.it\/it\/wp-json\/wp\/v2\/posts\/425919\/revisions"}],"predecessor-version":[{"id":425922,"href":"https:\/\/www.intoscana.it\/it\/wp-json\/wp\/v2\/posts\/425919\/revisions\/425922"}],"wp:featuredmedia":[{"embeddable":true,"href":"https:\/\/www.intoscana.it\/it\/wp-json\/wp\/v2\/media\/175602"}],"wp:attachment":[{"href":"https:\/\/www.intoscana.it\/it\/wp-json\/wp\/v2\/media?parent=425919"}],"wp:term":[{"taxonomy":"category","embeddable":true,"href":"https:\/\/www.intoscana.it\/it\/wp-json\/wp\/v2\/categories?post=425919"},{"taxonomy":"post_tag","embeddable":true,"href":"https:\/\/www.intoscana.it\/it\/wp-json\/wp\/v2\/tags?post=425919"}],"curies":[{"name":"wp","href":"https:\/\/api.w.org\/{rel}","templated":true}]}}