{"id":425926,"date":"2026-04-29T16:55:39","date_gmt":"2026-04-29T14:55:39","guid":{"rendered":"https:\/\/www.intoscana.it\/it\/?p=425926"},"modified":"2026-04-29T16:57:33","modified_gmt":"2026-04-29T14:57:33","slug":"tuscany-medieval-festival-2026","status":"publish","type":"post","link":"https:\/\/www.intoscana.it\/it\/tuscany-medieval-festival-2026\/","title":{"rendered":"Livorno, la citt\u00e0 \u00e8 pronta per accogliere la quinta edizione del Tuscany Medieval Festival"},"content":{"rendered":"<p>Tutto pronto per la quinta edizione del<strong> Tuscany Medieval Festival<\/strong>, evento che per tre giorni, <strong>da venerd\u00ec 8 a\u00a0 domenica 10 maggio<\/strong> regaler\u00e0 divertimento, tradizione e storia nella cornice della <strong>Fortezza Nuova di Livorno,<\/strong> location perfetta per la kermesse che ogni anno porta i visitatori a vivere tre giorni di puro spettacolo, con rievocatori provenienti da ogni parte del mondo, artisti di strada, mangiafuoco, cavalieri e giostre.<\/p>\n<p>Tra le novit\u00e0 dell&#8217;edizione 2026, <strong>venerd\u00ec 8<\/strong>, dopo il gran Gal\u00e0 di apertura, la Fortezza si animer\u00e0 con tre ore di concerti live a partire dalle 22. In questa edizione, inoltre, \u00e8 raddoppiata l\u2019area didattica, con i migliori artigiani d\u2019Italia e le loro officine attive a dimostrazione di antichi mestieri, dal fabbro ai sarti, fino alla realizzazione di ceramiche e molto altro.<\/p>\n<p>Sabato pomeriggio la kermesse entrer\u00e0 nel vivo con il corteo di pi\u00f9 di trecento figuranti che, dopo la benedizione dei cavalieri davanti al Duomo, sfiler\u00e0 fino alla Fortezza Nuova. Quest\u2019anno il divertimento \u00e8 assicurato grazie agli spettacoli goliardici organizzati in collaborazione con <strong>Feudalesimo e Libert\u00e0<\/strong> e la tavola rotonda su cinema e videogiochi in cui parleranno <strong>Adhras (Paolo Manzini),<\/strong> <strong>Professor Rossini<\/strong>, gli<strong> sviluppatori del gioco 1348 Ex Voto<\/strong> e i creatori del <strong>corto Juggernaut<\/strong>.<\/p>\n<p>Sabato e domenica pomeriggio si potr\u00e0 assistere alla giostra a cavallo a sei cavalieri, mai vista in Italia per numero di partecipanti e tipologia di combattimento: sei cavalieri provenienti da tutto il mondo, tra cui il campione del mondo in carica, si sfideranno in scontri full-contact mozzafiato per vincere il torneo e il favore delle dame.<\/p>\n<p>Il Festival vedr\u00e0 la presenza completa del circuito internazionale di <strong>Buhurt<\/strong> (competizioni sportive di combattimenti medievali full-contact) che, organizzato da Magna Carta, presenter\u00e0 la terza edizione della <strong>Giostra di Giovanni<\/strong>, torneo a cui parteciperanno combattenti da tutto il mondo, che si sfideranno nei giorni di sabato e domenica.<\/p>\n<p>L\u2019orchestra del Teatro Goldoni anche quest\u2019anno chiuder\u00e0 il Tuscany Medieval Festival con il concerto in programma per le 21.30. Gli orchestranti eseguiranno le soundtrack pi\u00f9 iconiche dei film di <strong>Harry Potter<\/strong>, in un\u2019atmosfera unica, tra giochi di luce e spettacoli di fuoco. Sono previsti spettacoli fino alle 24.00 di tutti e tre i giorni, concerti di gruppi musicali a tema, attivit\u00e0 di didattica e pratica per grandi e piccini tra giochi storici e tiro con l\u2019arco.<\/p>\n<p>Non mancheranno le aree food e drink, anche con prodotti artigianali e locali. In linea con le numerose attivit\u00e0, i rievocatori e gli artisti saranno a disposizione del pubblico per foto e informazioni storiche.<\/p>\n<p>Per info e acquistare i biglietti \u00e8 possibile consultare il <a href=\"https:\/\/tuscanymedievalfestival.com\/\">sito web<\/a> dell&#8217;iniziativa.<\/p>\n","protected":false},"excerpt":{"rendered":"<p>Da venerd\u00ec 8 a domenica 10 maggio la Fortezza Nuova di Livorno ospiter\u00e0 tre giorni di puro spettacolo, con rievocatori provenienti da ogni parte del mondo, artisti di strada, mangiafuoco, cavalieri e giostre<\/p>\n","protected":false},"author":503,"featured_media":425930,"comment_status":"open","ping_status":"open","sticky":false,"template":"","format":"standard","meta":{"_acf_changed":false,"footnotes":""},"categories":[493],"tags":[4490,394,228,273,2122],"class_list":["post-425926","post","type-post","status-publish","format-standard","has-post-thumbnail","hentry","category-cultura","tag-antichi-mestieri","tag-cosa-fare-in-toscana","tag-festival","tag-livorno","tag-tradizione"],"acf":[],"yoast_head":"<!-- This site is optimized with the Yoast SEO Premium plugin v24.2 (Yoast SEO v25.6) - https:\/\/yoast.com\/wordpress\/plugins\/seo\/ -->\n<title>Livorno, la citt\u00e0 \u00e8 pronta per accogliere la quinta edizione del Tuscany Medieval Festival - intoscana<\/title>\n<meta name=\"description\" content=\"Dall\u20198 al 10 maggio alla Fortezza Nuova cortei, giostre a cavallo, concerti e rievocazioni per un viaggio immersivo nel Medioevo\" \/>\n<meta name=\"robots\" content=\"index, follow, max-snippet:-1, max-image-preview:large, max-video-preview:-1\" \/>\n<link rel=\"canonical\" href=\"https:\/\/www.intoscana.it\/it\/tuscany-medieval-festival-2026\/\" \/>\n<meta property=\"og:locale\" content=\"it_IT\" \/>\n<meta property=\"og:type\" content=\"article\" \/>\n<meta property=\"og:title\" content=\"Livorno, la citt\u00e0 \u00e8 pronta per accogliere la quinta edizione del Tuscany Medieval Festival\" \/>\n<meta property=\"og:description\" content=\"Dall\u20198 al 10 maggio alla Fortezza Nuova cortei, giostre a cavallo, concerti e rievocazioni per un viaggio immersivo nel Medioevo\" \/>\n<meta property=\"og:url\" content=\"https:\/\/www.intoscana.it\/it\/tuscany-medieval-festival-2026\/\" \/>\n<meta property=\"og:site_name\" content=\"intoscana\" \/>\n<meta property=\"article:publisher\" content=\"https:\/\/www.facebook.com\/intoscana.it\" \/>\n<meta property=\"article:published_time\" content=\"2026-04-29T14:55:39+00:00\" \/>\n<meta property=\"article:modified_time\" content=\"2026-04-29T14:57:33+00:00\" \/>\n<meta property=\"og:image\" content=\"https:\/\/www.intoscana.it\/wp-content\/uploads\/AJ2A7756.jpg\" \/>\n\t<meta property=\"og:image:width\" content=\"1500\" \/>\n\t<meta property=\"og:image:height\" content=\"1000\" \/>\n\t<meta property=\"og:image:type\" content=\"image\/jpeg\" \/>\n<meta name=\"author\" content=\"Giulia Rafanelli\" \/>\n<meta name=\"twitter:card\" content=\"summary_large_image\" \/>\n<meta name=\"twitter:creator\" content=\"@intoscana\" \/>\n<meta name=\"twitter:site\" content=\"@intoscana\" \/>\n<meta name=\"twitter:label1\" content=\"Written by\" \/>\n\t<meta name=\"twitter:data1\" content=\"Giulia Rafanelli\" \/>\n\t<meta name=\"twitter:label2\" content=\"Est. reading time\" \/>\n\t<meta name=\"twitter:data2\" content=\"3 minuti\" \/>\n<script type=\"application\/ld+json\" class=\"yoast-schema-graph\">{\"@context\":\"https:\/\/schema.org\",\"@graph\":[{\"@type\":\"WebPage\",\"@id\":\"https:\/\/www.intoscana.it\/it\/tuscany-medieval-festival-2026\/\",\"url\":\"https:\/\/www.intoscana.it\/it\/tuscany-medieval-festival-2026\/\",\"name\":\"Livorno, la citt\u00e0 \u00e8 pronta per accogliere la quinta edizione del Tuscany Medieval Festival - intoscana\",\"isPartOf\":{\"@id\":\"https:\/\/www.intoscana.it\/it\/#website\"},\"primaryImageOfPage\":{\"@id\":\"https:\/\/www.intoscana.it\/it\/tuscany-medieval-festival-2026\/#primaryimage\"},\"image\":{\"@id\":\"https:\/\/www.intoscana.it\/it\/tuscany-medieval-festival-2026\/#primaryimage\"},\"thumbnailUrl\":\"https:\/\/www.intoscana.it\/wp-content\/uploads\/AJ2A7756.jpg\",\"datePublished\":\"2026-04-29T14:55:39+00:00\",\"dateModified\":\"2026-04-29T14:57:33+00:00\",\"author\":{\"@id\":\"https:\/\/www.intoscana.it\/it\/#\/schema\/person\/333569b367b301e30262defcea56c939\"},\"description\":\"Dall\u20198 al 10 maggio alla Fortezza Nuova cortei, giostre a cavallo, concerti e rievocazioni per un viaggio immersivo nel Medioevo\",\"breadcrumb\":{\"@id\":\"https:\/\/www.intoscana.it\/it\/tuscany-medieval-festival-2026\/#breadcrumb\"},\"inLanguage\":\"it-IT\",\"potentialAction\":[{\"@type\":\"ReadAction\",\"target\":[\"https:\/\/www.intoscana.it\/it\/tuscany-medieval-festival-2026\/\"]}]},{\"@type\":\"ImageObject\",\"inLanguage\":\"it-IT\",\"@id\":\"https:\/\/www.intoscana.it\/it\/tuscany-medieval-festival-2026\/#primaryimage\",\"url\":\"https:\/\/www.intoscana.it\/wp-content\/uploads\/AJ2A7756.jpg\",\"contentUrl\":\"https:\/\/www.intoscana.it\/wp-content\/uploads\/AJ2A7756.jpg\",\"width\":1500,\"height\":1000},{\"@type\":\"BreadcrumbList\",\"@id\":\"https:\/\/www.intoscana.it\/it\/tuscany-medieval-festival-2026\/#breadcrumb\",\"itemListElement\":[{\"@type\":\"ListItem\",\"position\":1,\"name\":\"Home\",\"item\":\"https:\/\/www.intoscana.it\/it\/\"},{\"@type\":\"ListItem\",\"position\":2,\"name\":\"Livorno, la citt\u00e0 \u00e8 pronta per accogliere la quinta edizione del Tuscany Medieval Festival\"}]},{\"@type\":\"WebSite\",\"@id\":\"https:\/\/www.intoscana.it\/it\/#website\",\"url\":\"https:\/\/www.intoscana.it\/it\/\",\"name\":\"intoscana\",\"description\":\"\",\"potentialAction\":[{\"@type\":\"SearchAction\",\"target\":{\"@type\":\"EntryPoint\",\"urlTemplate\":\"https:\/\/www.intoscana.it\/it\/?s={search_term_string}\"},\"query-input\":{\"@type\":\"PropertyValueSpecification\",\"valueRequired\":true,\"valueName\":\"search_term_string\"}}],\"inLanguage\":\"it-IT\"},{\"@type\":\"Person\",\"@id\":\"https:\/\/www.intoscana.it\/it\/#\/schema\/person\/333569b367b301e30262defcea56c939\",\"name\":\"Giulia Rafanelli\",\"url\":\"https:\/\/www.intoscana.it\/it\/author\/giulia-rafanelli\/\"}]}<\/script>\n<!-- \/ Yoast SEO Premium plugin. -->","yoast_head_json":{"title":"Livorno, la citt\u00e0 \u00e8 pronta per accogliere la quinta edizione del Tuscany Medieval Festival - intoscana","description":"Dall\u20198 al 10 maggio alla Fortezza Nuova cortei, giostre a cavallo, concerti e rievocazioni per un viaggio immersivo nel Medioevo","robots":{"index":"index","follow":"follow","max-snippet":"max-snippet:-1","max-image-preview":"max-image-preview:large","max-video-preview":"max-video-preview:-1"},"canonical":"https:\/\/www.intoscana.it\/it\/tuscany-medieval-festival-2026\/","og_locale":"it_IT","og_type":"article","og_title":"Livorno, la citt\u00e0 \u00e8 pronta per accogliere la quinta edizione del Tuscany Medieval Festival","og_description":"Dall\u20198 al 10 maggio alla Fortezza Nuova cortei, giostre a cavallo, concerti e rievocazioni per un viaggio immersivo nel Medioevo","og_url":"https:\/\/www.intoscana.it\/it\/tuscany-medieval-festival-2026\/","og_site_name":"intoscana","article_publisher":"https:\/\/www.facebook.com\/intoscana.it","article_published_time":"2026-04-29T14:55:39+00:00","article_modified_time":"2026-04-29T14:57:33+00:00","og_image":[{"width":1500,"height":1000,"url":"https:\/\/www.intoscana.it\/wp-content\/uploads\/AJ2A7756.jpg","type":"image\/jpeg"}],"author":"Giulia Rafanelli","twitter_card":"summary_large_image","twitter_creator":"@intoscana","twitter_site":"@intoscana","twitter_misc":{"Written by":"Giulia Rafanelli","Est. reading time":"3 minuti"},"schema":{"@context":"https:\/\/schema.org","@graph":[{"@type":"WebPage","@id":"https:\/\/www.intoscana.it\/it\/tuscany-medieval-festival-2026\/","url":"https:\/\/www.intoscana.it\/it\/tuscany-medieval-festival-2026\/","name":"Livorno, la citt\u00e0 \u00e8 pronta per accogliere la quinta edizione del Tuscany Medieval Festival - intoscana","isPartOf":{"@id":"https:\/\/www.intoscana.it\/it\/#website"},"primaryImageOfPage":{"@id":"https:\/\/www.intoscana.it\/it\/tuscany-medieval-festival-2026\/#primaryimage"},"image":{"@id":"https:\/\/www.intoscana.it\/it\/tuscany-medieval-festival-2026\/#primaryimage"},"thumbnailUrl":"https:\/\/www.intoscana.it\/wp-content\/uploads\/AJ2A7756.jpg","datePublished":"2026-04-29T14:55:39+00:00","dateModified":"2026-04-29T14:57:33+00:00","author":{"@id":"https:\/\/www.intoscana.it\/it\/#\/schema\/person\/333569b367b301e30262defcea56c939"},"description":"Dall\u20198 al 10 maggio alla Fortezza Nuova cortei, giostre a cavallo, concerti e rievocazioni per un viaggio immersivo nel Medioevo","breadcrumb":{"@id":"https:\/\/www.intoscana.it\/it\/tuscany-medieval-festival-2026\/#breadcrumb"},"inLanguage":"it-IT","potentialAction":[{"@type":"ReadAction","target":["https:\/\/www.intoscana.it\/it\/tuscany-medieval-festival-2026\/"]}]},{"@type":"ImageObject","inLanguage":"it-IT","@id":"https:\/\/www.intoscana.it\/it\/tuscany-medieval-festival-2026\/#primaryimage","url":"https:\/\/www.intoscana.it\/wp-content\/uploads\/AJ2A7756.jpg","contentUrl":"https:\/\/www.intoscana.it\/wp-content\/uploads\/AJ2A7756.jpg","width":1500,"height":1000},{"@type":"BreadcrumbList","@id":"https:\/\/www.intoscana.it\/it\/tuscany-medieval-festival-2026\/#breadcrumb","itemListElement":[{"@type":"ListItem","position":1,"name":"Home","item":"https:\/\/www.intoscana.it\/it\/"},{"@type":"ListItem","position":2,"name":"Livorno, la citt\u00e0 \u00e8 pronta per accogliere la quinta edizione del Tuscany Medieval Festival"}]},{"@type":"WebSite","@id":"https:\/\/www.intoscana.it\/it\/#website","url":"https:\/\/www.intoscana.it\/it\/","name":"intoscana","description":"","potentialAction":[{"@type":"SearchAction","target":{"@type":"EntryPoint","urlTemplate":"https:\/\/www.intoscana.it\/it\/?s={search_term_string}"},"query-input":{"@type":"PropertyValueSpecification","valueRequired":true,"valueName":"search_term_string"}}],"inLanguage":"it-IT"},{"@type":"Person","@id":"https:\/\/www.intoscana.it\/it\/#\/schema\/person\/333569b367b301e30262defcea56c939","name":"Giulia Rafanelli","url":"https:\/\/www.intoscana.it\/it\/author\/giulia-rafanelli\/"}]}},"_links":{"self":[{"href":"https:\/\/www.intoscana.it\/it\/wp-json\/wp\/v2\/posts\/425926","targetHints":{"allow":["GET"]}}],"collection":[{"href":"https:\/\/www.intoscana.it\/it\/wp-json\/wp\/v2\/posts"}],"about":[{"href":"https:\/\/www.intoscana.it\/it\/wp-json\/wp\/v2\/types\/post"}],"author":[{"embeddable":true,"href":"https:\/\/www.intoscana.it\/it\/wp-json\/wp\/v2\/users\/503"}],"replies":[{"embeddable":true,"href":"https:\/\/www.intoscana.it\/it\/wp-json\/wp\/v2\/comments?post=425926"}],"version-history":[{"count":2,"href":"https:\/\/www.intoscana.it\/it\/wp-json\/wp\/v2\/posts\/425926\/revisions"}],"predecessor-version":[{"id":425932,"href":"https:\/\/www.intoscana.it\/it\/wp-json\/wp\/v2\/posts\/425926\/revisions\/425932"}],"wp:featuredmedia":[{"embeddable":true,"href":"https:\/\/www.intoscana.it\/it\/wp-json\/wp\/v2\/media\/425930"}],"wp:attachment":[{"href":"https:\/\/www.intoscana.it\/it\/wp-json\/wp\/v2\/media?parent=425926"}],"wp:term":[{"taxonomy":"category","embeddable":true,"href":"https:\/\/www.intoscana.it\/it\/wp-json\/wp\/v2\/categories?post=425926"},{"taxonomy":"post_tag","embeddable":true,"href":"https:\/\/www.intoscana.it\/it\/wp-json\/wp\/v2\/tags?post=425926"}],"curies":[{"name":"wp","href":"https:\/\/api.w.org\/{rel}","templated":true}]}}