{"id":425979,"date":"2026-04-30T15:20:11","date_gmt":"2026-04-30T13:20:11","guid":{"rendered":"https:\/\/www.intoscana.it\/it\/?p=425979"},"modified":"2026-04-30T17:50:07","modified_gmt":"2026-04-30T15:50:07","slug":"il-presidente-sergio-mattarella-alla-piaggio-di-pontedera-il-lavoro-e-dignita","status":"publish","type":"post","link":"https:\/\/www.intoscana.it\/it\/il-presidente-sergio-mattarella-alla-piaggio-di-pontedera-il-lavoro-e-dignita\/","title":{"rendered":"Il presidente Sergio Mattarella alla Piaggio di Pontedera: &#8220;Il lavoro \u00e8 dignit\u00e0&#8221;"},"content":{"rendered":"<p>Il presidente della Repubblica <strong>Sergio Mattarella<\/strong> ha scelto di iniziare le celerazioni del Primo Maggio dalla Toscana, dallo stabilimento Piaggio di Pontedera, simbolo dell&#8217;industria dei motori e della creativit\u00e0 italiana. Ma Pontedera \u00e8 stata scelta anche per un altro motivo: <mark>\u00e8 la citt\u00e0 natale di Giovanni Gronchi, terzo presidente della Repubblica, alla guida del Quirinale dal 1955 al 1963.<\/mark><\/p>\n<p>A ricordarlo c&#8217;erano anche i maxi cartelloni, affissi in vari punti del percorso presidenziale, con la scritta &#8220;Benvenuto Presidente. La citt\u00e0 natale di Giovanni Gronchi&#8221;.<\/p>\n<h3><em>Gli applausi e gli striscioni dei bambini: &#8220;Nonno supereroe&#8221;<\/em><\/h3>\n<p>Per il Capo dello Stato \u00e8 stato, come sempre, un bagno di folla. \u00a0Applauditissimo mentre ha percorso a piedi un breve tratto del viale tra lo stabilimento e il Museo, con i\u00a0 bambini che hanno intonato l&#8217;inno d&#8217;Italia e mostrato cartelloni: <mark>&#8220;Un saluto al nostro presidente nonno supereroe che protegge l&#8217;Italia con lo scudo della Costituzione&#8221;.<\/mark><\/p>\n<p>Visita privata allo stabilimento della famosa Vespa, con <strong>Matteo Colaninno<\/strong>, presidente esecutivo del Gruppo Piaggio, il presidente della Regione <strong>Eugenio Giani<\/strong>, il sindaco di Pontedera <strong>Matteo Franconi<\/strong> e il presidente della Provincia di Pisa <strong>Massimiliano Angori<\/strong>. E poi la cerimonia ufficiale all&#8217;auditorium del Museo Piaggio con <strong>Elvira Calderone<\/strong>, ministra del Lavoro e delle politiche sociali, nsieme al<\/p>\n<p>Il benvenuto lo d\u00e0 Colannino: &#8220;La sua presenza qui &#8211; ha detto alla platea &#8211; nel luogo del lavoro e della fabbrica, fisser\u00e0 per sempre questa giornata nella storia di questo territorio. La Piaggio nasce con la Repubblica, ha attraversato stili di vita e generazioni, la sua storia \u00e8 intrecciata indissolubilmente con la storia del nostro paese\u00bb. <mark>&#8220;Siamo all&#8217;alba delle 20 milioni di Vespe costruite e vendute nel mondo. Merito e capacit\u00e0 dei lavoratori e delle lavoratrici della Piaggio: siamo orgogliosi di voi&#8221;,<\/mark> conclude il presidente del Gruppo Piaggio<\/p>\n<h3><em>Mattarella: &#8220;Morti sul lavoro tributo inaccettabile&#8221;<\/em><\/h3>\n<p>&#8220;Buona festa del lavoro anche <mark>a chi il lavoro lo sta cercando, a chi lo difende, a chi cerca di superare le barriere del lavoro povero e precario&#8221;,<\/mark> cos\u00ec il presidente Mattarella saluta la platea di istituzioni, imprenditori e lavoratori dell&#8217;auditorium del Museo Piaggio. Una conclusione del suo intervento che \u00e8 augurio e speranza e che sintetizza il senso profondo di una festa che \u00e8 del lavoro, ma anche della Repubblica.<\/p>\n<p>&#8220;Il lavoro \u00e8 presidio della societ\u00e0 e espressione della libert\u00e0 della persona, \u00e8<strong> dignit\u00e0<\/strong>. L&#8217;obiettivo di una nuova e piena occupazione \u00e8 il messaggio dei costituenti che hanno voluto che la repubblica fosse fondata sul lavoro, per sottolineare che la repubblica sarebbe stato il tempo delle opportunit\u00e0&#8221;, ha detto il Capo dello Stato.<\/p>\n<p>Nel suo intervento ha sottolineato diversi aspetti che rendono l&#8217;occupazione ancora un diritto non pienamente compiuto.\u00a0 Prima di tutto, le<strong> morti sul lavoro<\/strong>: &#8220;La sicurezza &#8211; ha detto &#8211; resta un impegno che non consente rinunce o distinguo. <mark>Si tratta di un tributo inaccettabile&#8221;<\/mark>. E poi il <strong>divario di genere<\/strong>: &#8220;L&#8217;occupazione femminile in Italia \u00e8 cresciuta negli ultimi anni, raggiungendo tassi che per noi costituiscono un primato. Tuttavia resta consistente il gap da colmare rispetto alla media europea. <mark>Il divario di genere, che emerge non soltanto dai tassi di occupazione, ma anche dalla disparit\u00e0 che perdura nelle retribuzioni e nelle carriere, va colmato con un complesso di interventi e attenzioni&#8221;.<\/mark><\/p>\n<p>Un altro punto critico &#8220;\u00e8 il lavoro dei <strong>giovani<\/strong>&#8220;. &#8220;Nella nostra societ\u00e0 i giovani sono poco ascoltati. C&#8217;\u00e8 una scarsa attenzione alla loro maturazione e alla loro indipendenza&#8221;. &#8220;Sono numerosi i giovani ben istruiti che lasciano il nostro Paese per lavorare all&#8217;estero. <mark>Sono pi\u00f9 di quelli che vengono in Italia. Nell&#8217;interesse del Paese questa tendenza va invertita&#8221;.<\/mark><\/p>\n<h3><em>&#8220;Vespa simbolo della creativit\u00e0 dell&#8217;Italia&#8221;<\/em><\/h3>\n<p>Nel suo intervento, Mattarella sottolinea la scelta di partire dalla <strong>Piaggio<\/strong> per le celebrazioni del Primo Maggio: &#8220;Anticiparne la celebrazione in questo luogo cos\u00ec iconico\u00a0 &#8211; ha detto &#8211; ricorda il cammino del nostro Paese con le sue fatiche e i suoi successi, il dinamismo che ha fatto breccia nei mercati e nell&#8217;immaginario collettivo, sottolinea la tessitura della solidariet\u00e0 e dei diritti in fabbrica e fuori di essa&#8221;. &#8220;Ne sono espressione gli scooter che hanno caratterizzato un&#8217;epoca nella ricostruzione italiana del secondo dopoguerra, segnando lo sviluppo di una societ\u00e0 contraddistinta dalla mobilit\u00e0 e dalla libert\u00e0 di azione che da essa derivava. <mark>Piaggio, con la Vespa, e Innocenti con la Lambretta, hanno imposto a livello internazionale un modello che persiste. La Vespa \u00e8, tutt&#8217;ora, nel mondo, uno dei simboli della creativit\u00e0 e della industriosit\u00e0 dell&#8217;Italia&#8221;.<\/mark><\/p>\n<p>L&#8217;eguaglianza sociale vive di <strong>coesione sociale<\/strong>, \u00e8 il messaggio del Capo dello Stato, ma richiede &#8220;che il lavoro e la tutela dei lavoratori siano effettive, contro ogni illegalit\u00e0 e sfruttamento che rappresentano una minaccia alla convivenza stessa. <mark>Le parti sociali &#8211; sindacati, imprese, associazioni &#8211; sono chiamate a contribuirvi con i loro valori. Il dialogo sociale non deve mai interrompersi&#8221;.<\/mark><\/p>\n<h3><em>Giani: &#8220;Il lavoro non \u00e8 una merce, ma uno strumento attraverso cui ci si realizza la nostra comunit\u00e0&#8221;<\/em><\/h3>\n<p>Una visita dall&#8217;alto valore simbolico, ha commentato il presidente della Regione <strong>Eugenio Giani<\/strong> che ha accompagnato il presidente Mattarella, insieme agli assessori al Lavoro <strong>Alberto Lenzi<\/strong> e all&#8217;Istruzione e formazione <strong>Alessandra Nardin<\/strong>i. &#8220;Siamo grati al presidente Mattarella che rappresenta l&#8217;unit\u00e0 nazionale per le sue parole, che richiamano al lavoro come &#8220;fondamento della nostra convivenza&#8221; e ci esortano alla &#8220;visione&#8221; rispetto alle &#8220;misure di corto respiro&#8221;.<\/p>\n<figure id=\"post-426096 media-426096\" class=\"align-none\"><img decoding=\"async\" src=\"https:\/\/www.intoscana.it\/wp-content\/uploads\/Mattarella-alla-Piaggio-30-4-26.jpeg\" alt=\"\" \/><\/figure>\n<div class=\"titleimg\">Mattarella alla Piaggio<\/div>\n<p>Un grazie per aver celebrato &#8220;il lavoro in uno dei luoghi qualificanti il DNA del nostro Made in Italy, con tutto quello che la Vespa, che compie 80 anni di storia rappresenta in Italia e nel mondo. Facciamo nostre le esortazioni presidente Mattarella che ci richiama alla nostra Costituzione e ricordiamo dalla Toscana, terra di diritti e di civilt\u00e0, che <mark>il lavoro non \u00e8 una merce, ma uno strumento attraverso cui ci si realizza e si favorisce la crescita della nostra comunit\u00e0&#8221;.<\/mark><\/p>\n<figure id=\"post-426131 media-426131\" class=\"align-none\"><img decoding=\"async\" src=\"https:\/\/www.intoscana.it\/wp-content\/uploads\/Visita-del-Presidente-Mattarella-alla-Piaggio-di-Pontedera-3.jpeg\" alt=\"\" \/><\/figure>\n<div class=\"titleimg\"><\/div>\n<p>Presente anche la presidente del Consiglio regionale <strong>Stefania Saccardi<\/strong>. Con lei, a rappresentare l&#8217;Assemblea, c\u2019erano anche i vicepresidenti <b>Antonio Mazzeo<\/b>\u00a0e\u00a0<b>Diego Petrucci<\/b>, il segretario dell\u2019Ufficio di presidenza\u00a0<b>Massimiliano Ghimenti<\/b>\u00a0e il consigliere\u00a0<b>Matteo Trapani<\/b>.<\/p>\n<p>\u201cOggi siamo a Pontedera per onorare la visita del Presidente della Repubblica Sergio Mattarella alla sede della Piaggio a Pontedera &#8211; ha detto la presidente Saccardi- \u00c8 un evento che celebra un&#8217;azienda storica, <mark>un&#8217;azienda che rappresenta molto di pi\u00f9 dell\u2019essere un simbolo del manifatturiero e della tecnologia, ma rappresenta un pezzo dei valori del territorio.<\/mark> Questo \u00e8 un territorio che ha saputo innovarsi, che con la Vespa, diventato un simbolo incredibile, ha saputo, nell&#8217;immediato dopoguerra, ricostruire un&#8217;azienda di riferimento e che oggi, nuovamente trasformandosi, guarda alla robotica&#8221;<\/p>\n","protected":false},"excerpt":{"rendered":"<p>Il Capo dello Stato ha scelto di iniziare le celerazioni del Primo Maggio dalla Toscana, in uno dei luoghi simbolo dell&#8217;industria e della creativit\u00e0 italiana. Giani: &#8220;Occupazione strumento attraverso cui si realizza la nostra comunit\u00e0&#8221;<\/p>\n","protected":false},"author":545,"featured_media":426064,"comment_status":"open","ping_status":"open","sticky":false,"template":"","format":"standard","meta":{"_acf_changed":false,"footnotes":""},"categories":[494],"tags":[158,3518,1585,4581,5535],"class_list":["post-425979","post","type-post","status-publish","format-standard","has-post-thumbnail","hentry","category-attualita","tag-eugenio-giani","tag-piaggio","tag-primo-maggio","tag-sergio-mattarella","tag-vespa"],"acf":[],"yoast_head":"<!-- This site is optimized with the Yoast SEO Premium plugin v24.2 (Yoast SEO v25.6) - https:\/\/yoast.com\/wordpress\/plugins\/seo\/ -->\n<title>Il presidente Sergio Mattarella alla Piaggio di Pontedera: &quot;Il lavoro \u00e8 dignit\u00e0&quot; - intoscana<\/title>\n<meta name=\"description\" content=\"Il Capo dello Stato ha scelto di iniziare le celerazioni del Primo Maggio dalla Toscana, in uno dei luoghi simbolo dell&#039;industria e della creativit\u00e0 italiana. Giani: &quot;Occupazione strumento attraverso cui si realizza la nostra comunit\u00e0&quot;\" \/>\n<meta name=\"robots\" content=\"index, follow, max-snippet:-1, max-image-preview:large, max-video-preview:-1\" \/>\n<link rel=\"canonical\" href=\"https:\/\/www.intoscana.it\/it\/il-presidente-sergio-mattarella-alla-piaggio-di-pontedera-il-lavoro-e-dignita\/\" \/>\n<meta property=\"og:locale\" content=\"it_IT\" \/>\n<meta property=\"og:type\" content=\"article\" \/>\n<meta property=\"og:title\" content=\"Il presidente Sergio Mattarella alla Piaggio di Pontedera: &quot;Il lavoro \u00e8 dignit\u00e0&quot;\" \/>\n<meta property=\"og:description\" content=\"Il Capo dello Stato ha scelto di iniziare le celerazioni del Primo Maggio dalla Toscana, in uno dei luoghi simbolo dell&#039;industria e della creativit\u00e0 italiana. Giani: &quot;Occupazione strumento attraverso cui si realizza la nostra comunit\u00e0&quot;\" \/>\n<meta property=\"og:url\" content=\"https:\/\/www.intoscana.it\/it\/il-presidente-sergio-mattarella-alla-piaggio-di-pontedera-il-lavoro-e-dignita\/\" \/>\n<meta property=\"og:site_name\" content=\"intoscana\" \/>\n<meta property=\"article:publisher\" content=\"https:\/\/www.facebook.com\/intoscana.it\" \/>\n<meta property=\"article:published_time\" content=\"2026-04-30T13:20:11+00:00\" \/>\n<meta property=\"article:modified_time\" content=\"2026-04-30T15:50:07+00:00\" \/>\n<meta property=\"og:image\" content=\"https:\/\/www.intoscana.it\/wp-content\/uploads\/401618.jpg\" \/>\n\t<meta property=\"og:image:width\" content=\"744\" \/>\n\t<meta property=\"og:image:height\" content=\"500\" \/>\n\t<meta property=\"og:image:type\" content=\"image\/jpeg\" \/>\n<meta name=\"author\" content=\"Clara D&#039;Acunto\" \/>\n<meta name=\"twitter:card\" content=\"summary_large_image\" \/>\n<meta name=\"twitter:creator\" content=\"@intoscana\" \/>\n<meta name=\"twitter:site\" content=\"@intoscana\" \/>\n<meta name=\"twitter:label1\" content=\"Written by\" \/>\n\t<meta name=\"twitter:data1\" content=\"Clara D&#039;Acunto\" \/>\n\t<meta name=\"twitter:label2\" content=\"Est. reading time\" \/>\n\t<meta name=\"twitter:data2\" content=\"7 minuti\" \/>\n<script type=\"application\/ld+json\" class=\"yoast-schema-graph\">{\"@context\":\"https:\/\/schema.org\",\"@graph\":[{\"@type\":\"WebPage\",\"@id\":\"https:\/\/www.intoscana.it\/it\/il-presidente-sergio-mattarella-alla-piaggio-di-pontedera-il-lavoro-e-dignita\/\",\"url\":\"https:\/\/www.intoscana.it\/it\/il-presidente-sergio-mattarella-alla-piaggio-di-pontedera-il-lavoro-e-dignita\/\",\"name\":\"Il presidente Sergio Mattarella alla Piaggio di Pontedera: \\\"Il lavoro \u00e8 dignit\u00e0\\\" - intoscana\",\"isPartOf\":{\"@id\":\"https:\/\/www.intoscana.it\/it\/#website\"},\"primaryImageOfPage\":{\"@id\":\"https:\/\/www.intoscana.it\/it\/il-presidente-sergio-mattarella-alla-piaggio-di-pontedera-il-lavoro-e-dignita\/#primaryimage\"},\"image\":{\"@id\":\"https:\/\/www.intoscana.it\/it\/il-presidente-sergio-mattarella-alla-piaggio-di-pontedera-il-lavoro-e-dignita\/#primaryimage\"},\"thumbnailUrl\":\"https:\/\/www.intoscana.it\/wp-content\/uploads\/401618.jpg\",\"datePublished\":\"2026-04-30T13:20:11+00:00\",\"dateModified\":\"2026-04-30T15:50:07+00:00\",\"author\":{\"@id\":\"https:\/\/www.intoscana.it\/it\/#\/schema\/person\/137419af9ef5d385bde52864a841e6ce\"},\"description\":\"Il Capo dello Stato ha scelto di iniziare le celerazioni del Primo Maggio dalla Toscana, in uno dei luoghi simbolo dell'industria e della creativit\u00e0 italiana. Giani: \\\"Occupazione strumento attraverso cui si realizza la nostra comunit\u00e0\\\"\",\"breadcrumb\":{\"@id\":\"https:\/\/www.intoscana.it\/it\/il-presidente-sergio-mattarella-alla-piaggio-di-pontedera-il-lavoro-e-dignita\/#breadcrumb\"},\"inLanguage\":\"it-IT\",\"potentialAction\":[{\"@type\":\"ReadAction\",\"target\":[\"https:\/\/www.intoscana.it\/it\/il-presidente-sergio-mattarella-alla-piaggio-di-pontedera-il-lavoro-e-dignita\/\"]}]},{\"@type\":\"ImageObject\",\"inLanguage\":\"it-IT\",\"@id\":\"https:\/\/www.intoscana.it\/it\/il-presidente-sergio-mattarella-alla-piaggio-di-pontedera-il-lavoro-e-dignita\/#primaryimage\",\"url\":\"https:\/\/www.intoscana.it\/wp-content\/uploads\/401618.jpg\",\"contentUrl\":\"https:\/\/www.intoscana.it\/wp-content\/uploads\/401618.jpg\",\"width\":744,\"height\":500},{\"@type\":\"BreadcrumbList\",\"@id\":\"https:\/\/www.intoscana.it\/it\/il-presidente-sergio-mattarella-alla-piaggio-di-pontedera-il-lavoro-e-dignita\/#breadcrumb\",\"itemListElement\":[{\"@type\":\"ListItem\",\"position\":1,\"name\":\"Home\",\"item\":\"https:\/\/www.intoscana.it\/it\/\"},{\"@type\":\"ListItem\",\"position\":2,\"name\":\"Il presidente Sergio Mattarella alla Piaggio di Pontedera: &#8220;Il lavoro \u00e8 dignit\u00e0&#8221;\"}]},{\"@type\":\"WebSite\",\"@id\":\"https:\/\/www.intoscana.it\/it\/#website\",\"url\":\"https:\/\/www.intoscana.it\/it\/\",\"name\":\"intoscana\",\"description\":\"\",\"potentialAction\":[{\"@type\":\"SearchAction\",\"target\":{\"@type\":\"EntryPoint\",\"urlTemplate\":\"https:\/\/www.intoscana.it\/it\/?s={search_term_string}\"},\"query-input\":{\"@type\":\"PropertyValueSpecification\",\"valueRequired\":true,\"valueName\":\"search_term_string\"}}],\"inLanguage\":\"it-IT\"},{\"@type\":\"Person\",\"@id\":\"https:\/\/www.intoscana.it\/it\/#\/schema\/person\/137419af9ef5d385bde52864a841e6ce\",\"name\":\"Clara D'Acunto\",\"url\":\"https:\/\/www.intoscana.it\/it\/author\/clara-d_acunto\/\"}]}<\/script>\n<!-- \/ Yoast SEO Premium plugin. -->","yoast_head_json":{"title":"Il presidente Sergio Mattarella alla Piaggio di Pontedera: \"Il lavoro \u00e8 dignit\u00e0\" - intoscana","description":"Il Capo dello Stato ha scelto di iniziare le celerazioni del Primo Maggio dalla Toscana, in uno dei luoghi simbolo dell'industria e della creativit\u00e0 italiana. Giani: \"Occupazione strumento attraverso cui si realizza la nostra comunit\u00e0\"","robots":{"index":"index","follow":"follow","max-snippet":"max-snippet:-1","max-image-preview":"max-image-preview:large","max-video-preview":"max-video-preview:-1"},"canonical":"https:\/\/www.intoscana.it\/it\/il-presidente-sergio-mattarella-alla-piaggio-di-pontedera-il-lavoro-e-dignita\/","og_locale":"it_IT","og_type":"article","og_title":"Il presidente Sergio Mattarella alla Piaggio di Pontedera: \"Il lavoro \u00e8 dignit\u00e0\"","og_description":"Il Capo dello Stato ha scelto di iniziare le celerazioni del Primo Maggio dalla Toscana, in uno dei luoghi simbolo dell'industria e della creativit\u00e0 italiana. Giani: \"Occupazione strumento attraverso cui si realizza la nostra comunit\u00e0\"","og_url":"https:\/\/www.intoscana.it\/it\/il-presidente-sergio-mattarella-alla-piaggio-di-pontedera-il-lavoro-e-dignita\/","og_site_name":"intoscana","article_publisher":"https:\/\/www.facebook.com\/intoscana.it","article_published_time":"2026-04-30T13:20:11+00:00","article_modified_time":"2026-04-30T15:50:07+00:00","og_image":[{"width":744,"height":500,"url":"https:\/\/www.intoscana.it\/wp-content\/uploads\/401618.jpg","type":"image\/jpeg"}],"author":"Clara D'Acunto","twitter_card":"summary_large_image","twitter_creator":"@intoscana","twitter_site":"@intoscana","twitter_misc":{"Written by":"Clara D'Acunto","Est. reading time":"7 minuti"},"schema":{"@context":"https:\/\/schema.org","@graph":[{"@type":"WebPage","@id":"https:\/\/www.intoscana.it\/it\/il-presidente-sergio-mattarella-alla-piaggio-di-pontedera-il-lavoro-e-dignita\/","url":"https:\/\/www.intoscana.it\/it\/il-presidente-sergio-mattarella-alla-piaggio-di-pontedera-il-lavoro-e-dignita\/","name":"Il presidente Sergio Mattarella alla Piaggio di Pontedera: \"Il lavoro \u00e8 dignit\u00e0\" - intoscana","isPartOf":{"@id":"https:\/\/www.intoscana.it\/it\/#website"},"primaryImageOfPage":{"@id":"https:\/\/www.intoscana.it\/it\/il-presidente-sergio-mattarella-alla-piaggio-di-pontedera-il-lavoro-e-dignita\/#primaryimage"},"image":{"@id":"https:\/\/www.intoscana.it\/it\/il-presidente-sergio-mattarella-alla-piaggio-di-pontedera-il-lavoro-e-dignita\/#primaryimage"},"thumbnailUrl":"https:\/\/www.intoscana.it\/wp-content\/uploads\/401618.jpg","datePublished":"2026-04-30T13:20:11+00:00","dateModified":"2026-04-30T15:50:07+00:00","author":{"@id":"https:\/\/www.intoscana.it\/it\/#\/schema\/person\/137419af9ef5d385bde52864a841e6ce"},"description":"Il Capo dello Stato ha scelto di iniziare le celerazioni del Primo Maggio dalla Toscana, in uno dei luoghi simbolo dell'industria e della creativit\u00e0 italiana. Giani: \"Occupazione strumento attraverso cui si realizza la nostra comunit\u00e0\"","breadcrumb":{"@id":"https:\/\/www.intoscana.it\/it\/il-presidente-sergio-mattarella-alla-piaggio-di-pontedera-il-lavoro-e-dignita\/#breadcrumb"},"inLanguage":"it-IT","potentialAction":[{"@type":"ReadAction","target":["https:\/\/www.intoscana.it\/it\/il-presidente-sergio-mattarella-alla-piaggio-di-pontedera-il-lavoro-e-dignita\/"]}]},{"@type":"ImageObject","inLanguage":"it-IT","@id":"https:\/\/www.intoscana.it\/it\/il-presidente-sergio-mattarella-alla-piaggio-di-pontedera-il-lavoro-e-dignita\/#primaryimage","url":"https:\/\/www.intoscana.it\/wp-content\/uploads\/401618.jpg","contentUrl":"https:\/\/www.intoscana.it\/wp-content\/uploads\/401618.jpg","width":744,"height":500},{"@type":"BreadcrumbList","@id":"https:\/\/www.intoscana.it\/it\/il-presidente-sergio-mattarella-alla-piaggio-di-pontedera-il-lavoro-e-dignita\/#breadcrumb","itemListElement":[{"@type":"ListItem","position":1,"name":"Home","item":"https:\/\/www.intoscana.it\/it\/"},{"@type":"ListItem","position":2,"name":"Il presidente Sergio Mattarella alla Piaggio di Pontedera: &#8220;Il lavoro \u00e8 dignit\u00e0&#8221;"}]},{"@type":"WebSite","@id":"https:\/\/www.intoscana.it\/it\/#website","url":"https:\/\/www.intoscana.it\/it\/","name":"intoscana","description":"","potentialAction":[{"@type":"SearchAction","target":{"@type":"EntryPoint","urlTemplate":"https:\/\/www.intoscana.it\/it\/?s={search_term_string}"},"query-input":{"@type":"PropertyValueSpecification","valueRequired":true,"valueName":"search_term_string"}}],"inLanguage":"it-IT"},{"@type":"Person","@id":"https:\/\/www.intoscana.it\/it\/#\/schema\/person\/137419af9ef5d385bde52864a841e6ce","name":"Clara D'Acunto","url":"https:\/\/www.intoscana.it\/it\/author\/clara-d_acunto\/"}]}},"_links":{"self":[{"href":"https:\/\/www.intoscana.it\/it\/wp-json\/wp\/v2\/posts\/425979","targetHints":{"allow":["GET"]}}],"collection":[{"href":"https:\/\/www.intoscana.it\/it\/wp-json\/wp\/v2\/posts"}],"about":[{"href":"https:\/\/www.intoscana.it\/it\/wp-json\/wp\/v2\/types\/post"}],"author":[{"embeddable":true,"href":"https:\/\/www.intoscana.it\/it\/wp-json\/wp\/v2\/users\/545"}],"replies":[{"embeddable":true,"href":"https:\/\/www.intoscana.it\/it\/wp-json\/wp\/v2\/comments?post=425979"}],"version-history":[{"count":5,"href":"https:\/\/www.intoscana.it\/it\/wp-json\/wp\/v2\/posts\/425979\/revisions"}],"predecessor-version":[{"id":426136,"href":"https:\/\/www.intoscana.it\/it\/wp-json\/wp\/v2\/posts\/425979\/revisions\/426136"}],"wp:featuredmedia":[{"embeddable":true,"href":"https:\/\/www.intoscana.it\/it\/wp-json\/wp\/v2\/media\/426064"}],"wp:attachment":[{"href":"https:\/\/www.intoscana.it\/it\/wp-json\/wp\/v2\/media?parent=425979"}],"wp:term":[{"taxonomy":"category","embeddable":true,"href":"https:\/\/www.intoscana.it\/it\/wp-json\/wp\/v2\/categories?post=425979"},{"taxonomy":"post_tag","embeddable":true,"href":"https:\/\/www.intoscana.it\/it\/wp-json\/wp\/v2\/tags?post=425979"}],"curies":[{"name":"wp","href":"https:\/\/api.w.org\/{rel}","templated":true}]}}