{"id":426023,"date":"2026-04-30T12:16:06","date_gmt":"2026-04-30T10:16:06","guid":{"rendered":"https:\/\/www.intoscana.it\/it\/?p=426023"},"modified":"2026-04-30T12:16:06","modified_gmt":"2026-04-30T10:16:06","slug":"vita-indipendente-la-regione-con-6-milioni-di-euro-ha-azzerato-le-liste-dattesa","status":"publish","type":"post","link":"https:\/\/www.intoscana.it\/it\/vita-indipendente-la-regione-con-6-milioni-di-euro-ha-azzerato-le-liste-dattesa\/","title":{"rendered":"Vita indipendente: la Regione con 6 milioni di euro ha azzerato le liste d&#8217;attesa"},"content":{"rendered":"<p>Con oltre<strong> 6 milioni di euro aggiuntivi,<\/strong> la <strong>Regione Toscana azzera le liste d\u2019attesa per il programma \u201cVita indipendente\u201d<\/strong> e amplia in modo significativo il sostegno all\u2019autonomia delle persone con disabilit\u00e0.<\/p>\n<p>La delibera approvata dall\u2019ultima giunta consente infatti<strong> l\u2019ingresso di oltre 300 nuovi beneficiari, coprendo tutte le domande presentate da persone con disabilit\u00e0 grave<\/strong> in possesso dei requisiti.<\/p>\n<p>Un risultato che arriva a ridosso della <strong>Giornata europea per la Vita indipendente del 5 maggio,<\/strong> dedicata alla promozione del diritto a una vita autonoma, autodeterminata e pienamente integrata nella societ\u00e0.<\/p>\n<p>Grazie al nuovo stanziamento<strong>, i destinatari del programma nel triennio 2025-2027 saliranno a 2.200, raddoppiando rispetto ai 1.126<\/strong> progetti precedentemente finanziati.<\/p>\n<p>L\u2019intervento, sostenuto dalle risorse del <strong>Fondo Sociale Europeo 2021-2027,<\/strong> prevede anche<strong> un aumento del contributo massimo mensile per persona, che passa da 1.800 a 2.000 euro.<\/strong> Complessivamente,<strong> il finanziamento raggiunge cos\u00ec i 78 milioni di euro complessivi,<\/strong> rafforzando in modo concreto le politiche regionali per l\u2019inclusione e l\u2019autonomia.<\/p>\n<p><em>\u201cQuesto provvedimento \u2013<\/em> sottolineano <strong>il presidente della Regione Toscana Eugenio Giani e l\u2019assessora regionale alla sanit\u00e0 e alle politiche sociali Monia Monn<\/strong>i \u2013 <em>rappresenta il modo migliore per avvicinarci alla giornata del 5 maggio celebrandola in maniera concreta, operativa, inclusiva\u201d.<\/em><\/p>\n<p><em>\u201cCon questo ulteriore finanziamento \u2013<\/em><strong> sono parole di Eugenio Giani<\/strong><em> &#8211; raggiungiamo un obiettivo importante quello di poter rispondere concretamente a tutte le domande con i requisiti per essere accolte. La qualit\u00e0 della vita \u00e8 un valore decisivo per noi e con questo progetto possiamo sostenere le persone con grave disabilit\u00e0 nel loro sacrosanto desiderio di autonomia\u201d.<\/em><\/p>\n<p><em>\u201cLa crescita di questo programma che ha visto raddoppiati i destinatari \u00e8 un risultato di grande valore e civilt\u00e0 per il welfare toscano\u201d <\/em><strong>evidenzia l\u2019assessora regionale alla sanit\u00e0 e alle politiche sociali Monia Monni<\/strong><em>. \u201cL\u2019attuazione di questo progetto permette infatti a oltre 2.200 persone di ogni et\u00e0 (l\u2019et\u00e0 media del programma \u00e8 di 48 anni) di poter accedere a una serie di servizi fondamentali come l\u2019assistenza personale nelle attivit\u00e0 domestiche, sul lavoro, nello studio, e ancora alle azioni per favorire l\u2019accessibilit\u00e0, la mobilit\u00e0, ma anche la fisioterapia e la pratica sportiva. Siamo fieri di questo impegno che ci colloca, in quest\u2019ambito, tra le regioni pi\u00f9 avanzate d\u2019Europa\u201d.<\/em><\/p>\n<figure id=\"post-426032 media-426032\" class=\"align-none\"><img decoding=\"async\" src=\"https:\/\/www.intoscana.it\/wp-content\/uploads\/vita-ind.jpeg\" alt=\"\" \/><\/figure>\n<div class=\"titleimg\"><\/div>\n","protected":false},"excerpt":{"rendered":"<p>La Regione Toscana grazie alle risorse del Fondo Sociale Europeo \u00e8 riuscita ad inserire nel bando oltre 300 nuovi destinatari, aumentando il contributo massimo mensile per persona che passa da 1.800 a 2.000 euro<\/p>\n","protected":false},"author":525,"featured_media":235111,"comment_status":"open","ping_status":"open","sticky":false,"template":"","format":"standard","meta":{"_acf_changed":false,"footnotes":""},"categories":[494],"tags":[406,151],"class_list":["post-426023","post","type-post","status-publish","format-standard","has-post-thumbnail","hentry","category-attualita","tag-disabilita","tag-regione-toscana"],"acf":[],"yoast_head":"<!-- This site is optimized with the Yoast SEO Premium plugin v24.2 (Yoast SEO v25.6) - https:\/\/yoast.com\/wordpress\/plugins\/seo\/ -->\n<title>Vita indipendente: la Regione con 6 milioni di euro ha azzerato le liste d&#039;attesa - intoscana<\/title>\n<meta name=\"description\" content=\"La Regione Toscana grazie alle risorse del Fondo Sociale Europeo \u00e8 riuscita ad inserire nel bando oltre 300 nuovi destinatari\" \/>\n<meta name=\"robots\" content=\"index, follow, max-snippet:-1, max-image-preview:large, max-video-preview:-1\" \/>\n<link rel=\"canonical\" href=\"https:\/\/www.intoscana.it\/it\/vita-indipendente-la-regione-con-6-milioni-di-euro-ha-azzerato-le-liste-dattesa\/\" \/>\n<meta property=\"og:locale\" content=\"it_IT\" \/>\n<meta property=\"og:type\" content=\"article\" \/>\n<meta property=\"og:title\" content=\"Vita indipendente: la Regione con 6 milioni di euro ha azzerato le liste d&#039;attesa\" \/>\n<meta property=\"og:description\" content=\"La Regione Toscana grazie alle risorse del Fondo Sociale Europeo \u00e8 riuscita ad inserire nel bando oltre 300 nuovi destinatari\" \/>\n<meta property=\"og:url\" content=\"https:\/\/www.intoscana.it\/it\/vita-indipendente-la-regione-con-6-milioni-di-euro-ha-azzerato-le-liste-dattesa\/\" \/>\n<meta property=\"og:site_name\" content=\"intoscana\" \/>\n<meta property=\"article:publisher\" content=\"https:\/\/www.facebook.com\/intoscana.it\" \/>\n<meta property=\"article:published_time\" content=\"2026-04-30T10:16:06+00:00\" \/>\n<meta property=\"og:image\" content=\"https:\/\/www.intoscana.it\/wp-content\/uploads\/Disabilita-1-scaled.jpg\" \/>\n\t<meta property=\"og:image:width\" content=\"2048\" \/>\n\t<meta property=\"og:image:height\" content=\"1365\" \/>\n\t<meta property=\"og:image:type\" content=\"image\/jpeg\" \/>\n<meta name=\"author\" content=\"Redazione\" \/>\n<meta name=\"twitter:card\" content=\"summary_large_image\" \/>\n<meta name=\"twitter:creator\" content=\"@intoscana\" \/>\n<meta name=\"twitter:site\" content=\"@intoscana\" \/>\n<meta name=\"twitter:label1\" content=\"Written by\" \/>\n\t<meta name=\"twitter:data1\" content=\"Redazione\" \/>\n\t<meta name=\"twitter:label2\" content=\"Est. reading time\" \/>\n\t<meta name=\"twitter:data2\" content=\"3 minuti\" \/>\n<script type=\"application\/ld+json\" class=\"yoast-schema-graph\">{\"@context\":\"https:\/\/schema.org\",\"@graph\":[{\"@type\":\"WebPage\",\"@id\":\"https:\/\/www.intoscana.it\/it\/vita-indipendente-la-regione-con-6-milioni-di-euro-ha-azzerato-le-liste-dattesa\/\",\"url\":\"https:\/\/www.intoscana.it\/it\/vita-indipendente-la-regione-con-6-milioni-di-euro-ha-azzerato-le-liste-dattesa\/\",\"name\":\"Vita indipendente: la Regione con 6 milioni di euro ha azzerato le liste d'attesa - intoscana\",\"isPartOf\":{\"@id\":\"https:\/\/www.intoscana.it\/it\/#website\"},\"primaryImageOfPage\":{\"@id\":\"https:\/\/www.intoscana.it\/it\/vita-indipendente-la-regione-con-6-milioni-di-euro-ha-azzerato-le-liste-dattesa\/#primaryimage\"},\"image\":{\"@id\":\"https:\/\/www.intoscana.it\/it\/vita-indipendente-la-regione-con-6-milioni-di-euro-ha-azzerato-le-liste-dattesa\/#primaryimage\"},\"thumbnailUrl\":\"https:\/\/www.intoscana.it\/wp-content\/uploads\/Disabilita-1-scaled.jpg\",\"datePublished\":\"2026-04-30T10:16:06+00:00\",\"author\":{\"@id\":\"https:\/\/www.intoscana.it\/it\/#\/schema\/person\/9223810753230f20bd670fdd322661f8\"},\"description\":\"La Regione Toscana grazie alle risorse del Fondo Sociale Europeo \u00e8 riuscita ad inserire nel bando oltre 300 nuovi destinatari\",\"breadcrumb\":{\"@id\":\"https:\/\/www.intoscana.it\/it\/vita-indipendente-la-regione-con-6-milioni-di-euro-ha-azzerato-le-liste-dattesa\/#breadcrumb\"},\"inLanguage\":\"it-IT\",\"potentialAction\":[{\"@type\":\"ReadAction\",\"target\":[\"https:\/\/www.intoscana.it\/it\/vita-indipendente-la-regione-con-6-milioni-di-euro-ha-azzerato-le-liste-dattesa\/\"]}]},{\"@type\":\"ImageObject\",\"inLanguage\":\"it-IT\",\"@id\":\"https:\/\/www.intoscana.it\/it\/vita-indipendente-la-regione-con-6-milioni-di-euro-ha-azzerato-le-liste-dattesa\/#primaryimage\",\"url\":\"https:\/\/www.intoscana.it\/wp-content\/uploads\/Disabilita-1-scaled.jpg\",\"contentUrl\":\"https:\/\/www.intoscana.it\/wp-content\/uploads\/Disabilita-1-scaled.jpg\",\"width\":2048,\"height\":1365,\"caption\":\"disabilit\u00e0\"},{\"@type\":\"BreadcrumbList\",\"@id\":\"https:\/\/www.intoscana.it\/it\/vita-indipendente-la-regione-con-6-milioni-di-euro-ha-azzerato-le-liste-dattesa\/#breadcrumb\",\"itemListElement\":[{\"@type\":\"ListItem\",\"position\":1,\"name\":\"Home\",\"item\":\"https:\/\/www.intoscana.it\/it\/\"},{\"@type\":\"ListItem\",\"position\":2,\"name\":\"Vita indipendente: la Regione con 6 milioni di euro ha azzerato le liste d&#8217;attesa\"}]},{\"@type\":\"WebSite\",\"@id\":\"https:\/\/www.intoscana.it\/it\/#website\",\"url\":\"https:\/\/www.intoscana.it\/it\/\",\"name\":\"intoscana\",\"description\":\"\",\"potentialAction\":[{\"@type\":\"SearchAction\",\"target\":{\"@type\":\"EntryPoint\",\"urlTemplate\":\"https:\/\/www.intoscana.it\/it\/?s={search_term_string}\"},\"query-input\":{\"@type\":\"PropertyValueSpecification\",\"valueRequired\":true,\"valueName\":\"search_term_string\"}}],\"inLanguage\":\"it-IT\"},{\"@type\":\"Person\",\"@id\":\"https:\/\/www.intoscana.it\/it\/#\/schema\/person\/9223810753230f20bd670fdd322661f8\",\"name\":\"Redazione\",\"url\":\"https:\/\/www.intoscana.it\/it\/author\/redazione\/\"}]}<\/script>\n<!-- \/ Yoast SEO Premium plugin. -->","yoast_head_json":{"title":"Vita indipendente: la Regione con 6 milioni di euro ha azzerato le liste d'attesa - intoscana","description":"La Regione Toscana grazie alle risorse del Fondo Sociale Europeo \u00e8 riuscita ad inserire nel bando oltre 300 nuovi destinatari","robots":{"index":"index","follow":"follow","max-snippet":"max-snippet:-1","max-image-preview":"max-image-preview:large","max-video-preview":"max-video-preview:-1"},"canonical":"https:\/\/www.intoscana.it\/it\/vita-indipendente-la-regione-con-6-milioni-di-euro-ha-azzerato-le-liste-dattesa\/","og_locale":"it_IT","og_type":"article","og_title":"Vita indipendente: la Regione con 6 milioni di euro ha azzerato le liste d'attesa","og_description":"La Regione Toscana grazie alle risorse del Fondo Sociale Europeo \u00e8 riuscita ad inserire nel bando oltre 300 nuovi destinatari","og_url":"https:\/\/www.intoscana.it\/it\/vita-indipendente-la-regione-con-6-milioni-di-euro-ha-azzerato-le-liste-dattesa\/","og_site_name":"intoscana","article_publisher":"https:\/\/www.facebook.com\/intoscana.it","article_published_time":"2026-04-30T10:16:06+00:00","og_image":[{"width":2048,"height":1365,"url":"https:\/\/www.intoscana.it\/wp-content\/uploads\/Disabilita-1-scaled.jpg","type":"image\/jpeg"}],"author":"Redazione","twitter_card":"summary_large_image","twitter_creator":"@intoscana","twitter_site":"@intoscana","twitter_misc":{"Written by":"Redazione","Est. reading time":"3 minuti"},"schema":{"@context":"https:\/\/schema.org","@graph":[{"@type":"WebPage","@id":"https:\/\/www.intoscana.it\/it\/vita-indipendente-la-regione-con-6-milioni-di-euro-ha-azzerato-le-liste-dattesa\/","url":"https:\/\/www.intoscana.it\/it\/vita-indipendente-la-regione-con-6-milioni-di-euro-ha-azzerato-le-liste-dattesa\/","name":"Vita indipendente: la Regione con 6 milioni di euro ha azzerato le liste d'attesa - intoscana","isPartOf":{"@id":"https:\/\/www.intoscana.it\/it\/#website"},"primaryImageOfPage":{"@id":"https:\/\/www.intoscana.it\/it\/vita-indipendente-la-regione-con-6-milioni-di-euro-ha-azzerato-le-liste-dattesa\/#primaryimage"},"image":{"@id":"https:\/\/www.intoscana.it\/it\/vita-indipendente-la-regione-con-6-milioni-di-euro-ha-azzerato-le-liste-dattesa\/#primaryimage"},"thumbnailUrl":"https:\/\/www.intoscana.it\/wp-content\/uploads\/Disabilita-1-scaled.jpg","datePublished":"2026-04-30T10:16:06+00:00","author":{"@id":"https:\/\/www.intoscana.it\/it\/#\/schema\/person\/9223810753230f20bd670fdd322661f8"},"description":"La Regione Toscana grazie alle risorse del Fondo Sociale Europeo \u00e8 riuscita ad inserire nel bando oltre 300 nuovi destinatari","breadcrumb":{"@id":"https:\/\/www.intoscana.it\/it\/vita-indipendente-la-regione-con-6-milioni-di-euro-ha-azzerato-le-liste-dattesa\/#breadcrumb"},"inLanguage":"it-IT","potentialAction":[{"@type":"ReadAction","target":["https:\/\/www.intoscana.it\/it\/vita-indipendente-la-regione-con-6-milioni-di-euro-ha-azzerato-le-liste-dattesa\/"]}]},{"@type":"ImageObject","inLanguage":"it-IT","@id":"https:\/\/www.intoscana.it\/it\/vita-indipendente-la-regione-con-6-milioni-di-euro-ha-azzerato-le-liste-dattesa\/#primaryimage","url":"https:\/\/www.intoscana.it\/wp-content\/uploads\/Disabilita-1-scaled.jpg","contentUrl":"https:\/\/www.intoscana.it\/wp-content\/uploads\/Disabilita-1-scaled.jpg","width":2048,"height":1365,"caption":"disabilit\u00e0"},{"@type":"BreadcrumbList","@id":"https:\/\/www.intoscana.it\/it\/vita-indipendente-la-regione-con-6-milioni-di-euro-ha-azzerato-le-liste-dattesa\/#breadcrumb","itemListElement":[{"@type":"ListItem","position":1,"name":"Home","item":"https:\/\/www.intoscana.it\/it\/"},{"@type":"ListItem","position":2,"name":"Vita indipendente: la Regione con 6 milioni di euro ha azzerato le liste d&#8217;attesa"}]},{"@type":"WebSite","@id":"https:\/\/www.intoscana.it\/it\/#website","url":"https:\/\/www.intoscana.it\/it\/","name":"intoscana","description":"","potentialAction":[{"@type":"SearchAction","target":{"@type":"EntryPoint","urlTemplate":"https:\/\/www.intoscana.it\/it\/?s={search_term_string}"},"query-input":{"@type":"PropertyValueSpecification","valueRequired":true,"valueName":"search_term_string"}}],"inLanguage":"it-IT"},{"@type":"Person","@id":"https:\/\/www.intoscana.it\/it\/#\/schema\/person\/9223810753230f20bd670fdd322661f8","name":"Redazione","url":"https:\/\/www.intoscana.it\/it\/author\/redazione\/"}]}},"_links":{"self":[{"href":"https:\/\/www.intoscana.it\/it\/wp-json\/wp\/v2\/posts\/426023","targetHints":{"allow":["GET"]}}],"collection":[{"href":"https:\/\/www.intoscana.it\/it\/wp-json\/wp\/v2\/posts"}],"about":[{"href":"https:\/\/www.intoscana.it\/it\/wp-json\/wp\/v2\/types\/post"}],"author":[{"embeddable":true,"href":"https:\/\/www.intoscana.it\/it\/wp-json\/wp\/v2\/users\/525"}],"replies":[{"embeddable":true,"href":"https:\/\/www.intoscana.it\/it\/wp-json\/wp\/v2\/comments?post=426023"}],"version-history":[{"count":5,"href":"https:\/\/www.intoscana.it\/it\/wp-json\/wp\/v2\/posts\/426023\/revisions"}],"predecessor-version":[{"id":426034,"href":"https:\/\/www.intoscana.it\/it\/wp-json\/wp\/v2\/posts\/426023\/revisions\/426034"}],"wp:featuredmedia":[{"embeddable":true,"href":"https:\/\/www.intoscana.it\/it\/wp-json\/wp\/v2\/media\/235111"}],"wp:attachment":[{"href":"https:\/\/www.intoscana.it\/it\/wp-json\/wp\/v2\/media?parent=426023"}],"wp:term":[{"taxonomy":"category","embeddable":true,"href":"https:\/\/www.intoscana.it\/it\/wp-json\/wp\/v2\/categories?post=426023"},{"taxonomy":"post_tag","embeddable":true,"href":"https:\/\/www.intoscana.it\/it\/wp-json\/wp\/v2\/tags?post=426023"}],"curies":[{"name":"wp","href":"https:\/\/api.w.org\/{rel}","templated":true}]}}