{"id":426035,"date":"2026-04-30T12:40:40","date_gmt":"2026-04-30T10:40:40","guid":{"rendered":"https:\/\/www.intoscana.it\/it\/?p=426035"},"modified":"2026-04-30T12:40:40","modified_gmt":"2026-04-30T10:40:40","slug":"ciak-sul-lavoro-torna-la-rassegna-che-attraverso-il-cinema-parla-dei-problemi-delloccupazione","status":"publish","type":"post","link":"https:\/\/www.intoscana.it\/it\/ciak-sul-lavoro-torna-la-rassegna-che-attraverso-il-cinema-parla-dei-problemi-delloccupazione\/","title":{"rendered":"\u201cCiak sul Lavoro&#8221; torna la rassegna che attraverso il cinema parla dei problemi dell&#8217;occupazione"},"content":{"rendered":"<p>Torna in sala <strong><em>\u201cCiak sul Lavoro\u201d<\/em><\/strong> la rassegna che attraverso il cinema italiano vuole parlare di un tema scottante, sempre pi\u00f9 all\u2019ordine del giorno, quello<strong> legato ai problemi dell\u2019occupazione.<\/strong><\/p>\n<p>La kermesse organizzata da<strong> Filcams Cgil Toscana e Filcams Cgil Firenze,<\/strong> e curata dall&#8217;<a href=\"https:\/\/www.facebook.com\/associazioneanemic.it\/\" target=\"_blank\" rel=\"noopener\"><strong>Associazione An\u00e9mic<\/strong>,<\/a><strong> si svolger\u00e0 dal 5 al 27 maggio<\/strong> coinvolgendo non solo lo <strong>Spazio Alfieri di Firenze<\/strong>, ma anche il <strong>Multisala Eden di Arezzo e il cinema Arsenale di Pisa.<\/strong><\/p>\n<p>In tutto saranno <strong>cinque film<\/strong> presentati in sala dai rispettivi registi e registe,<strong> quattro fiction e un documentario<\/strong> che, ognuno a suo modo, parlano di <strong>una situazione emergenziale, sempre pi\u00f9 in affanno,<\/strong> un universo insieme tragico e contraddittorio.<\/p>\n<p><strong>Fra crisi invadente, disagio sociale, impoverimento culturale, et\u00e0 pensionabile e disoccupazione giovanile, precariato e incertezze,<\/strong> il quadro riflette lo <strong>\u201cstato di scarsa salute\u201d della societ\u00e0,<\/strong> raccontando i <strong>rapporti di forza fra capitale e lavoro,<\/strong> e i problemi legati a un \u201cnuovo\u201d modello di sviluppo che va al di l\u00e0 delle reali emergenze economiche.<\/p>\n<p><strong>Cinque film per riflettere e discutere<\/strong> di temi sociali, di dignit\u00e0 in un mondo del <strong>lavoro sempre pi\u00f9 povero e precario<\/strong>, che non parla pi\u00f9 alla vita e che spesso, troppo spesso, conduce alla morte; una vera e propria<strong> regressione dei diritti<\/strong> che occorre riconquistare.<\/p>\n<h3>Tutti i film in calendario<\/h3>\n<p><strong>5 maggio Firenze \/ Spazio Alfieri<\/strong><br \/>\n<strong>ARTICOLO 1<\/strong> alla presenza del <strong>regista Luca Bianchini<\/strong><br \/>\nTre storie di vite spezzate che raccontano di lutti e tragedie, purtroppo quotidiane, dando voce a chi resta e dignit\u00e0 a chi non c&#8217;\u00e8 pi\u00f9. Testimonianze e memorie che parlano di resistenza. Il documentario alterna i silenzi alle parole di chi ricorda, riflette, si interroga. Un grido sommesso, un atto di giustizia, un film di echi che restano, a ricordarci che dietro ogni nome c\u2019\u00e8 una vita, una persona. Per non dimenticare. Presentato a Venezia nelle Giornate degli Autori.<\/p>\n<p><strong>7 maggio Firenze \/ Spazio Alfieri<\/strong><br \/>\n<strong>ULTIMO SCHIAFFO<\/strong> alla presenza del regista <strong>Matteo Oleotto<\/strong><br \/>\nUna dark comedy cruda e rugosa, sullo sfondo di una terra fredda e nevosa, incarognita nella bellezza di un territorio (la montagna friulana) che non lascia che poco spazio alle speranze dei protagonisti. Piccoli e grandi crimini e la natura come antagonista. Pensando a Fargo dei Coen, Oleotto gira una traumatica, a tratti inquietante, storia di perdenti che, alla periferia del mondo, cercano di restare a galla, imboccando scorciatoie pericolose, nel tentativo di superare il proprio senso di inadeguatezza. Il meccanismo parte. Sar\u00e0 impossibile fermarlo. Premiato alla Festa del Cinema di Roma.<\/p>\n<p>13 maggio Arezzo \/ Multisala Eden, 20 maggio Pisa \/ Cinema Arsenale, 21 maggio Firenze \/ Spazio Alfieri<br \/>\n<strong>TIENIMI PRESENTE alla presenza del regista Alberto Palmiero<\/strong><br \/>\nUn film affettuosamente libero che riconcilia con la forza narrativa del cinema, paesaggio umano, linguaggio artistico, mediatore culturale, fraseggio esistenziale. Un debutto che coglie le intemperanze e le intemperie del tempo presente e le ambizioni personali di chi non si accontenta e sfida le leggi della contingenza. Il protagonista, lo stesso Palmiero, classe 1997, \u00e8 un giovane regista disilluso, convinto che il cinema non abbia pi\u00f9 nulla da offrirgli. Che fare? Premio Miglior Opera Prima alla Festa del Cinema di Roma. Candidato ai David di Donatello nella categoria Miglior esordio alla regia.<\/p>\n<p><strong>25 maggio Firenze \/Spazio Alfieri<\/strong><br \/>\n<strong>IL RITORNO<\/strong> alla presenza del <strong>regista Stefano Chiantini<\/strong><br \/>\nUna storia di quotidiano disagio che fotografa tante storie di oggi. Sdrucite e malferme. Dolorose e terremotate. Una madre, il compagno e il loro bambino. Vivono in un quartiere nella periferia di una cittadina laziale e devono fare i conti con la mancanza di lavoro e le conseguenti difficolt\u00e0 economiche. La quotidianit\u00e0 vive di traumi, sussulti, incomprensioni, violenze, contrasti, difficolt\u00e0. L\u2019epilogo sar\u00e0 un mondo di silenzi e solitudine.<\/p>\n<p><strong>27 maggio Firenze \/ Spazio Alfieri<\/strong><br \/>\n<strong>MISS MARX<\/strong> alla presenza della <strong>regista Susanna Nicchiarelli<\/strong><br \/>\nChi \u00e8 la \u201cMiss\u201d del titolo con un cognome cos\u00ec ingombrante? Si chiama Eleanor, la terzogenita, la pi\u00f9 piccola e prediletta, di Karl, il padre del \u201cCapitale\u201d, una donna forte, libera, impegnata con il Partito socialista inglese nelle lotte operaie e nelle battaglie per i diritti alle donne. Nel contrasto fra la lucidit\u00e0 intellettuale di Eleanor e la sua fragilit\u00e0 sentimentale emerge l\u2019incongruenza fra dimensione politica e sfera privata, aprendo un abisso sulla complessit\u00e0 dell\u2019animo umano, sulla fragilit\u00e0 delle illusioni, sulla tossicit\u00e0 delle relazioni sentimentali.<\/p>\n","protected":false},"excerpt":{"rendered":"<p>La rassegna cinematografica &#8220;Ciak sul lavoro&#8221; si svolger\u00e0 dal 5 al 27 maggio coinvolgendo non solo lo Spazio Alfieri di Firenze, ma anche il Multisala Eden di Arezzo e il cinema Arsenale di Pisa<\/p>\n","protected":false},"author":525,"featured_media":426038,"comment_status":"open","ping_status":"open","sticky":false,"template":"","format":"standard","meta":{"_acf_changed":false,"footnotes":""},"categories":[493],"tags":[188,202],"class_list":["post-426035","post","type-post","status-publish","format-standard","has-post-thumbnail","hentry","category-cultura","tag-cinema","tag-firenze"],"acf":[],"yoast_head":"<!-- This site is optimized with the Yoast SEO Premium plugin v24.2 (Yoast SEO v25.6) - https:\/\/yoast.com\/wordpress\/plugins\/seo\/ -->\n<title>\u201cCiak sul Lavoro&quot; torna la rassegna che attraverso il cinema parla dei problemi dell&#039;occupazione - intoscana<\/title>\n<meta name=\"description\" content=\"La rassegna cinematografica &quot;Ciak sul lavoro&quot; si svolger\u00e0 dal 5 al 27 maggio coinvolgendo non solo Firenze, ma anche Arezzo e Pisa\" \/>\n<meta name=\"robots\" content=\"index, follow, max-snippet:-1, max-image-preview:large, max-video-preview:-1\" \/>\n<link rel=\"canonical\" href=\"https:\/\/www.intoscana.it\/it\/ciak-sul-lavoro-torna-la-rassegna-che-attraverso-il-cinema-parla-dei-problemi-delloccupazione\/\" \/>\n<meta property=\"og:locale\" content=\"it_IT\" \/>\n<meta property=\"og:type\" content=\"article\" \/>\n<meta property=\"og:title\" content=\"\u201cCiak sul Lavoro&quot; torna la rassegna che attraverso il cinema parla dei problemi dell&#039;occupazione\" \/>\n<meta property=\"og:description\" content=\"La rassegna cinematografica &quot;Ciak sul lavoro&quot; si svolger\u00e0 dal 5 al 27 maggio coinvolgendo non solo Firenze, ma anche Arezzo e Pisa\" \/>\n<meta property=\"og:url\" content=\"https:\/\/www.intoscana.it\/it\/ciak-sul-lavoro-torna-la-rassegna-che-attraverso-il-cinema-parla-dei-problemi-delloccupazione\/\" \/>\n<meta property=\"og:site_name\" content=\"intoscana\" \/>\n<meta property=\"article:publisher\" content=\"https:\/\/www.facebook.com\/intoscana.it\" \/>\n<meta property=\"article:published_time\" content=\"2026-04-30T10:40:40+00:00\" \/>\n<meta property=\"og:image\" content=\"https:\/\/www.intoscana.it\/wp-content\/uploads\/Schermata-2020-09-07-alle-09.44.27.png\" \/>\n\t<meta property=\"og:image:width\" content=\"1187\" \/>\n\t<meta property=\"og:image:height\" content=\"796\" \/>\n\t<meta property=\"og:image:type\" content=\"image\/png\" \/>\n<meta name=\"author\" content=\"Redazione\" \/>\n<meta name=\"twitter:card\" content=\"summary_large_image\" \/>\n<meta name=\"twitter:creator\" content=\"@intoscana\" \/>\n<meta name=\"twitter:site\" content=\"@intoscana\" \/>\n<meta name=\"twitter:label1\" content=\"Written by\" \/>\n\t<meta name=\"twitter:data1\" content=\"Redazione\" \/>\n\t<meta name=\"twitter:label2\" content=\"Est. reading time\" \/>\n\t<meta name=\"twitter:data2\" content=\"4 minuti\" \/>\n<script type=\"application\/ld+json\" class=\"yoast-schema-graph\">{\"@context\":\"https:\/\/schema.org\",\"@graph\":[{\"@type\":\"WebPage\",\"@id\":\"https:\/\/www.intoscana.it\/it\/ciak-sul-lavoro-torna-la-rassegna-che-attraverso-il-cinema-parla-dei-problemi-delloccupazione\/\",\"url\":\"https:\/\/www.intoscana.it\/it\/ciak-sul-lavoro-torna-la-rassegna-che-attraverso-il-cinema-parla-dei-problemi-delloccupazione\/\",\"name\":\"\u201cCiak sul Lavoro\\\" torna la rassegna che attraverso il cinema parla dei problemi dell'occupazione - intoscana\",\"isPartOf\":{\"@id\":\"https:\/\/www.intoscana.it\/it\/#website\"},\"primaryImageOfPage\":{\"@id\":\"https:\/\/www.intoscana.it\/it\/ciak-sul-lavoro-torna-la-rassegna-che-attraverso-il-cinema-parla-dei-problemi-delloccupazione\/#primaryimage\"},\"image\":{\"@id\":\"https:\/\/www.intoscana.it\/it\/ciak-sul-lavoro-torna-la-rassegna-che-attraverso-il-cinema-parla-dei-problemi-delloccupazione\/#primaryimage\"},\"thumbnailUrl\":\"https:\/\/www.intoscana.it\/wp-content\/uploads\/Schermata-2020-09-07-alle-09.44.27.png\",\"datePublished\":\"2026-04-30T10:40:40+00:00\",\"author\":{\"@id\":\"https:\/\/www.intoscana.it\/it\/#\/schema\/person\/9223810753230f20bd670fdd322661f8\"},\"description\":\"La rassegna cinematografica \\\"Ciak sul lavoro\\\" si svolger\u00e0 dal 5 al 27 maggio coinvolgendo non solo Firenze, ma anche Arezzo e Pisa\",\"breadcrumb\":{\"@id\":\"https:\/\/www.intoscana.it\/it\/ciak-sul-lavoro-torna-la-rassegna-che-attraverso-il-cinema-parla-dei-problemi-delloccupazione\/#breadcrumb\"},\"inLanguage\":\"it-IT\",\"potentialAction\":[{\"@type\":\"ReadAction\",\"target\":[\"https:\/\/www.intoscana.it\/it\/ciak-sul-lavoro-torna-la-rassegna-che-attraverso-il-cinema-parla-dei-problemi-delloccupazione\/\"]}]},{\"@type\":\"ImageObject\",\"inLanguage\":\"it-IT\",\"@id\":\"https:\/\/www.intoscana.it\/it\/ciak-sul-lavoro-torna-la-rassegna-che-attraverso-il-cinema-parla-dei-problemi-delloccupazione\/#primaryimage\",\"url\":\"https:\/\/www.intoscana.it\/wp-content\/uploads\/Schermata-2020-09-07-alle-09.44.27.png\",\"contentUrl\":\"https:\/\/www.intoscana.it\/wp-content\/uploads\/Schermata-2020-09-07-alle-09.44.27.png\",\"width\":1187,\"height\":796,\"caption\":\"Miss Marx\"},{\"@type\":\"BreadcrumbList\",\"@id\":\"https:\/\/www.intoscana.it\/it\/ciak-sul-lavoro-torna-la-rassegna-che-attraverso-il-cinema-parla-dei-problemi-delloccupazione\/#breadcrumb\",\"itemListElement\":[{\"@type\":\"ListItem\",\"position\":1,\"name\":\"Home\",\"item\":\"https:\/\/www.intoscana.it\/it\/\"},{\"@type\":\"ListItem\",\"position\":2,\"name\":\"\u201cCiak sul Lavoro&#8221; torna la rassegna che attraverso il cinema parla dei problemi dell&#8217;occupazione\"}]},{\"@type\":\"WebSite\",\"@id\":\"https:\/\/www.intoscana.it\/it\/#website\",\"url\":\"https:\/\/www.intoscana.it\/it\/\",\"name\":\"intoscana\",\"description\":\"\",\"potentialAction\":[{\"@type\":\"SearchAction\",\"target\":{\"@type\":\"EntryPoint\",\"urlTemplate\":\"https:\/\/www.intoscana.it\/it\/?s={search_term_string}\"},\"query-input\":{\"@type\":\"PropertyValueSpecification\",\"valueRequired\":true,\"valueName\":\"search_term_string\"}}],\"inLanguage\":\"it-IT\"},{\"@type\":\"Person\",\"@id\":\"https:\/\/www.intoscana.it\/it\/#\/schema\/person\/9223810753230f20bd670fdd322661f8\",\"name\":\"Redazione\",\"url\":\"https:\/\/www.intoscana.it\/it\/author\/redazione\/\"}]}<\/script>\n<!-- \/ Yoast SEO Premium plugin. -->","yoast_head_json":{"title":"\u201cCiak sul Lavoro\" torna la rassegna che attraverso il cinema parla dei problemi dell'occupazione - intoscana","description":"La rassegna cinematografica \"Ciak sul lavoro\" si svolger\u00e0 dal 5 al 27 maggio coinvolgendo non solo Firenze, ma anche Arezzo e Pisa","robots":{"index":"index","follow":"follow","max-snippet":"max-snippet:-1","max-image-preview":"max-image-preview:large","max-video-preview":"max-video-preview:-1"},"canonical":"https:\/\/www.intoscana.it\/it\/ciak-sul-lavoro-torna-la-rassegna-che-attraverso-il-cinema-parla-dei-problemi-delloccupazione\/","og_locale":"it_IT","og_type":"article","og_title":"\u201cCiak sul Lavoro\" torna la rassegna che attraverso il cinema parla dei problemi dell'occupazione","og_description":"La rassegna cinematografica \"Ciak sul lavoro\" si svolger\u00e0 dal 5 al 27 maggio coinvolgendo non solo Firenze, ma anche Arezzo e Pisa","og_url":"https:\/\/www.intoscana.it\/it\/ciak-sul-lavoro-torna-la-rassegna-che-attraverso-il-cinema-parla-dei-problemi-delloccupazione\/","og_site_name":"intoscana","article_publisher":"https:\/\/www.facebook.com\/intoscana.it","article_published_time":"2026-04-30T10:40:40+00:00","og_image":[{"width":1187,"height":796,"url":"https:\/\/www.intoscana.it\/wp-content\/uploads\/Schermata-2020-09-07-alle-09.44.27.png","type":"image\/png"}],"author":"Redazione","twitter_card":"summary_large_image","twitter_creator":"@intoscana","twitter_site":"@intoscana","twitter_misc":{"Written by":"Redazione","Est. reading time":"4 minuti"},"schema":{"@context":"https:\/\/schema.org","@graph":[{"@type":"WebPage","@id":"https:\/\/www.intoscana.it\/it\/ciak-sul-lavoro-torna-la-rassegna-che-attraverso-il-cinema-parla-dei-problemi-delloccupazione\/","url":"https:\/\/www.intoscana.it\/it\/ciak-sul-lavoro-torna-la-rassegna-che-attraverso-il-cinema-parla-dei-problemi-delloccupazione\/","name":"\u201cCiak sul Lavoro\" torna la rassegna che attraverso il cinema parla dei problemi dell'occupazione - intoscana","isPartOf":{"@id":"https:\/\/www.intoscana.it\/it\/#website"},"primaryImageOfPage":{"@id":"https:\/\/www.intoscana.it\/it\/ciak-sul-lavoro-torna-la-rassegna-che-attraverso-il-cinema-parla-dei-problemi-delloccupazione\/#primaryimage"},"image":{"@id":"https:\/\/www.intoscana.it\/it\/ciak-sul-lavoro-torna-la-rassegna-che-attraverso-il-cinema-parla-dei-problemi-delloccupazione\/#primaryimage"},"thumbnailUrl":"https:\/\/www.intoscana.it\/wp-content\/uploads\/Schermata-2020-09-07-alle-09.44.27.png","datePublished":"2026-04-30T10:40:40+00:00","author":{"@id":"https:\/\/www.intoscana.it\/it\/#\/schema\/person\/9223810753230f20bd670fdd322661f8"},"description":"La rassegna cinematografica \"Ciak sul lavoro\" si svolger\u00e0 dal 5 al 27 maggio coinvolgendo non solo Firenze, ma anche Arezzo e Pisa","breadcrumb":{"@id":"https:\/\/www.intoscana.it\/it\/ciak-sul-lavoro-torna-la-rassegna-che-attraverso-il-cinema-parla-dei-problemi-delloccupazione\/#breadcrumb"},"inLanguage":"it-IT","potentialAction":[{"@type":"ReadAction","target":["https:\/\/www.intoscana.it\/it\/ciak-sul-lavoro-torna-la-rassegna-che-attraverso-il-cinema-parla-dei-problemi-delloccupazione\/"]}]},{"@type":"ImageObject","inLanguage":"it-IT","@id":"https:\/\/www.intoscana.it\/it\/ciak-sul-lavoro-torna-la-rassegna-che-attraverso-il-cinema-parla-dei-problemi-delloccupazione\/#primaryimage","url":"https:\/\/www.intoscana.it\/wp-content\/uploads\/Schermata-2020-09-07-alle-09.44.27.png","contentUrl":"https:\/\/www.intoscana.it\/wp-content\/uploads\/Schermata-2020-09-07-alle-09.44.27.png","width":1187,"height":796,"caption":"Miss Marx"},{"@type":"BreadcrumbList","@id":"https:\/\/www.intoscana.it\/it\/ciak-sul-lavoro-torna-la-rassegna-che-attraverso-il-cinema-parla-dei-problemi-delloccupazione\/#breadcrumb","itemListElement":[{"@type":"ListItem","position":1,"name":"Home","item":"https:\/\/www.intoscana.it\/it\/"},{"@type":"ListItem","position":2,"name":"\u201cCiak sul Lavoro&#8221; torna la rassegna che attraverso il cinema parla dei problemi dell&#8217;occupazione"}]},{"@type":"WebSite","@id":"https:\/\/www.intoscana.it\/it\/#website","url":"https:\/\/www.intoscana.it\/it\/","name":"intoscana","description":"","potentialAction":[{"@type":"SearchAction","target":{"@type":"EntryPoint","urlTemplate":"https:\/\/www.intoscana.it\/it\/?s={search_term_string}"},"query-input":{"@type":"PropertyValueSpecification","valueRequired":true,"valueName":"search_term_string"}}],"inLanguage":"it-IT"},{"@type":"Person","@id":"https:\/\/www.intoscana.it\/it\/#\/schema\/person\/9223810753230f20bd670fdd322661f8","name":"Redazione","url":"https:\/\/www.intoscana.it\/it\/author\/redazione\/"}]}},"_links":{"self":[{"href":"https:\/\/www.intoscana.it\/it\/wp-json\/wp\/v2\/posts\/426035","targetHints":{"allow":["GET"]}}],"collection":[{"href":"https:\/\/www.intoscana.it\/it\/wp-json\/wp\/v2\/posts"}],"about":[{"href":"https:\/\/www.intoscana.it\/it\/wp-json\/wp\/v2\/types\/post"}],"author":[{"embeddable":true,"href":"https:\/\/www.intoscana.it\/it\/wp-json\/wp\/v2\/users\/525"}],"replies":[{"embeddable":true,"href":"https:\/\/www.intoscana.it\/it\/wp-json\/wp\/v2\/comments?post=426035"}],"version-history":[{"count":4,"href":"https:\/\/www.intoscana.it\/it\/wp-json\/wp\/v2\/posts\/426035\/revisions"}],"predecessor-version":[{"id":426041,"href":"https:\/\/www.intoscana.it\/it\/wp-json\/wp\/v2\/posts\/426035\/revisions\/426041"}],"wp:featuredmedia":[{"embeddable":true,"href":"https:\/\/www.intoscana.it\/it\/wp-json\/wp\/v2\/media\/426038"}],"wp:attachment":[{"href":"https:\/\/www.intoscana.it\/it\/wp-json\/wp\/v2\/media?parent=426035"}],"wp:term":[{"taxonomy":"category","embeddable":true,"href":"https:\/\/www.intoscana.it\/it\/wp-json\/wp\/v2\/categories?post=426035"},{"taxonomy":"post_tag","embeddable":true,"href":"https:\/\/www.intoscana.it\/it\/wp-json\/wp\/v2\/tags?post=426035"}],"curies":[{"name":"wp","href":"https:\/\/api.w.org\/{rel}","templated":true}]}}