{"id":426068,"date":"2026-04-30T14:38:12","date_gmt":"2026-04-30T12:38:12","guid":{"rendered":"https:\/\/www.intoscana.it\/it\/?p=426068"},"modified":"2026-04-30T14:38:12","modified_gmt":"2026-04-30T12:38:12","slug":"champions-league-sabato-di-fuoco-per-scandicci-contro-leczacibasi-per-un-posto-in-finale","status":"publish","type":"post","link":"https:\/\/www.intoscana.it\/it\/champions-league-sabato-di-fuoco-per-scandicci-contro-leczacibasi-per-un-posto-in-finale\/","title":{"rendered":"Champions League, sabato di fuoco per Scandicci: contro l&#8217;Eczacibasi per un posto in finale"},"content":{"rendered":"<p>A <strong>34 giorni<\/strong> dall\u2019ultima uscita ufficiale, la semifinale playoff persa contro Milano, la<strong> Savino Del Bene Volley<\/strong> torna in campo per l\u2019appuntamento pi\u00f9 prestigioso della stagione europea. <strong>Sabato 2 maggio<\/strong>, alle ore 19.00 italiane (le 20.00 locali), le ragazze di coach <strong>Marco Gaspari<\/strong> affronteranno l\u2019<strong>Eczacibasi Dynavit Istanbul<\/strong> nella <strong>semifinale della CEV Champions League<\/strong>.<\/p>\n<p>La cornice sar\u00e0 nuovamente la <strong>\u00dclker Sports Arena di Istanbul<\/strong>, lo stesso impianto che lo scorso anno vide le toscane superare il <strong>VakifBank<\/strong> in semifinale prima di arrendersi nell\u2019atto conclusivo contro <strong>Conegliano<\/strong>.<\/p>\n<h3>Il percorso europeo<\/h3>\n<p>Quello della Savino Del Bene \u00e8 stato un cammino di <strong>resilienza<\/strong>. Dopo il secondo posto nella Pool A, le scandiccesi hanno dovuto affrontare il <strong>turno supplementare<\/strong> dei playoff contro <strong>Novara<\/strong>, ribaltando la sconfitta dell&#8217;andata grazie a un decisivo<strong> golden set<\/strong>. Lo stesso copione si \u00e8 ripetuto nei quarti di finale contro il <strong>Fenerbahce<\/strong>: dopo un netto 3-0 in Toscana e una sconfitta in Turchia, \u00e8 stato un altro <strong>golden set<\/strong> (15-13) a regalare la qualificazione.<\/p>\n<p>Scandicci arriva cos\u00ec alla sua <strong>51\u00aa partita stagionale<\/strong> come l\u2019unica squadra di questa edizione ad aver raggiunto la Final Four passando dai playoff.<\/p>\n<figure id=\"post-426073 media-426073\" class=\"align-none\"><img decoding=\"async\" src=\"https:\/\/www.intoscana.it\/wp-content\/uploads\/savino-del-bene-volley-champions-league-3.jpg\" alt=\"\" \/><\/figure>\n<div class=\"titleimg\">\u00a9 CEV<\/div>\n<h3>Le avversarie e i precedenti<\/h3>\n<p>L\u2019Eczacibasi, guidato dall&#8217;italiano <strong>Giulio Cesare Bregoli<\/strong>, \u00e8 una delle realt\u00e0 pi\u00f9 titolate del volley mondiale (30 titoli nazionali e una Champions in bacheca). In campo ci sar\u00e0 un incrocio di volti noti: l\u2019opposta polacca <strong>Magdalena Stysiak<\/strong>, oggi a Istanbul, ha vestito la maglia di Scandicci tra il 2019 e il 2021, mentre la palleggiatrice della Savino Del Bene, <strong>Maja Ognjenovic<\/strong>, recuperata dall&#8217;infortunio al dito della mano sinistra, \u00e8 stata una colonna del club turco per diverse stagioni.<\/p>\n<p>I precedenti tra le due formazioni sono in <strong>perfetto equilibrio<\/strong>: quattro sfide nella stagione 2023-2024 con due vittorie per parte. Complessivamente, nei diciannove confronti contro squadre turche, il bilancio di Scandicci \u00e8 leggermente positivo (10 vittorie e 9 sconfitte).<\/p>\n<h3>Le parole di coach Gaspari<\/h3>\n<p>&#8220;A<em>ffrontiamo una societ\u00e0 abituata a questi palcoscenici&#8221;<\/em>, ha commentato l&#8217;allenatore Marco Gaspari. &#8220;<em>L\u2019Eczacibasi \u00e8 una <strong>squadra molto fisica<\/strong>, con grande forza a muro. Dovremo sfruttare la battuta per tenerle lontane da rete e restare organizzate sulle loro attaccanti esterne, come <strong>Stysiak e Karakurt<\/strong>. \u00c8 una partita tutta da vivere: abbiamo grande rispetto, ma vogliamo <strong>giocarci tutto<\/strong> per provare a ripetere quanto fatto lo scorso anno<\/em>&#8220;.<\/p>\n<figure id=\"post-426072 media-426072\" class=\"align-none\"><img decoding=\"async\" src=\"https:\/\/www.intoscana.it\/wp-content\/uploads\/savino-del-bene-volley-champions-league-2.jpg\" alt=\"\" \/><\/figure>\n<div class=\"titleimg\">\u00a9 CEV<\/div>\n<h3>Il programma della Final Four<\/h3>\n<p>Il tabellone di sabato si aprir\u00e0 alle 16.00 (ora italiana) con l\u2019altra semifinale tra <strong>VakifBank Istanbul e A. Carraro Prosecco DOC Conegliano<\/strong>. Domenica 3 maggio sono previste le <strong>finali<\/strong>: alle 16.00 quella per il terzo posto e alle 19.00 la sfida che assegner\u00e0 il titolo di campione d\u2019Europa.<\/p>\n","protected":false},"excerpt":{"rendered":"<p>Sabato 2 maggio la Savino Del Bene sfida le turche dell\u2019Eczacibasi. Per la squadra di Gaspari \u00e8 la seconda Final Four consecutiva dopo la finale persa un anno fa<\/p>\n","protected":false},"author":507,"featured_media":426071,"comment_status":"open","ping_status":"open","sticky":false,"template":"","format":"standard","meta":{"_acf_changed":false,"footnotes":""},"categories":[494],"tags":[6234,6615,159],"class_list":["post-426068","post","type-post","status-publish","format-standard","has-post-thumbnail","hentry","category-attualita","tag-pallavolo","tag-savino-del-bene-volley","tag-sport"],"acf":[],"yoast_head":"<!-- This site is optimized with the Yoast SEO Premium plugin v24.2 (Yoast SEO v25.6) - https:\/\/yoast.com\/wordpress\/plugins\/seo\/ -->\n<title>Champions League, sabato di fuoco per Scandicci: contro l&#039;Eczacibasi per un posto in finale - intoscana<\/title>\n<meta name=\"description\" content=\"Sabato 2 maggio la Savino Del Bene sfida le turche dell\u2019Eczacibasi. Per la squadra toscana \u00e8 la seconda Final Four consecutiva\" \/>\n<meta name=\"robots\" content=\"index, follow, max-snippet:-1, max-image-preview:large, max-video-preview:-1\" \/>\n<link rel=\"canonical\" href=\"https:\/\/www.intoscana.it\/it\/champions-league-sabato-di-fuoco-per-scandicci-contro-leczacibasi-per-un-posto-in-finale\/\" \/>\n<meta property=\"og:locale\" content=\"it_IT\" \/>\n<meta property=\"og:type\" content=\"article\" \/>\n<meta property=\"og:title\" content=\"Champions League, sabato di fuoco per Scandicci: contro l&#039;Eczacibasi per un posto in finale\" \/>\n<meta property=\"og:description\" content=\"Sabato 2 maggio la Savino Del Bene sfida le turche dell\u2019Eczacibasi. Per la squadra toscana \u00e8 la seconda Final Four consecutiva\" \/>\n<meta property=\"og:url\" content=\"https:\/\/www.intoscana.it\/it\/champions-league-sabato-di-fuoco-per-scandicci-contro-leczacibasi-per-un-posto-in-finale\/\" \/>\n<meta property=\"og:site_name\" content=\"intoscana\" \/>\n<meta property=\"article:publisher\" content=\"https:\/\/www.facebook.com\/intoscana.it\" \/>\n<meta property=\"article:published_time\" content=\"2026-04-30T12:38:12+00:00\" \/>\n<meta property=\"og:image\" content=\"https:\/\/www.intoscana.it\/wp-content\/uploads\/savino-del-bene-volley-champions-league-1.jpg\" \/>\n\t<meta property=\"og:image:width\" content=\"2048\" \/>\n\t<meta property=\"og:image:height\" content=\"1365\" \/>\n\t<meta property=\"og:image:type\" content=\"image\/jpeg\" \/>\n<meta name=\"author\" content=\"Chiara Bianchini\" \/>\n<meta name=\"twitter:card\" content=\"summary_large_image\" \/>\n<meta name=\"twitter:creator\" content=\"@intoscana\" \/>\n<meta name=\"twitter:site\" content=\"@intoscana\" \/>\n<meta name=\"twitter:label1\" content=\"Written by\" \/>\n\t<meta name=\"twitter:data1\" content=\"Chiara Bianchini\" \/>\n\t<meta name=\"twitter:label2\" content=\"Est. reading time\" \/>\n\t<meta name=\"twitter:data2\" content=\"3 minuti\" \/>\n<script type=\"application\/ld+json\" class=\"yoast-schema-graph\">{\"@context\":\"https:\/\/schema.org\",\"@graph\":[{\"@type\":\"WebPage\",\"@id\":\"https:\/\/www.intoscana.it\/it\/champions-league-sabato-di-fuoco-per-scandicci-contro-leczacibasi-per-un-posto-in-finale\/\",\"url\":\"https:\/\/www.intoscana.it\/it\/champions-league-sabato-di-fuoco-per-scandicci-contro-leczacibasi-per-un-posto-in-finale\/\",\"name\":\"Champions League, sabato di fuoco per Scandicci: contro l'Eczacibasi per un posto in finale - intoscana\",\"isPartOf\":{\"@id\":\"https:\/\/www.intoscana.it\/it\/#website\"},\"primaryImageOfPage\":{\"@id\":\"https:\/\/www.intoscana.it\/it\/champions-league-sabato-di-fuoco-per-scandicci-contro-leczacibasi-per-un-posto-in-finale\/#primaryimage\"},\"image\":{\"@id\":\"https:\/\/www.intoscana.it\/it\/champions-league-sabato-di-fuoco-per-scandicci-contro-leczacibasi-per-un-posto-in-finale\/#primaryimage\"},\"thumbnailUrl\":\"https:\/\/www.intoscana.it\/wp-content\/uploads\/savino-del-bene-volley-champions-league-1.jpg\",\"datePublished\":\"2026-04-30T12:38:12+00:00\",\"author\":{\"@id\":\"https:\/\/www.intoscana.it\/it\/#\/schema\/person\/010af92117f50561886339ad5b873a41\"},\"description\":\"Sabato 2 maggio la Savino Del Bene sfida le turche dell\u2019Eczacibasi. Per la squadra toscana \u00e8 la seconda Final Four consecutiva\",\"breadcrumb\":{\"@id\":\"https:\/\/www.intoscana.it\/it\/champions-league-sabato-di-fuoco-per-scandicci-contro-leczacibasi-per-un-posto-in-finale\/#breadcrumb\"},\"inLanguage\":\"it-IT\",\"potentialAction\":[{\"@type\":\"ReadAction\",\"target\":[\"https:\/\/www.intoscana.it\/it\/champions-league-sabato-di-fuoco-per-scandicci-contro-leczacibasi-per-un-posto-in-finale\/\"]}]},{\"@type\":\"ImageObject\",\"inLanguage\":\"it-IT\",\"@id\":\"https:\/\/www.intoscana.it\/it\/champions-league-sabato-di-fuoco-per-scandicci-contro-leczacibasi-per-un-posto-in-finale\/#primaryimage\",\"url\":\"https:\/\/www.intoscana.it\/wp-content\/uploads\/savino-del-bene-volley-champions-league-1.jpg\",\"contentUrl\":\"https:\/\/www.intoscana.it\/wp-content\/uploads\/savino-del-bene-volley-champions-league-1.jpg\",\"width\":2048,\"height\":1365},{\"@type\":\"BreadcrumbList\",\"@id\":\"https:\/\/www.intoscana.it\/it\/champions-league-sabato-di-fuoco-per-scandicci-contro-leczacibasi-per-un-posto-in-finale\/#breadcrumb\",\"itemListElement\":[{\"@type\":\"ListItem\",\"position\":1,\"name\":\"Home\",\"item\":\"https:\/\/www.intoscana.it\/it\/\"},{\"@type\":\"ListItem\",\"position\":2,\"name\":\"Champions League, sabato di fuoco per Scandicci: contro l&#8217;Eczacibasi per un posto in finale\"}]},{\"@type\":\"WebSite\",\"@id\":\"https:\/\/www.intoscana.it\/it\/#website\",\"url\":\"https:\/\/www.intoscana.it\/it\/\",\"name\":\"intoscana\",\"description\":\"\",\"potentialAction\":[{\"@type\":\"SearchAction\",\"target\":{\"@type\":\"EntryPoint\",\"urlTemplate\":\"https:\/\/www.intoscana.it\/it\/?s={search_term_string}\"},\"query-input\":{\"@type\":\"PropertyValueSpecification\",\"valueRequired\":true,\"valueName\":\"search_term_string\"}}],\"inLanguage\":\"it-IT\"},{\"@type\":\"Person\",\"@id\":\"https:\/\/www.intoscana.it\/it\/#\/schema\/person\/010af92117f50561886339ad5b873a41\",\"name\":\"Chiara Bianchini\",\"sameAs\":[\"c.bianchini@fst.it\"],\"url\":\"https:\/\/www.intoscana.it\/it\/author\/chiara-bianchini\/\"}]}<\/script>\n<!-- \/ Yoast SEO Premium plugin. -->","yoast_head_json":{"title":"Champions League, sabato di fuoco per Scandicci: contro l'Eczacibasi per un posto in finale - intoscana","description":"Sabato 2 maggio la Savino Del Bene sfida le turche dell\u2019Eczacibasi. Per la squadra toscana \u00e8 la seconda Final Four consecutiva","robots":{"index":"index","follow":"follow","max-snippet":"max-snippet:-1","max-image-preview":"max-image-preview:large","max-video-preview":"max-video-preview:-1"},"canonical":"https:\/\/www.intoscana.it\/it\/champions-league-sabato-di-fuoco-per-scandicci-contro-leczacibasi-per-un-posto-in-finale\/","og_locale":"it_IT","og_type":"article","og_title":"Champions League, sabato di fuoco per Scandicci: contro l'Eczacibasi per un posto in finale","og_description":"Sabato 2 maggio la Savino Del Bene sfida le turche dell\u2019Eczacibasi. Per la squadra toscana \u00e8 la seconda Final Four consecutiva","og_url":"https:\/\/www.intoscana.it\/it\/champions-league-sabato-di-fuoco-per-scandicci-contro-leczacibasi-per-un-posto-in-finale\/","og_site_name":"intoscana","article_publisher":"https:\/\/www.facebook.com\/intoscana.it","article_published_time":"2026-04-30T12:38:12+00:00","og_image":[{"width":2048,"height":1365,"url":"https:\/\/www.intoscana.it\/wp-content\/uploads\/savino-del-bene-volley-champions-league-1.jpg","type":"image\/jpeg"}],"author":"Chiara Bianchini","twitter_card":"summary_large_image","twitter_creator":"@intoscana","twitter_site":"@intoscana","twitter_misc":{"Written by":"Chiara Bianchini","Est. reading time":"3 minuti"},"schema":{"@context":"https:\/\/schema.org","@graph":[{"@type":"WebPage","@id":"https:\/\/www.intoscana.it\/it\/champions-league-sabato-di-fuoco-per-scandicci-contro-leczacibasi-per-un-posto-in-finale\/","url":"https:\/\/www.intoscana.it\/it\/champions-league-sabato-di-fuoco-per-scandicci-contro-leczacibasi-per-un-posto-in-finale\/","name":"Champions League, sabato di fuoco per Scandicci: contro l'Eczacibasi per un posto in finale - intoscana","isPartOf":{"@id":"https:\/\/www.intoscana.it\/it\/#website"},"primaryImageOfPage":{"@id":"https:\/\/www.intoscana.it\/it\/champions-league-sabato-di-fuoco-per-scandicci-contro-leczacibasi-per-un-posto-in-finale\/#primaryimage"},"image":{"@id":"https:\/\/www.intoscana.it\/it\/champions-league-sabato-di-fuoco-per-scandicci-contro-leczacibasi-per-un-posto-in-finale\/#primaryimage"},"thumbnailUrl":"https:\/\/www.intoscana.it\/wp-content\/uploads\/savino-del-bene-volley-champions-league-1.jpg","datePublished":"2026-04-30T12:38:12+00:00","author":{"@id":"https:\/\/www.intoscana.it\/it\/#\/schema\/person\/010af92117f50561886339ad5b873a41"},"description":"Sabato 2 maggio la Savino Del Bene sfida le turche dell\u2019Eczacibasi. Per la squadra toscana \u00e8 la seconda Final Four consecutiva","breadcrumb":{"@id":"https:\/\/www.intoscana.it\/it\/champions-league-sabato-di-fuoco-per-scandicci-contro-leczacibasi-per-un-posto-in-finale\/#breadcrumb"},"inLanguage":"it-IT","potentialAction":[{"@type":"ReadAction","target":["https:\/\/www.intoscana.it\/it\/champions-league-sabato-di-fuoco-per-scandicci-contro-leczacibasi-per-un-posto-in-finale\/"]}]},{"@type":"ImageObject","inLanguage":"it-IT","@id":"https:\/\/www.intoscana.it\/it\/champions-league-sabato-di-fuoco-per-scandicci-contro-leczacibasi-per-un-posto-in-finale\/#primaryimage","url":"https:\/\/www.intoscana.it\/wp-content\/uploads\/savino-del-bene-volley-champions-league-1.jpg","contentUrl":"https:\/\/www.intoscana.it\/wp-content\/uploads\/savino-del-bene-volley-champions-league-1.jpg","width":2048,"height":1365},{"@type":"BreadcrumbList","@id":"https:\/\/www.intoscana.it\/it\/champions-league-sabato-di-fuoco-per-scandicci-contro-leczacibasi-per-un-posto-in-finale\/#breadcrumb","itemListElement":[{"@type":"ListItem","position":1,"name":"Home","item":"https:\/\/www.intoscana.it\/it\/"},{"@type":"ListItem","position":2,"name":"Champions League, sabato di fuoco per Scandicci: contro l&#8217;Eczacibasi per un posto in finale"}]},{"@type":"WebSite","@id":"https:\/\/www.intoscana.it\/it\/#website","url":"https:\/\/www.intoscana.it\/it\/","name":"intoscana","description":"","potentialAction":[{"@type":"SearchAction","target":{"@type":"EntryPoint","urlTemplate":"https:\/\/www.intoscana.it\/it\/?s={search_term_string}"},"query-input":{"@type":"PropertyValueSpecification","valueRequired":true,"valueName":"search_term_string"}}],"inLanguage":"it-IT"},{"@type":"Person","@id":"https:\/\/www.intoscana.it\/it\/#\/schema\/person\/010af92117f50561886339ad5b873a41","name":"Chiara Bianchini","sameAs":["c.bianchini@fst.it"],"url":"https:\/\/www.intoscana.it\/it\/author\/chiara-bianchini\/"}]}},"_links":{"self":[{"href":"https:\/\/www.intoscana.it\/it\/wp-json\/wp\/v2\/posts\/426068","targetHints":{"allow":["GET"]}}],"collection":[{"href":"https:\/\/www.intoscana.it\/it\/wp-json\/wp\/v2\/posts"}],"about":[{"href":"https:\/\/www.intoscana.it\/it\/wp-json\/wp\/v2\/types\/post"}],"author":[{"embeddable":true,"href":"https:\/\/www.intoscana.it\/it\/wp-json\/wp\/v2\/users\/507"}],"replies":[{"embeddable":true,"href":"https:\/\/www.intoscana.it\/it\/wp-json\/wp\/v2\/comments?post=426068"}],"version-history":[{"count":1,"href":"https:\/\/www.intoscana.it\/it\/wp-json\/wp\/v2\/posts\/426068\/revisions"}],"predecessor-version":[{"id":426083,"href":"https:\/\/www.intoscana.it\/it\/wp-json\/wp\/v2\/posts\/426068\/revisions\/426083"}],"wp:featuredmedia":[{"embeddable":true,"href":"https:\/\/www.intoscana.it\/it\/wp-json\/wp\/v2\/media\/426071"}],"wp:attachment":[{"href":"https:\/\/www.intoscana.it\/it\/wp-json\/wp\/v2\/media?parent=426068"}],"wp:term":[{"taxonomy":"category","embeddable":true,"href":"https:\/\/www.intoscana.it\/it\/wp-json\/wp\/v2\/categories?post=426068"},{"taxonomy":"post_tag","embeddable":true,"href":"https:\/\/www.intoscana.it\/it\/wp-json\/wp\/v2\/tags?post=426068"}],"curies":[{"name":"wp","href":"https:\/\/api.w.org\/{rel}","templated":true}]}}