{"id":426099,"date":"2026-04-30T15:37:52","date_gmt":"2026-04-30T13:37:52","guid":{"rendered":"https:\/\/www.intoscana.it\/it\/?p=426099"},"modified":"2026-04-30T15:37:52","modified_gmt":"2026-04-30T13:37:52","slug":"firenze-lavori-a-ponte-al-pino-cavalcaferrovia-chiuso-alle-auto-per-4-mesi","status":"publish","type":"post","link":"https:\/\/www.intoscana.it\/it\/firenze-lavori-a-ponte-al-pino-cavalcaferrovia-chiuso-alle-auto-per-4-mesi\/","title":{"rendered":"Firenze, lavori a Ponte al Pino: cavalcaferrovia chiuso alle auto per 4 mesi"},"content":{"rendered":"<p style=\"font-weight: 400;\">Lavori in corso per la sostituzione del cavalcaferrovia <strong>Ponte al Pino<\/strong>, intervento realizzato da Rete Ferroviaria Italiana (Gruppo FS). Per consentire l\u2019avanzamento del cantiere sar\u00e0 quindi necessaria <mark>la chiusura al transito veicolare del ponte dal 25 maggio al 14 settembre per posizionare la nuova struttura, attualmente in fase di assemblaggio.<\/mark> Il traffico ferroviario invece ne risentir\u00e0 solo nello giornate di smantellamento del vecchio ponte e di varo del nuovo previste per inizio e fine luglio.<\/p>\n<p style=\"font-weight: 400;\">L\u2019attuale ponte, realizzato alla fine dell\u2019Ottocento e oggi suddiviso in tre corsie, sar\u00e0 sostituito da una nuova infrastruttura pi\u00f9 moderna e adeguata alle esigenze della mobilit\u00e0 urbana.<\/p>\n<figure id=\"post-426106 media-426106\" class=\"align-none\"><img decoding=\"async\" src=\"https:\/\/www.intoscana.it\/wp-content\/uploads\/foto-drone-montaggio-nuovo-ponte-1.jpeg\" alt=\"\" \/><\/figure>\n<div class=\"titleimg\">foto drone montaggio nuovo ponte (1)<\/div>\n<h3><em>Tempistiche e viabilit\u00e0<\/em><\/h3>\n<p style=\"font-weight: 400;\">Il cronoprogramma dei lavori \u00e8 stato illustrato da Gabriele Ticci, di Rete Ferroviaria Italiana, Michele Pierguidi, presidente del Quartiere 2 e Andrea Giorgio, assessore alla Mobilit\u00e0 e Viabilit\u00e0 del Comune di Firenze.<\/p>\n<p style=\"font-weight: 400;\">Le operazioni di svaro dell\u2019attuale ponte sono previste <mark>dalla sera del 5 luglio alla mattina del 10 luglio, mentre per il varo del nuovo impalcato, programmato dalla sera del 26 luglio alla mattina del 30 luglio, sar\u00e0 impiegata una gru da 1.600 tonnellate, una delle pi\u00f9 grandi mai utilizzate in Europa.<\/mark> La gru arriver\u00e0 al porto di La Spezia dagli Stati Uniti a bordo di una nave cargo in partenza da Portsmouth, in Virginia, i primi di maggio, per poi raggiungere Firenze attraverso trasporti eccezionali.<\/p>\n<p style=\"font-weight: 400;\">Il nuovo ponte, realizzato in acciaio-calcestruzzo, avr\u00e0 una lunghezza di <strong>32 metri<\/strong> e una larghezza di 16 metri e sar\u00e0 percorribile da met\u00e0 settembre 2026. La struttura manterr\u00e0 numero e direzione delle corsie attuali, consentir\u00e0 l\u2019eliminazione delle limitazioni di carico e introdurr\u00e0 una <strong>pista ciclopedonale<\/strong>, contribuendo a favorire una mobilit\u00e0 pi\u00f9 sostenibile.<\/p>\n<p style=\"font-weight: 400;\">Dal 25 maggio al 14 settembre sar\u00e0 sempre garantito il passaggio pedonale attraverso la passerella provvisoria, ad eccezione dei periodi di rimozione e posa del ponte, in particolare dal 5 al 10 luglio e dal 26 al 30 luglio. Ulteriori provvedimenti di viabilit\u00e0 locale \u2014 relativi al parcheggio pubblico, a via degli Artisti e a via del Pratellino \u2014 saranno comunicati in coordinamento con il Comune di Firenze.<\/p>\n<p style=\"font-weight: 400;\">La quarta e ultima fase dei lavori \u00e8 prevista indicativamente a fine <strong>ottobre 2026<\/strong> e riguarder\u00e0, in un\u2019unica notte, la rimozione della passerella pedonale provvisoria. Al termine dell\u2019intervento l\u2019area di piazza del Pino sar\u00e0 riqualificata nell\u2019ambito di un progetto condiviso con l\u2019Amministrazione comunale.<\/p>\n","protected":false},"excerpt":{"rendered":"<p>L&#8217;intervento realizzato da Rete Ferroviaria Italiana rende necessaria la chiusura al transito veicolare dal 25 maggio al 14 settembre: la nuova struttura verr\u00e0 posizionata con una gru da 1.600 tonnellate, una delle pi\u00f9 grandi mai utilizzate in Europa<\/p>\n","protected":false},"author":525,"featured_media":426105,"comment_status":"open","ping_status":"open","sticky":false,"template":"","format":"standard","meta":{"_acf_changed":false,"footnotes":""},"categories":[494],"tags":[202,1577,5223],"class_list":["post-426099","post","type-post","status-publish","format-standard","has-post-thumbnail","hentry","category-attualita","tag-firenze","tag-muoversi-in-toscana","tag-rete-ferroviaria-italiana"],"acf":[],"yoast_head":"<!-- This site is optimized with the Yoast SEO Premium plugin v24.2 (Yoast SEO v25.6) - https:\/\/yoast.com\/wordpress\/plugins\/seo\/ -->\n<title>Firenze, lavori a Ponte al Pino: cavalcaferrovia chiuso alle auto per 4 mesi - intoscana<\/title>\n<meta name=\"description\" content=\"L&#039;intervento realizzato da Rete Ferroviaria Italiana rende necessaria la chiusura al transito veicolare dal 25 maggio al 14 settembre: la nuova struttura verr\u00e0 posizionata con una gru da 1.600 tonnellate, una delle pi\u00f9 grandi mai utilizzate in Europa\" \/>\n<meta name=\"robots\" content=\"index, follow, max-snippet:-1, max-image-preview:large, max-video-preview:-1\" \/>\n<link rel=\"canonical\" href=\"https:\/\/www.intoscana.it\/it\/firenze-lavori-a-ponte-al-pino-cavalcaferrovia-chiuso-alle-auto-per-4-mesi\/\" \/>\n<meta property=\"og:locale\" content=\"it_IT\" \/>\n<meta property=\"og:type\" content=\"article\" \/>\n<meta property=\"og:title\" content=\"Firenze, lavori a Ponte al Pino: cavalcaferrovia chiuso alle auto per 4 mesi\" \/>\n<meta property=\"og:description\" content=\"L&#039;intervento realizzato da Rete Ferroviaria Italiana rende necessaria la chiusura al transito veicolare dal 25 maggio al 14 settembre: la nuova struttura verr\u00e0 posizionata con una gru da 1.600 tonnellate, una delle pi\u00f9 grandi mai utilizzate in Europa\" \/>\n<meta property=\"og:url\" content=\"https:\/\/www.intoscana.it\/it\/firenze-lavori-a-ponte-al-pino-cavalcaferrovia-chiuso-alle-auto-per-4-mesi\/\" \/>\n<meta property=\"og:site_name\" content=\"intoscana\" \/>\n<meta property=\"article:publisher\" content=\"https:\/\/www.facebook.com\/intoscana.it\" \/>\n<meta property=\"article:published_time\" content=\"2026-04-30T13:37:52+00:00\" \/>\n<meta property=\"og:image\" content=\"https:\/\/www.intoscana.it\/wp-content\/uploads\/rendering-Gru-Ponta-al-Pino.jpg\" \/>\n\t<meta property=\"og:image:width\" content=\"1600\" \/>\n\t<meta property=\"og:image:height\" content=\"1227\" \/>\n\t<meta property=\"og:image:type\" content=\"image\/jpeg\" \/>\n<meta name=\"author\" content=\"Redazione\" \/>\n<meta name=\"twitter:card\" content=\"summary_large_image\" \/>\n<meta name=\"twitter:creator\" content=\"@intoscana\" \/>\n<meta name=\"twitter:site\" content=\"@intoscana\" \/>\n<meta name=\"twitter:label1\" content=\"Written by\" \/>\n\t<meta name=\"twitter:data1\" content=\"Redazione\" \/>\n\t<meta name=\"twitter:label2\" content=\"Est. reading time\" \/>\n\t<meta name=\"twitter:data2\" content=\"3 minuti\" \/>\n<script type=\"application\/ld+json\" class=\"yoast-schema-graph\">{\"@context\":\"https:\/\/schema.org\",\"@graph\":[{\"@type\":\"WebPage\",\"@id\":\"https:\/\/www.intoscana.it\/it\/firenze-lavori-a-ponte-al-pino-cavalcaferrovia-chiuso-alle-auto-per-4-mesi\/\",\"url\":\"https:\/\/www.intoscana.it\/it\/firenze-lavori-a-ponte-al-pino-cavalcaferrovia-chiuso-alle-auto-per-4-mesi\/\",\"name\":\"Firenze, lavori a Ponte al Pino: cavalcaferrovia chiuso alle auto per 4 mesi - intoscana\",\"isPartOf\":{\"@id\":\"https:\/\/www.intoscana.it\/it\/#website\"},\"primaryImageOfPage\":{\"@id\":\"https:\/\/www.intoscana.it\/it\/firenze-lavori-a-ponte-al-pino-cavalcaferrovia-chiuso-alle-auto-per-4-mesi\/#primaryimage\"},\"image\":{\"@id\":\"https:\/\/www.intoscana.it\/it\/firenze-lavori-a-ponte-al-pino-cavalcaferrovia-chiuso-alle-auto-per-4-mesi\/#primaryimage\"},\"thumbnailUrl\":\"https:\/\/www.intoscana.it\/wp-content\/uploads\/rendering-Gru-Ponta-al-Pino.jpg\",\"datePublished\":\"2026-04-30T13:37:52+00:00\",\"author\":{\"@id\":\"https:\/\/www.intoscana.it\/it\/#\/schema\/person\/9223810753230f20bd670fdd322661f8\"},\"description\":\"L'intervento realizzato da Rete Ferroviaria Italiana rende necessaria la chiusura al transito veicolare dal 25 maggio al 14 settembre: la nuova struttura verr\u00e0 posizionata con una gru da 1.600 tonnellate, una delle pi\u00f9 grandi mai utilizzate in Europa\",\"breadcrumb\":{\"@id\":\"https:\/\/www.intoscana.it\/it\/firenze-lavori-a-ponte-al-pino-cavalcaferrovia-chiuso-alle-auto-per-4-mesi\/#breadcrumb\"},\"inLanguage\":\"it-IT\",\"potentialAction\":[{\"@type\":\"ReadAction\",\"target\":[\"https:\/\/www.intoscana.it\/it\/firenze-lavori-a-ponte-al-pino-cavalcaferrovia-chiuso-alle-auto-per-4-mesi\/\"]}]},{\"@type\":\"ImageObject\",\"inLanguage\":\"it-IT\",\"@id\":\"https:\/\/www.intoscana.it\/it\/firenze-lavori-a-ponte-al-pino-cavalcaferrovia-chiuso-alle-auto-per-4-mesi\/#primaryimage\",\"url\":\"https:\/\/www.intoscana.it\/wp-content\/uploads\/rendering-Gru-Ponta-al-Pino.jpg\",\"contentUrl\":\"https:\/\/www.intoscana.it\/wp-content\/uploads\/rendering-Gru-Ponta-al-Pino.jpg\",\"width\":1600,\"height\":1227},{\"@type\":\"BreadcrumbList\",\"@id\":\"https:\/\/www.intoscana.it\/it\/firenze-lavori-a-ponte-al-pino-cavalcaferrovia-chiuso-alle-auto-per-4-mesi\/#breadcrumb\",\"itemListElement\":[{\"@type\":\"ListItem\",\"position\":1,\"name\":\"Home\",\"item\":\"https:\/\/www.intoscana.it\/it\/\"},{\"@type\":\"ListItem\",\"position\":2,\"name\":\"Firenze, lavori a Ponte al Pino: cavalcaferrovia chiuso alle auto per 4 mesi\"}]},{\"@type\":\"WebSite\",\"@id\":\"https:\/\/www.intoscana.it\/it\/#website\",\"url\":\"https:\/\/www.intoscana.it\/it\/\",\"name\":\"intoscana\",\"description\":\"\",\"potentialAction\":[{\"@type\":\"SearchAction\",\"target\":{\"@type\":\"EntryPoint\",\"urlTemplate\":\"https:\/\/www.intoscana.it\/it\/?s={search_term_string}\"},\"query-input\":{\"@type\":\"PropertyValueSpecification\",\"valueRequired\":true,\"valueName\":\"search_term_string\"}}],\"inLanguage\":\"it-IT\"},{\"@type\":\"Person\",\"@id\":\"https:\/\/www.intoscana.it\/it\/#\/schema\/person\/9223810753230f20bd670fdd322661f8\",\"name\":\"Redazione\",\"url\":\"https:\/\/www.intoscana.it\/it\/author\/redazione\/\"}]}<\/script>\n<!-- \/ Yoast SEO Premium plugin. -->","yoast_head_json":{"title":"Firenze, lavori a Ponte al Pino: cavalcaferrovia chiuso alle auto per 4 mesi - intoscana","description":"L'intervento realizzato da Rete Ferroviaria Italiana rende necessaria la chiusura al transito veicolare dal 25 maggio al 14 settembre: la nuova struttura verr\u00e0 posizionata con una gru da 1.600 tonnellate, una delle pi\u00f9 grandi mai utilizzate in Europa","robots":{"index":"index","follow":"follow","max-snippet":"max-snippet:-1","max-image-preview":"max-image-preview:large","max-video-preview":"max-video-preview:-1"},"canonical":"https:\/\/www.intoscana.it\/it\/firenze-lavori-a-ponte-al-pino-cavalcaferrovia-chiuso-alle-auto-per-4-mesi\/","og_locale":"it_IT","og_type":"article","og_title":"Firenze, lavori a Ponte al Pino: cavalcaferrovia chiuso alle auto per 4 mesi","og_description":"L'intervento realizzato da Rete Ferroviaria Italiana rende necessaria la chiusura al transito veicolare dal 25 maggio al 14 settembre: la nuova struttura verr\u00e0 posizionata con una gru da 1.600 tonnellate, una delle pi\u00f9 grandi mai utilizzate in Europa","og_url":"https:\/\/www.intoscana.it\/it\/firenze-lavori-a-ponte-al-pino-cavalcaferrovia-chiuso-alle-auto-per-4-mesi\/","og_site_name":"intoscana","article_publisher":"https:\/\/www.facebook.com\/intoscana.it","article_published_time":"2026-04-30T13:37:52+00:00","og_image":[{"width":1600,"height":1227,"url":"https:\/\/www.intoscana.it\/wp-content\/uploads\/rendering-Gru-Ponta-al-Pino.jpg","type":"image\/jpeg"}],"author":"Redazione","twitter_card":"summary_large_image","twitter_creator":"@intoscana","twitter_site":"@intoscana","twitter_misc":{"Written by":"Redazione","Est. reading time":"3 minuti"},"schema":{"@context":"https:\/\/schema.org","@graph":[{"@type":"WebPage","@id":"https:\/\/www.intoscana.it\/it\/firenze-lavori-a-ponte-al-pino-cavalcaferrovia-chiuso-alle-auto-per-4-mesi\/","url":"https:\/\/www.intoscana.it\/it\/firenze-lavori-a-ponte-al-pino-cavalcaferrovia-chiuso-alle-auto-per-4-mesi\/","name":"Firenze, lavori a Ponte al Pino: cavalcaferrovia chiuso alle auto per 4 mesi - intoscana","isPartOf":{"@id":"https:\/\/www.intoscana.it\/it\/#website"},"primaryImageOfPage":{"@id":"https:\/\/www.intoscana.it\/it\/firenze-lavori-a-ponte-al-pino-cavalcaferrovia-chiuso-alle-auto-per-4-mesi\/#primaryimage"},"image":{"@id":"https:\/\/www.intoscana.it\/it\/firenze-lavori-a-ponte-al-pino-cavalcaferrovia-chiuso-alle-auto-per-4-mesi\/#primaryimage"},"thumbnailUrl":"https:\/\/www.intoscana.it\/wp-content\/uploads\/rendering-Gru-Ponta-al-Pino.jpg","datePublished":"2026-04-30T13:37:52+00:00","author":{"@id":"https:\/\/www.intoscana.it\/it\/#\/schema\/person\/9223810753230f20bd670fdd322661f8"},"description":"L'intervento realizzato da Rete Ferroviaria Italiana rende necessaria la chiusura al transito veicolare dal 25 maggio al 14 settembre: la nuova struttura verr\u00e0 posizionata con una gru da 1.600 tonnellate, una delle pi\u00f9 grandi mai utilizzate in Europa","breadcrumb":{"@id":"https:\/\/www.intoscana.it\/it\/firenze-lavori-a-ponte-al-pino-cavalcaferrovia-chiuso-alle-auto-per-4-mesi\/#breadcrumb"},"inLanguage":"it-IT","potentialAction":[{"@type":"ReadAction","target":["https:\/\/www.intoscana.it\/it\/firenze-lavori-a-ponte-al-pino-cavalcaferrovia-chiuso-alle-auto-per-4-mesi\/"]}]},{"@type":"ImageObject","inLanguage":"it-IT","@id":"https:\/\/www.intoscana.it\/it\/firenze-lavori-a-ponte-al-pino-cavalcaferrovia-chiuso-alle-auto-per-4-mesi\/#primaryimage","url":"https:\/\/www.intoscana.it\/wp-content\/uploads\/rendering-Gru-Ponta-al-Pino.jpg","contentUrl":"https:\/\/www.intoscana.it\/wp-content\/uploads\/rendering-Gru-Ponta-al-Pino.jpg","width":1600,"height":1227},{"@type":"BreadcrumbList","@id":"https:\/\/www.intoscana.it\/it\/firenze-lavori-a-ponte-al-pino-cavalcaferrovia-chiuso-alle-auto-per-4-mesi\/#breadcrumb","itemListElement":[{"@type":"ListItem","position":1,"name":"Home","item":"https:\/\/www.intoscana.it\/it\/"},{"@type":"ListItem","position":2,"name":"Firenze, lavori a Ponte al Pino: cavalcaferrovia chiuso alle auto per 4 mesi"}]},{"@type":"WebSite","@id":"https:\/\/www.intoscana.it\/it\/#website","url":"https:\/\/www.intoscana.it\/it\/","name":"intoscana","description":"","potentialAction":[{"@type":"SearchAction","target":{"@type":"EntryPoint","urlTemplate":"https:\/\/www.intoscana.it\/it\/?s={search_term_string}"},"query-input":{"@type":"PropertyValueSpecification","valueRequired":true,"valueName":"search_term_string"}}],"inLanguage":"it-IT"},{"@type":"Person","@id":"https:\/\/www.intoscana.it\/it\/#\/schema\/person\/9223810753230f20bd670fdd322661f8","name":"Redazione","url":"https:\/\/www.intoscana.it\/it\/author\/redazione\/"}]}},"_links":{"self":[{"href":"https:\/\/www.intoscana.it\/it\/wp-json\/wp\/v2\/posts\/426099","targetHints":{"allow":["GET"]}}],"collection":[{"href":"https:\/\/www.intoscana.it\/it\/wp-json\/wp\/v2\/posts"}],"about":[{"href":"https:\/\/www.intoscana.it\/it\/wp-json\/wp\/v2\/types\/post"}],"author":[{"embeddable":true,"href":"https:\/\/www.intoscana.it\/it\/wp-json\/wp\/v2\/users\/525"}],"replies":[{"embeddable":true,"href":"https:\/\/www.intoscana.it\/it\/wp-json\/wp\/v2\/comments?post=426099"}],"version-history":[{"count":5,"href":"https:\/\/www.intoscana.it\/it\/wp-json\/wp\/v2\/posts\/426099\/revisions"}],"predecessor-version":[{"id":426112,"href":"https:\/\/www.intoscana.it\/it\/wp-json\/wp\/v2\/posts\/426099\/revisions\/426112"}],"wp:featuredmedia":[{"embeddable":true,"href":"https:\/\/www.intoscana.it\/it\/wp-json\/wp\/v2\/media\/426105"}],"wp:attachment":[{"href":"https:\/\/www.intoscana.it\/it\/wp-json\/wp\/v2\/media?parent=426099"}],"wp:term":[{"taxonomy":"category","embeddable":true,"href":"https:\/\/www.intoscana.it\/it\/wp-json\/wp\/v2\/categories?post=426099"},{"taxonomy":"post_tag","embeddable":true,"href":"https:\/\/www.intoscana.it\/it\/wp-json\/wp\/v2\/tags?post=426099"}],"curies":[{"name":"wp","href":"https:\/\/api.w.org\/{rel}","templated":true}]}}