{"id":426110,"date":"2026-04-30T15:54:43","date_gmt":"2026-04-30T13:54:43","guid":{"rendered":"https:\/\/www.intoscana.it\/it\/?p=426110"},"modified":"2026-04-30T16:10:20","modified_gmt":"2026-04-30T14:10:20","slug":"la-chevrolet-depoca-di-roldofo-siviero-e-in-restauro-sara-esposta-nella-casa-museo-nel-2027","status":"publish","type":"post","link":"https:\/\/www.intoscana.it\/it\/la-chevrolet-depoca-di-roldofo-siviero-e-in-restauro-sara-esposta-nella-casa-museo-nel-2027\/","title":{"rendered":"La Chevrolet d&#8217;epoca di Roldofo Siviero \u00e8 in restauro: sar\u00e0 esposta nella Casa Museo nel 2027"},"content":{"rendered":"<p>La storica <strong>Chevrolet Stylemaster Sport Sedan<\/strong> del 1947 appartenuta a <strong>Rodolfo Siviero<\/strong> \u00e8 in restauro presso la <strong>Carrozzeria Dimar a Monte San Savino. <\/strong><\/p>\n<p>Siviero \u00e8 chiamato lo <a href=\"https:\/\/www.intoscana.it\/it\/dettaglio-video\/rodolfo-siviero-lo-007-dellarte-luomo-che-salvo-la-bellezza\/\" target=\"_blank\" rel=\"noopener\"><strong>007 dell&#8217;arte<\/strong><\/a> per il suo ruolo chiave nel recupero delle <strong>opere d\u2019arte trafugate dai Nazisti<\/strong> durante la Seconda guerra mondiale. Ha donato la sua collezione di opere d&#8217;arte e la sua casa alla <strong>Regione Toscana<\/strong> che ne ha fatto un museo.<\/p>\n<p><strong>L&#8217;auto sar\u00e0 esposta nel 2027 nel cortile della <a href=\"https:\/\/www.intoscana.it\/it\/dettaglio-video\/casa-museo-rodolfo-siviero-apre-le-porte-sul-web-nasce-un-portale-per-visitarla-online\/\" target=\"_blank\" rel=\"noopener\">Casa Museo a Firenze<\/a> <\/strong>sul Lungarno Serristori, una volta terminati i lavori che riguardano tutto l&#8217;edificio.<\/p>\n<p><strong>L\u2019assessora regionale Cristina Manetti<\/strong> insieme al <strong>direttore di Casa Siviero Gabriele Mazzi<\/strong> ha visitato la carrozzeria per seguire da vicino le fasi dei lavori e ha dichiarato:<em>\u00a0&#8220;Questa macchina, con cui Siviero ha recuperato centinaia di opere d\u2019arte, diventer\u00e0 il simbolo della sua straordinaria storia e del Museo Casa Siviero. Sar\u00e0 una sorta di mascotte capace di raccontare e promuovere la sua attivit\u00e0. Stiamo anche valutando iniziative dedicate che possano portarla in viaggio tra i musei che oggi custodiscono le opere da lui recuperate&#8221;.<\/em><\/p>\n<h3>La Chevrolet di Rodolfo Siviero: testimone della storia<\/h3>\n<p><strong>La Chevrolet<\/strong> non \u00e8 solo un\u2019automobile d\u2019epoca, ma un vero e proprio<strong> testimone della storia del dopoguerra.<\/strong> Assegnata inizialmente al Governo Militare Alleato e poi al Ministero degli Affari Esteri, <strong>fu utilzzata da Siviero tra il 1947 e il 1970<\/strong> <strong>con targhe diplomatiche statunitensi,<\/strong> nelle sue missioni istituzionali, spesso delicate, per riportare in Italia capolavori dispersi tra depositi, frontiere e collezioni straniere.<\/p>\n<p>Dopo anni di servizio, <strong>il veicolo fu custodito nelle rimesse di Palazzo Pitti fino ai primi anni Novanta<\/strong>, quando venne dismesso e acquistato da un privato per 6milioni di lire. Il restauro avviato allora rimase incompiuto, fino alla recente acquisizione da parte della Regione Toscana, che ha deciso di restituirlo alla collettivit\u00e0.<\/p>\n<p>Oggi, grazie anche alla documentazione storica conservata \u2013<strong> fotografie, corrispondenza e materiali d\u2019archivio<\/strong> \u2013 \u00e8 possibile procedere a un restauro conservativo accurato.<\/p>\n<p>La vettura, riconosciuta come bene culturale, \u00e8 <strong>un simbolo concreto della ricostruzione culturale dell\u2019Italia nel secondo dopoguerra.<\/strong><\/p>\n<figure id=\"post-425886 media-425886\" class=\"align-none\"><img decoding=\"async\" src=\"https:\/\/www.intoscana.it\/wp-content\/uploads\/d821b3d9-8a39-4576-9c95-ef8d1b09a8a0_1024x768.jpg\" alt=\"\" \/><\/figure>\n<div class=\"titleimg\">Rodolfo Siviero e la sua chevrolet<\/div>\n","protected":false},"excerpt":{"rendered":"<p>L&#8217;auto sar\u00e0 esposta nel 2027 nel cortile della Casa Museo a Firenze sul Lungarno Serristori, una volta terminati i lavori che riguardano tutto l&#8217;edificio<\/p>\n","protected":false},"author":525,"featured_media":426113,"comment_status":"open","ping_status":"open","sticky":false,"template":"","format":"standard","meta":{"_acf_changed":false,"footnotes":""},"categories":[493],"tags":[6652,151],"class_list":["post-426110","post","type-post","status-publish","format-standard","has-post-thumbnail","hentry","category-cultura","tag-cristina-manetti","tag-regione-toscana"],"acf":[],"yoast_head":"<!-- This site is optimized with the Yoast SEO Premium plugin v24.2 (Yoast SEO v25.6) - https:\/\/yoast.com\/wordpress\/plugins\/seo\/ -->\n<title>La Chevrolet d&#039;epoca di Roldofo Siviero \u00e8 in restauro: sar\u00e0 esposta nella Casa Museo nel 2027 - intoscana<\/title>\n<meta name=\"description\" content=\"L&#039;auto sar\u00e0 esposta nel 2027 nel cortile della Casa Museo a Firenze sul Lungarno Serristori, una volta terminati i lavori\" \/>\n<meta name=\"robots\" content=\"index, follow, max-snippet:-1, max-image-preview:large, max-video-preview:-1\" \/>\n<link rel=\"canonical\" href=\"https:\/\/www.intoscana.it\/it\/la-chevrolet-depoca-di-roldofo-siviero-e-in-restauro-sara-esposta-nella-casa-museo-nel-2027\/\" \/>\n<meta property=\"og:locale\" content=\"it_IT\" \/>\n<meta property=\"og:type\" content=\"article\" \/>\n<meta property=\"og:title\" content=\"La Chevrolet d&#039;epoca di Roldofo Siviero \u00e8 in restauro: sar\u00e0 esposta nella Casa Museo nel 2027\" \/>\n<meta property=\"og:description\" content=\"L&#039;auto sar\u00e0 esposta nel 2027 nel cortile della Casa Museo a Firenze sul Lungarno Serristori, una volta terminati i lavori\" \/>\n<meta property=\"og:url\" content=\"https:\/\/www.intoscana.it\/it\/la-chevrolet-depoca-di-roldofo-siviero-e-in-restauro-sara-esposta-nella-casa-museo-nel-2027\/\" \/>\n<meta property=\"og:site_name\" content=\"intoscana\" \/>\n<meta property=\"article:publisher\" content=\"https:\/\/www.facebook.com\/intoscana.it\" \/>\n<meta property=\"article:published_time\" content=\"2026-04-30T13:54:43+00:00\" \/>\n<meta property=\"article:modified_time\" content=\"2026-04-30T14:10:20+00:00\" \/>\n<meta property=\"og:image\" content=\"https:\/\/www.intoscana.it\/wp-content\/uploads\/chevrolet-2.jpg\" \/>\n\t<meta property=\"og:image:width\" content=\"1200\" \/>\n\t<meta property=\"og:image:height\" content=\"915\" \/>\n\t<meta property=\"og:image:type\" content=\"image\/jpeg\" \/>\n<meta name=\"author\" content=\"Redazione\" \/>\n<meta name=\"twitter:card\" content=\"summary_large_image\" \/>\n<meta name=\"twitter:creator\" content=\"@intoscana\" \/>\n<meta name=\"twitter:site\" content=\"@intoscana\" \/>\n<meta name=\"twitter:label1\" content=\"Written by\" \/>\n\t<meta name=\"twitter:data1\" content=\"Redazione\" \/>\n\t<meta name=\"twitter:label2\" content=\"Est. reading time\" \/>\n\t<meta name=\"twitter:data2\" content=\"3 minuti\" \/>\n<script type=\"application\/ld+json\" class=\"yoast-schema-graph\">{\"@context\":\"https:\/\/schema.org\",\"@graph\":[{\"@type\":\"WebPage\",\"@id\":\"https:\/\/www.intoscana.it\/it\/la-chevrolet-depoca-di-roldofo-siviero-e-in-restauro-sara-esposta-nella-casa-museo-nel-2027\/\",\"url\":\"https:\/\/www.intoscana.it\/it\/la-chevrolet-depoca-di-roldofo-siviero-e-in-restauro-sara-esposta-nella-casa-museo-nel-2027\/\",\"name\":\"La Chevrolet d'epoca di Roldofo Siviero \u00e8 in restauro: sar\u00e0 esposta nella Casa Museo nel 2027 - intoscana\",\"isPartOf\":{\"@id\":\"https:\/\/www.intoscana.it\/it\/#website\"},\"primaryImageOfPage\":{\"@id\":\"https:\/\/www.intoscana.it\/it\/la-chevrolet-depoca-di-roldofo-siviero-e-in-restauro-sara-esposta-nella-casa-museo-nel-2027\/#primaryimage\"},\"image\":{\"@id\":\"https:\/\/www.intoscana.it\/it\/la-chevrolet-depoca-di-roldofo-siviero-e-in-restauro-sara-esposta-nella-casa-museo-nel-2027\/#primaryimage\"},\"thumbnailUrl\":\"https:\/\/www.intoscana.it\/wp-content\/uploads\/chevrolet-2.jpg\",\"datePublished\":\"2026-04-30T13:54:43+00:00\",\"dateModified\":\"2026-04-30T14:10:20+00:00\",\"author\":{\"@id\":\"https:\/\/www.intoscana.it\/it\/#\/schema\/person\/9223810753230f20bd670fdd322661f8\"},\"description\":\"L'auto sar\u00e0 esposta nel 2027 nel cortile della Casa Museo a Firenze sul Lungarno Serristori, una volta terminati i lavori\",\"breadcrumb\":{\"@id\":\"https:\/\/www.intoscana.it\/it\/la-chevrolet-depoca-di-roldofo-siviero-e-in-restauro-sara-esposta-nella-casa-museo-nel-2027\/#breadcrumb\"},\"inLanguage\":\"it-IT\",\"potentialAction\":[{\"@type\":\"ReadAction\",\"target\":[\"https:\/\/www.intoscana.it\/it\/la-chevrolet-depoca-di-roldofo-siviero-e-in-restauro-sara-esposta-nella-casa-museo-nel-2027\/\"]}]},{\"@type\":\"ImageObject\",\"inLanguage\":\"it-IT\",\"@id\":\"https:\/\/www.intoscana.it\/it\/la-chevrolet-depoca-di-roldofo-siviero-e-in-restauro-sara-esposta-nella-casa-museo-nel-2027\/#primaryimage\",\"url\":\"https:\/\/www.intoscana.it\/wp-content\/uploads\/chevrolet-2.jpg\",\"contentUrl\":\"https:\/\/www.intoscana.it\/wp-content\/uploads\/chevrolet-2.jpg\",\"width\":1200,\"height\":915,\"caption\":\"Cristina Manetti e Gabriele Mazzi\"},{\"@type\":\"BreadcrumbList\",\"@id\":\"https:\/\/www.intoscana.it\/it\/la-chevrolet-depoca-di-roldofo-siviero-e-in-restauro-sara-esposta-nella-casa-museo-nel-2027\/#breadcrumb\",\"itemListElement\":[{\"@type\":\"ListItem\",\"position\":1,\"name\":\"Home\",\"item\":\"https:\/\/www.intoscana.it\/it\/\"},{\"@type\":\"ListItem\",\"position\":2,\"name\":\"La Chevrolet d&#8217;epoca di Roldofo Siviero \u00e8 in restauro: sar\u00e0 esposta nella Casa Museo nel 2027\"}]},{\"@type\":\"WebSite\",\"@id\":\"https:\/\/www.intoscana.it\/it\/#website\",\"url\":\"https:\/\/www.intoscana.it\/it\/\",\"name\":\"intoscana\",\"description\":\"\",\"potentialAction\":[{\"@type\":\"SearchAction\",\"target\":{\"@type\":\"EntryPoint\",\"urlTemplate\":\"https:\/\/www.intoscana.it\/it\/?s={search_term_string}\"},\"query-input\":{\"@type\":\"PropertyValueSpecification\",\"valueRequired\":true,\"valueName\":\"search_term_string\"}}],\"inLanguage\":\"it-IT\"},{\"@type\":\"Person\",\"@id\":\"https:\/\/www.intoscana.it\/it\/#\/schema\/person\/9223810753230f20bd670fdd322661f8\",\"name\":\"Redazione\",\"url\":\"https:\/\/www.intoscana.it\/it\/author\/redazione\/\"}]}<\/script>\n<!-- \/ Yoast SEO Premium plugin. -->","yoast_head_json":{"title":"La Chevrolet d'epoca di Roldofo Siviero \u00e8 in restauro: sar\u00e0 esposta nella Casa Museo nel 2027 - intoscana","description":"L'auto sar\u00e0 esposta nel 2027 nel cortile della Casa Museo a Firenze sul Lungarno Serristori, una volta terminati i lavori","robots":{"index":"index","follow":"follow","max-snippet":"max-snippet:-1","max-image-preview":"max-image-preview:large","max-video-preview":"max-video-preview:-1"},"canonical":"https:\/\/www.intoscana.it\/it\/la-chevrolet-depoca-di-roldofo-siviero-e-in-restauro-sara-esposta-nella-casa-museo-nel-2027\/","og_locale":"it_IT","og_type":"article","og_title":"La Chevrolet d'epoca di Roldofo Siviero \u00e8 in restauro: sar\u00e0 esposta nella Casa Museo nel 2027","og_description":"L'auto sar\u00e0 esposta nel 2027 nel cortile della Casa Museo a Firenze sul Lungarno Serristori, una volta terminati i lavori","og_url":"https:\/\/www.intoscana.it\/it\/la-chevrolet-depoca-di-roldofo-siviero-e-in-restauro-sara-esposta-nella-casa-museo-nel-2027\/","og_site_name":"intoscana","article_publisher":"https:\/\/www.facebook.com\/intoscana.it","article_published_time":"2026-04-30T13:54:43+00:00","article_modified_time":"2026-04-30T14:10:20+00:00","og_image":[{"width":1200,"height":915,"url":"https:\/\/www.intoscana.it\/wp-content\/uploads\/chevrolet-2.jpg","type":"image\/jpeg"}],"author":"Redazione","twitter_card":"summary_large_image","twitter_creator":"@intoscana","twitter_site":"@intoscana","twitter_misc":{"Written by":"Redazione","Est. reading time":"3 minuti"},"schema":{"@context":"https:\/\/schema.org","@graph":[{"@type":"WebPage","@id":"https:\/\/www.intoscana.it\/it\/la-chevrolet-depoca-di-roldofo-siviero-e-in-restauro-sara-esposta-nella-casa-museo-nel-2027\/","url":"https:\/\/www.intoscana.it\/it\/la-chevrolet-depoca-di-roldofo-siviero-e-in-restauro-sara-esposta-nella-casa-museo-nel-2027\/","name":"La Chevrolet d'epoca di Roldofo Siviero \u00e8 in restauro: sar\u00e0 esposta nella Casa Museo nel 2027 - intoscana","isPartOf":{"@id":"https:\/\/www.intoscana.it\/it\/#website"},"primaryImageOfPage":{"@id":"https:\/\/www.intoscana.it\/it\/la-chevrolet-depoca-di-roldofo-siviero-e-in-restauro-sara-esposta-nella-casa-museo-nel-2027\/#primaryimage"},"image":{"@id":"https:\/\/www.intoscana.it\/it\/la-chevrolet-depoca-di-roldofo-siviero-e-in-restauro-sara-esposta-nella-casa-museo-nel-2027\/#primaryimage"},"thumbnailUrl":"https:\/\/www.intoscana.it\/wp-content\/uploads\/chevrolet-2.jpg","datePublished":"2026-04-30T13:54:43+00:00","dateModified":"2026-04-30T14:10:20+00:00","author":{"@id":"https:\/\/www.intoscana.it\/it\/#\/schema\/person\/9223810753230f20bd670fdd322661f8"},"description":"L'auto sar\u00e0 esposta nel 2027 nel cortile della Casa Museo a Firenze sul Lungarno Serristori, una volta terminati i lavori","breadcrumb":{"@id":"https:\/\/www.intoscana.it\/it\/la-chevrolet-depoca-di-roldofo-siviero-e-in-restauro-sara-esposta-nella-casa-museo-nel-2027\/#breadcrumb"},"inLanguage":"it-IT","potentialAction":[{"@type":"ReadAction","target":["https:\/\/www.intoscana.it\/it\/la-chevrolet-depoca-di-roldofo-siviero-e-in-restauro-sara-esposta-nella-casa-museo-nel-2027\/"]}]},{"@type":"ImageObject","inLanguage":"it-IT","@id":"https:\/\/www.intoscana.it\/it\/la-chevrolet-depoca-di-roldofo-siviero-e-in-restauro-sara-esposta-nella-casa-museo-nel-2027\/#primaryimage","url":"https:\/\/www.intoscana.it\/wp-content\/uploads\/chevrolet-2.jpg","contentUrl":"https:\/\/www.intoscana.it\/wp-content\/uploads\/chevrolet-2.jpg","width":1200,"height":915,"caption":"Cristina Manetti e Gabriele Mazzi"},{"@type":"BreadcrumbList","@id":"https:\/\/www.intoscana.it\/it\/la-chevrolet-depoca-di-roldofo-siviero-e-in-restauro-sara-esposta-nella-casa-museo-nel-2027\/#breadcrumb","itemListElement":[{"@type":"ListItem","position":1,"name":"Home","item":"https:\/\/www.intoscana.it\/it\/"},{"@type":"ListItem","position":2,"name":"La Chevrolet d&#8217;epoca di Roldofo Siviero \u00e8 in restauro: sar\u00e0 esposta nella Casa Museo nel 2027"}]},{"@type":"WebSite","@id":"https:\/\/www.intoscana.it\/it\/#website","url":"https:\/\/www.intoscana.it\/it\/","name":"intoscana","description":"","potentialAction":[{"@type":"SearchAction","target":{"@type":"EntryPoint","urlTemplate":"https:\/\/www.intoscana.it\/it\/?s={search_term_string}"},"query-input":{"@type":"PropertyValueSpecification","valueRequired":true,"valueName":"search_term_string"}}],"inLanguage":"it-IT"},{"@type":"Person","@id":"https:\/\/www.intoscana.it\/it\/#\/schema\/person\/9223810753230f20bd670fdd322661f8","name":"Redazione","url":"https:\/\/www.intoscana.it\/it\/author\/redazione\/"}]}},"_links":{"self":[{"href":"https:\/\/www.intoscana.it\/it\/wp-json\/wp\/v2\/posts\/426110","targetHints":{"allow":["GET"]}}],"collection":[{"href":"https:\/\/www.intoscana.it\/it\/wp-json\/wp\/v2\/posts"}],"about":[{"href":"https:\/\/www.intoscana.it\/it\/wp-json\/wp\/v2\/types\/post"}],"author":[{"embeddable":true,"href":"https:\/\/www.intoscana.it\/it\/wp-json\/wp\/v2\/users\/525"}],"replies":[{"embeddable":true,"href":"https:\/\/www.intoscana.it\/it\/wp-json\/wp\/v2\/comments?post=426110"}],"version-history":[{"count":5,"href":"https:\/\/www.intoscana.it\/it\/wp-json\/wp\/v2\/posts\/426110\/revisions"}],"predecessor-version":[{"id":426121,"href":"https:\/\/www.intoscana.it\/it\/wp-json\/wp\/v2\/posts\/426110\/revisions\/426121"}],"wp:featuredmedia":[{"embeddable":true,"href":"https:\/\/www.intoscana.it\/it\/wp-json\/wp\/v2\/media\/426113"}],"wp:attachment":[{"href":"https:\/\/www.intoscana.it\/it\/wp-json\/wp\/v2\/media?parent=426110"}],"wp:term":[{"taxonomy":"category","embeddable":true,"href":"https:\/\/www.intoscana.it\/it\/wp-json\/wp\/v2\/categories?post=426110"},{"taxonomy":"post_tag","embeddable":true,"href":"https:\/\/www.intoscana.it\/it\/wp-json\/wp\/v2\/tags?post=426110"}],"curies":[{"name":"wp","href":"https:\/\/api.w.org\/{rel}","templated":true}]}}