{"id":43558,"date":"2019-11-19T10:10:09","date_gmt":"2019-11-19T10:10:09","guid":{"rendered":"http:\/\/www.intoscana.it\/strade-piu-sicure-con-la-contaminazione-di-buone-pratiche\/"},"modified":"2020-05-19T15:23:58","modified_gmt":"2020-05-19T13:23:58","slug":"sicurezza-stradale-pratiche","status":"publish","type":"post","link":"https:\/\/www.intoscana.it\/it\/sicurezza-stradale-pratiche\/","title":{"rendered":"Strade pi\u00f9 sicure, con la contaminazione di buone pratiche"},"content":{"rendered":"<p>La<strong> Giornata Mondiale delle vittime della strada<\/strong> \u00e8 stata l\u2019occasione, per la <strong>fondazione Claudio Ciai<\/strong>, di organizzare quattro giorni dedicati alla diffusone dei <strong>buoni comportamenti da tenere sulla strada, puntando sulla sensibilizzazione e sulla prevenzione<\/strong>. Cos\u00ec da sabato 16 fino al pomeriggio di oggi, marted\u00ec 19 novembre, nella sala delle ex Leopoldine in Piazza Tasso, si sono susseguiti molti momenti, dedicati soprattutto agli studenti, e utili a ribadire che una buona guida \u00e8 soprattutto merito del rispetto: di s\u00e9, degli altri e delle regole.<\/p>\n<p>Tra l\u2019inaugurazione della mostra della giovanissima Clara Woods, la disseminiazione di buone pratiche di guida e la proiezione del film Youg Europe,<strong> un seminario, in cui i dati del servizio di monitoraggio della Regione Toscana \u201cSirss\u201d sono stati presentati dall\u2019Osservatorio Regionale sulla sicurezza stradale a una platea di giovanissimi<\/strong>: 15. 823 incidenti, con 20.985 feriti e 239 morti nel 2018. Rispetto all\u2019anno precedente diminuiscono sia gli incidenti (-1,7%) che i feriti (-1,9%) che i morti (-11,2%), e le differenze si fanno ancora pi\u00f9 marcate se confrontate con la media nazionale. Ma ancora pi\u00f9 significativo \u00e8 il dato sul lungo periodo: tra il 2010 e il 2018 in Toscana si registrano cali, rispettivamente del 16,1%, del 17% e del 21,9%. I numeri, insomma, segnalano che siamo, letteralmente, sulla buona strada, anche se non bisogna abbassare la guardia.<\/p>\n<p>&nbsp;<\/p>\n<p><iframe loading=\"lazy\" src=\"https:\/\/www.youtube.com\/embed\/uC1ZtyTzZ3M\" width=\"560\" height=\"315\" frameborder=\"0\" allowfullscreen=\"allowfullscreen\"><\/iframe><\/p>\n<p>&nbsp;<\/p>\n<p>Come ha ricordato <strong>l\u2019assessore Vincenzo Ceccarelli<\/strong>, insieme agli interventi sulle infrastrutture, un\u2019azione di sensibilizzazione a partire dalla pi\u00f9 tenera et\u00e0 pu\u00f2 contribuire efficacemente a diminuire il numero delle vittime di incidenti: ancora troppi In Toscana, nonostante il miglioramento nei dati ufficiali, considerando soprattutto la prevalenza degli \u2018utenti deboli\u2019 \u2013 anziani, pedoni, ciclisti e motociclisti (circa il 56%) \u2013 tra le vittime.&nbsp; Per questo la <strong>Regione dal 2015 a oggi ha finanziato 103 progetti con circa 7 milioni di euro<\/strong>, che grazie ai cofinanziamenti hanno attivato oltre 15 milioni di investimenti, finalizzati alla realizzazione di interventi di messa in sicurezza di strade regionali, provinciali, comunali e statali. E sostiene le attivit\u00e0 delle ONLUS nate in ricordo di vittime della strada con piccoli contributi e concedendo il patrocinio e l\u2019uso del logo dell\u2019Osservatorio: il loro lavoro \u00e8 in linea con le azioni dell\u2019Orss e le loro azioni possono risultare enormemente persuasive ed efficaci, guidate, come sono, dal cuore.<\/p>\n","protected":false},"excerpt":{"rendered":"<p>Si concludono oggi i quattro giorni dedicati alla sicurezza stradale e al ricordo delle vittime di incidenti organizzata dalla Fondazione Claudio Ciai a Firenze<\/p>\n","protected":false},"author":520,"featured_media":76837,"comment_status":"open","ping_status":"open","sticky":false,"template":"","format":"standard","meta":{"_acf_changed":false,"footnotes":""},"categories":[494,7],"tags":[151],"class_list":["post-43558","post","type-post","status-publish","format-standard","has-post-thumbnail","hentry","category-attualita","category-societa","tag-regione-toscana"],"acf":[],"yoast_head":"<!-- This site is optimized with the Yoast SEO Premium plugin v24.2 (Yoast SEO v25.6) - https:\/\/yoast.com\/wordpress\/plugins\/seo\/ -->\n<title>Strade pi\u00f9 sicure, con la contaminazione di buone pratiche - intoscana<\/title>\n<meta name=\"description\" content=\"Si concludono oggi i quattro giorni dedicati alla sicurezza stradale e al ricordo delle vittime di incidenti organizzata dalla Fondazione Claudio Ciai a Firenze\" \/>\n<meta name=\"robots\" content=\"index, follow, max-snippet:-1, max-image-preview:large, max-video-preview:-1\" \/>\n<link rel=\"canonical\" href=\"https:\/\/www.intoscana.it\/it\/sicurezza-stradale-pratiche\/\" \/>\n<meta property=\"og:locale\" content=\"it_IT\" \/>\n<meta property=\"og:type\" content=\"article\" \/>\n<meta property=\"og:title\" content=\"Strade pi\u00f9 sicure, con la contaminazione di buone pratiche\" \/>\n<meta property=\"og:description\" content=\"Si concludono oggi i quattro giorni dedicati alla sicurezza stradale e al ricordo delle vittime di incidenti organizzata dalla Fondazione Claudio Ciai a Firenze\" \/>\n<meta property=\"og:url\" content=\"https:\/\/www.intoscana.it\/it\/sicurezza-stradale-pratiche\/\" \/>\n<meta property=\"og:site_name\" content=\"intoscana\" \/>\n<meta property=\"article:publisher\" content=\"https:\/\/www.facebook.com\/intoscana.it\" \/>\n<meta property=\"article:published_time\" content=\"2019-11-19T10:10:09+00:00\" \/>\n<meta property=\"article:modified_time\" content=\"2020-05-19T13:23:58+00:00\" \/>\n<meta property=\"og:image\" content=\"https:\/\/www.intoscana.it\/wp-content\/uploads\/3b56823eaf0c242b3b7158d43bdc5041-1.jpg\" \/>\n\t<meta property=\"og:image:width\" content=\"600\" \/>\n\t<meta property=\"og:image:height\" content=\"449\" \/>\n\t<meta property=\"og:image:type\" content=\"image\/jpeg\" \/>\n<meta name=\"author\" content=\"Barbara Mottola\" \/>\n<meta name=\"twitter:card\" content=\"summary_large_image\" \/>\n<meta name=\"twitter:creator\" content=\"@intoscana\" \/>\n<meta name=\"twitter:site\" content=\"@intoscana\" \/>\n<meta name=\"twitter:label1\" content=\"Written by\" \/>\n\t<meta name=\"twitter:data1\" content=\"Barbara Mottola\" \/>\n\t<meta name=\"twitter:label2\" content=\"Est. reading time\" \/>\n\t<meta name=\"twitter:data2\" content=\"2 minuti\" \/>\n<script type=\"application\/ld+json\" class=\"yoast-schema-graph\">{\"@context\":\"https:\/\/schema.org\",\"@graph\":[{\"@type\":\"WebPage\",\"@id\":\"https:\/\/www.intoscana.it\/it\/sicurezza-stradale-pratiche\/\",\"url\":\"https:\/\/www.intoscana.it\/it\/sicurezza-stradale-pratiche\/\",\"name\":\"Strade pi\u00f9 sicure, con la contaminazione di buone pratiche - intoscana\",\"isPartOf\":{\"@id\":\"https:\/\/www.intoscana.it\/it\/#website\"},\"primaryImageOfPage\":{\"@id\":\"https:\/\/www.intoscana.it\/it\/sicurezza-stradale-pratiche\/#primaryimage\"},\"image\":{\"@id\":\"https:\/\/www.intoscana.it\/it\/sicurezza-stradale-pratiche\/#primaryimage\"},\"thumbnailUrl\":\"https:\/\/www.intoscana.it\/wp-content\/uploads\/3b56823eaf0c242b3b7158d43bdc5041-1.jpg\",\"datePublished\":\"2019-11-19T10:10:09+00:00\",\"dateModified\":\"2020-05-19T13:23:58+00:00\",\"author\":{\"@id\":\"https:\/\/www.intoscana.it\/it\/#\/schema\/person\/a2ffb631e48e0f03c7909858e564fa2d\"},\"description\":\"Si concludono oggi i quattro giorni dedicati alla sicurezza stradale e al ricordo delle vittime di incidenti organizzata dalla Fondazione Claudio Ciai a Firenze\",\"breadcrumb\":{\"@id\":\"https:\/\/www.intoscana.it\/it\/sicurezza-stradale-pratiche\/#breadcrumb\"},\"inLanguage\":\"it-IT\",\"potentialAction\":[{\"@type\":\"ReadAction\",\"target\":[\"https:\/\/www.intoscana.it\/it\/sicurezza-stradale-pratiche\/\"]}]},{\"@type\":\"ImageObject\",\"inLanguage\":\"it-IT\",\"@id\":\"https:\/\/www.intoscana.it\/it\/sicurezza-stradale-pratiche\/#primaryimage\",\"url\":\"https:\/\/www.intoscana.it\/wp-content\/uploads\/3b56823eaf0c242b3b7158d43bdc5041-1.jpg\",\"contentUrl\":\"https:\/\/www.intoscana.it\/wp-content\/uploads\/3b56823eaf0c242b3b7158d43bdc5041-1.jpg\",\"width\":600,\"height\":449},{\"@type\":\"BreadcrumbList\",\"@id\":\"https:\/\/www.intoscana.it\/it\/sicurezza-stradale-pratiche\/#breadcrumb\",\"itemListElement\":[{\"@type\":\"ListItem\",\"position\":1,\"name\":\"Home\",\"item\":\"https:\/\/www.intoscana.it\/it\/\"},{\"@type\":\"ListItem\",\"position\":2,\"name\":\"Strade pi\u00f9 sicure, con la contaminazione di buone pratiche\"}]},{\"@type\":\"WebSite\",\"@id\":\"https:\/\/www.intoscana.it\/it\/#website\",\"url\":\"https:\/\/www.intoscana.it\/it\/\",\"name\":\"intoscana\",\"description\":\"\",\"potentialAction\":[{\"@type\":\"SearchAction\",\"target\":{\"@type\":\"EntryPoint\",\"urlTemplate\":\"https:\/\/www.intoscana.it\/it\/?s={search_term_string}\"},\"query-input\":{\"@type\":\"PropertyValueSpecification\",\"valueRequired\":true,\"valueName\":\"search_term_string\"}}],\"inLanguage\":\"it-IT\"},{\"@type\":\"Person\",\"@id\":\"https:\/\/www.intoscana.it\/it\/#\/schema\/person\/a2ffb631e48e0f03c7909858e564fa2d\",\"name\":\"Barbara Mottola\",\"url\":\"https:\/\/www.intoscana.it\/it\/author\/barbara-mottola\/\"}]}<\/script>\n<!-- \/ Yoast SEO Premium plugin. -->","yoast_head_json":{"title":"Strade pi\u00f9 sicure, con la contaminazione di buone pratiche - intoscana","description":"Si concludono oggi i quattro giorni dedicati alla sicurezza stradale e al ricordo delle vittime di incidenti organizzata dalla Fondazione Claudio Ciai a Firenze","robots":{"index":"index","follow":"follow","max-snippet":"max-snippet:-1","max-image-preview":"max-image-preview:large","max-video-preview":"max-video-preview:-1"},"canonical":"https:\/\/www.intoscana.it\/it\/sicurezza-stradale-pratiche\/","og_locale":"it_IT","og_type":"article","og_title":"Strade pi\u00f9 sicure, con la contaminazione di buone pratiche","og_description":"Si concludono oggi i quattro giorni dedicati alla sicurezza stradale e al ricordo delle vittime di incidenti organizzata dalla Fondazione Claudio Ciai a Firenze","og_url":"https:\/\/www.intoscana.it\/it\/sicurezza-stradale-pratiche\/","og_site_name":"intoscana","article_publisher":"https:\/\/www.facebook.com\/intoscana.it","article_published_time":"2019-11-19T10:10:09+00:00","article_modified_time":"2020-05-19T13:23:58+00:00","og_image":[{"width":600,"height":449,"url":"https:\/\/www.intoscana.it\/wp-content\/uploads\/3b56823eaf0c242b3b7158d43bdc5041-1.jpg","type":"image\/jpeg"}],"author":"Barbara Mottola","twitter_card":"summary_large_image","twitter_creator":"@intoscana","twitter_site":"@intoscana","twitter_misc":{"Written by":"Barbara Mottola","Est. reading time":"2 minuti"},"schema":{"@context":"https:\/\/schema.org","@graph":[{"@type":"WebPage","@id":"https:\/\/www.intoscana.it\/it\/sicurezza-stradale-pratiche\/","url":"https:\/\/www.intoscana.it\/it\/sicurezza-stradale-pratiche\/","name":"Strade pi\u00f9 sicure, con la contaminazione di buone pratiche - intoscana","isPartOf":{"@id":"https:\/\/www.intoscana.it\/it\/#website"},"primaryImageOfPage":{"@id":"https:\/\/www.intoscana.it\/it\/sicurezza-stradale-pratiche\/#primaryimage"},"image":{"@id":"https:\/\/www.intoscana.it\/it\/sicurezza-stradale-pratiche\/#primaryimage"},"thumbnailUrl":"https:\/\/www.intoscana.it\/wp-content\/uploads\/3b56823eaf0c242b3b7158d43bdc5041-1.jpg","datePublished":"2019-11-19T10:10:09+00:00","dateModified":"2020-05-19T13:23:58+00:00","author":{"@id":"https:\/\/www.intoscana.it\/it\/#\/schema\/person\/a2ffb631e48e0f03c7909858e564fa2d"},"description":"Si concludono oggi i quattro giorni dedicati alla sicurezza stradale e al ricordo delle vittime di incidenti organizzata dalla Fondazione Claudio Ciai a Firenze","breadcrumb":{"@id":"https:\/\/www.intoscana.it\/it\/sicurezza-stradale-pratiche\/#breadcrumb"},"inLanguage":"it-IT","potentialAction":[{"@type":"ReadAction","target":["https:\/\/www.intoscana.it\/it\/sicurezza-stradale-pratiche\/"]}]},{"@type":"ImageObject","inLanguage":"it-IT","@id":"https:\/\/www.intoscana.it\/it\/sicurezza-stradale-pratiche\/#primaryimage","url":"https:\/\/www.intoscana.it\/wp-content\/uploads\/3b56823eaf0c242b3b7158d43bdc5041-1.jpg","contentUrl":"https:\/\/www.intoscana.it\/wp-content\/uploads\/3b56823eaf0c242b3b7158d43bdc5041-1.jpg","width":600,"height":449},{"@type":"BreadcrumbList","@id":"https:\/\/www.intoscana.it\/it\/sicurezza-stradale-pratiche\/#breadcrumb","itemListElement":[{"@type":"ListItem","position":1,"name":"Home","item":"https:\/\/www.intoscana.it\/it\/"},{"@type":"ListItem","position":2,"name":"Strade pi\u00f9 sicure, con la contaminazione di buone pratiche"}]},{"@type":"WebSite","@id":"https:\/\/www.intoscana.it\/it\/#website","url":"https:\/\/www.intoscana.it\/it\/","name":"intoscana","description":"","potentialAction":[{"@type":"SearchAction","target":{"@type":"EntryPoint","urlTemplate":"https:\/\/www.intoscana.it\/it\/?s={search_term_string}"},"query-input":{"@type":"PropertyValueSpecification","valueRequired":true,"valueName":"search_term_string"}}],"inLanguage":"it-IT"},{"@type":"Person","@id":"https:\/\/www.intoscana.it\/it\/#\/schema\/person\/a2ffb631e48e0f03c7909858e564fa2d","name":"Barbara Mottola","url":"https:\/\/www.intoscana.it\/it\/author\/barbara-mottola\/"}]}},"_links":{"self":[{"href":"https:\/\/www.intoscana.it\/it\/wp-json\/wp\/v2\/posts\/43558","targetHints":{"allow":["GET"]}}],"collection":[{"href":"https:\/\/www.intoscana.it\/it\/wp-json\/wp\/v2\/posts"}],"about":[{"href":"https:\/\/www.intoscana.it\/it\/wp-json\/wp\/v2\/types\/post"}],"author":[{"embeddable":true,"href":"https:\/\/www.intoscana.it\/it\/wp-json\/wp\/v2\/users\/520"}],"replies":[{"embeddable":true,"href":"https:\/\/www.intoscana.it\/it\/wp-json\/wp\/v2\/comments?post=43558"}],"version-history":[{"count":0,"href":"https:\/\/www.intoscana.it\/it\/wp-json\/wp\/v2\/posts\/43558\/revisions"}],"wp:featuredmedia":[{"embeddable":true,"href":"https:\/\/www.intoscana.it\/it\/wp-json\/wp\/v2\/media\/76837"}],"wp:attachment":[{"href":"https:\/\/www.intoscana.it\/it\/wp-json\/wp\/v2\/media?parent=43558"}],"wp:term":[{"taxonomy":"category","embeddable":true,"href":"https:\/\/www.intoscana.it\/it\/wp-json\/wp\/v2\/categories?post=43558"},{"taxonomy":"post_tag","embeddable":true,"href":"https:\/\/www.intoscana.it\/it\/wp-json\/wp\/v2\/tags?post=43558"}],"curies":[{"name":"wp","href":"https:\/\/api.w.org\/{rel}","templated":true}]}}