{"id":43593,"date":"2020-03-15T20:00:04","date_gmt":"2020-03-15T20:00:04","guid":{"rendered":"http:\/\/www.intoscana.it\/coronavirus-151-nuovi-casi-in-toscana-781-i-contagiati\/"},"modified":"2020-05-19T15:24:08","modified_gmt":"2020-05-19T13:24:08","slug":"coronavirus-151-nuovi-casi-positivi-in-toscana","status":"publish","type":"post","link":"https:\/\/www.intoscana.it\/it\/coronavirus-151-nuovi-casi-positivi-in-toscana\/","title":{"rendered":"Coronavirus, 151 nuovi casi in Toscana. 781 i contagiati"},"content":{"rendered":"<p>Sono <strong>151 i nuovi casi<\/strong> di <strong>Coronavirus<\/strong> nella nostra regione. La Toscana registra anche il <strong>decimo decesso<\/strong> tra i pazienti positivi al virus: si tratta di un ottantottenne di Poggibonsi (Siena), ricoverato all&#8217;ospedale senese Le Scotte dal 7 marzo.<\/p>\n<p>Complessivamente finora in regione sono <strong>781 i contagiati<\/strong> dall&#8217;inizio dell&#8217;emergenza. Tra questi anche <strong>sette guarigioni<\/strong> virali, i cosiddetti &#8216;negativizzati&#8217;, uno in pi\u00f9 rispetto a ieri e cinque guarigioni cliniche. Riguardo ai decessi, per i quali &#8220;<em>spetter\u00e0 all&#8217;Iss attribuire le morti al coronavirus<\/em>&#8220;, si tratta di pazienti tra i 70 e i 98 anni, affetti da pi\u00f9 patologie.<\/p>\n<p>Ancora, in Toscana a oggi sono <strong>282 i ricoverati in ospedale<\/strong> di cui <strong>107 in terapia intensiva<\/strong>.<\/p>\n<p>La suddivisione dei casi per provincia di segnalazione, che non necessariamente sempre corrisponde con quella di residenza, \u00e8 la seguente: <strong>162 Firenze<\/strong>, <strong>79 Pistoia, 42 Prato<\/strong> (totale Asl centro: 283), 130 Lucca, 108 Massa-Carrara, 71 Pisa, 50 Livorno (totale Asl nord ovest: 359), <strong>38 Grosseto, 60 Siena, 41 Arezzo<\/strong> (totale sud est: 139).<\/p>\n<p><strong>Sono invece cresciute in un solo giorno di 1.259, arrivando a quota 7.443<\/strong>, le persone in <strong>isolamento domiciliare<\/strong> in tutta la Toscana, di cui 3.725 prese in carico attraverso i numeri dedicati, attivati da ciascuna Asl.<\/p>\n<p>Di quest&#8217;ultimi sono 2.163 nella Asl centro (Firenze &#8211; Empoli &#8211; Prato &#8211; Pistoia), 142 persone nella Asl nord ovest (Lucca &#8211; Massa Carrara &#8211; Pisa &#8211; Livorno) e 277 nella sud est (Arezzo &#8211; Siena &#8211; Grosseto). Gli altri 3.718 sono cittadini che hanno avuto contatti stretti con casi positivi: 573 nella Asl Centro, 1.632 nell&#8217;Asl Nord Ovest e 1.513 nell&#8217;Asl Sud Est. Dall&#8217;1 febbraio ad oggi sono in tutto stati esaminati 5.132 tamponi, in alcuni casi sono stati effettuati pi\u00f9 test per la stesso paziente.<\/p>\n<p><strong>NUOVA ORDINANZA DEL PRESIDENTE ROSSI.&nbsp;<\/strong>Il governatore ha firmato oggi una nuova ordinanza, la numero 12, con ulteriori misure per prevenire e contenere la diffusione dell\u2019epidemia da Covid-19.<\/p>\n<p>Sono <strong>due le azioni<\/strong> disposte con il provvedimento: la <strong>chiusura temporanea<\/strong>, fino al 3 aprile 2020, <strong>delle strutture semiresidenziali per anziani e disabili<\/strong>, i cosiddetti centri diurni, e <strong>l\u2019istituzione di una commissione di esperti per definire le linee guida di indirizzo per i percorsi di cura destinati ai pazienti affetti da Covid-19.<\/strong><\/p>\n<p>La sospensione da luned\u00ec 16 marzo delle attivit\u00e0 dei centri diurni \u2013 disposta dopo un confronto con i gestori delle strutture e le rappresentanze sindacali dei lavoratori &#8211; risponde alla necessit\u00e0 di <strong>rafforzare ulteriormente le misure di sorveglianza sanitaria per contenere e mitigare l\u2019espansione della malattia infettiva<\/strong>, soprattutto per la popolazione pi\u00f9 fragile ed esposta al rischio di contagio, come anziani e disabili.<\/p>\n<p>Resta fermo che nei casi ritenuti necessari dai servizi competenti, l\u2019assistenza sar\u00e0 comunque garantita sulla base di singoli piani assistenziali personalizzati, ove possibile dalle stesse strutture in raccordo con i servizi territoriali aziendali di riferimento (le Asl): presso il domicilio degli assistiti o, eventualmente, attraverso la predisposizione di piani residenziali temporanei. Le eventuali attivit\u00e0 assistenziali necessarie verranno rimborsate da parte delle Asl utilizzando le risorse destinati alle convenzioni in essere con i centri diurni.<\/p>\n<p>L\u2019altra disposizione dell\u2019ordinanza presidenziale riguarda, come detto, l\u2019istituzione di una <strong>commissione<\/strong> di esperti, designati dai direttori generali delle Aziende sanitarie e coordinata dal direttore regionale competente in materia di diritto alla salute, con il compito di <strong>definire, entro la giornata di luned\u00ec 16 marzo, le linee guida di indirizzo <\/strong>per il percorso diagnostico-terapeutico in ambito ospedaliero e sanitario per pazienti affetti da Covid-19.<\/p>\n<p>La commissione, in particolare, dovr\u00e0 delineare le caratteristiche cliniche e terapeutiche che sar\u00e0 necessario attivare, in un crescente livello di intensit\u00e0 di cura, dal momento dell\u2019entrata in ospedale del paziente fino all\u2019eventuale ricovero in terapia intensiva. La commissione avr\u00e0 anche il compito di aggiornare costantemente le linee guida, in relazione con l\u2019evoluzione della situazione complessiva.<\/p>\n<p style=\"text-align: justify;\"><strong>POLEMICA MASCHERINE. <\/strong>Oggi in Toscana la Regione, attraverso Estar, ha distribuito 94.000 mascherine &#8220;<em>sicure, tra certificate e testate<\/em>&#8220;. Lo ha reso noto il governatore toscano Enrico Rossi dopo le polemiche per le mascherine inviate dalla Protezione civile nazionale e dopo la lettera aperta degli Ordini degli infermieri per chiedere dispositivi adeguati e indicazioni su quali utilizzare e dove.<\/p>\n<p style=\"text-align: justify;\">&#8220;<em>Le mascherine della Protezione civile sono in attesa di validazione da parte dell&#8217;Iss<\/em> &#8211; <strong>afferma Rossi<\/strong> -. <em>Ma siamo in emergenza sanitaria ed occorre distribuire in questo momento tutto quello che abbiamo. Sto comunque preparando un atto, assieme agli esperti dell&#8217;unit\u00e0 di crisi, per il corretto uso dei dispositivi<\/em>&#8220;.<\/p>\n<p style=\"text-align: justify;\">Sar\u00e0 un <strong>vademecum<\/strong> che classificher\u00e0 le mascherine in base all&#8217;efficacia e dir\u00e0 quale utilizzare per ogni circostanza. &#8220;<em>Per quel che riguarda la Regione Toscana<\/em> &#8211; <strong>prosegue Rossi<\/strong> &#8211; attraverso Estar distribuiremo&#8221; &#8220;<em>40mila mascherine a marcatura CE, idonee dunque a tutti gli effetti, e di 54 mila autoprodotte in Toscana in tessuto non tessuto a triplo strato e con elastico, gi\u00e0 testate dal dipartimento di chimica dell&#8217;Universit\u00e0 di Firenze, di qualit\u00e0 certamente migliore rispetto a quelle della Protezione civile nazionale e che riceveranno secondo le procedure la validazione dell&#8217;Iss nelle prossime ore<\/em>&#8220;.<\/p>\n<p style=\"text-align: justify;\">Ieri erano gi\u00e0 state distribuite <strong>39.500 mascherine<\/strong> &#8216;made in Tuscany&#8221; di ugual tipo e 95.300 della Protezione civile nazionale. &#8220;<em>Non \u00e8 comunque il tempo delle polemiche &#8211; torna ad affermare Rossi &#8211; e a tutti gli operatori sanitari inviamo il nostro ringraziamento ed apprezzamento per il grande lavoro che svolgono ogni giorno. Il nostro impegno \u00e8 massimo per consentire loro di continuare a lavorare in sicurezza e tranquillit\u00e0. In questo modo, tutelando anzitutto la salute dei lavoratori, siamo certi che arriveremo fino in fondo e ce la faremo<\/em>&#8220;<\/p>\n","protected":false},"excerpt":{"rendered":"<p>Decimo paziente morto. Sette le guarigioni. Oltre 7400 le persone in isolamento domiciliare. Il presidente Rossi ha firmato una nuova ordinanza: chiusura temporanea per i centri diurni per anziani e disabili e istituzione di una commissione di esperti. Il punto sulle mascherine<\/p>\n","protected":false},"author":525,"featured_media":76872,"comment_status":"open","ping_status":"open","sticky":false,"template":"","format":"standard","meta":{"_acf_changed":false,"footnotes":""},"categories":[18],"tags":[],"class_list":["post-43593","post","type-post","status-publish","format-standard","has-post-thumbnail","hentry","category-salute"],"acf":[],"yoast_head":"<!-- This site is optimized with the Yoast SEO Premium plugin v24.2 (Yoast SEO v25.6) - https:\/\/yoast.com\/wordpress\/plugins\/seo\/ -->\n<title>Coronavirus, 151 nuovi casi in Toscana. 781 i contagiati - intoscana<\/title>\n<meta name=\"description\" content=\"Decimo paziente morto. Sette le guarigioni. Oltre 7400 le persone in isolamento domiciliare.\" \/>\n<meta name=\"robots\" content=\"index, follow, max-snippet:-1, max-image-preview:large, max-video-preview:-1\" \/>\n<link rel=\"canonical\" href=\"https:\/\/www.intoscana.it\/it\/coronavirus-151-nuovi-casi-positivi-in-toscana\/\" \/>\n<meta property=\"og:locale\" content=\"it_IT\" \/>\n<meta property=\"og:type\" content=\"article\" \/>\n<meta property=\"og:title\" content=\"Coronavirus, 151 nuovi casi in Toscana. 781 i contagiati\" \/>\n<meta property=\"og:description\" content=\"Decimo paziente morto. Sette le guarigioni. Oltre 7400 le persone in isolamento domiciliare.\" \/>\n<meta property=\"og:url\" content=\"https:\/\/www.intoscana.it\/it\/coronavirus-151-nuovi-casi-positivi-in-toscana\/\" \/>\n<meta property=\"og:site_name\" content=\"intoscana\" \/>\n<meta property=\"article:publisher\" content=\"https:\/\/www.facebook.com\/intoscana.it\" \/>\n<meta property=\"article:published_time\" content=\"2020-03-15T20:00:04+00:00\" \/>\n<meta property=\"article:modified_time\" content=\"2020-05-19T13:24:08+00:00\" \/>\n<meta property=\"og:image\" content=\"https:\/\/www.intoscana.it\/wp-content\/uploads\/corona-virus-immagine.jpg\" \/>\n\t<meta property=\"og:image:width\" content=\"2000\" \/>\n\t<meta property=\"og:image:height\" content=\"1334\" \/>\n\t<meta property=\"og:image:type\" content=\"image\/jpeg\" \/>\n<meta name=\"author\" content=\"Redazione\" \/>\n<meta name=\"twitter:card\" content=\"summary_large_image\" \/>\n<meta name=\"twitter:creator\" content=\"@intoscana\" \/>\n<meta name=\"twitter:site\" content=\"@intoscana\" \/>\n<meta name=\"twitter:label1\" content=\"Written by\" \/>\n\t<meta name=\"twitter:data1\" content=\"Redazione\" \/>\n\t<meta name=\"twitter:label2\" content=\"Est. reading time\" \/>\n\t<meta name=\"twitter:data2\" content=\"4 minuti\" \/>\n<script type=\"application\/ld+json\" class=\"yoast-schema-graph\">{\"@context\":\"https:\/\/schema.org\",\"@graph\":[{\"@type\":\"WebPage\",\"@id\":\"https:\/\/www.intoscana.it\/it\/coronavirus-151-nuovi-casi-positivi-in-toscana\/\",\"url\":\"https:\/\/www.intoscana.it\/it\/coronavirus-151-nuovi-casi-positivi-in-toscana\/\",\"name\":\"Coronavirus, 151 nuovi casi in Toscana. 781 i contagiati - intoscana\",\"isPartOf\":{\"@id\":\"https:\/\/www.intoscana.it\/it\/#website\"},\"primaryImageOfPage\":{\"@id\":\"https:\/\/www.intoscana.it\/it\/coronavirus-151-nuovi-casi-positivi-in-toscana\/#primaryimage\"},\"image\":{\"@id\":\"https:\/\/www.intoscana.it\/it\/coronavirus-151-nuovi-casi-positivi-in-toscana\/#primaryimage\"},\"thumbnailUrl\":\"https:\/\/www.intoscana.it\/wp-content\/uploads\/corona-virus-immagine.jpg\",\"datePublished\":\"2020-03-15T20:00:04+00:00\",\"dateModified\":\"2020-05-19T13:24:08+00:00\",\"author\":{\"@id\":\"https:\/\/www.intoscana.it\/it\/#\/schema\/person\/9223810753230f20bd670fdd322661f8\"},\"description\":\"Decimo paziente morto. Sette le guarigioni. Oltre 7400 le persone in isolamento domiciliare.\",\"breadcrumb\":{\"@id\":\"https:\/\/www.intoscana.it\/it\/coronavirus-151-nuovi-casi-positivi-in-toscana\/#breadcrumb\"},\"inLanguage\":\"it-IT\",\"potentialAction\":[{\"@type\":\"ReadAction\",\"target\":[\"https:\/\/www.intoscana.it\/it\/coronavirus-151-nuovi-casi-positivi-in-toscana\/\"]}]},{\"@type\":\"ImageObject\",\"inLanguage\":\"it-IT\",\"@id\":\"https:\/\/www.intoscana.it\/it\/coronavirus-151-nuovi-casi-positivi-in-toscana\/#primaryimage\",\"url\":\"https:\/\/www.intoscana.it\/wp-content\/uploads\/corona-virus-immagine.jpg\",\"contentUrl\":\"https:\/\/www.intoscana.it\/wp-content\/uploads\/corona-virus-immagine.jpg\",\"width\":2000,\"height\":1334,\"caption\":\"Coronavirus, malati, contagiati, positivi\"},{\"@type\":\"BreadcrumbList\",\"@id\":\"https:\/\/www.intoscana.it\/it\/coronavirus-151-nuovi-casi-positivi-in-toscana\/#breadcrumb\",\"itemListElement\":[{\"@type\":\"ListItem\",\"position\":1,\"name\":\"Home\",\"item\":\"https:\/\/www.intoscana.it\/it\/\"},{\"@type\":\"ListItem\",\"position\":2,\"name\":\"Coronavirus, 151 nuovi casi in Toscana. 781 i contagiati\"}]},{\"@type\":\"WebSite\",\"@id\":\"https:\/\/www.intoscana.it\/it\/#website\",\"url\":\"https:\/\/www.intoscana.it\/it\/\",\"name\":\"intoscana\",\"description\":\"\",\"potentialAction\":[{\"@type\":\"SearchAction\",\"target\":{\"@type\":\"EntryPoint\",\"urlTemplate\":\"https:\/\/www.intoscana.it\/it\/?s={search_term_string}\"},\"query-input\":{\"@type\":\"PropertyValueSpecification\",\"valueRequired\":true,\"valueName\":\"search_term_string\"}}],\"inLanguage\":\"it-IT\"},{\"@type\":\"Person\",\"@id\":\"https:\/\/www.intoscana.it\/it\/#\/schema\/person\/9223810753230f20bd670fdd322661f8\",\"name\":\"Redazione\",\"url\":\"https:\/\/www.intoscana.it\/it\/author\/redazione\/\"}]}<\/script>\n<!-- \/ Yoast SEO Premium plugin. -->","yoast_head_json":{"title":"Coronavirus, 151 nuovi casi in Toscana. 781 i contagiati - intoscana","description":"Decimo paziente morto. Sette le guarigioni. Oltre 7400 le persone in isolamento domiciliare.","robots":{"index":"index","follow":"follow","max-snippet":"max-snippet:-1","max-image-preview":"max-image-preview:large","max-video-preview":"max-video-preview:-1"},"canonical":"https:\/\/www.intoscana.it\/it\/coronavirus-151-nuovi-casi-positivi-in-toscana\/","og_locale":"it_IT","og_type":"article","og_title":"Coronavirus, 151 nuovi casi in Toscana. 781 i contagiati","og_description":"Decimo paziente morto. Sette le guarigioni. Oltre 7400 le persone in isolamento domiciliare.","og_url":"https:\/\/www.intoscana.it\/it\/coronavirus-151-nuovi-casi-positivi-in-toscana\/","og_site_name":"intoscana","article_publisher":"https:\/\/www.facebook.com\/intoscana.it","article_published_time":"2020-03-15T20:00:04+00:00","article_modified_time":"2020-05-19T13:24:08+00:00","og_image":[{"width":2000,"height":1334,"url":"https:\/\/www.intoscana.it\/wp-content\/uploads\/corona-virus-immagine.jpg","type":"image\/jpeg"}],"author":"Redazione","twitter_card":"summary_large_image","twitter_creator":"@intoscana","twitter_site":"@intoscana","twitter_misc":{"Written by":"Redazione","Est. reading time":"4 minuti"},"schema":{"@context":"https:\/\/schema.org","@graph":[{"@type":"WebPage","@id":"https:\/\/www.intoscana.it\/it\/coronavirus-151-nuovi-casi-positivi-in-toscana\/","url":"https:\/\/www.intoscana.it\/it\/coronavirus-151-nuovi-casi-positivi-in-toscana\/","name":"Coronavirus, 151 nuovi casi in Toscana. 781 i contagiati - intoscana","isPartOf":{"@id":"https:\/\/www.intoscana.it\/it\/#website"},"primaryImageOfPage":{"@id":"https:\/\/www.intoscana.it\/it\/coronavirus-151-nuovi-casi-positivi-in-toscana\/#primaryimage"},"image":{"@id":"https:\/\/www.intoscana.it\/it\/coronavirus-151-nuovi-casi-positivi-in-toscana\/#primaryimage"},"thumbnailUrl":"https:\/\/www.intoscana.it\/wp-content\/uploads\/corona-virus-immagine.jpg","datePublished":"2020-03-15T20:00:04+00:00","dateModified":"2020-05-19T13:24:08+00:00","author":{"@id":"https:\/\/www.intoscana.it\/it\/#\/schema\/person\/9223810753230f20bd670fdd322661f8"},"description":"Decimo paziente morto. Sette le guarigioni. Oltre 7400 le persone in isolamento domiciliare.","breadcrumb":{"@id":"https:\/\/www.intoscana.it\/it\/coronavirus-151-nuovi-casi-positivi-in-toscana\/#breadcrumb"},"inLanguage":"it-IT","potentialAction":[{"@type":"ReadAction","target":["https:\/\/www.intoscana.it\/it\/coronavirus-151-nuovi-casi-positivi-in-toscana\/"]}]},{"@type":"ImageObject","inLanguage":"it-IT","@id":"https:\/\/www.intoscana.it\/it\/coronavirus-151-nuovi-casi-positivi-in-toscana\/#primaryimage","url":"https:\/\/www.intoscana.it\/wp-content\/uploads\/corona-virus-immagine.jpg","contentUrl":"https:\/\/www.intoscana.it\/wp-content\/uploads\/corona-virus-immagine.jpg","width":2000,"height":1334,"caption":"Coronavirus, malati, contagiati, positivi"},{"@type":"BreadcrumbList","@id":"https:\/\/www.intoscana.it\/it\/coronavirus-151-nuovi-casi-positivi-in-toscana\/#breadcrumb","itemListElement":[{"@type":"ListItem","position":1,"name":"Home","item":"https:\/\/www.intoscana.it\/it\/"},{"@type":"ListItem","position":2,"name":"Coronavirus, 151 nuovi casi in Toscana. 781 i contagiati"}]},{"@type":"WebSite","@id":"https:\/\/www.intoscana.it\/it\/#website","url":"https:\/\/www.intoscana.it\/it\/","name":"intoscana","description":"","potentialAction":[{"@type":"SearchAction","target":{"@type":"EntryPoint","urlTemplate":"https:\/\/www.intoscana.it\/it\/?s={search_term_string}"},"query-input":{"@type":"PropertyValueSpecification","valueRequired":true,"valueName":"search_term_string"}}],"inLanguage":"it-IT"},{"@type":"Person","@id":"https:\/\/www.intoscana.it\/it\/#\/schema\/person\/9223810753230f20bd670fdd322661f8","name":"Redazione","url":"https:\/\/www.intoscana.it\/it\/author\/redazione\/"}]}},"_links":{"self":[{"href":"https:\/\/www.intoscana.it\/it\/wp-json\/wp\/v2\/posts\/43593","targetHints":{"allow":["GET"]}}],"collection":[{"href":"https:\/\/www.intoscana.it\/it\/wp-json\/wp\/v2\/posts"}],"about":[{"href":"https:\/\/www.intoscana.it\/it\/wp-json\/wp\/v2\/types\/post"}],"author":[{"embeddable":true,"href":"https:\/\/www.intoscana.it\/it\/wp-json\/wp\/v2\/users\/525"}],"replies":[{"embeddable":true,"href":"https:\/\/www.intoscana.it\/it\/wp-json\/wp\/v2\/comments?post=43593"}],"version-history":[{"count":0,"href":"https:\/\/www.intoscana.it\/it\/wp-json\/wp\/v2\/posts\/43593\/revisions"}],"wp:featuredmedia":[{"embeddable":true,"href":"https:\/\/www.intoscana.it\/it\/wp-json\/wp\/v2\/media\/76872"}],"wp:attachment":[{"href":"https:\/\/www.intoscana.it\/it\/wp-json\/wp\/v2\/media?parent=43593"}],"wp:term":[{"taxonomy":"category","embeddable":true,"href":"https:\/\/www.intoscana.it\/it\/wp-json\/wp\/v2\/categories?post=43593"},{"taxonomy":"post_tag","embeddable":true,"href":"https:\/\/www.intoscana.it\/it\/wp-json\/wp\/v2\/tags?post=43593"}],"curies":[{"name":"wp","href":"https:\/\/api.w.org\/{rel}","templated":true}]}}