{"id":43701,"date":"2019-11-07T14:18:27","date_gmt":"2019-11-07T14:18:27","guid":{"rendered":"http:\/\/www.intoscana.it\/a-firenze-la-settimana-della-ricerca-deccellenza-incontri-e-convegni\/"},"modified":"2020-05-19T15:24:10","modified_gmt":"2020-05-19T13:24:10","slug":"primasettimanaricercaeccellenza","status":"publish","type":"post","link":"https:\/\/www.intoscana.it\/it\/primasettimanaricercaeccellenza\/","title":{"rendered":"A Firenze la settimana della ricerca d&#8217;eccellenza: incontri e convegni"},"content":{"rendered":"<p>La <strong>ricerca storica, archivistica, archeologica, geografica, storico artistica e dello spettacolo<\/strong> protagonista a Firenze per sette giorni grazie ad&nbsp;incontri, presentazioni e convegni promossi dall&#8217;ateneo.<\/p>\n<p>L&#8217;occasione \u00e8 la prima<strong> &#8216;Settimana della ricerca di eccellenza\u201d<\/strong> organizzata, dall&#8217;11 al 15 novembre, dal Dipartimento di Storia, Archeologia, Geografia, Arte e Spettacolo, che dar\u00e0 voce a&nbsp;progetti nazionali e internazionali, oltre che alle attivit\u00e0 dei centri di ricerca, dei laboratori e dei dottorati.<\/p>\n<p>L\u2019inaugurazione \u00e8 prevista luned\u00ec <strong>11 novembre<\/strong> (ore 9,30 \u2013 Aula parva di Palazzo Fenzi, via San Gallo, 10) con la partecipazione del prorettore alla ricerca scientifica nazionale e internazionale Marco Bindi e del direttore del Dipartimento Andrea Zorzi. Seguir\u00e0 la presentazione delle attivit\u00e0 del Centro internazionale di documentazione dello spettacolo e le pratiche performative.<\/p>\n<p>L\u2019iniziativa si concluder\u00e0 con una tavola rotonda dal titolo <strong>&#8220;Le professioni della ricerca&#8221;<\/strong>, in programma venerd\u00ec 15 novembre che sar\u00e0 presieduta dal prorettore vicario Vittoria Perrone Compagni (ore 16 \u2013 Aula magna di Palazzo Fenzi, via San Gallo, 10).<\/p>\n<p>I docenti che animeranno la<strong> prima settimana della ricerca<\/strong>&nbsp;provengono, oltre che dall\u2019Ateneo fiorentino, dalla British School at Rome, Conseil International de la Danse, European Heritage Label, European University Institute, Mustafa Kemal \u00dcniversitesi di Hatay, Universitat de Val\u00e8ncia, Universit\u00e9 Paris Sorbonne, Universit\u00e4t Wien, Yozgat Bozok \u00dcniversitesi, da vari atenei italiani, dal Consiglio Universitario Nazionale, oltre che dall\u2019Agenzia italiana per la cooperazione e lo sviluppo, dall\u2019Istituto per le tecnologie applicate ai Beni Culturali del CNR e da numerosi enti privati e pubblici toscani e italiani.<\/p>\n<p>&nbsp;<\/p>\n","protected":false},"excerpt":{"rendered":"<p>L&#8217;iniziativa che si terr\u00e0 dall&#8217;11 al 15 novembre \u00e8 promossa dall&#8217;ateneo fiorentino: nel corso della rassegna saranno illustrati progetti nazionali e internazionali<\/p>\n","protected":false},"author":525,"featured_media":76969,"comment_status":"open","ping_status":"open","sticky":false,"template":"","format":"standard","meta":{"_acf_changed":false,"footnotes":""},"categories":[475,12],"tags":[213],"class_list":["post-43701","post","type-post","status-publish","format-standard","has-post-thumbnail","hentry","category-innovazione","category-universita","tag-ricerca"],"acf":[],"yoast_head":"<!-- This site is optimized with the Yoast SEO Premium plugin v24.2 (Yoast SEO v25.6) - https:\/\/yoast.com\/wordpress\/plugins\/seo\/ -->\n<title>A Firenze la settimana della ricerca d&#039;eccellenza: incontri e convegni - intoscana<\/title>\n<meta name=\"description\" content=\"L&#039;Ateneo di Firenze promuovere la settimana della ricerca d&#039;eccellenza dall&#039;11 al 15 novembre, spazio alla presentazione di progetti nazionali e internazionali\" \/>\n<meta name=\"robots\" content=\"index, follow, max-snippet:-1, max-image-preview:large, max-video-preview:-1\" \/>\n<link rel=\"canonical\" href=\"https:\/\/www.intoscana.it\/it\/primasettimanaricercaeccellenza\/\" \/>\n<meta property=\"og:locale\" content=\"it_IT\" \/>\n<meta property=\"og:type\" content=\"article\" \/>\n<meta property=\"og:title\" content=\"A Firenze la settimana della ricerca d&#039;eccellenza: incontri e convegni\" \/>\n<meta property=\"og:description\" content=\"L&#039;Ateneo di Firenze promuovere la settimana della ricerca d&#039;eccellenza dall&#039;11 al 15 novembre, spazio alla presentazione di progetti nazionali e internazionali\" \/>\n<meta property=\"og:url\" content=\"https:\/\/www.intoscana.it\/it\/primasettimanaricercaeccellenza\/\" \/>\n<meta property=\"og:site_name\" content=\"intoscana\" \/>\n<meta property=\"article:publisher\" content=\"https:\/\/www.facebook.com\/intoscana.it\" \/>\n<meta property=\"article:published_time\" content=\"2019-11-07T14:18:27+00:00\" \/>\n<meta property=\"article:modified_time\" content=\"2020-05-19T13:24:10+00:00\" \/>\n<meta property=\"og:image\" content=\"https:\/\/www.intoscana.it\/wp-content\/uploads\/biblioteca-della-sede-di-via-san-gallo.jpg\" \/>\n\t<meta property=\"og:image:width\" content=\"1500\" \/>\n\t<meta property=\"og:image:height\" content=\"1001\" \/>\n\t<meta property=\"og:image:type\" content=\"image\/jpeg\" \/>\n<meta name=\"author\" content=\"Redazione\" \/>\n<meta name=\"twitter:card\" content=\"summary_large_image\" \/>\n<meta name=\"twitter:creator\" content=\"@intoscana\" \/>\n<meta name=\"twitter:site\" content=\"@intoscana\" \/>\n<meta name=\"twitter:label1\" content=\"Written by\" \/>\n\t<meta name=\"twitter:data1\" content=\"Redazione\" \/>\n\t<meta name=\"twitter:label2\" content=\"Est. reading time\" \/>\n\t<meta name=\"twitter:data2\" content=\"1 minuto\" \/>\n<script type=\"application\/ld+json\" class=\"yoast-schema-graph\">{\"@context\":\"https:\/\/schema.org\",\"@graph\":[{\"@type\":\"WebPage\",\"@id\":\"https:\/\/www.intoscana.it\/it\/primasettimanaricercaeccellenza\/\",\"url\":\"https:\/\/www.intoscana.it\/it\/primasettimanaricercaeccellenza\/\",\"name\":\"A Firenze la settimana della ricerca d'eccellenza: incontri e convegni - intoscana\",\"isPartOf\":{\"@id\":\"https:\/\/www.intoscana.it\/it\/#website\"},\"primaryImageOfPage\":{\"@id\":\"https:\/\/www.intoscana.it\/it\/primasettimanaricercaeccellenza\/#primaryimage\"},\"image\":{\"@id\":\"https:\/\/www.intoscana.it\/it\/primasettimanaricercaeccellenza\/#primaryimage\"},\"thumbnailUrl\":\"https:\/\/www.intoscana.it\/wp-content\/uploads\/biblioteca-della-sede-di-via-san-gallo.jpg\",\"datePublished\":\"2019-11-07T14:18:27+00:00\",\"dateModified\":\"2020-05-19T13:24:10+00:00\",\"author\":{\"@id\":\"https:\/\/www.intoscana.it\/it\/#\/schema\/person\/9223810753230f20bd670fdd322661f8\"},\"description\":\"L'Ateneo di Firenze promuovere la settimana della ricerca d'eccellenza dall'11 al 15 novembre, spazio alla presentazione di progetti nazionali e internazionali\",\"breadcrumb\":{\"@id\":\"https:\/\/www.intoscana.it\/it\/primasettimanaricercaeccellenza\/#breadcrumb\"},\"inLanguage\":\"it-IT\",\"potentialAction\":[{\"@type\":\"ReadAction\",\"target\":[\"https:\/\/www.intoscana.it\/it\/primasettimanaricercaeccellenza\/\"]}]},{\"@type\":\"ImageObject\",\"inLanguage\":\"it-IT\",\"@id\":\"https:\/\/www.intoscana.it\/it\/primasettimanaricercaeccellenza\/#primaryimage\",\"url\":\"https:\/\/www.intoscana.it\/wp-content\/uploads\/biblioteca-della-sede-di-via-san-gallo.jpg\",\"contentUrl\":\"https:\/\/www.intoscana.it\/wp-content\/uploads\/biblioteca-della-sede-di-via-san-gallo.jpg\",\"width\":1500,\"height\":1001,\"caption\":\"Studenti alla Biblioteca dell'ateneo di Firenze in via San Gallo.\"},{\"@type\":\"BreadcrumbList\",\"@id\":\"https:\/\/www.intoscana.it\/it\/primasettimanaricercaeccellenza\/#breadcrumb\",\"itemListElement\":[{\"@type\":\"ListItem\",\"position\":1,\"name\":\"Home\",\"item\":\"https:\/\/www.intoscana.it\/it\/\"},{\"@type\":\"ListItem\",\"position\":2,\"name\":\"A Firenze la settimana della ricerca d&#8217;eccellenza: incontri e convegni\"}]},{\"@type\":\"WebSite\",\"@id\":\"https:\/\/www.intoscana.it\/it\/#website\",\"url\":\"https:\/\/www.intoscana.it\/it\/\",\"name\":\"intoscana\",\"description\":\"\",\"potentialAction\":[{\"@type\":\"SearchAction\",\"target\":{\"@type\":\"EntryPoint\",\"urlTemplate\":\"https:\/\/www.intoscana.it\/it\/?s={search_term_string}\"},\"query-input\":{\"@type\":\"PropertyValueSpecification\",\"valueRequired\":true,\"valueName\":\"search_term_string\"}}],\"inLanguage\":\"it-IT\"},{\"@type\":\"Person\",\"@id\":\"https:\/\/www.intoscana.it\/it\/#\/schema\/person\/9223810753230f20bd670fdd322661f8\",\"name\":\"Redazione\",\"url\":\"https:\/\/www.intoscana.it\/it\/author\/redazione\/\"}]}<\/script>\n<!-- \/ Yoast SEO Premium plugin. -->","yoast_head_json":{"title":"A Firenze la settimana della ricerca d'eccellenza: incontri e convegni - intoscana","description":"L'Ateneo di Firenze promuovere la settimana della ricerca d'eccellenza dall'11 al 15 novembre, spazio alla presentazione di progetti nazionali e internazionali","robots":{"index":"index","follow":"follow","max-snippet":"max-snippet:-1","max-image-preview":"max-image-preview:large","max-video-preview":"max-video-preview:-1"},"canonical":"https:\/\/www.intoscana.it\/it\/primasettimanaricercaeccellenza\/","og_locale":"it_IT","og_type":"article","og_title":"A Firenze la settimana della ricerca d'eccellenza: incontri e convegni","og_description":"L'Ateneo di Firenze promuovere la settimana della ricerca d'eccellenza dall'11 al 15 novembre, spazio alla presentazione di progetti nazionali e internazionali","og_url":"https:\/\/www.intoscana.it\/it\/primasettimanaricercaeccellenza\/","og_site_name":"intoscana","article_publisher":"https:\/\/www.facebook.com\/intoscana.it","article_published_time":"2019-11-07T14:18:27+00:00","article_modified_time":"2020-05-19T13:24:10+00:00","og_image":[{"width":1500,"height":1001,"url":"https:\/\/www.intoscana.it\/wp-content\/uploads\/biblioteca-della-sede-di-via-san-gallo.jpg","type":"image\/jpeg"}],"author":"Redazione","twitter_card":"summary_large_image","twitter_creator":"@intoscana","twitter_site":"@intoscana","twitter_misc":{"Written by":"Redazione","Est. reading time":"1 minuto"},"schema":{"@context":"https:\/\/schema.org","@graph":[{"@type":"WebPage","@id":"https:\/\/www.intoscana.it\/it\/primasettimanaricercaeccellenza\/","url":"https:\/\/www.intoscana.it\/it\/primasettimanaricercaeccellenza\/","name":"A Firenze la settimana della ricerca d'eccellenza: incontri e convegni - intoscana","isPartOf":{"@id":"https:\/\/www.intoscana.it\/it\/#website"},"primaryImageOfPage":{"@id":"https:\/\/www.intoscana.it\/it\/primasettimanaricercaeccellenza\/#primaryimage"},"image":{"@id":"https:\/\/www.intoscana.it\/it\/primasettimanaricercaeccellenza\/#primaryimage"},"thumbnailUrl":"https:\/\/www.intoscana.it\/wp-content\/uploads\/biblioteca-della-sede-di-via-san-gallo.jpg","datePublished":"2019-11-07T14:18:27+00:00","dateModified":"2020-05-19T13:24:10+00:00","author":{"@id":"https:\/\/www.intoscana.it\/it\/#\/schema\/person\/9223810753230f20bd670fdd322661f8"},"description":"L'Ateneo di Firenze promuovere la settimana della ricerca d'eccellenza dall'11 al 15 novembre, spazio alla presentazione di progetti nazionali e internazionali","breadcrumb":{"@id":"https:\/\/www.intoscana.it\/it\/primasettimanaricercaeccellenza\/#breadcrumb"},"inLanguage":"it-IT","potentialAction":[{"@type":"ReadAction","target":["https:\/\/www.intoscana.it\/it\/primasettimanaricercaeccellenza\/"]}]},{"@type":"ImageObject","inLanguage":"it-IT","@id":"https:\/\/www.intoscana.it\/it\/primasettimanaricercaeccellenza\/#primaryimage","url":"https:\/\/www.intoscana.it\/wp-content\/uploads\/biblioteca-della-sede-di-via-san-gallo.jpg","contentUrl":"https:\/\/www.intoscana.it\/wp-content\/uploads\/biblioteca-della-sede-di-via-san-gallo.jpg","width":1500,"height":1001,"caption":"Studenti alla Biblioteca dell'ateneo di Firenze in via San Gallo."},{"@type":"BreadcrumbList","@id":"https:\/\/www.intoscana.it\/it\/primasettimanaricercaeccellenza\/#breadcrumb","itemListElement":[{"@type":"ListItem","position":1,"name":"Home","item":"https:\/\/www.intoscana.it\/it\/"},{"@type":"ListItem","position":2,"name":"A Firenze la settimana della ricerca d&#8217;eccellenza: incontri e convegni"}]},{"@type":"WebSite","@id":"https:\/\/www.intoscana.it\/it\/#website","url":"https:\/\/www.intoscana.it\/it\/","name":"intoscana","description":"","potentialAction":[{"@type":"SearchAction","target":{"@type":"EntryPoint","urlTemplate":"https:\/\/www.intoscana.it\/it\/?s={search_term_string}"},"query-input":{"@type":"PropertyValueSpecification","valueRequired":true,"valueName":"search_term_string"}}],"inLanguage":"it-IT"},{"@type":"Person","@id":"https:\/\/www.intoscana.it\/it\/#\/schema\/person\/9223810753230f20bd670fdd322661f8","name":"Redazione","url":"https:\/\/www.intoscana.it\/it\/author\/redazione\/"}]}},"_links":{"self":[{"href":"https:\/\/www.intoscana.it\/it\/wp-json\/wp\/v2\/posts\/43701","targetHints":{"allow":["GET"]}}],"collection":[{"href":"https:\/\/www.intoscana.it\/it\/wp-json\/wp\/v2\/posts"}],"about":[{"href":"https:\/\/www.intoscana.it\/it\/wp-json\/wp\/v2\/types\/post"}],"author":[{"embeddable":true,"href":"https:\/\/www.intoscana.it\/it\/wp-json\/wp\/v2\/users\/525"}],"replies":[{"embeddable":true,"href":"https:\/\/www.intoscana.it\/it\/wp-json\/wp\/v2\/comments?post=43701"}],"version-history":[{"count":0,"href":"https:\/\/www.intoscana.it\/it\/wp-json\/wp\/v2\/posts\/43701\/revisions"}],"wp:featuredmedia":[{"embeddable":true,"href":"https:\/\/www.intoscana.it\/it\/wp-json\/wp\/v2\/media\/76969"}],"wp:attachment":[{"href":"https:\/\/www.intoscana.it\/it\/wp-json\/wp\/v2\/media?parent=43701"}],"wp:term":[{"taxonomy":"category","embeddable":true,"href":"https:\/\/www.intoscana.it\/it\/wp-json\/wp\/v2\/categories?post=43701"},{"taxonomy":"post_tag","embeddable":true,"href":"https:\/\/www.intoscana.it\/it\/wp-json\/wp\/v2\/tags?post=43701"}],"curies":[{"name":"wp","href":"https:\/\/api.w.org\/{rel}","templated":true}]}}