{"id":43709,"date":"2019-11-05T11:11:45","date_gmt":"2019-11-05T11:11:45","guid":{"rendered":"http:\/\/www.intoscana.it\/piero-pelu-torna-in-tour-il-22-novembre-sara-a-firenze\/"},"modified":"2020-05-19T15:24:12","modified_gmt":"2020-05-19T13:24:12","slug":"tourpelu2019","status":"publish","type":"post","link":"https:\/\/www.intoscana.it\/it\/tourpelu2019\/","title":{"rendered":"Piero Pel\u00f9 torna in tour, il 22 novembre sar\u00e0 a Firenze"},"content":{"rendered":"<p>&#8220;Benvenuto al mondo Tour&#8221;, <strong>Piero Pel\u00f9<\/strong> \u00e8 pronto a tornare live con <strong>6 tappe in giro per l&#8217;Italia<\/strong>.&nbsp;<\/p>\n<p>Il via a Roma il 13 novembre Roma e &#8211; a seguire &#8211; &nbsp;Bologna (15 novembre), San Biagio di Callalta (Treviso, 16 novembre), Milano (19 novembre), &nbsp;Venaria Reale (Torino, 20 novembre),<strong> 22 novembre Firenze<\/strong>.<\/p>\n<p>Tanti gli ospiti attesi nel corso dei concerti, tra questi&nbsp;Andrea Appino degli Zen Circus, Erriquez e Finaz della Bandabard\u00f3, Rancore e opening act di Alosi e i Life in the woods.<\/p>\n<p><em>&#8216;Sono felice e orgoglioso di condividere il palco di questo tour di riscaldamento, oltre che con i miei magnifici Bandidos, anche con artisti di grande calibro come Andrea Appino degli Zen Circus, Erriquez e Finaz della Bandabard\u00f3, Rancore, Alosi e i Life in the woods&#8221;<\/em>, ha dichiarato <strong>Pel\u00f9<\/strong>, pronto a partire per questa serrata maratona live di un mese.<\/p>\n<p>&nbsp;<\/p>\n<p>&nbsp;<\/p>\n<p>&nbsp;<\/p>\n<p>&nbsp;<\/p>\n","protected":false},"excerpt":{"rendered":"<p>Via dal 13 novembre il Benvenuto al mondo tour. Il rocker partir\u00e0 da Roma per toccare Bologna, Treviso, Milano, Torino e la sua citt\u00e0, con l&#8217;ultimo concerto in programma<\/p>\n","protected":false},"author":525,"featured_media":76977,"comment_status":"open","ping_status":"open","sticky":false,"template":"","format":"standard","meta":{"_acf_changed":false,"footnotes":""},"categories":[14],"tags":[],"class_list":["post-43709","post","type-post","status-publish","format-standard","has-post-thumbnail","hentry","category-musica"],"acf":[],"yoast_head":"<!-- This site is optimized with the Yoast SEO Premium plugin v24.2 (Yoast SEO v25.6) - https:\/\/yoast.com\/wordpress\/plugins\/seo\/ -->\n<title>Piero Pel\u00f9 torna in tour, il 22 novembre sar\u00e0 a Firenze - intoscana<\/title>\n<meta name=\"description\" content=\"Piero Pel\u00f9 torna in tour live, il 22 novembre 2019 sar\u00e0 a Firenze, il via alle esibizioni live da Roma, dopo toccher\u00e0 anche \u00a0Bologna, Treviso, Milano e Torino.\" \/>\n<meta name=\"robots\" content=\"index, follow, max-snippet:-1, max-image-preview:large, max-video-preview:-1\" \/>\n<link rel=\"canonical\" href=\"https:\/\/www.intoscana.it\/it\/tourpelu2019\/\" \/>\n<meta property=\"og:locale\" content=\"it_IT\" \/>\n<meta property=\"og:type\" content=\"article\" \/>\n<meta property=\"og:title\" content=\"Piero Pel\u00f9 torna in tour, il 22 novembre sar\u00e0 a Firenze\" \/>\n<meta property=\"og:description\" content=\"Piero Pel\u00f9 torna in tour live, il 22 novembre 2019 sar\u00e0 a Firenze, il via alle esibizioni live da Roma, dopo toccher\u00e0 anche \u00a0Bologna, Treviso, Milano e Torino.\" \/>\n<meta property=\"og:url\" content=\"https:\/\/www.intoscana.it\/it\/tourpelu2019\/\" \/>\n<meta property=\"og:site_name\" content=\"intoscana\" \/>\n<meta property=\"article:publisher\" content=\"https:\/\/www.facebook.com\/intoscana.it\" \/>\n<meta property=\"article:published_time\" content=\"2019-11-05T11:11:45+00:00\" \/>\n<meta property=\"article:modified_time\" content=\"2020-05-19T13:24:12+00:00\" \/>\n<meta property=\"og:image\" content=\"https:\/\/www.intoscana.it\/wp-content\/uploads\/pelu-1.jpg\" \/>\n\t<meta property=\"og:image:width\" content=\"630\" \/>\n\t<meta property=\"og:image:height\" content=\"362\" \/>\n\t<meta property=\"og:image:type\" content=\"image\/jpeg\" \/>\n<meta name=\"author\" content=\"Redazione\" \/>\n<meta name=\"twitter:card\" content=\"summary_large_image\" \/>\n<meta name=\"twitter:creator\" content=\"@intoscana\" \/>\n<meta name=\"twitter:site\" content=\"@intoscana\" \/>\n<meta name=\"twitter:label1\" content=\"Written by\" \/>\n\t<meta name=\"twitter:data1\" content=\"Redazione\" \/>\n\t<meta name=\"twitter:label2\" content=\"Est. reading time\" \/>\n\t<meta name=\"twitter:data2\" content=\"1 minuto\" \/>\n<script type=\"application\/ld+json\" class=\"yoast-schema-graph\">{\"@context\":\"https:\/\/schema.org\",\"@graph\":[{\"@type\":\"WebPage\",\"@id\":\"https:\/\/www.intoscana.it\/it\/tourpelu2019\/\",\"url\":\"https:\/\/www.intoscana.it\/it\/tourpelu2019\/\",\"name\":\"Piero Pel\u00f9 torna in tour, il 22 novembre sar\u00e0 a Firenze - intoscana\",\"isPartOf\":{\"@id\":\"https:\/\/www.intoscana.it\/it\/#website\"},\"primaryImageOfPage\":{\"@id\":\"https:\/\/www.intoscana.it\/it\/tourpelu2019\/#primaryimage\"},\"image\":{\"@id\":\"https:\/\/www.intoscana.it\/it\/tourpelu2019\/#primaryimage\"},\"thumbnailUrl\":\"https:\/\/www.intoscana.it\/wp-content\/uploads\/pelu-1.jpg\",\"datePublished\":\"2019-11-05T11:11:45+00:00\",\"dateModified\":\"2020-05-19T13:24:12+00:00\",\"author\":{\"@id\":\"https:\/\/www.intoscana.it\/it\/#\/schema\/person\/9223810753230f20bd670fdd322661f8\"},\"description\":\"Piero Pel\u00f9 torna in tour live, il 22 novembre 2019 sar\u00e0 a Firenze, il via alle esibizioni live da Roma, dopo toccher\u00e0 anche \u00a0Bologna, Treviso, Milano e Torino.\",\"breadcrumb\":{\"@id\":\"https:\/\/www.intoscana.it\/it\/tourpelu2019\/#breadcrumb\"},\"inLanguage\":\"it-IT\",\"potentialAction\":[{\"@type\":\"ReadAction\",\"target\":[\"https:\/\/www.intoscana.it\/it\/tourpelu2019\/\"]}]},{\"@type\":\"ImageObject\",\"inLanguage\":\"it-IT\",\"@id\":\"https:\/\/www.intoscana.it\/it\/tourpelu2019\/#primaryimage\",\"url\":\"https:\/\/www.intoscana.it\/wp-content\/uploads\/pelu-1.jpg\",\"contentUrl\":\"https:\/\/www.intoscana.it\/wp-content\/uploads\/pelu-1.jpg\",\"width\":630,\"height\":362,\"caption\":\"Piero Pel\u00f9 in concerto.\"},{\"@type\":\"BreadcrumbList\",\"@id\":\"https:\/\/www.intoscana.it\/it\/tourpelu2019\/#breadcrumb\",\"itemListElement\":[{\"@type\":\"ListItem\",\"position\":1,\"name\":\"Home\",\"item\":\"https:\/\/www.intoscana.it\/it\/\"},{\"@type\":\"ListItem\",\"position\":2,\"name\":\"Piero Pel\u00f9 torna in tour, il 22 novembre sar\u00e0 a Firenze\"}]},{\"@type\":\"WebSite\",\"@id\":\"https:\/\/www.intoscana.it\/it\/#website\",\"url\":\"https:\/\/www.intoscana.it\/it\/\",\"name\":\"intoscana\",\"description\":\"\",\"potentialAction\":[{\"@type\":\"SearchAction\",\"target\":{\"@type\":\"EntryPoint\",\"urlTemplate\":\"https:\/\/www.intoscana.it\/it\/?s={search_term_string}\"},\"query-input\":{\"@type\":\"PropertyValueSpecification\",\"valueRequired\":true,\"valueName\":\"search_term_string\"}}],\"inLanguage\":\"it-IT\"},{\"@type\":\"Person\",\"@id\":\"https:\/\/www.intoscana.it\/it\/#\/schema\/person\/9223810753230f20bd670fdd322661f8\",\"name\":\"Redazione\",\"url\":\"https:\/\/www.intoscana.it\/it\/author\/redazione\/\"}]}<\/script>\n<!-- \/ Yoast SEO Premium plugin. -->","yoast_head_json":{"title":"Piero Pel\u00f9 torna in tour, il 22 novembre sar\u00e0 a Firenze - intoscana","description":"Piero Pel\u00f9 torna in tour live, il 22 novembre 2019 sar\u00e0 a Firenze, il via alle esibizioni live da Roma, dopo toccher\u00e0 anche \u00a0Bologna, Treviso, Milano e Torino.","robots":{"index":"index","follow":"follow","max-snippet":"max-snippet:-1","max-image-preview":"max-image-preview:large","max-video-preview":"max-video-preview:-1"},"canonical":"https:\/\/www.intoscana.it\/it\/tourpelu2019\/","og_locale":"it_IT","og_type":"article","og_title":"Piero Pel\u00f9 torna in tour, il 22 novembre sar\u00e0 a Firenze","og_description":"Piero Pel\u00f9 torna in tour live, il 22 novembre 2019 sar\u00e0 a Firenze, il via alle esibizioni live da Roma, dopo toccher\u00e0 anche \u00a0Bologna, Treviso, Milano e Torino.","og_url":"https:\/\/www.intoscana.it\/it\/tourpelu2019\/","og_site_name":"intoscana","article_publisher":"https:\/\/www.facebook.com\/intoscana.it","article_published_time":"2019-11-05T11:11:45+00:00","article_modified_time":"2020-05-19T13:24:12+00:00","og_image":[{"width":630,"height":362,"url":"https:\/\/www.intoscana.it\/wp-content\/uploads\/pelu-1.jpg","type":"image\/jpeg"}],"author":"Redazione","twitter_card":"summary_large_image","twitter_creator":"@intoscana","twitter_site":"@intoscana","twitter_misc":{"Written by":"Redazione","Est. reading time":"1 minuto"},"schema":{"@context":"https:\/\/schema.org","@graph":[{"@type":"WebPage","@id":"https:\/\/www.intoscana.it\/it\/tourpelu2019\/","url":"https:\/\/www.intoscana.it\/it\/tourpelu2019\/","name":"Piero Pel\u00f9 torna in tour, il 22 novembre sar\u00e0 a Firenze - intoscana","isPartOf":{"@id":"https:\/\/www.intoscana.it\/it\/#website"},"primaryImageOfPage":{"@id":"https:\/\/www.intoscana.it\/it\/tourpelu2019\/#primaryimage"},"image":{"@id":"https:\/\/www.intoscana.it\/it\/tourpelu2019\/#primaryimage"},"thumbnailUrl":"https:\/\/www.intoscana.it\/wp-content\/uploads\/pelu-1.jpg","datePublished":"2019-11-05T11:11:45+00:00","dateModified":"2020-05-19T13:24:12+00:00","author":{"@id":"https:\/\/www.intoscana.it\/it\/#\/schema\/person\/9223810753230f20bd670fdd322661f8"},"description":"Piero Pel\u00f9 torna in tour live, il 22 novembre 2019 sar\u00e0 a Firenze, il via alle esibizioni live da Roma, dopo toccher\u00e0 anche \u00a0Bologna, Treviso, Milano e Torino.","breadcrumb":{"@id":"https:\/\/www.intoscana.it\/it\/tourpelu2019\/#breadcrumb"},"inLanguage":"it-IT","potentialAction":[{"@type":"ReadAction","target":["https:\/\/www.intoscana.it\/it\/tourpelu2019\/"]}]},{"@type":"ImageObject","inLanguage":"it-IT","@id":"https:\/\/www.intoscana.it\/it\/tourpelu2019\/#primaryimage","url":"https:\/\/www.intoscana.it\/wp-content\/uploads\/pelu-1.jpg","contentUrl":"https:\/\/www.intoscana.it\/wp-content\/uploads\/pelu-1.jpg","width":630,"height":362,"caption":"Piero Pel\u00f9 in concerto."},{"@type":"BreadcrumbList","@id":"https:\/\/www.intoscana.it\/it\/tourpelu2019\/#breadcrumb","itemListElement":[{"@type":"ListItem","position":1,"name":"Home","item":"https:\/\/www.intoscana.it\/it\/"},{"@type":"ListItem","position":2,"name":"Piero Pel\u00f9 torna in tour, il 22 novembre sar\u00e0 a Firenze"}]},{"@type":"WebSite","@id":"https:\/\/www.intoscana.it\/it\/#website","url":"https:\/\/www.intoscana.it\/it\/","name":"intoscana","description":"","potentialAction":[{"@type":"SearchAction","target":{"@type":"EntryPoint","urlTemplate":"https:\/\/www.intoscana.it\/it\/?s={search_term_string}"},"query-input":{"@type":"PropertyValueSpecification","valueRequired":true,"valueName":"search_term_string"}}],"inLanguage":"it-IT"},{"@type":"Person","@id":"https:\/\/www.intoscana.it\/it\/#\/schema\/person\/9223810753230f20bd670fdd322661f8","name":"Redazione","url":"https:\/\/www.intoscana.it\/it\/author\/redazione\/"}]}},"_links":{"self":[{"href":"https:\/\/www.intoscana.it\/it\/wp-json\/wp\/v2\/posts\/43709","targetHints":{"allow":["GET"]}}],"collection":[{"href":"https:\/\/www.intoscana.it\/it\/wp-json\/wp\/v2\/posts"}],"about":[{"href":"https:\/\/www.intoscana.it\/it\/wp-json\/wp\/v2\/types\/post"}],"author":[{"embeddable":true,"href":"https:\/\/www.intoscana.it\/it\/wp-json\/wp\/v2\/users\/525"}],"replies":[{"embeddable":true,"href":"https:\/\/www.intoscana.it\/it\/wp-json\/wp\/v2\/comments?post=43709"}],"version-history":[{"count":0,"href":"https:\/\/www.intoscana.it\/it\/wp-json\/wp\/v2\/posts\/43709\/revisions"}],"wp:featuredmedia":[{"embeddable":true,"href":"https:\/\/www.intoscana.it\/it\/wp-json\/wp\/v2\/media\/76977"}],"wp:attachment":[{"href":"https:\/\/www.intoscana.it\/it\/wp-json\/wp\/v2\/media?parent=43709"}],"wp:term":[{"taxonomy":"category","embeddable":true,"href":"https:\/\/www.intoscana.it\/it\/wp-json\/wp\/v2\/categories?post=43709"},{"taxonomy":"post_tag","embeddable":true,"href":"https:\/\/www.intoscana.it\/it\/wp-json\/wp\/v2\/tags?post=43709"}],"curies":[{"name":"wp","href":"https:\/\/api.w.org\/{rel}","templated":true}]}}