{"id":43721,"date":"2019-12-24T10:31:31","date_gmt":"2019-12-24T10:31:31","guid":{"rendered":"http:\/\/www.intoscana.it\/terremoto-mugello-dichiarato-lo-stato-di-emergenza-nazionale\/"},"modified":"2020-05-19T15:24:16","modified_gmt":"2020-05-19T13:24:16","slug":"stato-emergenza-nazionale-mugello","status":"publish","type":"post","link":"https:\/\/www.intoscana.it\/it\/stato-emergenza-nazionale-mugello\/","title":{"rendered":"Terremoto Mugello, dichiarato lo stato di emergenza nazionale"},"content":{"rendered":"<p>E&#8217; stata approvata la corso sabato da parte del Consiglio dei Ministri <strong>la dichiarazione dello stato di emergenza nazionale per il terremoto<\/strong> che lo scorso 9 dicembre ha colpito i <strong>comuni del Mugello<\/strong>, nello specifico Barberino, Borgo San Lorenzo. Dicomano. Firenzuola, Marradi, Palazzuolo sul Senio. Scarperia e San Piero, Vaglia e Vicchio.&nbsp;<\/p>\n<p>Il Governatore toscano Enrico Rossi ha ringraziato il Governo per il provvedimento, aggiungendo poi che&nbsp;&nbsp;<em>&#8220;la Regione Toscana si attiver\u00e0 immediatamente per avviare la ricostruzione post sisma, cos\u00ec come indicato in seguito alla stima dei danni e delle necessit\u00e0 stilata insieme alla Citt\u00e0 metropolitana, ai Comuni e a tutti gli enti coinvolti\u201d.<\/em><\/p>\n<p><em>&#8216;L&#8217;atto<\/em> &#8211; hanno commentato i sindaci dei comuni mugellani &#8211; <em>\u00e8 indispensabile&nbsp;al fine di poter erogare i fondi per la ricostruzione e necessari per agire e intervenire sulle situazioni di criticit\u00e0 e maggiore difficolt\u00e0<\/em>. <em>Esprimiamo soddisfazione<\/em> &#8211; hanno aggiunto &#8211;<em> questo risultato riconosce gli sforzi dei sindaci del Mugello che si sono impegnati affinch\u00e9 il Governo definisse in tempi pi\u00f9 brevi possibile il decreto.<\/em><\/p>\n<p>Intanto si \u00e8 tenuta anche una riunione di coordinamento tra tecnici dei comuni, Protezione Civile, Citt\u00e0 Metropolitana Firenze, Regione Toscana e vigili del Fuoco per tracciare la fotografia attuale del post-terremoto.&nbsp;<\/p>\n<p>Dopo <strong>117 sopralluoghi sono state emesse 27 ordinanze di inagibilit\u00e0<\/strong> di cui 19 relative a civili abitazioni e otto relative al patrimonio religioso, fra cui il museo di Arte Sacra, la Chiesa di Marcoiano, l&#8217;Oratorio della Compagnia di San Piero (dove con la messa in sicurezza la struttura \u00e8 tornata agibile), Pieve di S.Agata, chiese di San Bartolomeo a Petrona e San Michele a Lumena. I danni al patrimonio religioso e architerttonico del comune sono stati ad oggi stimati in <strong>2,5 mln euro da parte del Ministero per i beni e le attivit\u00e0 culturali<\/strong>. Rimangono ancora 100 sopralluoghi post terremoto e saranno effettuati nei prossimi giorni. In tutto, sono 217 le richieste di sopralluoghi a case nei territori di Scarperia e San Piero.&nbsp;39 &#8211; infine &#8211; le persone residenti nel comune di Scarperia &#8211; San Piero a Sieve, tra i pi\u00f9 colpiti dal terremoto del Mugello, che hanno dovuto lasciare la casa perch\u00e9 inagibile.<\/p>\n<p>&nbsp;<\/p>\n","protected":false},"excerpt":{"rendered":"<p>Il Consiglio dei Ministri ha approvato il provvedimento. Soddisfatto Rossi: &#8216;La Regione Toscana si attiver\u00e0 immediatamente per avviare la ricostruzione post sisma&#8217;<\/p>\n","protected":false},"author":525,"featured_media":76989,"comment_status":"open","ping_status":"open","sticky":false,"template":"","format":"standard","meta":{"_acf_changed":false,"footnotes":""},"categories":[494,7],"tags":[],"class_list":["post-43721","post","type-post","status-publish","format-standard","has-post-thumbnail","hentry","category-attualita","category-societa"],"acf":[],"yoast_head":"<!-- This site is optimized with the Yoast SEO Premium plugin v24.2 (Yoast SEO v25.6) - https:\/\/yoast.com\/wordpress\/plugins\/seo\/ -->\n<title>Terremoto Mugello, dichiarato lo stato di emergenza nazionale - intoscana<\/title>\n<meta name=\"description\" content=\"Il consiglio dei Ministri ha approvato lo scorso 21 dicembre la dichiarazione dello stato di emergenza nazionale per i territori mugellani colpiti dal sisma.\" \/>\n<meta name=\"robots\" content=\"index, follow, max-snippet:-1, max-image-preview:large, max-video-preview:-1\" \/>\n<link rel=\"canonical\" href=\"https:\/\/www.intoscana.it\/it\/stato-emergenza-nazionale-mugello\/\" \/>\n<meta property=\"og:locale\" content=\"it_IT\" \/>\n<meta property=\"og:type\" content=\"article\" \/>\n<meta property=\"og:title\" content=\"Terremoto Mugello, dichiarato lo stato di emergenza nazionale\" \/>\n<meta property=\"og:description\" content=\"Il consiglio dei Ministri ha approvato lo scorso 21 dicembre la dichiarazione dello stato di emergenza nazionale per i territori mugellani colpiti dal sisma.\" \/>\n<meta property=\"og:url\" content=\"https:\/\/www.intoscana.it\/it\/stato-emergenza-nazionale-mugello\/\" \/>\n<meta property=\"og:site_name\" content=\"intoscana\" \/>\n<meta property=\"article:publisher\" content=\"https:\/\/www.facebook.com\/intoscana.it\" \/>\n<meta property=\"article:published_time\" content=\"2019-12-24T10:31:31+00:00\" \/>\n<meta property=\"article:modified_time\" content=\"2020-05-19T13:24:16+00:00\" \/>\n<meta property=\"og:image\" content=\"https:\/\/www.intoscana.it\/wp-content\/uploads\/terremoto-barberino-mugello-zona-rossa.jpg\" \/>\n\t<meta property=\"og:image:width\" content=\"900\" \/>\n\t<meta property=\"og:image:height\" content=\"599\" \/>\n\t<meta property=\"og:image:type\" content=\"image\/jpeg\" \/>\n<meta name=\"author\" content=\"Redazione\" \/>\n<meta name=\"twitter:card\" content=\"summary_large_image\" \/>\n<meta name=\"twitter:creator\" content=\"@intoscana\" \/>\n<meta name=\"twitter:site\" content=\"@intoscana\" \/>\n<meta name=\"twitter:label1\" content=\"Written by\" \/>\n\t<meta name=\"twitter:data1\" content=\"Redazione\" \/>\n\t<meta name=\"twitter:label2\" content=\"Est. reading time\" \/>\n\t<meta name=\"twitter:data2\" content=\"2 minuti\" \/>\n<script type=\"application\/ld+json\" class=\"yoast-schema-graph\">{\"@context\":\"https:\/\/schema.org\",\"@graph\":[{\"@type\":\"WebPage\",\"@id\":\"https:\/\/www.intoscana.it\/it\/stato-emergenza-nazionale-mugello\/\",\"url\":\"https:\/\/www.intoscana.it\/it\/stato-emergenza-nazionale-mugello\/\",\"name\":\"Terremoto Mugello, dichiarato lo stato di emergenza nazionale - intoscana\",\"isPartOf\":{\"@id\":\"https:\/\/www.intoscana.it\/it\/#website\"},\"primaryImageOfPage\":{\"@id\":\"https:\/\/www.intoscana.it\/it\/stato-emergenza-nazionale-mugello\/#primaryimage\"},\"image\":{\"@id\":\"https:\/\/www.intoscana.it\/it\/stato-emergenza-nazionale-mugello\/#primaryimage\"},\"thumbnailUrl\":\"https:\/\/www.intoscana.it\/wp-content\/uploads\/terremoto-barberino-mugello-zona-rossa.jpg\",\"datePublished\":\"2019-12-24T10:31:31+00:00\",\"dateModified\":\"2020-05-19T13:24:16+00:00\",\"author\":{\"@id\":\"https:\/\/www.intoscana.it\/it\/#\/schema\/person\/9223810753230f20bd670fdd322661f8\"},\"description\":\"Il consiglio dei Ministri ha approvato lo scorso 21 dicembre la dichiarazione dello stato di emergenza nazionale per i territori mugellani colpiti dal sisma.\",\"breadcrumb\":{\"@id\":\"https:\/\/www.intoscana.it\/it\/stato-emergenza-nazionale-mugello\/#breadcrumb\"},\"inLanguage\":\"it-IT\",\"potentialAction\":[{\"@type\":\"ReadAction\",\"target\":[\"https:\/\/www.intoscana.it\/it\/stato-emergenza-nazionale-mugello\/\"]}]},{\"@type\":\"ImageObject\",\"inLanguage\":\"it-IT\",\"@id\":\"https:\/\/www.intoscana.it\/it\/stato-emergenza-nazionale-mugello\/#primaryimage\",\"url\":\"https:\/\/www.intoscana.it\/wp-content\/uploads\/terremoto-barberino-mugello-zona-rossa.jpg\",\"contentUrl\":\"https:\/\/www.intoscana.it\/wp-content\/uploads\/terremoto-barberino-mugello-zona-rossa.jpg\",\"width\":900,\"height\":599},{\"@type\":\"BreadcrumbList\",\"@id\":\"https:\/\/www.intoscana.it\/it\/stato-emergenza-nazionale-mugello\/#breadcrumb\",\"itemListElement\":[{\"@type\":\"ListItem\",\"position\":1,\"name\":\"Home\",\"item\":\"https:\/\/www.intoscana.it\/it\/\"},{\"@type\":\"ListItem\",\"position\":2,\"name\":\"Terremoto Mugello, dichiarato lo stato di emergenza nazionale\"}]},{\"@type\":\"WebSite\",\"@id\":\"https:\/\/www.intoscana.it\/it\/#website\",\"url\":\"https:\/\/www.intoscana.it\/it\/\",\"name\":\"intoscana\",\"description\":\"\",\"potentialAction\":[{\"@type\":\"SearchAction\",\"target\":{\"@type\":\"EntryPoint\",\"urlTemplate\":\"https:\/\/www.intoscana.it\/it\/?s={search_term_string}\"},\"query-input\":{\"@type\":\"PropertyValueSpecification\",\"valueRequired\":true,\"valueName\":\"search_term_string\"}}],\"inLanguage\":\"it-IT\"},{\"@type\":\"Person\",\"@id\":\"https:\/\/www.intoscana.it\/it\/#\/schema\/person\/9223810753230f20bd670fdd322661f8\",\"name\":\"Redazione\",\"url\":\"https:\/\/www.intoscana.it\/it\/author\/redazione\/\"}]}<\/script>\n<!-- \/ Yoast SEO Premium plugin. -->","yoast_head_json":{"title":"Terremoto Mugello, dichiarato lo stato di emergenza nazionale - intoscana","description":"Il consiglio dei Ministri ha approvato lo scorso 21 dicembre la dichiarazione dello stato di emergenza nazionale per i territori mugellani colpiti dal sisma.","robots":{"index":"index","follow":"follow","max-snippet":"max-snippet:-1","max-image-preview":"max-image-preview:large","max-video-preview":"max-video-preview:-1"},"canonical":"https:\/\/www.intoscana.it\/it\/stato-emergenza-nazionale-mugello\/","og_locale":"it_IT","og_type":"article","og_title":"Terremoto Mugello, dichiarato lo stato di emergenza nazionale","og_description":"Il consiglio dei Ministri ha approvato lo scorso 21 dicembre la dichiarazione dello stato di emergenza nazionale per i territori mugellani colpiti dal sisma.","og_url":"https:\/\/www.intoscana.it\/it\/stato-emergenza-nazionale-mugello\/","og_site_name":"intoscana","article_publisher":"https:\/\/www.facebook.com\/intoscana.it","article_published_time":"2019-12-24T10:31:31+00:00","article_modified_time":"2020-05-19T13:24:16+00:00","og_image":[{"width":900,"height":599,"url":"https:\/\/www.intoscana.it\/wp-content\/uploads\/terremoto-barberino-mugello-zona-rossa.jpg","type":"image\/jpeg"}],"author":"Redazione","twitter_card":"summary_large_image","twitter_creator":"@intoscana","twitter_site":"@intoscana","twitter_misc":{"Written by":"Redazione","Est. reading time":"2 minuti"},"schema":{"@context":"https:\/\/schema.org","@graph":[{"@type":"WebPage","@id":"https:\/\/www.intoscana.it\/it\/stato-emergenza-nazionale-mugello\/","url":"https:\/\/www.intoscana.it\/it\/stato-emergenza-nazionale-mugello\/","name":"Terremoto Mugello, dichiarato lo stato di emergenza nazionale - intoscana","isPartOf":{"@id":"https:\/\/www.intoscana.it\/it\/#website"},"primaryImageOfPage":{"@id":"https:\/\/www.intoscana.it\/it\/stato-emergenza-nazionale-mugello\/#primaryimage"},"image":{"@id":"https:\/\/www.intoscana.it\/it\/stato-emergenza-nazionale-mugello\/#primaryimage"},"thumbnailUrl":"https:\/\/www.intoscana.it\/wp-content\/uploads\/terremoto-barberino-mugello-zona-rossa.jpg","datePublished":"2019-12-24T10:31:31+00:00","dateModified":"2020-05-19T13:24:16+00:00","author":{"@id":"https:\/\/www.intoscana.it\/it\/#\/schema\/person\/9223810753230f20bd670fdd322661f8"},"description":"Il consiglio dei Ministri ha approvato lo scorso 21 dicembre la dichiarazione dello stato di emergenza nazionale per i territori mugellani colpiti dal sisma.","breadcrumb":{"@id":"https:\/\/www.intoscana.it\/it\/stato-emergenza-nazionale-mugello\/#breadcrumb"},"inLanguage":"it-IT","potentialAction":[{"@type":"ReadAction","target":["https:\/\/www.intoscana.it\/it\/stato-emergenza-nazionale-mugello\/"]}]},{"@type":"ImageObject","inLanguage":"it-IT","@id":"https:\/\/www.intoscana.it\/it\/stato-emergenza-nazionale-mugello\/#primaryimage","url":"https:\/\/www.intoscana.it\/wp-content\/uploads\/terremoto-barberino-mugello-zona-rossa.jpg","contentUrl":"https:\/\/www.intoscana.it\/wp-content\/uploads\/terremoto-barberino-mugello-zona-rossa.jpg","width":900,"height":599},{"@type":"BreadcrumbList","@id":"https:\/\/www.intoscana.it\/it\/stato-emergenza-nazionale-mugello\/#breadcrumb","itemListElement":[{"@type":"ListItem","position":1,"name":"Home","item":"https:\/\/www.intoscana.it\/it\/"},{"@type":"ListItem","position":2,"name":"Terremoto Mugello, dichiarato lo stato di emergenza nazionale"}]},{"@type":"WebSite","@id":"https:\/\/www.intoscana.it\/it\/#website","url":"https:\/\/www.intoscana.it\/it\/","name":"intoscana","description":"","potentialAction":[{"@type":"SearchAction","target":{"@type":"EntryPoint","urlTemplate":"https:\/\/www.intoscana.it\/it\/?s={search_term_string}"},"query-input":{"@type":"PropertyValueSpecification","valueRequired":true,"valueName":"search_term_string"}}],"inLanguage":"it-IT"},{"@type":"Person","@id":"https:\/\/www.intoscana.it\/it\/#\/schema\/person\/9223810753230f20bd670fdd322661f8","name":"Redazione","url":"https:\/\/www.intoscana.it\/it\/author\/redazione\/"}]}},"_links":{"self":[{"href":"https:\/\/www.intoscana.it\/it\/wp-json\/wp\/v2\/posts\/43721","targetHints":{"allow":["GET"]}}],"collection":[{"href":"https:\/\/www.intoscana.it\/it\/wp-json\/wp\/v2\/posts"}],"about":[{"href":"https:\/\/www.intoscana.it\/it\/wp-json\/wp\/v2\/types\/post"}],"author":[{"embeddable":true,"href":"https:\/\/www.intoscana.it\/it\/wp-json\/wp\/v2\/users\/525"}],"replies":[{"embeddable":true,"href":"https:\/\/www.intoscana.it\/it\/wp-json\/wp\/v2\/comments?post=43721"}],"version-history":[{"count":0,"href":"https:\/\/www.intoscana.it\/it\/wp-json\/wp\/v2\/posts\/43721\/revisions"}],"wp:featuredmedia":[{"embeddable":true,"href":"https:\/\/www.intoscana.it\/it\/wp-json\/wp\/v2\/media\/76989"}],"wp:attachment":[{"href":"https:\/\/www.intoscana.it\/it\/wp-json\/wp\/v2\/media?parent=43721"}],"wp:term":[{"taxonomy":"category","embeddable":true,"href":"https:\/\/www.intoscana.it\/it\/wp-json\/wp\/v2\/categories?post=43721"},{"taxonomy":"post_tag","embeddable":true,"href":"https:\/\/www.intoscana.it\/it\/wp-json\/wp\/v2\/tags?post=43721"}],"curies":[{"name":"wp","href":"https:\/\/api.w.org\/{rel}","templated":true}]}}