{"id":43733,"date":"2020-01-24T10:56:18","date_gmt":"2020-01-24T09:56:18","guid":{"rendered":"http:\/\/www.intoscana.it\/il-turismo-viaggia-a-testa-in-su-itinerario-astronomico-a-firenze\/"},"modified":"2021-08-04T15:05:44","modified_gmt":"2021-08-04T13:05:44","slug":"il-turismo-viaggia-a-testa-in-su-itinerario-astronomico-a-firenze","status":"publish","type":"post","link":"https:\/\/www.intoscana.it\/it\/il-turismo-viaggia-a-testa-in-su-itinerario-astronomico-a-firenze\/","title":{"rendered":"Il turismo viaggia a testa in su: itinerario astronomico a Firenze"},"content":{"rendered":"<p>Per gli appassionati di &#8216;stelle&#8217; e di &#8216;arte&#8217; ecco un percorso assolutamente da non perdere, attraverso i luoghi della scienza e dell&#8217;astronomia a Firenze. L&#8217;iniziativa \u00e8 di Inaf Osservatorio astronomico di Arcetri che ha messo a punto una guida per visitare la citt\u00e0 secondo itinerari davvero particolari. La guida &#8211; dal titolo<strong>&nbsp;&#8216;Firenze. Seconda stella a destra. Una guida al cielo nascosto in citt\u00e0&#8217;, <\/strong>curata da Alessandra Zanazzi, si pone come un vero e proprio progetto di astro-turismo che potrebbe coinvolgere tante persone interessate al tema.&nbsp;<\/p>\n<p>&#8220;Ponendo in sinergia istituzioni culturali e scientifiche sul territorio &#8211; ha affermato <strong>Sofia Randich<\/strong>, direttore dell&#8217;Inaf osservatorio astrofisico di Arcetri &#8211; i<em>l progetto propone itinerari che offrono sia una lettura diversa dei monumenti pi\u00f9 noti, che percorsi non convenzionali&#8221;.<\/em><\/p>\n<p>Un tour nel quale viene dato spazio sia ai luoghi legati a Galileo Galilei e alle sue osservazioni che cambiarono la scienza, sia &#8211; ad esempio &#8211; ai dipinti con i cieli &#8216;gemelli&#8217; di San Lorenzo e Santa Croce.<\/p>\n<p><em> &#8220;Un bellissimo progetto che va proprio nella direzione intrapresa dal Comune di Firenze di promuovere itinerari alternativi<\/em> &#8211; ha dettol&#8217;assessore comunale <strong>Cecilia Del Re<\/strong> -.<em> In questo caso, viene proposto un itinerario legato alla scienza e alla storia dell&#8217;astronomia per ritrovare le tracce di questi temi nella nostra citt\u00e0, anche seguendo le orme di personaggi illustri: una nuova prospettiva per vivere Firenze anche al di fuori dei consueti percorsi turistici. La nuova app dedicata al turismo che lanceremo a met\u00e0 febbraio alla Bto avr\u00e0 proprio anche un itinerario legato alla scienza nella nostra citt\u00e0&#8221;.<\/em><\/p>\n<p>&nbsp;<\/p>\n","protected":false},"excerpt":{"rendered":"<p>Un progetto di &#8216;astro-turismo&#8217; attraverso i luoghi legati a Galileo Galilei ed ai monumenti della citt\u00e0 che richiamano percorsi dedicati a questo tema<\/p>\n","protected":false},"author":525,"featured_media":77001,"comment_status":"open","ping_status":"open","sticky":false,"template":"","format":"standard","meta":{"_acf_changed":false,"footnotes":""},"categories":[493,5],"tags":[4455],"class_list":["post-43733","post","type-post","status-publish","format-standard","has-post-thumbnail","hentry","category-cultura","category-arte-e-cultura","tag-astronomia"],"acf":[],"yoast_head":"<!-- This site is optimized with the Yoast SEO Premium plugin v24.2 (Yoast SEO v25.6) - https:\/\/yoast.com\/wordpress\/plugins\/seo\/ -->\n<title>Il turismo viaggia a testa in su: itinerario astronomico a Firenze - intoscana<\/title>\n<meta name=\"description\" content=\"Un nuovo modo per passeggiare alla scoperta della citt\u00e0 di Firenze, arrivano i percorsi e gli itinerari legato all&#039;astro-turismo, da Galilei fino alle stelle.\" \/>\n<meta name=\"robots\" content=\"index, follow, max-snippet:-1, max-image-preview:large, max-video-preview:-1\" \/>\n<link rel=\"canonical\" href=\"https:\/\/www.intoscana.it\/it\/il-turismo-viaggia-a-testa-in-su-itinerario-astronomico-a-firenze\/\" \/>\n<meta property=\"og:locale\" content=\"it_IT\" \/>\n<meta property=\"og:type\" content=\"article\" \/>\n<meta property=\"og:title\" content=\"Il turismo viaggia a testa in su: itinerario astronomico a Firenze\" \/>\n<meta property=\"og:description\" content=\"Un nuovo modo per passeggiare alla scoperta della citt\u00e0 di Firenze, arrivano i percorsi e gli itinerari legato all&#039;astro-turismo, da Galilei fino alle stelle.\" \/>\n<meta property=\"og:url\" content=\"https:\/\/www.intoscana.it\/it\/il-turismo-viaggia-a-testa-in-su-itinerario-astronomico-a-firenze\/\" \/>\n<meta property=\"og:site_name\" content=\"intoscana\" \/>\n<meta property=\"article:publisher\" content=\"https:\/\/www.facebook.com\/intoscana.it\" \/>\n<meta property=\"article:published_time\" content=\"2020-01-24T09:56:18+00:00\" \/>\n<meta property=\"article:modified_time\" content=\"2021-08-04T13:05:44+00:00\" \/>\n<meta property=\"og:image\" content=\"https:\/\/www.intoscana.it\/wp-content\/uploads\/cielo-stellato-.jpg\" \/>\n\t<meta property=\"og:image:width\" content=\"1000\" \/>\n\t<meta property=\"og:image:height\" content=\"1288\" \/>\n\t<meta property=\"og:image:type\" content=\"image\/jpeg\" \/>\n<meta name=\"author\" content=\"Redazione\" \/>\n<meta name=\"twitter:card\" content=\"summary_large_image\" \/>\n<meta name=\"twitter:creator\" content=\"@intoscana\" \/>\n<meta name=\"twitter:site\" content=\"@intoscana\" \/>\n<meta name=\"twitter:label1\" content=\"Written by\" \/>\n\t<meta name=\"twitter:data1\" content=\"Redazione\" \/>\n\t<meta name=\"twitter:label2\" content=\"Est. reading time\" \/>\n\t<meta name=\"twitter:data2\" content=\"1 minuto\" \/>\n<script type=\"application\/ld+json\" class=\"yoast-schema-graph\">{\"@context\":\"https:\/\/schema.org\",\"@graph\":[{\"@type\":\"WebPage\",\"@id\":\"https:\/\/www.intoscana.it\/it\/il-turismo-viaggia-a-testa-in-su-itinerario-astronomico-a-firenze\/\",\"url\":\"https:\/\/www.intoscana.it\/it\/il-turismo-viaggia-a-testa-in-su-itinerario-astronomico-a-firenze\/\",\"name\":\"Il turismo viaggia a testa in su: itinerario astronomico a Firenze - intoscana\",\"isPartOf\":{\"@id\":\"https:\/\/www.intoscana.it\/it\/#website\"},\"primaryImageOfPage\":{\"@id\":\"https:\/\/www.intoscana.it\/it\/il-turismo-viaggia-a-testa-in-su-itinerario-astronomico-a-firenze\/#primaryimage\"},\"image\":{\"@id\":\"https:\/\/www.intoscana.it\/it\/il-turismo-viaggia-a-testa-in-su-itinerario-astronomico-a-firenze\/#primaryimage\"},\"thumbnailUrl\":\"https:\/\/www.intoscana.it\/wp-content\/uploads\/cielo-stellato-.jpg\",\"datePublished\":\"2020-01-24T09:56:18+00:00\",\"dateModified\":\"2021-08-04T13:05:44+00:00\",\"author\":{\"@id\":\"https:\/\/www.intoscana.it\/it\/#\/schema\/person\/9223810753230f20bd670fdd322661f8\"},\"description\":\"Un nuovo modo per passeggiare alla scoperta della citt\u00e0 di Firenze, arrivano i percorsi e gli itinerari legato all'astro-turismo, da Galilei fino alle stelle.\",\"breadcrumb\":{\"@id\":\"https:\/\/www.intoscana.it\/it\/il-turismo-viaggia-a-testa-in-su-itinerario-astronomico-a-firenze\/#breadcrumb\"},\"inLanguage\":\"it-IT\",\"potentialAction\":[{\"@type\":\"ReadAction\",\"target\":[\"https:\/\/www.intoscana.it\/it\/il-turismo-viaggia-a-testa-in-su-itinerario-astronomico-a-firenze\/\"]}]},{\"@type\":\"ImageObject\",\"inLanguage\":\"it-IT\",\"@id\":\"https:\/\/www.intoscana.it\/it\/il-turismo-viaggia-a-testa-in-su-itinerario-astronomico-a-firenze\/#primaryimage\",\"url\":\"https:\/\/www.intoscana.it\/wp-content\/uploads\/cielo-stellato-.jpg\",\"contentUrl\":\"https:\/\/www.intoscana.it\/wp-content\/uploads\/cielo-stellato-.jpg\",\"width\":1000,\"height\":1288,\"caption\":\"Itinerari di astro-turismo a Firenze.\"},{\"@type\":\"BreadcrumbList\",\"@id\":\"https:\/\/www.intoscana.it\/it\/il-turismo-viaggia-a-testa-in-su-itinerario-astronomico-a-firenze\/#breadcrumb\",\"itemListElement\":[{\"@type\":\"ListItem\",\"position\":1,\"name\":\"Home\",\"item\":\"https:\/\/www.intoscana.it\/it\/\"},{\"@type\":\"ListItem\",\"position\":2,\"name\":\"Il turismo viaggia a testa in su: itinerario astronomico a Firenze\"}]},{\"@type\":\"WebSite\",\"@id\":\"https:\/\/www.intoscana.it\/it\/#website\",\"url\":\"https:\/\/www.intoscana.it\/it\/\",\"name\":\"intoscana\",\"description\":\"\",\"potentialAction\":[{\"@type\":\"SearchAction\",\"target\":{\"@type\":\"EntryPoint\",\"urlTemplate\":\"https:\/\/www.intoscana.it\/it\/?s={search_term_string}\"},\"query-input\":{\"@type\":\"PropertyValueSpecification\",\"valueRequired\":true,\"valueName\":\"search_term_string\"}}],\"inLanguage\":\"it-IT\"},{\"@type\":\"Person\",\"@id\":\"https:\/\/www.intoscana.it\/it\/#\/schema\/person\/9223810753230f20bd670fdd322661f8\",\"name\":\"Redazione\",\"url\":\"https:\/\/www.intoscana.it\/it\/author\/redazione\/\"}]}<\/script>\n<!-- \/ Yoast SEO Premium plugin. -->","yoast_head_json":{"title":"Il turismo viaggia a testa in su: itinerario astronomico a Firenze - intoscana","description":"Un nuovo modo per passeggiare alla scoperta della citt\u00e0 di Firenze, arrivano i percorsi e gli itinerari legato all'astro-turismo, da Galilei fino alle stelle.","robots":{"index":"index","follow":"follow","max-snippet":"max-snippet:-1","max-image-preview":"max-image-preview:large","max-video-preview":"max-video-preview:-1"},"canonical":"https:\/\/www.intoscana.it\/it\/il-turismo-viaggia-a-testa-in-su-itinerario-astronomico-a-firenze\/","og_locale":"it_IT","og_type":"article","og_title":"Il turismo viaggia a testa in su: itinerario astronomico a Firenze","og_description":"Un nuovo modo per passeggiare alla scoperta della citt\u00e0 di Firenze, arrivano i percorsi e gli itinerari legato all'astro-turismo, da Galilei fino alle stelle.","og_url":"https:\/\/www.intoscana.it\/it\/il-turismo-viaggia-a-testa-in-su-itinerario-astronomico-a-firenze\/","og_site_name":"intoscana","article_publisher":"https:\/\/www.facebook.com\/intoscana.it","article_published_time":"2020-01-24T09:56:18+00:00","article_modified_time":"2021-08-04T13:05:44+00:00","og_image":[{"width":1000,"height":1288,"url":"https:\/\/www.intoscana.it\/wp-content\/uploads\/cielo-stellato-.jpg","type":"image\/jpeg"}],"author":"Redazione","twitter_card":"summary_large_image","twitter_creator":"@intoscana","twitter_site":"@intoscana","twitter_misc":{"Written by":"Redazione","Est. reading time":"1 minuto"},"schema":{"@context":"https:\/\/schema.org","@graph":[{"@type":"WebPage","@id":"https:\/\/www.intoscana.it\/it\/il-turismo-viaggia-a-testa-in-su-itinerario-astronomico-a-firenze\/","url":"https:\/\/www.intoscana.it\/it\/il-turismo-viaggia-a-testa-in-su-itinerario-astronomico-a-firenze\/","name":"Il turismo viaggia a testa in su: itinerario astronomico a Firenze - intoscana","isPartOf":{"@id":"https:\/\/www.intoscana.it\/it\/#website"},"primaryImageOfPage":{"@id":"https:\/\/www.intoscana.it\/it\/il-turismo-viaggia-a-testa-in-su-itinerario-astronomico-a-firenze\/#primaryimage"},"image":{"@id":"https:\/\/www.intoscana.it\/it\/il-turismo-viaggia-a-testa-in-su-itinerario-astronomico-a-firenze\/#primaryimage"},"thumbnailUrl":"https:\/\/www.intoscana.it\/wp-content\/uploads\/cielo-stellato-.jpg","datePublished":"2020-01-24T09:56:18+00:00","dateModified":"2021-08-04T13:05:44+00:00","author":{"@id":"https:\/\/www.intoscana.it\/it\/#\/schema\/person\/9223810753230f20bd670fdd322661f8"},"description":"Un nuovo modo per passeggiare alla scoperta della citt\u00e0 di Firenze, arrivano i percorsi e gli itinerari legato all'astro-turismo, da Galilei fino alle stelle.","breadcrumb":{"@id":"https:\/\/www.intoscana.it\/it\/il-turismo-viaggia-a-testa-in-su-itinerario-astronomico-a-firenze\/#breadcrumb"},"inLanguage":"it-IT","potentialAction":[{"@type":"ReadAction","target":["https:\/\/www.intoscana.it\/it\/il-turismo-viaggia-a-testa-in-su-itinerario-astronomico-a-firenze\/"]}]},{"@type":"ImageObject","inLanguage":"it-IT","@id":"https:\/\/www.intoscana.it\/it\/il-turismo-viaggia-a-testa-in-su-itinerario-astronomico-a-firenze\/#primaryimage","url":"https:\/\/www.intoscana.it\/wp-content\/uploads\/cielo-stellato-.jpg","contentUrl":"https:\/\/www.intoscana.it\/wp-content\/uploads\/cielo-stellato-.jpg","width":1000,"height":1288,"caption":"Itinerari di astro-turismo a Firenze."},{"@type":"BreadcrumbList","@id":"https:\/\/www.intoscana.it\/it\/il-turismo-viaggia-a-testa-in-su-itinerario-astronomico-a-firenze\/#breadcrumb","itemListElement":[{"@type":"ListItem","position":1,"name":"Home","item":"https:\/\/www.intoscana.it\/it\/"},{"@type":"ListItem","position":2,"name":"Il turismo viaggia a testa in su: itinerario astronomico a Firenze"}]},{"@type":"WebSite","@id":"https:\/\/www.intoscana.it\/it\/#website","url":"https:\/\/www.intoscana.it\/it\/","name":"intoscana","description":"","potentialAction":[{"@type":"SearchAction","target":{"@type":"EntryPoint","urlTemplate":"https:\/\/www.intoscana.it\/it\/?s={search_term_string}"},"query-input":{"@type":"PropertyValueSpecification","valueRequired":true,"valueName":"search_term_string"}}],"inLanguage":"it-IT"},{"@type":"Person","@id":"https:\/\/www.intoscana.it\/it\/#\/schema\/person\/9223810753230f20bd670fdd322661f8","name":"Redazione","url":"https:\/\/www.intoscana.it\/it\/author\/redazione\/"}]}},"_links":{"self":[{"href":"https:\/\/www.intoscana.it\/it\/wp-json\/wp\/v2\/posts\/43733","targetHints":{"allow":["GET"]}}],"collection":[{"href":"https:\/\/www.intoscana.it\/it\/wp-json\/wp\/v2\/posts"}],"about":[{"href":"https:\/\/www.intoscana.it\/it\/wp-json\/wp\/v2\/types\/post"}],"author":[{"embeddable":true,"href":"https:\/\/www.intoscana.it\/it\/wp-json\/wp\/v2\/users\/525"}],"replies":[{"embeddable":true,"href":"https:\/\/www.intoscana.it\/it\/wp-json\/wp\/v2\/comments?post=43733"}],"version-history":[{"count":0,"href":"https:\/\/www.intoscana.it\/it\/wp-json\/wp\/v2\/posts\/43733\/revisions"}],"wp:featuredmedia":[{"embeddable":true,"href":"https:\/\/www.intoscana.it\/it\/wp-json\/wp\/v2\/media\/77001"}],"wp:attachment":[{"href":"https:\/\/www.intoscana.it\/it\/wp-json\/wp\/v2\/media?parent=43733"}],"wp:term":[{"taxonomy":"category","embeddable":true,"href":"https:\/\/www.intoscana.it\/it\/wp-json\/wp\/v2\/categories?post=43733"},{"taxonomy":"post_tag","embeddable":true,"href":"https:\/\/www.intoscana.it\/it\/wp-json\/wp\/v2\/tags?post=43733"}],"curies":[{"name":"wp","href":"https:\/\/api.w.org\/{rel}","templated":true}]}}