{"id":43738,"date":"2020-03-10T11:50:47","date_gmt":"2020-03-10T11:50:47","guid":{"rendered":"http:\/\/www.intoscana.it\/corona-virus-una-societa-vulnerabile-che-si-sente-invincibile\/"},"modified":"2020-07-02T11:49:29","modified_gmt":"2020-07-02T09:49:29","slug":"corona-virus-come-ci-ha-cambiato","status":"publish","type":"post","link":"https:\/\/www.intoscana.it\/it\/corona-virus-come-ci-ha-cambiato\/","title":{"rendered":"Corona Virus, una societ\u00e0 vulnerabile che si sente invincibile"},"content":{"rendered":"<p>Dicono che siamo il paese con la maggior burocrazia, costantemente aggirata con espedienti di ogni tipo. Dicono che siamo un paese fermo. <strong>Dicono che le regole qua non mancano, il problema \u00e8 farle rispettare<\/strong>. E mai come oggi ci rendiamo conto che in Italia abbiamo scordato non solo che le regole vanno rispettate ma abbiamo totalmente perso il senso di civilt\u00e0 e di comunit\u00e0, di appartenenza ad una nazione che solitamente si riscopre unita, con tanto di bandiere fuori dalle finestre e dalle terrazza delle case, al massimo quando si giocano i <strong>Mondiali di calcio<\/strong>.<\/p>\n<p>Bella storia. Questo siamo. Inutile nascondere oggi la polvere sotto il tappeto, riverniciare splendenti facciate quando <strong>siamo marci nelle fondamenta<\/strong>.<\/p>\n<p>Serve responsabilit\u00e0, ci dicono. Ma necessitiamo anche di autoanalisi e autocritica su ci\u00f2 che siamo diventati. <strong>Eravamo le generazioni del segno \u2018pi\u00f9\u2019<\/strong>, quelle a cui fondamentalmente non \u00e8 mai mancato niente. L\u2019istruzione pubblica, la salute pubblica, i libri, il progresso, la rivoluzione tecnologica. E\u2019 mancato il lavoro ma questa \u00e8 un\u2019altra storia. E ora queste generazioni &#8211; figlie dell\u2019Italia dal dopoguerra ad oggi &#8211;&nbsp; si trovano improvvisamente private di tutto. Di tutto quello che conta. Perch\u00e9 \u00e8 nei momenti nei quali vengono a mancare le pi\u00f9 banali libert\u00e0 personali che si riscoprono i valori del vivere in una comunit\u00e0 o almeno cos\u00ec dovrebbe essere.<\/p>\n<p><strong>Cosa manca oggi a quelli che facevano file chilometriche per comprare l\u2019ultimo modello di IPhone?<\/strong> Cosa manca oggi a chi ha svuotato i supermercati? A chi ha riempito i centri commerciali la domenica scordando la bellezza di una passeggiata all\u2019aria aperta, di una buona lettura in riva al mare? A quelli che sputavano veleno sui social, sentenziando su tutto solo per dare un senso alla propria esistenza in rete? <strong>A tutti noi oggi manca prima di tutto il contatto umano. Un abbraccio, un bacio, una stretta di mano.<\/strong> E manca la nostra libert\u00e0 che prima sembrava scontata, non considerata forse per quanto valeva.<\/p>\n<p>Ci siamo scordati quando sia importante l\u2019apporto del singolo all\u2019interno di un gruppo e l\u2019hanno dimostrato le centinaia di persone che sono scappate dal nord come animali in fuga mettendo a rischio un intero paese, in <strong>un individualismo sfrenato e incosciente<\/strong> che non tiene conto neppure degli affetti pi\u00f9 cari. I giovani, quelli del tutto e subito (senza per forza generalizzare) non rinunciano all\u2019aperitivo, dimenticando che a casa potrebbero essere i primi portatori del virus, contagiando quei nonni che sono l\u2019elemento debole della catena, quelli pi\u00f9 a rischio, quelli che insomma ci rimettono la pelle prima di ogni altro.<\/p>\n<p>Viviamo in una societ\u00e0 che sfida il pericolo ogni giorno con la certezza del \u2018tanto non tocca a me\u2019, <strong>una societ\u00e0 vulnerabile che si sente invincibile<\/strong>. Questo \u00e8 il problema di fondo. I selfie al cellulare in autostrada, la guida in stato di ebbrezza, i rapporti sessuali occasionali non protetti. Gli anni ci raccontano di<strong> comportamenti sconsiderati<\/strong> nei quali il pericolo \u00e8 sempre stato un optional non considerato. Ma oggi che il nemico invisibile entra nelle nostre vite e non lascia scampo dobbiamo riconsiderare i comportamenti, le azioni, la vita di ogni giorno. Ogni nostro gesto, in questa emergenza che non sappiamo bene quando finir\u00e0, conta. Conta oltre ogni cosa.<strong> Che serva questa situazione drammatica a ricostruire una societ\u00e0 impoverita nei fondamentali<\/strong>, priva delle istruzioni basilari su come si vive insieme.<\/p>\n<p>Eravamo il paese dei geni, della bellezza, dell\u2019architettura, dell\u2019arte, della scienza, della letteratura, della musica. Riscopriamoci in questo periodo forzato nelle nostre case. Riscopriamo chi eravamo, sperando che qualcosa di buono sia rimasto nel nostro DNA di italiani. <strong>La storia insegna<\/strong> che gli<strong> uomini <\/strong>messi di fronte a <strong>difficolt\u00e0 eccezionali<\/strong> trovano sempre<strong> una spinta, un motivo, uno scatto d\u2019orgoglio<\/strong>, una forza sovrumana per<strong> ripartire<\/strong>, per lottare, per continuare a vivere.<\/p>\n<p>Servir\u00e0 saper aspettare nell\u2019epoca del &#8216;fast, fast, fast&#8217;, della velocit\u00e0 e del cotto e mangiato, della frenesia e del tempo che manca, ci fa arrancare, ci rende peggiori. Serviranno costanza e coraggio, dedizione e idee, impegno e consapevolezza del poi. <strong>Perch\u00e9 dopo l\u2019emergenza sanitaria arriver\u00e0 quella economica di fatto gi\u00e0 in atto, inutile nasconderlo<\/strong>. Ci attendono tempi incerti, nei quali sar\u00e0 facile inciampare, fallire, cadere. E mai come in un momento come questo occorre riscoprirsi \u2018paese\u2019. E mai come oggi serve remare in un\u2019unica direzione, con un unico intento, con un grande obiettivo generale. <strong>Rialzare la testa, insieme<\/strong>.<\/p>\n","protected":false},"excerpt":{"rendered":"<p>Chi eravamo, chi siamo, chi dobbiamo diventare. Il virus rimette in fila le nostre vite, ci costringe a riflettere, ci confina nelle nostre case, pone l&#8217;esigenza di riscoprirci &#8216;Paese&#8217;. Nell&#8217;epoca dell&#8217;individualismo sfrenato necessitiamo di ripartire dal &#8216;noi&#8217;<\/p>\n","protected":false},"author":513,"featured_media":77006,"comment_status":"open","ping_status":"open","sticky":false,"template":"","format":"standard","meta":{"_acf_changed":false,"footnotes":""},"categories":[494,7],"tags":[],"class_list":["post-43738","post","type-post","status-publish","format-standard","has-post-thumbnail","hentry","category-attualita","category-societa"],"acf":[],"yoast_head":"<!-- This site is optimized with the Yoast SEO Premium plugin v24.2 (Yoast SEO v25.6) - https:\/\/yoast.com\/wordpress\/plugins\/seo\/ -->\n<title>Corona Virus, una societ\u00e0 vulnerabile che si sente invincibile - intoscana<\/title>\n<meta name=\"description\" content=\"Una societ\u00e0 vulnerabile che si sente invincibile, una riflessione sugli italiani oggi, confinati in casa dopo l&#039;emergenza del Corona Virus nel nostro paese.\" \/>\n<meta name=\"robots\" content=\"index, follow, max-snippet:-1, max-image-preview:large, max-video-preview:-1\" \/>\n<link rel=\"canonical\" href=\"https:\/\/www.intoscana.it\/it\/corona-virus-come-ci-ha-cambiato\/\" \/>\n<meta property=\"og:locale\" content=\"it_IT\" \/>\n<meta property=\"og:type\" content=\"article\" \/>\n<meta property=\"og:title\" content=\"Corona Virus, una societ\u00e0 vulnerabile che si sente invincibile\" \/>\n<meta property=\"og:description\" content=\"Una societ\u00e0 vulnerabile che si sente invincibile, una riflessione sugli italiani oggi, confinati in casa dopo l&#039;emergenza del Corona Virus nel nostro paese.\" \/>\n<meta property=\"og:url\" content=\"https:\/\/www.intoscana.it\/it\/corona-virus-come-ci-ha-cambiato\/\" \/>\n<meta property=\"og:site_name\" content=\"intoscana\" \/>\n<meta property=\"article:publisher\" content=\"https:\/\/www.facebook.com\/intoscana.it\" \/>\n<meta property=\"article:published_time\" content=\"2020-03-10T11:50:47+00:00\" \/>\n<meta property=\"article:modified_time\" content=\"2020-07-02T09:49:29+00:00\" \/>\n<meta property=\"og:image\" content=\"https:\/\/www.intoscana.it\/wp-content\/uploads\/corona-virus-italia-copia.jpg\" \/>\n\t<meta property=\"og:image:width\" content=\"2000\" \/>\n\t<meta property=\"og:image:height\" content=\"1333\" \/>\n\t<meta property=\"og:image:type\" content=\"image\/jpeg\" \/>\n<meta name=\"author\" content=\"Simona Bellocci\" \/>\n<meta name=\"twitter:card\" content=\"summary_large_image\" \/>\n<meta name=\"twitter:creator\" content=\"@intoscana\" \/>\n<meta name=\"twitter:site\" content=\"@intoscana\" \/>\n<meta name=\"twitter:label1\" content=\"Written by\" \/>\n\t<meta name=\"twitter:data1\" content=\"Simona Bellocci\" \/>\n\t<meta name=\"twitter:label2\" content=\"Est. reading time\" \/>\n\t<meta name=\"twitter:data2\" content=\"4 minuti\" \/>\n<script type=\"application\/ld+json\" class=\"yoast-schema-graph\">{\"@context\":\"https:\/\/schema.org\",\"@graph\":[{\"@type\":\"WebPage\",\"@id\":\"https:\/\/www.intoscana.it\/it\/corona-virus-come-ci-ha-cambiato\/\",\"url\":\"https:\/\/www.intoscana.it\/it\/corona-virus-come-ci-ha-cambiato\/\",\"name\":\"Corona Virus, una societ\u00e0 vulnerabile che si sente invincibile - intoscana\",\"isPartOf\":{\"@id\":\"https:\/\/www.intoscana.it\/it\/#website\"},\"primaryImageOfPage\":{\"@id\":\"https:\/\/www.intoscana.it\/it\/corona-virus-come-ci-ha-cambiato\/#primaryimage\"},\"image\":{\"@id\":\"https:\/\/www.intoscana.it\/it\/corona-virus-come-ci-ha-cambiato\/#primaryimage\"},\"thumbnailUrl\":\"https:\/\/www.intoscana.it\/wp-content\/uploads\/corona-virus-italia-copia.jpg\",\"datePublished\":\"2020-03-10T11:50:47+00:00\",\"dateModified\":\"2020-07-02T09:49:29+00:00\",\"author\":{\"@id\":\"https:\/\/www.intoscana.it\/it\/#\/schema\/person\/43a95334a6f068317e0b7acba24f9e87\"},\"description\":\"Una societ\u00e0 vulnerabile che si sente invincibile, una riflessione sugli italiani oggi, confinati in casa dopo l'emergenza del Corona Virus nel nostro paese.\",\"breadcrumb\":{\"@id\":\"https:\/\/www.intoscana.it\/it\/corona-virus-come-ci-ha-cambiato\/#breadcrumb\"},\"inLanguage\":\"it-IT\",\"potentialAction\":[{\"@type\":\"ReadAction\",\"target\":[\"https:\/\/www.intoscana.it\/it\/corona-virus-come-ci-ha-cambiato\/\"]}]},{\"@type\":\"ImageObject\",\"inLanguage\":\"it-IT\",\"@id\":\"https:\/\/www.intoscana.it\/it\/corona-virus-come-ci-ha-cambiato\/#primaryimage\",\"url\":\"https:\/\/www.intoscana.it\/wp-content\/uploads\/corona-virus-italia-copia.jpg\",\"contentUrl\":\"https:\/\/www.intoscana.it\/wp-content\/uploads\/corona-virus-italia-copia.jpg\",\"width\":2000,\"height\":1333,\"caption\":\"Corona Virus, tutta l'Italia in zona rossa\"},{\"@type\":\"BreadcrumbList\",\"@id\":\"https:\/\/www.intoscana.it\/it\/corona-virus-come-ci-ha-cambiato\/#breadcrumb\",\"itemListElement\":[{\"@type\":\"ListItem\",\"position\":1,\"name\":\"Home\",\"item\":\"https:\/\/www.intoscana.it\/it\/\"},{\"@type\":\"ListItem\",\"position\":2,\"name\":\"Corona Virus, una societ\u00e0 vulnerabile che si sente invincibile\"}]},{\"@type\":\"WebSite\",\"@id\":\"https:\/\/www.intoscana.it\/it\/#website\",\"url\":\"https:\/\/www.intoscana.it\/it\/\",\"name\":\"intoscana\",\"description\":\"\",\"potentialAction\":[{\"@type\":\"SearchAction\",\"target\":{\"@type\":\"EntryPoint\",\"urlTemplate\":\"https:\/\/www.intoscana.it\/it\/?s={search_term_string}\"},\"query-input\":{\"@type\":\"PropertyValueSpecification\",\"valueRequired\":true,\"valueName\":\"search_term_string\"}}],\"inLanguage\":\"it-IT\"},{\"@type\":\"Person\",\"@id\":\"https:\/\/www.intoscana.it\/it\/#\/schema\/person\/43a95334a6f068317e0b7acba24f9e87\",\"name\":\"Simona Bellocci\",\"url\":\"https:\/\/www.intoscana.it\/it\/author\/simona-bellocci\/\"}]}<\/script>\n<!-- \/ Yoast SEO Premium plugin. -->","yoast_head_json":{"title":"Corona Virus, una societ\u00e0 vulnerabile che si sente invincibile - intoscana","description":"Una societ\u00e0 vulnerabile che si sente invincibile, una riflessione sugli italiani oggi, confinati in casa dopo l'emergenza del Corona Virus nel nostro paese.","robots":{"index":"index","follow":"follow","max-snippet":"max-snippet:-1","max-image-preview":"max-image-preview:large","max-video-preview":"max-video-preview:-1"},"canonical":"https:\/\/www.intoscana.it\/it\/corona-virus-come-ci-ha-cambiato\/","og_locale":"it_IT","og_type":"article","og_title":"Corona Virus, una societ\u00e0 vulnerabile che si sente invincibile","og_description":"Una societ\u00e0 vulnerabile che si sente invincibile, una riflessione sugli italiani oggi, confinati in casa dopo l'emergenza del Corona Virus nel nostro paese.","og_url":"https:\/\/www.intoscana.it\/it\/corona-virus-come-ci-ha-cambiato\/","og_site_name":"intoscana","article_publisher":"https:\/\/www.facebook.com\/intoscana.it","article_published_time":"2020-03-10T11:50:47+00:00","article_modified_time":"2020-07-02T09:49:29+00:00","og_image":[{"width":2000,"height":1333,"url":"https:\/\/www.intoscana.it\/wp-content\/uploads\/corona-virus-italia-copia.jpg","type":"image\/jpeg"}],"author":"Simona Bellocci","twitter_card":"summary_large_image","twitter_creator":"@intoscana","twitter_site":"@intoscana","twitter_misc":{"Written by":"Simona Bellocci","Est. reading time":"4 minuti"},"schema":{"@context":"https:\/\/schema.org","@graph":[{"@type":"WebPage","@id":"https:\/\/www.intoscana.it\/it\/corona-virus-come-ci-ha-cambiato\/","url":"https:\/\/www.intoscana.it\/it\/corona-virus-come-ci-ha-cambiato\/","name":"Corona Virus, una societ\u00e0 vulnerabile che si sente invincibile - intoscana","isPartOf":{"@id":"https:\/\/www.intoscana.it\/it\/#website"},"primaryImageOfPage":{"@id":"https:\/\/www.intoscana.it\/it\/corona-virus-come-ci-ha-cambiato\/#primaryimage"},"image":{"@id":"https:\/\/www.intoscana.it\/it\/corona-virus-come-ci-ha-cambiato\/#primaryimage"},"thumbnailUrl":"https:\/\/www.intoscana.it\/wp-content\/uploads\/corona-virus-italia-copia.jpg","datePublished":"2020-03-10T11:50:47+00:00","dateModified":"2020-07-02T09:49:29+00:00","author":{"@id":"https:\/\/www.intoscana.it\/it\/#\/schema\/person\/43a95334a6f068317e0b7acba24f9e87"},"description":"Una societ\u00e0 vulnerabile che si sente invincibile, una riflessione sugli italiani oggi, confinati in casa dopo l'emergenza del Corona Virus nel nostro paese.","breadcrumb":{"@id":"https:\/\/www.intoscana.it\/it\/corona-virus-come-ci-ha-cambiato\/#breadcrumb"},"inLanguage":"it-IT","potentialAction":[{"@type":"ReadAction","target":["https:\/\/www.intoscana.it\/it\/corona-virus-come-ci-ha-cambiato\/"]}]},{"@type":"ImageObject","inLanguage":"it-IT","@id":"https:\/\/www.intoscana.it\/it\/corona-virus-come-ci-ha-cambiato\/#primaryimage","url":"https:\/\/www.intoscana.it\/wp-content\/uploads\/corona-virus-italia-copia.jpg","contentUrl":"https:\/\/www.intoscana.it\/wp-content\/uploads\/corona-virus-italia-copia.jpg","width":2000,"height":1333,"caption":"Corona Virus, tutta l'Italia in zona rossa"},{"@type":"BreadcrumbList","@id":"https:\/\/www.intoscana.it\/it\/corona-virus-come-ci-ha-cambiato\/#breadcrumb","itemListElement":[{"@type":"ListItem","position":1,"name":"Home","item":"https:\/\/www.intoscana.it\/it\/"},{"@type":"ListItem","position":2,"name":"Corona Virus, una societ\u00e0 vulnerabile che si sente invincibile"}]},{"@type":"WebSite","@id":"https:\/\/www.intoscana.it\/it\/#website","url":"https:\/\/www.intoscana.it\/it\/","name":"intoscana","description":"","potentialAction":[{"@type":"SearchAction","target":{"@type":"EntryPoint","urlTemplate":"https:\/\/www.intoscana.it\/it\/?s={search_term_string}"},"query-input":{"@type":"PropertyValueSpecification","valueRequired":true,"valueName":"search_term_string"}}],"inLanguage":"it-IT"},{"@type":"Person","@id":"https:\/\/www.intoscana.it\/it\/#\/schema\/person\/43a95334a6f068317e0b7acba24f9e87","name":"Simona Bellocci","url":"https:\/\/www.intoscana.it\/it\/author\/simona-bellocci\/"}]}},"_links":{"self":[{"href":"https:\/\/www.intoscana.it\/it\/wp-json\/wp\/v2\/posts\/43738","targetHints":{"allow":["GET"]}}],"collection":[{"href":"https:\/\/www.intoscana.it\/it\/wp-json\/wp\/v2\/posts"}],"about":[{"href":"https:\/\/www.intoscana.it\/it\/wp-json\/wp\/v2\/types\/post"}],"author":[{"embeddable":true,"href":"https:\/\/www.intoscana.it\/it\/wp-json\/wp\/v2\/users\/513"}],"replies":[{"embeddable":true,"href":"https:\/\/www.intoscana.it\/it\/wp-json\/wp\/v2\/comments?post=43738"}],"version-history":[{"count":0,"href":"https:\/\/www.intoscana.it\/it\/wp-json\/wp\/v2\/posts\/43738\/revisions"}],"wp:featuredmedia":[{"embeddable":true,"href":"https:\/\/www.intoscana.it\/it\/wp-json\/wp\/v2\/media\/77006"}],"wp:attachment":[{"href":"https:\/\/www.intoscana.it\/it\/wp-json\/wp\/v2\/media?parent=43738"}],"wp:term":[{"taxonomy":"category","embeddable":true,"href":"https:\/\/www.intoscana.it\/it\/wp-json\/wp\/v2\/categories?post=43738"},{"taxonomy":"post_tag","embeddable":true,"href":"https:\/\/www.intoscana.it\/it\/wp-json\/wp\/v2\/tags?post=43738"}],"curies":[{"name":"wp","href":"https:\/\/api.w.org\/{rel}","templated":true}]}}