{"id":43739,"date":"2020-03-10T14:48:04","date_gmt":"2020-03-10T14:48:04","guid":{"rendered":"http:\/\/www.intoscana.it\/covid-19-attivata-la-cross-di-pistoia-cose-e-come-funziona\/"},"modified":"2020-05-19T15:24:19","modified_gmt":"2020-05-19T13:24:19","slug":"crosspistoiacoronavirus","status":"publish","type":"post","link":"https:\/\/www.intoscana.it\/it\/crosspistoiacoronavirus\/","title":{"rendered":"Covid-19: attivata la CROSS di Pistoia, cos\u2019\u00e8 e come funziona"},"content":{"rendered":"<p>Si trova proprio a <strong>Pistoia<\/strong> la <strong>CROSS \u2013 Centrale remota operazioni di soccorso sanitario<\/strong> che proprio in questi giorni \u00e8 stata attivata per coordinare le disponibilit\u00e0 e l\u2019utilizzo dei posti letto negli ospedali, anche al di fuori della Toscana, per l\u2019emergenza Covid19.<\/p>\n<p>Per capire meglio come funziona e le attivit\u00e0 in cui da alcuni giorni \u00e8 impegnata h24, abbiamo intervistato il dottor <strong>Piero Paolini, direttore della CROSS di Pistoia<\/strong>.<\/p>\n<p><strong>Che cos\u2019\u00e8 una Centrale remota operazioni di soccorso?<\/strong><\/p>\n<p>Questa \u00e8 una struttura prevista da una direttiva del Presidente del Consiglio dei Ministri del giugno del 2016. <strong>In Italia ce ne sono due, una a Pistoia e una Torino<\/strong> che non operano mai insieme contemporaneamente ma una per volta alternandosi. Quando si verifica una catastrofe che supera le disponibilit\u00e0 di una regione, e in questo momento stiamo parlando di una emergenza che, anche se con un distinguo importante, abbraccia tutte le Regioni italiane, nel momento in cui una o pi\u00f9 Regione non ce la fa con le proprie risorse sanitarie si rivolge al Dipartimento della Protezione Civile che attiva la CROSS di turno.&nbsp; In questa occasione eravamo in turno noi e siamo stati attivati. Cos\u00ec ci siamo messi in contatto con i referenti sanitari regionali per le emergenze, in Italia come previsto dalla direttiva sono 21, uno per ogni Regione e Provincia Autonoma, <strong>per capire quali sono le esigenze e se hanno necessit\u00e0 di traferire pazienti dalla terapia intensiva per liberare posti per altri pazienti da terapia intensiva legati all\u2019emergenza Coronavirus<\/strong>.<\/p>\n<p><strong>Come funziona la CROSS? <\/strong><\/p>\n<p>Funzioniamo come una centrale 118 e, infatti, la normativa indica che la CROSS deve essere istituita all&#8217;interno di una centrale operativa del 118. Di solito alla centrale arriva la segnalazione da parte di una persona che ha visto un incidente che chiama il 118 e descrive l&#8217;evento. La centrale operativa sulla base delle informazioni decide che mezzo inviare sul posto e guida il personale sanitario fino al ricovero in ospedale. In questo caso la procedura \u00e8 la stessa, il richiedente non \u00e8 un cittadino ma un referente sanitario esperto di queste cose che richiede i trasferimenti dei pazienti. A questo punto chiediamo al referente sanitario di un\u2019altra regione di avere la disponibilit\u00e0 di un posto letto, cos\u00ec <strong>sappiamo l&#8217;ospedale da cui parte il paziente e dove andare, capiamo le necessit\u00e0 cliniche del paziente, stabiliamo il mezzo per il trasferimento, ambulanza o elicottero, e lo seguiamo passo dopo passo<\/strong>. Attualmente, in questa emergenza per il Covid19, stiamo utilizzando quasi esclusivamente elicotteri grazie alle condizioni meteo favorevoli ed abbiamo richieste d\u2019aiuto da parte della Lombardia.<\/p>\n<p><strong>Come state aiutando la Lombardia?<\/strong><\/p>\n<p>Stiamo aiutando la <strong>Lombardia<\/strong> a traferire i pazienti in tutte quelle Regioni con disponibilit\u00e0 in terapia intensiva. La <strong>Toscana<\/strong> ha fatto la sua parte, solo ieri ne abbiamo trasferiti 4 nella nostra regione, ma abbiamo effettuato trasferimenti dalla Lombardia <strong>alla Liguria, Veneto, Piemonte e Friuli Venezia Giulia e a breve anche in Umbria<\/strong>. Ci stiamo sempre pi\u00f9 allontanando dalla Lombardia perch\u00e9 le Regioni limitrofe hanno finito le disponibilit\u00e0 di posti letto in terapia intensiva.<\/p>\n<p><strong>Di che numeri si parla?<\/strong><\/p>\n<p>Abbiamo trasferito <strong>oltre 20 pazienti<\/strong>, grazie alla disponibilit\u00e0 del personale e dei mezzi di Croce Rossa, Misericordia e Anpas. <strong>Si tratta di pazienti difficilissimi perch\u00e9 in condizioni molto gravi o clinicamente instabili<\/strong>, non per altro sono ricoverati in rianimazione e anche in rianimazione specialistiche come la cardiochirurgia o neurochirurgia. Per cui bisogna fare i trasferimenti con calma. Per esempio, quelli in ambulanza ci hanno portato via tantissimo tempo. Per un trasferimento da Varese a Trieste sono state necessarie 5 ore di ambulanza con a bordo personale specialistico e rianimatori. \u00c8 un numero considerevole, ne abbiamo altri che faremo in giornata e penso che alla fine dell\u2019emergenza i <strong>numeri saranno raddoppiati ma libereremo molti posti letto alla Lombardia per poter trattare altri pazienti<\/strong>.<\/p>\n<p><strong>Che personale \u00e8 impegnato nella CROSS? <\/strong><\/p>\n<p>\u00c8 <strong>sempre presente un medico<\/strong> nelle ore diurne con la reperibilit\u00e0 durante la notte, sono poi presenti <strong>infermieri e operatori tecnici<\/strong> in modo da garantire la copertura di turni sulle 24ore. Probabilmente, ci sar\u00e0 una alternanza con la CROSS di Torino perch\u00e9 \u00e8 un lavoro molto impegnativo e a differenza di altre volte, come nel caso dei terremoti di Ischia o dell\u2019Albania dove la nostra attivazione si \u00e8 conclusa in due\/tre giorni dopo aver trasferito i pazienti legati a quell\u2019evento, in questo caso non sappiamo quanto durer\u00e0 l\u2019emergenza legata al Covid19.<\/p>\n<p><iframe loading=\"lazy\" src=\"https:\/\/www.youtube.com\/embed\/IFfM0T0-x6o\" width=\"560\" height=\"315\" frameborder=\"0\" allowfullscreen=\"allowfullscreen\"><\/iframe><\/p>\n","protected":false},"excerpt":{"rendered":"<p>Parte da Pistoia il coordinamento per liberare i posti letto della terapia intensiva in Lombardia. Intervista a Piero Paolini direttore della CROSS<\/p>\n","protected":false},"author":507,"featured_media":77007,"comment_status":"open","ping_status":"open","sticky":false,"template":"","format":"standard","meta":{"_acf_changed":false,"footnotes":""},"categories":[18],"tags":[215],"class_list":["post-43739","post","type-post","status-publish","format-standard","has-post-thumbnail","hentry","category-salute","tag-pistoia"],"acf":[],"yoast_head":"<!-- This site is optimized with the Yoast SEO Premium plugin v24.2 (Yoast SEO v25.6) - https:\/\/yoast.com\/wordpress\/plugins\/seo\/ -->\n<title>Covid-19: attivata la CROSS di Pistoia, cos\u2019\u00e8 e come funziona - intoscana<\/title>\n<meta name=\"robots\" content=\"index, follow, max-snippet:-1, max-image-preview:large, max-video-preview:-1\" \/>\n<link rel=\"canonical\" href=\"https:\/\/www.intoscana.it\/it\/crosspistoiacoronavirus\/\" \/>\n<meta property=\"og:locale\" content=\"it_IT\" \/>\n<meta property=\"og:type\" content=\"article\" \/>\n<meta property=\"og:title\" content=\"Covid-19: attivata la CROSS di Pistoia, cos\u2019\u00e8 e come funziona\" \/>\n<meta property=\"og:description\" content=\"Parte da Pistoia il coordinamento per liberare i posti letto della terapia intensiva in Lombardia. Intervista a Piero Paolini direttore della CROSS\" \/>\n<meta property=\"og:url\" content=\"https:\/\/www.intoscana.it\/it\/crosspistoiacoronavirus\/\" \/>\n<meta property=\"og:site_name\" content=\"intoscana\" \/>\n<meta property=\"article:publisher\" content=\"https:\/\/www.facebook.com\/intoscana.it\" \/>\n<meta property=\"article:published_time\" content=\"2020-03-10T14:48:04+00:00\" \/>\n<meta property=\"article:modified_time\" content=\"2020-05-19T13:24:19+00:00\" \/>\n<meta property=\"og:image\" content=\"https:\/\/www.intoscana.it\/wp-content\/uploads\/cross_pistoia.jpg\" \/>\n\t<meta property=\"og:image:width\" content=\"640\" \/>\n\t<meta property=\"og:image:height\" content=\"361\" \/>\n\t<meta property=\"og:image:type\" content=\"image\/jpeg\" \/>\n<meta name=\"author\" content=\"Chiara Bianchini\" \/>\n<meta name=\"twitter:card\" content=\"summary_large_image\" \/>\n<meta name=\"twitter:creator\" content=\"@intoscana\" \/>\n<meta name=\"twitter:site\" content=\"@intoscana\" \/>\n<meta name=\"twitter:label1\" content=\"Written by\" \/>\n\t<meta name=\"twitter:data1\" content=\"Chiara Bianchini\" \/>\n\t<meta name=\"twitter:label2\" content=\"Est. reading time\" \/>\n\t<meta name=\"twitter:data2\" content=\"4 minuti\" \/>\n<script type=\"application\/ld+json\" class=\"yoast-schema-graph\">{\"@context\":\"https:\/\/schema.org\",\"@graph\":[{\"@type\":\"WebPage\",\"@id\":\"https:\/\/www.intoscana.it\/it\/crosspistoiacoronavirus\/\",\"url\":\"https:\/\/www.intoscana.it\/it\/crosspistoiacoronavirus\/\",\"name\":\"Covid-19: attivata la CROSS di Pistoia, cos\u2019\u00e8 e come funziona - intoscana\",\"isPartOf\":{\"@id\":\"https:\/\/www.intoscana.it\/it\/#website\"},\"primaryImageOfPage\":{\"@id\":\"https:\/\/www.intoscana.it\/it\/crosspistoiacoronavirus\/#primaryimage\"},\"image\":{\"@id\":\"https:\/\/www.intoscana.it\/it\/crosspistoiacoronavirus\/#primaryimage\"},\"thumbnailUrl\":\"https:\/\/www.intoscana.it\/wp-content\/uploads\/cross_pistoia.jpg\",\"datePublished\":\"2020-03-10T14:48:04+00:00\",\"dateModified\":\"2020-05-19T13:24:19+00:00\",\"author\":{\"@id\":\"https:\/\/www.intoscana.it\/it\/#\/schema\/person\/010af92117f50561886339ad5b873a41\"},\"breadcrumb\":{\"@id\":\"https:\/\/www.intoscana.it\/it\/crosspistoiacoronavirus\/#breadcrumb\"},\"inLanguage\":\"it-IT\",\"potentialAction\":[{\"@type\":\"ReadAction\",\"target\":[\"https:\/\/www.intoscana.it\/it\/crosspistoiacoronavirus\/\"]}]},{\"@type\":\"ImageObject\",\"inLanguage\":\"it-IT\",\"@id\":\"https:\/\/www.intoscana.it\/it\/crosspistoiacoronavirus\/#primaryimage\",\"url\":\"https:\/\/www.intoscana.it\/wp-content\/uploads\/cross_pistoia.jpg\",\"contentUrl\":\"https:\/\/www.intoscana.it\/wp-content\/uploads\/cross_pistoia.jpg\",\"width\":640,\"height\":361,\"caption\":\"Ucraina Cross di Pistoia\"},{\"@type\":\"BreadcrumbList\",\"@id\":\"https:\/\/www.intoscana.it\/it\/crosspistoiacoronavirus\/#breadcrumb\",\"itemListElement\":[{\"@type\":\"ListItem\",\"position\":1,\"name\":\"Home\",\"item\":\"https:\/\/www.intoscana.it\/it\/\"},{\"@type\":\"ListItem\",\"position\":2,\"name\":\"Covid-19: attivata la CROSS di Pistoia, cos\u2019\u00e8 e come funziona\"}]},{\"@type\":\"WebSite\",\"@id\":\"https:\/\/www.intoscana.it\/it\/#website\",\"url\":\"https:\/\/www.intoscana.it\/it\/\",\"name\":\"intoscana\",\"description\":\"\",\"potentialAction\":[{\"@type\":\"SearchAction\",\"target\":{\"@type\":\"EntryPoint\",\"urlTemplate\":\"https:\/\/www.intoscana.it\/it\/?s={search_term_string}\"},\"query-input\":{\"@type\":\"PropertyValueSpecification\",\"valueRequired\":true,\"valueName\":\"search_term_string\"}}],\"inLanguage\":\"it-IT\"},{\"@type\":\"Person\",\"@id\":\"https:\/\/www.intoscana.it\/it\/#\/schema\/person\/010af92117f50561886339ad5b873a41\",\"name\":\"Chiara Bianchini\",\"sameAs\":[\"c.bianchini@fst.it\"],\"url\":\"https:\/\/www.intoscana.it\/it\/author\/chiara-bianchini\/\"}]}<\/script>\n<!-- \/ Yoast SEO Premium plugin. -->","yoast_head_json":{"title":"Covid-19: attivata la CROSS di Pistoia, cos\u2019\u00e8 e come funziona - intoscana","robots":{"index":"index","follow":"follow","max-snippet":"max-snippet:-1","max-image-preview":"max-image-preview:large","max-video-preview":"max-video-preview:-1"},"canonical":"https:\/\/www.intoscana.it\/it\/crosspistoiacoronavirus\/","og_locale":"it_IT","og_type":"article","og_title":"Covid-19: attivata la CROSS di Pistoia, cos\u2019\u00e8 e come funziona","og_description":"Parte da Pistoia il coordinamento per liberare i posti letto della terapia intensiva in Lombardia. Intervista a Piero Paolini direttore della CROSS","og_url":"https:\/\/www.intoscana.it\/it\/crosspistoiacoronavirus\/","og_site_name":"intoscana","article_publisher":"https:\/\/www.facebook.com\/intoscana.it","article_published_time":"2020-03-10T14:48:04+00:00","article_modified_time":"2020-05-19T13:24:19+00:00","og_image":[{"width":640,"height":361,"url":"https:\/\/www.intoscana.it\/wp-content\/uploads\/cross_pistoia.jpg","type":"image\/jpeg"}],"author":"Chiara Bianchini","twitter_card":"summary_large_image","twitter_creator":"@intoscana","twitter_site":"@intoscana","twitter_misc":{"Written by":"Chiara Bianchini","Est. reading time":"4 minuti"},"schema":{"@context":"https:\/\/schema.org","@graph":[{"@type":"WebPage","@id":"https:\/\/www.intoscana.it\/it\/crosspistoiacoronavirus\/","url":"https:\/\/www.intoscana.it\/it\/crosspistoiacoronavirus\/","name":"Covid-19: attivata la CROSS di Pistoia, cos\u2019\u00e8 e come funziona - intoscana","isPartOf":{"@id":"https:\/\/www.intoscana.it\/it\/#website"},"primaryImageOfPage":{"@id":"https:\/\/www.intoscana.it\/it\/crosspistoiacoronavirus\/#primaryimage"},"image":{"@id":"https:\/\/www.intoscana.it\/it\/crosspistoiacoronavirus\/#primaryimage"},"thumbnailUrl":"https:\/\/www.intoscana.it\/wp-content\/uploads\/cross_pistoia.jpg","datePublished":"2020-03-10T14:48:04+00:00","dateModified":"2020-05-19T13:24:19+00:00","author":{"@id":"https:\/\/www.intoscana.it\/it\/#\/schema\/person\/010af92117f50561886339ad5b873a41"},"breadcrumb":{"@id":"https:\/\/www.intoscana.it\/it\/crosspistoiacoronavirus\/#breadcrumb"},"inLanguage":"it-IT","potentialAction":[{"@type":"ReadAction","target":["https:\/\/www.intoscana.it\/it\/crosspistoiacoronavirus\/"]}]},{"@type":"ImageObject","inLanguage":"it-IT","@id":"https:\/\/www.intoscana.it\/it\/crosspistoiacoronavirus\/#primaryimage","url":"https:\/\/www.intoscana.it\/wp-content\/uploads\/cross_pistoia.jpg","contentUrl":"https:\/\/www.intoscana.it\/wp-content\/uploads\/cross_pistoia.jpg","width":640,"height":361,"caption":"Ucraina Cross di Pistoia"},{"@type":"BreadcrumbList","@id":"https:\/\/www.intoscana.it\/it\/crosspistoiacoronavirus\/#breadcrumb","itemListElement":[{"@type":"ListItem","position":1,"name":"Home","item":"https:\/\/www.intoscana.it\/it\/"},{"@type":"ListItem","position":2,"name":"Covid-19: attivata la CROSS di Pistoia, cos\u2019\u00e8 e come funziona"}]},{"@type":"WebSite","@id":"https:\/\/www.intoscana.it\/it\/#website","url":"https:\/\/www.intoscana.it\/it\/","name":"intoscana","description":"","potentialAction":[{"@type":"SearchAction","target":{"@type":"EntryPoint","urlTemplate":"https:\/\/www.intoscana.it\/it\/?s={search_term_string}"},"query-input":{"@type":"PropertyValueSpecification","valueRequired":true,"valueName":"search_term_string"}}],"inLanguage":"it-IT"},{"@type":"Person","@id":"https:\/\/www.intoscana.it\/it\/#\/schema\/person\/010af92117f50561886339ad5b873a41","name":"Chiara Bianchini","sameAs":["c.bianchini@fst.it"],"url":"https:\/\/www.intoscana.it\/it\/author\/chiara-bianchini\/"}]}},"_links":{"self":[{"href":"https:\/\/www.intoscana.it\/it\/wp-json\/wp\/v2\/posts\/43739","targetHints":{"allow":["GET"]}}],"collection":[{"href":"https:\/\/www.intoscana.it\/it\/wp-json\/wp\/v2\/posts"}],"about":[{"href":"https:\/\/www.intoscana.it\/it\/wp-json\/wp\/v2\/types\/post"}],"author":[{"embeddable":true,"href":"https:\/\/www.intoscana.it\/it\/wp-json\/wp\/v2\/users\/507"}],"replies":[{"embeddable":true,"href":"https:\/\/www.intoscana.it\/it\/wp-json\/wp\/v2\/comments?post=43739"}],"version-history":[{"count":0,"href":"https:\/\/www.intoscana.it\/it\/wp-json\/wp\/v2\/posts\/43739\/revisions"}],"wp:featuredmedia":[{"embeddable":true,"href":"https:\/\/www.intoscana.it\/it\/wp-json\/wp\/v2\/media\/77007"}],"wp:attachment":[{"href":"https:\/\/www.intoscana.it\/it\/wp-json\/wp\/v2\/media?parent=43739"}],"wp:term":[{"taxonomy":"category","embeddable":true,"href":"https:\/\/www.intoscana.it\/it\/wp-json\/wp\/v2\/categories?post=43739"},{"taxonomy":"post_tag","embeddable":true,"href":"https:\/\/www.intoscana.it\/it\/wp-json\/wp\/v2\/tags?post=43739"}],"curies":[{"name":"wp","href":"https:\/\/api.w.org\/{rel}","templated":true}]}}