{"id":43740,"date":"2020-03-09T16:22:51","date_gmt":"2020-03-09T16:22:51","guid":{"rendered":"http:\/\/www.intoscana.it\/chi-arriva-dalle-zone-rosse-torni-a-casa-lappello-di-rossi\/"},"modified":"2020-05-19T15:24:20","modified_gmt":"2020-05-19T13:24:20","slug":"rossi-zone-rosse-appello","status":"publish","type":"post","link":"https:\/\/www.intoscana.it\/it\/rossi-zone-rosse-appello\/","title":{"rendered":"&#8216;Chi arriva dalle zone rosse torni a casa&#8217;, l&#8217;appello di Rossi"},"content":{"rendered":"<p><em>\u201cI nostri luoghi di villeggiatura presi d\u2019assalto da persone che provengono dalla Lombardia e dalle 14 province dove, per contenerne la diffusione, \u00e8 vietato entrare e uscire se non per motivi gravi. Invito queste persone a tornarsene a casa. E\u2019 un atto di responsabilit\u00e0. Queste misure vanno rispettate come senso di appartenenza alla propria comunit\u00e0. Nessuno si salva da solo\u201d. <\/em>Con queste parole il governatore della Toscana <strong>Enrico Rossi<\/strong> ha aperto l&#8217;incontro con i giornalisti in Regione, a Firenze.&nbsp;<\/p>\n<p><em><span style=\"text-decoration: underline;\"><strong>L&#8217;appello di Rossi, &#8216;serve buonsenso&#8217;<\/strong><\/span>&nbsp;&#8211; \u201cUna situazione cos\u00ec delicata e complessa come quella che stiamo vivendo esige buon senso e attenersi scrupolosamente alle misure predisposte dal Governo<\/em> \u2013 ha ribadito Rossi. <em>Chi viene da queste aree pu\u00f2 facilmente diventare veicolo grave di infezione e di diffusione del virus, vanificando tutti gli sforzi che stiamo facendo per contenere il contagio. Un conto \u00e8 venire in Toscana per motivi di salute, di lavoro o per necessit\u00e0, un altro \u00e8 arrivare qui per trascorrere una vacanza in un momento in cui a ciascuno di noi \u00e8 chiesto di fare la propria parte con senso civico. Inoltre, non essendo residenti e non avendo il medico di famiglia, finirebbero negli ospedali che invece devono essere protetti. Prendere d\u2019assalto i luoghi di villeggiatura, come l\u2019Abetone, quando occorre evitare spostamenti e assembramenti, mette in difficolt\u00e0 il lavoro di tutti e in serio pericolo la salute dei cittadini. Serve responsabilit\u00e0 e la massima collaborazione da parte di tutti. In un incontro avuto stamani con gli albergatori ho chiesto loro di non accogliere persone provenienti dalle aree rosse e di invitare chi stanno gi\u00e0 ospitando a tornare a casa propria. Quando questa emergenza sar\u00e0 finita promuoveremo una serie di iniziative per accogliere al meglio i vacanzieri in Toscana\u201d.<\/em><\/p>\n<p><em><span style=\"text-decoration: underline;\"><strong>La situazione negli ospedali e le nuove misure per accesso e cure<\/strong><\/span> &#8211; <\/em>Rossi ha fatto il punto anche sui posti in terapia intensiva, aumentati negli ultimi anni.&nbsp;<em>&#8220;In Toscana dal 2005 ad oggi i posti letto di terapia intensiva sono aumentati del 30%: da 347 a 447. Credo che sia un numero molto alto rispetto agli altri che ci sono nel Paese. Nelle terapie intensive prenderemo in carico i pazienti che ne hanno necessit\u00e0&#8221;.<\/em><\/p>\n<p><em>&#8220;Oltre a quelle presenti nel pubblico, cercheremo di utilizzare anche le terapie intensive presenti nel privato. Per\u00f2 sarebbe un errore concentrare tutto nelle terapie intensive<\/em> &#8211; ha chiarito &#8211; P<em>er coloro che non hanno necessit\u00e0 della terapia intensiva, ma non possono neanche essere assistiti a domicilio, creeremo una sorta di reparti &#8220;bolla&#8221;, asettici, sigillati al Coronavirus. In una ventina di ospedali che abbiamo gi\u00e0 individuato, saranno a disposizione 2.000-3.000 posti letto per adeguare la cura al livello dei bisogni. Reparti dove queste persone saranno curate da internisti, infettivologi, pneumologi, immunologi. Inoltre abbiamo deciso di fare il tampone a tutti coloro che verranno in ospedale. Ancora, creeremo degli &#8220;alberghi sanitari&#8221;, per le persone che non possono stare in isolamento a casa, con personale dedicato&#8221;.<\/em><\/p>\n<p>Il presidente Rossi ha ricordato anche le altre misure messe in atto o allo studio: <em>&#8220;Abbiamo bloccato tutti gli interventi programmati, tranne quelli oncologici o salvavita. E vogliamo dare una stretta anche sui visitatori: entrer\u00e0 in ospedale solo chi deve fare assistenza, gli altri tornano a casa&#8221;.<\/em><\/p>\n<p>Quanto alla disponibilit\u00e0 di letti di terapia intensiva per i pazienti di altre regioni, l&#8217;<strong>assessore Saccard<\/strong>i ha informato che nei giorni scorsi la Toscana ha ospitato tre pazienti (non Covid) dalle Marche, e ora ha dato la disponibilit\u00e0 per altri tre&#8221;.<\/p>\n<p><span style=\"text-decoration: underline;\"><em><strong>43 nuovi casi positivi in Toscana<\/strong><\/em> <\/span>&#8211;&nbsp;Sono 43 i nuovi casi di Covid-19 registrati in Toscana nelle ultime ventiquattro ore, ieri erano 53.&nbsp;&nbsp;I contagiati dall\u2019inizio dell\u2019emergenza salgono dunque in tutta la regione a 208, comprese tre persone clinicamente guarite, un deceduto e un paziente definitivamente guarito.&nbsp;Salgono a 2.522 le persone in isolamento a casa in tutta la Toscana, 128 in pi\u00f9 rispetto a ieri. Di queste 716 erano le persone prese in carico da numero dedicato e 1.086 da contatti stretti con casi positivi.&nbsp;In totale, dall\u2019inizio dell\u2019emergenza, sono state testate 1711&nbsp;persone di cui&nbsp;1432&nbsp;negative, 208&nbsp;positive e 71 in corso.<\/p>\n<p>&nbsp;<\/p>\n","protected":false},"excerpt":{"rendered":"<p>43 nuovi casi positivi in Toscana. Il bilancio ad oggi \u00e8 di 2522 persone in isolamento a casa. I contagiati sono 208, comprese 3 persone clinicamente guarite e una deceduta<\/p>\n","protected":false},"author":525,"featured_media":77008,"comment_status":"open","ping_status":"open","sticky":false,"template":"","format":"standard","meta":{"_acf_changed":false,"footnotes":""},"categories":[18],"tags":[],"class_list":["post-43740","post","type-post","status-publish","format-standard","has-post-thumbnail","hentry","category-salute"],"acf":[],"yoast_head":"<!-- This site is optimized with the Yoast SEO Premium plugin v24.2 (Yoast SEO v25.6) - https:\/\/yoast.com\/wordpress\/plugins\/seo\/ -->\n<title>&#039;Chi arriva dalle zone rosse torni a casa&#039;, l&#039;appello di Rossi - intoscana<\/title>\n<meta name=\"description\" content=\"Corona Virus, l&#039;appello di Rossi per chi arriva dalle zone rosse di rientrare a casa, oggi 43 nuovi casi positivi in Toscana e oltre 2522 in isolamento a casa.\" \/>\n<meta name=\"robots\" content=\"index, follow, max-snippet:-1, max-image-preview:large, max-video-preview:-1\" \/>\n<link rel=\"canonical\" href=\"https:\/\/www.intoscana.it\/it\/rossi-zone-rosse-appello\/\" \/>\n<meta property=\"og:locale\" content=\"it_IT\" \/>\n<meta property=\"og:type\" content=\"article\" \/>\n<meta property=\"og:title\" content=\"&#039;Chi arriva dalle zone rosse torni a casa&#039;, l&#039;appello di Rossi\" \/>\n<meta property=\"og:description\" content=\"Corona Virus, l&#039;appello di Rossi per chi arriva dalle zone rosse di rientrare a casa, oggi 43 nuovi casi positivi in Toscana e oltre 2522 in isolamento a casa.\" \/>\n<meta property=\"og:url\" content=\"https:\/\/www.intoscana.it\/it\/rossi-zone-rosse-appello\/\" \/>\n<meta property=\"og:site_name\" content=\"intoscana\" \/>\n<meta property=\"article:publisher\" content=\"https:\/\/www.facebook.com\/intoscana.it\" \/>\n<meta property=\"article:published_time\" content=\"2020-03-09T16:22:51+00:00\" \/>\n<meta property=\"article:modified_time\" content=\"2020-05-19T13:24:20+00:00\" \/>\n<meta property=\"og:image\" content=\"https:\/\/www.intoscana.it\/wp-content\/uploads\/corona-virus-immagine-1.jpg\" \/>\n\t<meta property=\"og:image:width\" content=\"2000\" \/>\n\t<meta property=\"og:image:height\" content=\"1334\" \/>\n\t<meta property=\"og:image:type\" content=\"image\/jpeg\" \/>\n<meta name=\"author\" content=\"Redazione\" \/>\n<meta name=\"twitter:card\" content=\"summary_large_image\" \/>\n<meta name=\"twitter:creator\" content=\"@intoscana\" \/>\n<meta name=\"twitter:site\" content=\"@intoscana\" \/>\n<meta name=\"twitter:label1\" content=\"Written by\" \/>\n\t<meta name=\"twitter:data1\" content=\"Redazione\" \/>\n\t<meta name=\"twitter:label2\" content=\"Est. reading time\" \/>\n\t<meta name=\"twitter:data2\" content=\"3 minuti\" \/>\n<script type=\"application\/ld+json\" class=\"yoast-schema-graph\">{\"@context\":\"https:\/\/schema.org\",\"@graph\":[{\"@type\":\"WebPage\",\"@id\":\"https:\/\/www.intoscana.it\/it\/rossi-zone-rosse-appello\/\",\"url\":\"https:\/\/www.intoscana.it\/it\/rossi-zone-rosse-appello\/\",\"name\":\"'Chi arriva dalle zone rosse torni a casa', l'appello di Rossi - intoscana\",\"isPartOf\":{\"@id\":\"https:\/\/www.intoscana.it\/it\/#website\"},\"primaryImageOfPage\":{\"@id\":\"https:\/\/www.intoscana.it\/it\/rossi-zone-rosse-appello\/#primaryimage\"},\"image\":{\"@id\":\"https:\/\/www.intoscana.it\/it\/rossi-zone-rosse-appello\/#primaryimage\"},\"thumbnailUrl\":\"https:\/\/www.intoscana.it\/wp-content\/uploads\/corona-virus-immagine-1.jpg\",\"datePublished\":\"2020-03-09T16:22:51+00:00\",\"dateModified\":\"2020-05-19T13:24:20+00:00\",\"author\":{\"@id\":\"https:\/\/www.intoscana.it\/it\/#\/schema\/person\/9223810753230f20bd670fdd322661f8\"},\"description\":\"Corona Virus, l'appello di Rossi per chi arriva dalle zone rosse di rientrare a casa, oggi 43 nuovi casi positivi in Toscana e oltre 2522 in isolamento a casa.\",\"breadcrumb\":{\"@id\":\"https:\/\/www.intoscana.it\/it\/rossi-zone-rosse-appello\/#breadcrumb\"},\"inLanguage\":\"it-IT\",\"potentialAction\":[{\"@type\":\"ReadAction\",\"target\":[\"https:\/\/www.intoscana.it\/it\/rossi-zone-rosse-appello\/\"]}]},{\"@type\":\"ImageObject\",\"inLanguage\":\"it-IT\",\"@id\":\"https:\/\/www.intoscana.it\/it\/rossi-zone-rosse-appello\/#primaryimage\",\"url\":\"https:\/\/www.intoscana.it\/wp-content\/uploads\/corona-virus-immagine-1.jpg\",\"contentUrl\":\"https:\/\/www.intoscana.it\/wp-content\/uploads\/corona-virus-immagine-1.jpg\",\"width\":2000,\"height\":1334},{\"@type\":\"BreadcrumbList\",\"@id\":\"https:\/\/www.intoscana.it\/it\/rossi-zone-rosse-appello\/#breadcrumb\",\"itemListElement\":[{\"@type\":\"ListItem\",\"position\":1,\"name\":\"Home\",\"item\":\"https:\/\/www.intoscana.it\/it\/\"},{\"@type\":\"ListItem\",\"position\":2,\"name\":\"&#8216;Chi arriva dalle zone rosse torni a casa&#8217;, l&#8217;appello di Rossi\"}]},{\"@type\":\"WebSite\",\"@id\":\"https:\/\/www.intoscana.it\/it\/#website\",\"url\":\"https:\/\/www.intoscana.it\/it\/\",\"name\":\"intoscana\",\"description\":\"\",\"potentialAction\":[{\"@type\":\"SearchAction\",\"target\":{\"@type\":\"EntryPoint\",\"urlTemplate\":\"https:\/\/www.intoscana.it\/it\/?s={search_term_string}\"},\"query-input\":{\"@type\":\"PropertyValueSpecification\",\"valueRequired\":true,\"valueName\":\"search_term_string\"}}],\"inLanguage\":\"it-IT\"},{\"@type\":\"Person\",\"@id\":\"https:\/\/www.intoscana.it\/it\/#\/schema\/person\/9223810753230f20bd670fdd322661f8\",\"name\":\"Redazione\",\"url\":\"https:\/\/www.intoscana.it\/it\/author\/redazione\/\"}]}<\/script>\n<!-- \/ Yoast SEO Premium plugin. -->","yoast_head_json":{"title":"'Chi arriva dalle zone rosse torni a casa', l'appello di Rossi - intoscana","description":"Corona Virus, l'appello di Rossi per chi arriva dalle zone rosse di rientrare a casa, oggi 43 nuovi casi positivi in Toscana e oltre 2522 in isolamento a casa.","robots":{"index":"index","follow":"follow","max-snippet":"max-snippet:-1","max-image-preview":"max-image-preview:large","max-video-preview":"max-video-preview:-1"},"canonical":"https:\/\/www.intoscana.it\/it\/rossi-zone-rosse-appello\/","og_locale":"it_IT","og_type":"article","og_title":"'Chi arriva dalle zone rosse torni a casa', l'appello di Rossi","og_description":"Corona Virus, l'appello di Rossi per chi arriva dalle zone rosse di rientrare a casa, oggi 43 nuovi casi positivi in Toscana e oltre 2522 in isolamento a casa.","og_url":"https:\/\/www.intoscana.it\/it\/rossi-zone-rosse-appello\/","og_site_name":"intoscana","article_publisher":"https:\/\/www.facebook.com\/intoscana.it","article_published_time":"2020-03-09T16:22:51+00:00","article_modified_time":"2020-05-19T13:24:20+00:00","og_image":[{"width":2000,"height":1334,"url":"https:\/\/www.intoscana.it\/wp-content\/uploads\/corona-virus-immagine-1.jpg","type":"image\/jpeg"}],"author":"Redazione","twitter_card":"summary_large_image","twitter_creator":"@intoscana","twitter_site":"@intoscana","twitter_misc":{"Written by":"Redazione","Est. reading time":"3 minuti"},"schema":{"@context":"https:\/\/schema.org","@graph":[{"@type":"WebPage","@id":"https:\/\/www.intoscana.it\/it\/rossi-zone-rosse-appello\/","url":"https:\/\/www.intoscana.it\/it\/rossi-zone-rosse-appello\/","name":"'Chi arriva dalle zone rosse torni a casa', l'appello di Rossi - intoscana","isPartOf":{"@id":"https:\/\/www.intoscana.it\/it\/#website"},"primaryImageOfPage":{"@id":"https:\/\/www.intoscana.it\/it\/rossi-zone-rosse-appello\/#primaryimage"},"image":{"@id":"https:\/\/www.intoscana.it\/it\/rossi-zone-rosse-appello\/#primaryimage"},"thumbnailUrl":"https:\/\/www.intoscana.it\/wp-content\/uploads\/corona-virus-immagine-1.jpg","datePublished":"2020-03-09T16:22:51+00:00","dateModified":"2020-05-19T13:24:20+00:00","author":{"@id":"https:\/\/www.intoscana.it\/it\/#\/schema\/person\/9223810753230f20bd670fdd322661f8"},"description":"Corona Virus, l'appello di Rossi per chi arriva dalle zone rosse di rientrare a casa, oggi 43 nuovi casi positivi in Toscana e oltre 2522 in isolamento a casa.","breadcrumb":{"@id":"https:\/\/www.intoscana.it\/it\/rossi-zone-rosse-appello\/#breadcrumb"},"inLanguage":"it-IT","potentialAction":[{"@type":"ReadAction","target":["https:\/\/www.intoscana.it\/it\/rossi-zone-rosse-appello\/"]}]},{"@type":"ImageObject","inLanguage":"it-IT","@id":"https:\/\/www.intoscana.it\/it\/rossi-zone-rosse-appello\/#primaryimage","url":"https:\/\/www.intoscana.it\/wp-content\/uploads\/corona-virus-immagine-1.jpg","contentUrl":"https:\/\/www.intoscana.it\/wp-content\/uploads\/corona-virus-immagine-1.jpg","width":2000,"height":1334},{"@type":"BreadcrumbList","@id":"https:\/\/www.intoscana.it\/it\/rossi-zone-rosse-appello\/#breadcrumb","itemListElement":[{"@type":"ListItem","position":1,"name":"Home","item":"https:\/\/www.intoscana.it\/it\/"},{"@type":"ListItem","position":2,"name":"&#8216;Chi arriva dalle zone rosse torni a casa&#8217;, l&#8217;appello di Rossi"}]},{"@type":"WebSite","@id":"https:\/\/www.intoscana.it\/it\/#website","url":"https:\/\/www.intoscana.it\/it\/","name":"intoscana","description":"","potentialAction":[{"@type":"SearchAction","target":{"@type":"EntryPoint","urlTemplate":"https:\/\/www.intoscana.it\/it\/?s={search_term_string}"},"query-input":{"@type":"PropertyValueSpecification","valueRequired":true,"valueName":"search_term_string"}}],"inLanguage":"it-IT"},{"@type":"Person","@id":"https:\/\/www.intoscana.it\/it\/#\/schema\/person\/9223810753230f20bd670fdd322661f8","name":"Redazione","url":"https:\/\/www.intoscana.it\/it\/author\/redazione\/"}]}},"_links":{"self":[{"href":"https:\/\/www.intoscana.it\/it\/wp-json\/wp\/v2\/posts\/43740","targetHints":{"allow":["GET"]}}],"collection":[{"href":"https:\/\/www.intoscana.it\/it\/wp-json\/wp\/v2\/posts"}],"about":[{"href":"https:\/\/www.intoscana.it\/it\/wp-json\/wp\/v2\/types\/post"}],"author":[{"embeddable":true,"href":"https:\/\/www.intoscana.it\/it\/wp-json\/wp\/v2\/users\/525"}],"replies":[{"embeddable":true,"href":"https:\/\/www.intoscana.it\/it\/wp-json\/wp\/v2\/comments?post=43740"}],"version-history":[{"count":0,"href":"https:\/\/www.intoscana.it\/it\/wp-json\/wp\/v2\/posts\/43740\/revisions"}],"wp:featuredmedia":[{"embeddable":true,"href":"https:\/\/www.intoscana.it\/it\/wp-json\/wp\/v2\/media\/77008"}],"wp:attachment":[{"href":"https:\/\/www.intoscana.it\/it\/wp-json\/wp\/v2\/media?parent=43740"}],"wp:term":[{"taxonomy":"category","embeddable":true,"href":"https:\/\/www.intoscana.it\/it\/wp-json\/wp\/v2\/categories?post=43740"},{"taxonomy":"post_tag","embeddable":true,"href":"https:\/\/www.intoscana.it\/it\/wp-json\/wp\/v2\/tags?post=43740"}],"curies":[{"name":"wp","href":"https:\/\/api.w.org\/{rel}","templated":true}]}}