{"id":43781,"date":"2019-12-07T11:58:56","date_gmt":"2019-12-07T11:58:56","guid":{"rendered":"http:\/\/www.intoscana.it\/nel-cuore-di-lucignana-nasce-un-cottage-letterario\/"},"modified":"2020-05-19T15:24:27","modified_gmt":"2020-05-19T13:24:27","slug":"cottage-letterario-garfagnana","status":"publish","type":"post","link":"https:\/\/www.intoscana.it\/it\/cottage-letterario-garfagnana\/","title":{"rendered":"Nel cuore di Lucignana nasce un cottage letterario"},"content":{"rendered":"<p>Si chiama la &#8216;Libreria sopra la Penna&#8217; ed \u00e8 il suggestivo cottage letterario realizzato a Lucignana &#8211; una piccola localit\u00e0 della Garfagnana &#8211; dalla poetessa Alba Donati, presidente del Gabinetto Viesseux di Firenze.<\/p>\n<p>Donati ha dato dunque vita&nbsp;con l&#8217;aiuto dell&#8217;architetto <strong>Valeria Ioele<\/strong> il suo piccolo spazio letterario in <strong>un orto nel cuore del piccolo borgo<\/strong>, inaugurato proprio questo 7 dicembre.<\/p>\n<p>Libri di narrativa, poesia, saggistica, noir, volumi per l&#8217;infanzia e anche le marmellate letterarie della violinista Anna Orvieto, come quella alle mele renette di Virginia Woolf, ma pure il t\u00e8 di Jane Austen e le tazze di Alice, collane con le parole di Sylvia Plath o con i fiori di Emily Dickinson, mazzi di rose dalle pagine di Orgoglio e pregiudizio: tutto \u00e8 stato scelto secondo il gusto e le sensazioni di Alba Donati, originaria di Lucca e che vive tra Firenze e Lucignana.<\/p>\n<p><em> &#8220;Volevo fare una cosa davvero mia<\/em> &#8211; spiega la fondatrice&nbsp;<em>&#8211; che corrispondesse a un desiderio profondo. E dunque valorizzare il mio paese, partire dai libri belli, e creare uno spazio aperto a tutti, una specie di &#8216;giardino d&#8217;inverno&#8217; accogliente dove leggere, chiacchierare, prendere un caff\u00e8, fare attivit\u00e0 per i pi\u00f9 piccoli, incontri con gli autori&#8221;<\/em>.<\/p>\n<p>Il cottage letterario ospiter\u00e0 anche una serie di eventi, tutti su prenotazione. Il primo appuntamento \u00e8 per il 23 dicembre, alle 16.30, con l&#8217;attrice versiliese<strong> Elisabetta Salvatori<\/strong> che racconter\u00e0 una serie di favole ispirate alla magia del Natale.<\/p>\n","protected":false},"excerpt":{"rendered":"<p>Siamo a Coreglia Antelminelli, in Garfagnana. Qui la poetessa Alba Donati ha realizzato questo progetto grazie ad una campagna di crowdfunding lanciata su Facebook: spazio a libri di narrativa, poesia, saggistica, noir, volumi per l&#8217;infanzia<\/p>\n","protected":false},"author":525,"featured_media":77048,"comment_status":"open","ping_status":"open","sticky":false,"template":"","format":"standard","meta":{"_acf_changed":false,"footnotes":""},"categories":[493,5],"tags":[],"class_list":["post-43781","post","type-post","status-publish","format-standard","has-post-thumbnail","hentry","category-cultura","category-arte-e-cultura"],"acf":[],"yoast_head":"<!-- This site is optimized with the Yoast SEO Premium plugin v24.2 (Yoast SEO v25.6) - https:\/\/yoast.com\/wordpress\/plugins\/seo\/ -->\n<title>Nel cuore di Lucignana nasce un cottage letterario - intoscana<\/title>\n<meta name=\"description\" content=\"La poetessa Alba Donati ha dato vita in Garfagnana ad un cottage letterario. un progetto realizzato grazie ad una campagna di crowdfunding lanciata su Facebook\" \/>\n<meta name=\"robots\" content=\"index, follow, max-snippet:-1, max-image-preview:large, max-video-preview:-1\" \/>\n<link rel=\"canonical\" href=\"https:\/\/www.intoscana.it\/it\/cottage-letterario-garfagnana\/\" \/>\n<meta property=\"og:locale\" content=\"it_IT\" \/>\n<meta property=\"og:type\" content=\"article\" \/>\n<meta property=\"og:title\" content=\"Nel cuore di Lucignana nasce un cottage letterario\" \/>\n<meta property=\"og:description\" content=\"La poetessa Alba Donati ha dato vita in Garfagnana ad un cottage letterario. un progetto realizzato grazie ad una campagna di crowdfunding lanciata su Facebook\" \/>\n<meta property=\"og:url\" content=\"https:\/\/www.intoscana.it\/it\/cottage-letterario-garfagnana\/\" \/>\n<meta property=\"og:site_name\" content=\"intoscana\" \/>\n<meta property=\"article:publisher\" content=\"https:\/\/www.facebook.com\/intoscana.it\" \/>\n<meta property=\"article:published_time\" content=\"2019-12-07T11:58:56+00:00\" \/>\n<meta property=\"article:modified_time\" content=\"2020-05-19T13:24:27+00:00\" \/>\n<meta property=\"og:image\" content=\"https:\/\/www.intoscana.it\/wp-content\/uploads\/17f18226959a9893e4157e065c908de0.jpg\" \/>\n\t<meta property=\"og:image:width\" content=\"500\" \/>\n\t<meta property=\"og:image:height\" content=\"335\" \/>\n\t<meta property=\"og:image:type\" content=\"image\/jpeg\" \/>\n<meta name=\"author\" content=\"Redazione\" \/>\n<meta name=\"twitter:card\" content=\"summary_large_image\" \/>\n<meta name=\"twitter:creator\" content=\"@intoscana\" \/>\n<meta name=\"twitter:site\" content=\"@intoscana\" \/>\n<meta name=\"twitter:label1\" content=\"Written by\" \/>\n\t<meta name=\"twitter:data1\" content=\"Redazione\" \/>\n\t<meta name=\"twitter:label2\" content=\"Est. reading time\" \/>\n\t<meta name=\"twitter:data2\" content=\"1 minuto\" \/>\n<script type=\"application\/ld+json\" class=\"yoast-schema-graph\">{\"@context\":\"https:\/\/schema.org\",\"@graph\":[{\"@type\":\"WebPage\",\"@id\":\"https:\/\/www.intoscana.it\/it\/cottage-letterario-garfagnana\/\",\"url\":\"https:\/\/www.intoscana.it\/it\/cottage-letterario-garfagnana\/\",\"name\":\"Nel cuore di Lucignana nasce un cottage letterario - intoscana\",\"isPartOf\":{\"@id\":\"https:\/\/www.intoscana.it\/it\/#website\"},\"primaryImageOfPage\":{\"@id\":\"https:\/\/www.intoscana.it\/it\/cottage-letterario-garfagnana\/#primaryimage\"},\"image\":{\"@id\":\"https:\/\/www.intoscana.it\/it\/cottage-letterario-garfagnana\/#primaryimage\"},\"thumbnailUrl\":\"https:\/\/www.intoscana.it\/wp-content\/uploads\/17f18226959a9893e4157e065c908de0.jpg\",\"datePublished\":\"2019-12-07T11:58:56+00:00\",\"dateModified\":\"2020-05-19T13:24:27+00:00\",\"author\":{\"@id\":\"https:\/\/www.intoscana.it\/it\/#\/schema\/person\/9223810753230f20bd670fdd322661f8\"},\"description\":\"La poetessa Alba Donati ha dato vita in Garfagnana ad un cottage letterario. un progetto realizzato grazie ad una campagna di crowdfunding lanciata su Facebook\",\"breadcrumb\":{\"@id\":\"https:\/\/www.intoscana.it\/it\/cottage-letterario-garfagnana\/#breadcrumb\"},\"inLanguage\":\"it-IT\",\"potentialAction\":[{\"@type\":\"ReadAction\",\"target\":[\"https:\/\/www.intoscana.it\/it\/cottage-letterario-garfagnana\/\"]}]},{\"@type\":\"ImageObject\",\"inLanguage\":\"it-IT\",\"@id\":\"https:\/\/www.intoscana.it\/it\/cottage-letterario-garfagnana\/#primaryimage\",\"url\":\"https:\/\/www.intoscana.it\/wp-content\/uploads\/17f18226959a9893e4157e065c908de0.jpg\",\"contentUrl\":\"https:\/\/www.intoscana.it\/wp-content\/uploads\/17f18226959a9893e4157e065c908de0.jpg\",\"width\":500,\"height\":335,\"caption\":\"Lettura, punta su questo il progetto del Cottage letterario di Lucignana.\"},{\"@type\":\"BreadcrumbList\",\"@id\":\"https:\/\/www.intoscana.it\/it\/cottage-letterario-garfagnana\/#breadcrumb\",\"itemListElement\":[{\"@type\":\"ListItem\",\"position\":1,\"name\":\"Home\",\"item\":\"https:\/\/www.intoscana.it\/it\/\"},{\"@type\":\"ListItem\",\"position\":2,\"name\":\"Nel cuore di Lucignana nasce un cottage letterario\"}]},{\"@type\":\"WebSite\",\"@id\":\"https:\/\/www.intoscana.it\/it\/#website\",\"url\":\"https:\/\/www.intoscana.it\/it\/\",\"name\":\"intoscana\",\"description\":\"\",\"potentialAction\":[{\"@type\":\"SearchAction\",\"target\":{\"@type\":\"EntryPoint\",\"urlTemplate\":\"https:\/\/www.intoscana.it\/it\/?s={search_term_string}\"},\"query-input\":{\"@type\":\"PropertyValueSpecification\",\"valueRequired\":true,\"valueName\":\"search_term_string\"}}],\"inLanguage\":\"it-IT\"},{\"@type\":\"Person\",\"@id\":\"https:\/\/www.intoscana.it\/it\/#\/schema\/person\/9223810753230f20bd670fdd322661f8\",\"name\":\"Redazione\",\"url\":\"https:\/\/www.intoscana.it\/it\/author\/redazione\/\"}]}<\/script>\n<!-- \/ Yoast SEO Premium plugin. -->","yoast_head_json":{"title":"Nel cuore di Lucignana nasce un cottage letterario - intoscana","description":"La poetessa Alba Donati ha dato vita in Garfagnana ad un cottage letterario. un progetto realizzato grazie ad una campagna di crowdfunding lanciata su Facebook","robots":{"index":"index","follow":"follow","max-snippet":"max-snippet:-1","max-image-preview":"max-image-preview:large","max-video-preview":"max-video-preview:-1"},"canonical":"https:\/\/www.intoscana.it\/it\/cottage-letterario-garfagnana\/","og_locale":"it_IT","og_type":"article","og_title":"Nel cuore di Lucignana nasce un cottage letterario","og_description":"La poetessa Alba Donati ha dato vita in Garfagnana ad un cottage letterario. un progetto realizzato grazie ad una campagna di crowdfunding lanciata su Facebook","og_url":"https:\/\/www.intoscana.it\/it\/cottage-letterario-garfagnana\/","og_site_name":"intoscana","article_publisher":"https:\/\/www.facebook.com\/intoscana.it","article_published_time":"2019-12-07T11:58:56+00:00","article_modified_time":"2020-05-19T13:24:27+00:00","og_image":[{"width":500,"height":335,"url":"https:\/\/www.intoscana.it\/wp-content\/uploads\/17f18226959a9893e4157e065c908de0.jpg","type":"image\/jpeg"}],"author":"Redazione","twitter_card":"summary_large_image","twitter_creator":"@intoscana","twitter_site":"@intoscana","twitter_misc":{"Written by":"Redazione","Est. reading time":"1 minuto"},"schema":{"@context":"https:\/\/schema.org","@graph":[{"@type":"WebPage","@id":"https:\/\/www.intoscana.it\/it\/cottage-letterario-garfagnana\/","url":"https:\/\/www.intoscana.it\/it\/cottage-letterario-garfagnana\/","name":"Nel cuore di Lucignana nasce un cottage letterario - intoscana","isPartOf":{"@id":"https:\/\/www.intoscana.it\/it\/#website"},"primaryImageOfPage":{"@id":"https:\/\/www.intoscana.it\/it\/cottage-letterario-garfagnana\/#primaryimage"},"image":{"@id":"https:\/\/www.intoscana.it\/it\/cottage-letterario-garfagnana\/#primaryimage"},"thumbnailUrl":"https:\/\/www.intoscana.it\/wp-content\/uploads\/17f18226959a9893e4157e065c908de0.jpg","datePublished":"2019-12-07T11:58:56+00:00","dateModified":"2020-05-19T13:24:27+00:00","author":{"@id":"https:\/\/www.intoscana.it\/it\/#\/schema\/person\/9223810753230f20bd670fdd322661f8"},"description":"La poetessa Alba Donati ha dato vita in Garfagnana ad un cottage letterario. un progetto realizzato grazie ad una campagna di crowdfunding lanciata su Facebook","breadcrumb":{"@id":"https:\/\/www.intoscana.it\/it\/cottage-letterario-garfagnana\/#breadcrumb"},"inLanguage":"it-IT","potentialAction":[{"@type":"ReadAction","target":["https:\/\/www.intoscana.it\/it\/cottage-letterario-garfagnana\/"]}]},{"@type":"ImageObject","inLanguage":"it-IT","@id":"https:\/\/www.intoscana.it\/it\/cottage-letterario-garfagnana\/#primaryimage","url":"https:\/\/www.intoscana.it\/wp-content\/uploads\/17f18226959a9893e4157e065c908de0.jpg","contentUrl":"https:\/\/www.intoscana.it\/wp-content\/uploads\/17f18226959a9893e4157e065c908de0.jpg","width":500,"height":335,"caption":"Lettura, punta su questo il progetto del Cottage letterario di Lucignana."},{"@type":"BreadcrumbList","@id":"https:\/\/www.intoscana.it\/it\/cottage-letterario-garfagnana\/#breadcrumb","itemListElement":[{"@type":"ListItem","position":1,"name":"Home","item":"https:\/\/www.intoscana.it\/it\/"},{"@type":"ListItem","position":2,"name":"Nel cuore di Lucignana nasce un cottage letterario"}]},{"@type":"WebSite","@id":"https:\/\/www.intoscana.it\/it\/#website","url":"https:\/\/www.intoscana.it\/it\/","name":"intoscana","description":"","potentialAction":[{"@type":"SearchAction","target":{"@type":"EntryPoint","urlTemplate":"https:\/\/www.intoscana.it\/it\/?s={search_term_string}"},"query-input":{"@type":"PropertyValueSpecification","valueRequired":true,"valueName":"search_term_string"}}],"inLanguage":"it-IT"},{"@type":"Person","@id":"https:\/\/www.intoscana.it\/it\/#\/schema\/person\/9223810753230f20bd670fdd322661f8","name":"Redazione","url":"https:\/\/www.intoscana.it\/it\/author\/redazione\/"}]}},"_links":{"self":[{"href":"https:\/\/www.intoscana.it\/it\/wp-json\/wp\/v2\/posts\/43781","targetHints":{"allow":["GET"]}}],"collection":[{"href":"https:\/\/www.intoscana.it\/it\/wp-json\/wp\/v2\/posts"}],"about":[{"href":"https:\/\/www.intoscana.it\/it\/wp-json\/wp\/v2\/types\/post"}],"author":[{"embeddable":true,"href":"https:\/\/www.intoscana.it\/it\/wp-json\/wp\/v2\/users\/525"}],"replies":[{"embeddable":true,"href":"https:\/\/www.intoscana.it\/it\/wp-json\/wp\/v2\/comments?post=43781"}],"version-history":[{"count":0,"href":"https:\/\/www.intoscana.it\/it\/wp-json\/wp\/v2\/posts\/43781\/revisions"}],"wp:featuredmedia":[{"embeddable":true,"href":"https:\/\/www.intoscana.it\/it\/wp-json\/wp\/v2\/media\/77048"}],"wp:attachment":[{"href":"https:\/\/www.intoscana.it\/it\/wp-json\/wp\/v2\/media?parent=43781"}],"wp:term":[{"taxonomy":"category","embeddable":true,"href":"https:\/\/www.intoscana.it\/it\/wp-json\/wp\/v2\/categories?post=43781"},{"taxonomy":"post_tag","embeddable":true,"href":"https:\/\/www.intoscana.it\/it\/wp-json\/wp\/v2\/tags?post=43781"}],"curies":[{"name":"wp","href":"https:\/\/api.w.org\/{rel}","templated":true}]}}