{"id":43782,"date":"2019-12-11T16:02:26","date_gmt":"2019-12-11T16:02:26","guid":{"rendered":"http:\/\/www.intoscana.it\/a-pistoia-il-muro-della-gentilezza-regalera-indumenti-contro-il-freddo\/"},"modified":"2020-05-18T12:09:04","modified_gmt":"2020-05-18T10:09:04","slug":"a-pistoia-il-muro-della-gentilezza-regalera-indumenti-contro-il-freddo","status":"publish","type":"post","link":"https:\/\/www.intoscana.it\/it\/a-pistoia-il-muro-della-gentilezza-regalera-indumenti-contro-il-freddo\/","title":{"rendered":"A Pistoia il Muro della gentilezza: regaler\u00e0 indumenti contro il freddo"},"content":{"rendered":"<p><strong>Si chiama Muro della gentilezza l&#8217;iniziativa solidale che arriva pochi giorni di Natale a Pistoia. <\/strong>Qui nella biblioteca San Giorgio sabato sar\u00e0 inaugurato uno spazio nel quale <strong>chi ha bisogno potr\u00e0 prendere cappotti e sciarpe per proteggersi dal freddo.<\/strong><\/p>\n<p>L&#8217;idea, nata dai giovani dell&#8217;Associazione Fondo Marco Mungai, che ha coperto le spese per l&#8217;allestimento dello spazio, prende le mosse dall&#8217;esperienza che dalla citt\u00e0 iraniana di Mashad si \u00e8 diffusa in tutto il mondo, <strong>invitando le persone a non buttare i capi d&#8217;abbigliamento in pi\u00f9, ma metterli a disposizione di chi vive per strada<\/strong> o non ha la possibilit\u00e0 economica di comprarsi un cappotto o una sciarpa per ripararsi dal freddo.<br \/><strong>&#8216;Se non ne hai bisogno, lascialo. Se ne hai bisogno, prendilo&#8217;, questo lo slogan che accompagna l&#8217;iniziativa.<\/strong><\/p>\n<p>&#8220;Il mio ringraziamento va al Fondo Marco Mungai &#8211; sottolinea il sindaco di Pistoia Alessandro Tomasi &#8211; che ha il merito di aver portato a Pistoia un&#8217;iniziativa lodevole, importante e piena di significato. <strong>Il luogo scelto per realizzarla &#8211; la biblioteca San Giorgio &#8211; \u00e8 sicuramente ideale:<\/strong> un luogo di cultura frequentato ogni giorno da tantissimi giovani, sede di moltissime iniziative che arricchiscono la nostra citt\u00e0. Quella del muro della gentilezza \u00e8 un&#8217;idea utile che potr\u00e0 insegnarci qualcosa&#8221;.<\/p>\n<p>A marzo, con l\u2019arrivo della primavera, lo stender sul quale i cappotti saranno esposti sar\u00e0 svuotato, e i capi, eventualmente avanzati, saranno consegnati alla Caritas di Pistoia. <br \/><strong>&#8220;Si tratta di una iniziativa di solidariet\u00e0 piccola ma concreta<\/strong> &#8211; spiega Gabriele Sgueglia, membro dell\u2019Associazione Fondo Marco Mungai e promotore dell\u2019idea &#8211; che dal basso intende contribuire a riequilibrare le disparit\u00e0 tra le persone, offrendo gratuitamente a chi non ce la fa da solo l\u2019opportunit\u00e0 di ripararsi meglio dal freddo invernale\u201d.<\/p>\n","protected":false},"excerpt":{"rendered":"<p>Nella biblioteca San Giorgio sabato prende il via l&#8217;iniziativa di solidariet\u00e0: chi ha bisogno potr\u00e0 prendere cappotti e sciarpe in dono<\/p>\n","protected":false},"author":525,"featured_media":77049,"comment_status":"open","ping_status":"open","sticky":false,"template":"","format":"standard","meta":{"_acf_changed":false,"footnotes":""},"categories":[494,7],"tags":[215,356],"class_list":["post-43782","post","type-post","status-publish","format-standard","has-post-thumbnail","hentry","category-attualita","category-societa","tag-pistoia","tag-solidarieta"],"acf":[],"yoast_head":"<!-- This site is optimized with the Yoast SEO Premium plugin v24.2 (Yoast SEO v25.6) - https:\/\/yoast.com\/wordpress\/plugins\/seo\/ -->\n<title>A Pistoia il Muro della gentilezza: regaler\u00e0 indumenti contro il freddo - intoscana<\/title>\n<meta name=\"robots\" content=\"index, follow, max-snippet:-1, max-image-preview:large, max-video-preview:-1\" \/>\n<link rel=\"canonical\" href=\"https:\/\/www.intoscana.it\/it\/a-pistoia-il-muro-della-gentilezza-regalera-indumenti-contro-il-freddo\/\" \/>\n<meta property=\"og:locale\" content=\"it_IT\" \/>\n<meta property=\"og:type\" content=\"article\" \/>\n<meta property=\"og:title\" content=\"A Pistoia il Muro della gentilezza: regaler\u00e0 indumenti contro il freddo\" \/>\n<meta property=\"og:description\" content=\"Nella biblioteca San Giorgio sabato prende il via l&#039;iniziativa di solidariet\u00e0: chi ha bisogno potr\u00e0 prendere cappotti e sciarpe in dono\" \/>\n<meta property=\"og:url\" content=\"https:\/\/www.intoscana.it\/it\/a-pistoia-il-muro-della-gentilezza-regalera-indumenti-contro-il-freddo\/\" \/>\n<meta property=\"og:site_name\" content=\"intoscana\" \/>\n<meta property=\"article:publisher\" content=\"https:\/\/www.facebook.com\/intoscana.it\" \/>\n<meta property=\"article:published_time\" content=\"2019-12-11T16:02:26+00:00\" \/>\n<meta property=\"article:modified_time\" content=\"2020-05-18T10:09:04+00:00\" \/>\n<meta property=\"og:image\" content=\"https:\/\/www.intoscana.it\/wp-content\/uploads\/biblioteca-san-giorgio-1.jpg\" \/>\n\t<meta property=\"og:image:width\" content=\"630\" \/>\n\t<meta property=\"og:image:height\" content=\"879\" \/>\n\t<meta property=\"og:image:type\" content=\"image\/jpeg\" \/>\n<meta name=\"author\" content=\"Redazione\" \/>\n<meta name=\"twitter:card\" content=\"summary_large_image\" \/>\n<meta name=\"twitter:creator\" content=\"@intoscana\" \/>\n<meta name=\"twitter:site\" content=\"@intoscana\" \/>\n<meta name=\"twitter:label1\" content=\"Written by\" \/>\n\t<meta name=\"twitter:data1\" content=\"Redazione\" \/>\n\t<meta name=\"twitter:label2\" content=\"Est. reading time\" \/>\n\t<meta name=\"twitter:data2\" content=\"1 minuto\" \/>\n<script type=\"application\/ld+json\" class=\"yoast-schema-graph\">{\"@context\":\"https:\/\/schema.org\",\"@graph\":[{\"@type\":\"WebPage\",\"@id\":\"https:\/\/www.intoscana.it\/it\/a-pistoia-il-muro-della-gentilezza-regalera-indumenti-contro-il-freddo\/\",\"url\":\"https:\/\/www.intoscana.it\/it\/a-pistoia-il-muro-della-gentilezza-regalera-indumenti-contro-il-freddo\/\",\"name\":\"A Pistoia il Muro della gentilezza: regaler\u00e0 indumenti contro il freddo - intoscana\",\"isPartOf\":{\"@id\":\"https:\/\/www.intoscana.it\/it\/#website\"},\"primaryImageOfPage\":{\"@id\":\"https:\/\/www.intoscana.it\/it\/a-pistoia-il-muro-della-gentilezza-regalera-indumenti-contro-il-freddo\/#primaryimage\"},\"image\":{\"@id\":\"https:\/\/www.intoscana.it\/it\/a-pistoia-il-muro-della-gentilezza-regalera-indumenti-contro-il-freddo\/#primaryimage\"},\"thumbnailUrl\":\"https:\/\/www.intoscana.it\/wp-content\/uploads\/biblioteca-san-giorgio-1.jpg\",\"datePublished\":\"2019-12-11T16:02:26+00:00\",\"dateModified\":\"2020-05-18T10:09:04+00:00\",\"author\":{\"@id\":\"https:\/\/www.intoscana.it\/it\/#\/schema\/person\/9223810753230f20bd670fdd322661f8\"},\"breadcrumb\":{\"@id\":\"https:\/\/www.intoscana.it\/it\/a-pistoia-il-muro-della-gentilezza-regalera-indumenti-contro-il-freddo\/#breadcrumb\"},\"inLanguage\":\"it-IT\",\"potentialAction\":[{\"@type\":\"ReadAction\",\"target\":[\"https:\/\/www.intoscana.it\/it\/a-pistoia-il-muro-della-gentilezza-regalera-indumenti-contro-il-freddo\/\"]}]},{\"@type\":\"ImageObject\",\"inLanguage\":\"it-IT\",\"@id\":\"https:\/\/www.intoscana.it\/it\/a-pistoia-il-muro-della-gentilezza-regalera-indumenti-contro-il-freddo\/#primaryimage\",\"url\":\"https:\/\/www.intoscana.it\/wp-content\/uploads\/biblioteca-san-giorgio-1.jpg\",\"contentUrl\":\"https:\/\/www.intoscana.it\/wp-content\/uploads\/biblioteca-san-giorgio-1.jpg\",\"width\":630,\"height\":879},{\"@type\":\"BreadcrumbList\",\"@id\":\"https:\/\/www.intoscana.it\/it\/a-pistoia-il-muro-della-gentilezza-regalera-indumenti-contro-il-freddo\/#breadcrumb\",\"itemListElement\":[{\"@type\":\"ListItem\",\"position\":1,\"name\":\"Home\",\"item\":\"https:\/\/www.intoscana.it\/it\/\"},{\"@type\":\"ListItem\",\"position\":2,\"name\":\"A Pistoia il Muro della gentilezza: regaler\u00e0 indumenti contro il freddo\"}]},{\"@type\":\"WebSite\",\"@id\":\"https:\/\/www.intoscana.it\/it\/#website\",\"url\":\"https:\/\/www.intoscana.it\/it\/\",\"name\":\"intoscana\",\"description\":\"\",\"potentialAction\":[{\"@type\":\"SearchAction\",\"target\":{\"@type\":\"EntryPoint\",\"urlTemplate\":\"https:\/\/www.intoscana.it\/it\/?s={search_term_string}\"},\"query-input\":{\"@type\":\"PropertyValueSpecification\",\"valueRequired\":true,\"valueName\":\"search_term_string\"}}],\"inLanguage\":\"it-IT\"},{\"@type\":\"Person\",\"@id\":\"https:\/\/www.intoscana.it\/it\/#\/schema\/person\/9223810753230f20bd670fdd322661f8\",\"name\":\"Redazione\",\"url\":\"https:\/\/www.intoscana.it\/it\/author\/redazione\/\"}]}<\/script>\n<!-- \/ Yoast SEO Premium plugin. -->","yoast_head_json":{"title":"A Pistoia il Muro della gentilezza: regaler\u00e0 indumenti contro il freddo - intoscana","robots":{"index":"index","follow":"follow","max-snippet":"max-snippet:-1","max-image-preview":"max-image-preview:large","max-video-preview":"max-video-preview:-1"},"canonical":"https:\/\/www.intoscana.it\/it\/a-pistoia-il-muro-della-gentilezza-regalera-indumenti-contro-il-freddo\/","og_locale":"it_IT","og_type":"article","og_title":"A Pistoia il Muro della gentilezza: regaler\u00e0 indumenti contro il freddo","og_description":"Nella biblioteca San Giorgio sabato prende il via l'iniziativa di solidariet\u00e0: chi ha bisogno potr\u00e0 prendere cappotti e sciarpe in dono","og_url":"https:\/\/www.intoscana.it\/it\/a-pistoia-il-muro-della-gentilezza-regalera-indumenti-contro-il-freddo\/","og_site_name":"intoscana","article_publisher":"https:\/\/www.facebook.com\/intoscana.it","article_published_time":"2019-12-11T16:02:26+00:00","article_modified_time":"2020-05-18T10:09:04+00:00","og_image":[{"width":630,"height":879,"url":"https:\/\/www.intoscana.it\/wp-content\/uploads\/biblioteca-san-giorgio-1.jpg","type":"image\/jpeg"}],"author":"Redazione","twitter_card":"summary_large_image","twitter_creator":"@intoscana","twitter_site":"@intoscana","twitter_misc":{"Written by":"Redazione","Est. reading time":"1 minuto"},"schema":{"@context":"https:\/\/schema.org","@graph":[{"@type":"WebPage","@id":"https:\/\/www.intoscana.it\/it\/a-pistoia-il-muro-della-gentilezza-regalera-indumenti-contro-il-freddo\/","url":"https:\/\/www.intoscana.it\/it\/a-pistoia-il-muro-della-gentilezza-regalera-indumenti-contro-il-freddo\/","name":"A Pistoia il Muro della gentilezza: regaler\u00e0 indumenti contro il freddo - intoscana","isPartOf":{"@id":"https:\/\/www.intoscana.it\/it\/#website"},"primaryImageOfPage":{"@id":"https:\/\/www.intoscana.it\/it\/a-pistoia-il-muro-della-gentilezza-regalera-indumenti-contro-il-freddo\/#primaryimage"},"image":{"@id":"https:\/\/www.intoscana.it\/it\/a-pistoia-il-muro-della-gentilezza-regalera-indumenti-contro-il-freddo\/#primaryimage"},"thumbnailUrl":"https:\/\/www.intoscana.it\/wp-content\/uploads\/biblioteca-san-giorgio-1.jpg","datePublished":"2019-12-11T16:02:26+00:00","dateModified":"2020-05-18T10:09:04+00:00","author":{"@id":"https:\/\/www.intoscana.it\/it\/#\/schema\/person\/9223810753230f20bd670fdd322661f8"},"breadcrumb":{"@id":"https:\/\/www.intoscana.it\/it\/a-pistoia-il-muro-della-gentilezza-regalera-indumenti-contro-il-freddo\/#breadcrumb"},"inLanguage":"it-IT","potentialAction":[{"@type":"ReadAction","target":["https:\/\/www.intoscana.it\/it\/a-pistoia-il-muro-della-gentilezza-regalera-indumenti-contro-il-freddo\/"]}]},{"@type":"ImageObject","inLanguage":"it-IT","@id":"https:\/\/www.intoscana.it\/it\/a-pistoia-il-muro-della-gentilezza-regalera-indumenti-contro-il-freddo\/#primaryimage","url":"https:\/\/www.intoscana.it\/wp-content\/uploads\/biblioteca-san-giorgio-1.jpg","contentUrl":"https:\/\/www.intoscana.it\/wp-content\/uploads\/biblioteca-san-giorgio-1.jpg","width":630,"height":879},{"@type":"BreadcrumbList","@id":"https:\/\/www.intoscana.it\/it\/a-pistoia-il-muro-della-gentilezza-regalera-indumenti-contro-il-freddo\/#breadcrumb","itemListElement":[{"@type":"ListItem","position":1,"name":"Home","item":"https:\/\/www.intoscana.it\/it\/"},{"@type":"ListItem","position":2,"name":"A Pistoia il Muro della gentilezza: regaler\u00e0 indumenti contro il freddo"}]},{"@type":"WebSite","@id":"https:\/\/www.intoscana.it\/it\/#website","url":"https:\/\/www.intoscana.it\/it\/","name":"intoscana","description":"","potentialAction":[{"@type":"SearchAction","target":{"@type":"EntryPoint","urlTemplate":"https:\/\/www.intoscana.it\/it\/?s={search_term_string}"},"query-input":{"@type":"PropertyValueSpecification","valueRequired":true,"valueName":"search_term_string"}}],"inLanguage":"it-IT"},{"@type":"Person","@id":"https:\/\/www.intoscana.it\/it\/#\/schema\/person\/9223810753230f20bd670fdd322661f8","name":"Redazione","url":"https:\/\/www.intoscana.it\/it\/author\/redazione\/"}]}},"_links":{"self":[{"href":"https:\/\/www.intoscana.it\/it\/wp-json\/wp\/v2\/posts\/43782","targetHints":{"allow":["GET"]}}],"collection":[{"href":"https:\/\/www.intoscana.it\/it\/wp-json\/wp\/v2\/posts"}],"about":[{"href":"https:\/\/www.intoscana.it\/it\/wp-json\/wp\/v2\/types\/post"}],"author":[{"embeddable":true,"href":"https:\/\/www.intoscana.it\/it\/wp-json\/wp\/v2\/users\/525"}],"replies":[{"embeddable":true,"href":"https:\/\/www.intoscana.it\/it\/wp-json\/wp\/v2\/comments?post=43782"}],"version-history":[{"count":0,"href":"https:\/\/www.intoscana.it\/it\/wp-json\/wp\/v2\/posts\/43782\/revisions"}],"wp:featuredmedia":[{"embeddable":true,"href":"https:\/\/www.intoscana.it\/it\/wp-json\/wp\/v2\/media\/77049"}],"wp:attachment":[{"href":"https:\/\/www.intoscana.it\/it\/wp-json\/wp\/v2\/media?parent=43782"}],"wp:term":[{"taxonomy":"category","embeddable":true,"href":"https:\/\/www.intoscana.it\/it\/wp-json\/wp\/v2\/categories?post=43782"},{"taxonomy":"post_tag","embeddable":true,"href":"https:\/\/www.intoscana.it\/it\/wp-json\/wp\/v2\/tags?post=43782"}],"curies":[{"name":"wp","href":"https:\/\/api.w.org\/{rel}","templated":true}]}}