{"id":43786,"date":"2020-01-10T21:49:56","date_gmt":"2020-01-10T21:49:56","guid":{"rendered":"http:\/\/www.intoscana.it\/a-livorno-il-premio-ciampi-ospite-cristiano-de-andre\/"},"modified":"2020-05-19T15:24:28","modified_gmt":"2020-05-19T13:24:28","slug":"premio-ciampi-2020","status":"publish","type":"post","link":"https:\/\/www.intoscana.it\/it\/premio-ciampi-2020\/","title":{"rendered":"A Livorno il Premio Ciampi, ospite Cristiano De Andr\u00e8"},"content":{"rendered":"<p>Edizione speciale del <strong>Premio Ciampi a Livorno<\/strong>, a 40 anni dalla morte del cantautore. L&#8217;appuntamento \u00e8 dal 16 al 19 gennaio prossimi nella citt\u00e0 labronica.&nbsp;<\/p>\n<p>Proprio domenica 19 gennaio, alle ore 10.30 al Cimitero della Misericordia di Livorno verr\u00e0 reso omaggio alla tomba dell&#8217;artista mentre la sera si terr\u00e0 un concerto&nbsp;al Teatro Goldoni alle ore 20.45: protagonisti i La Crus, vincitori della prima edizione, grazie anche a una memoriale cover de &#8220;Il Vino&#8221;, e con Omar Pedrini, anch&#8217;egli un pioniere nella rivisitazione del reperto ciampiano.<br \/>Il concerto del 19 gennaio sar\u00e0 anche l&#8217;occasione per rievocare un momento speciale per il Premio Ciampi: il concerto di Fabrizio De Andr\u00e8 nel 1997, in cui, fra le altre cose, Fabrizio parl\u00f2 di Ciampi in modo straordinariamente efficace. Quella sera, sul palco con il padre, c&#8217;era anche <strong>Cristiano De Andr\u00e8<\/strong>. Cristiano, che sta conoscendo un momento davvero felice della propria carriera, salir\u00e0 sul palco del Teatro Goldoni per un&#8217;esibizione in chiave acustica. Per l&#8217;occasione ricever\u00e0 il Premio Speciale della Giuria.<br \/>A proiettare il repertorio di Piero Ciampi nel futuro artistico (ma anche sociale) del nostro Paese, provveder\u00e0 l&#8217;Orchestra Multietnica di Arezzo. Insieme all&#8217;ensemble diretto da <strong>Enrico Fink<\/strong>, ci saranno il giornalista Andrea Scanzi e Paolo Benvegn\u00f9, autore di grande sensibilit\u00e0 che, sempre nel 1997, vinse il Premio Ciampi insieme agli Scisma.<br \/>La poliedricit\u00e0 di Ciampi come autore verr\u00e0 messa in evidenza dagli arrangiamenti in chiave jazz dei suoi pezzi ad opera del Trio di Livorno, guidato dal pianista Andrea Pellegrini. Con loro Tommaso Novi (gi\u00e0 nei Gatti M\u00e8zzi) e Francesco &#8220;Maestro&#8221; Pellegrini degli Zen Circus.<br \/>Sul palco del Teatro Goldoni ci saranno anche i Letti Sfatti, altri vincitori del Premio Ciampi, appassionati rivisitatori in chiave rock del repertorio di Piero, e lo scrittore livornese Aldo Galeazzi, ciampiano da sempre.&#8217;La partecipazione di Cristiano De Andr\u00e8 a questa edizione del Premio &#8211; spiegano gli organizzatori &#8211; ci ha spinti ad aprire una finestra su una citt\u00e0 che ha dato i natali a tanti maestri della canzone d&#8217;autore italiana. Si tratta di Genova, che inaugurer\u00e0 la nostra manifestazione il 16 gennaio presso Viadelcampo29rosso-La casa dei cantautori genovesi con la manifestazione &#8220;Piero Ciampi e Genova, un&#8217;affinit\u00e0 inevitabile&#8217;.<\/p>\n<p><strong>Sabato 18 gennaio a Villa Mimbelli<\/strong> (Sala degli Specchi), a partire dalle ore 16, sar\u00e0 protagonista<strong> il Premio Ciampi L&#8217;altrarte<\/strong>. I vincitori di questa ventesima edizione sono Anna Scalfi Eghenter e Aldo Piromalli, quest&#8217;ultimo raccontato dalla voce di Giulia Girardello. A chiudere l&#8217;evento una performance musicale di Marco Lenzi.<\/p>\n<p>Domenica 19 gennaio, alle 16.30, nella Sala Mascagni del Teatro Goldoni avr\u00e0 luogo la premiazione dei<strong> vincitori del Premio Valigie Rosse dedicato alla poesia<\/strong>. Come da tradizione ci sar\u00e0 un vincitore italiano e uno straniero. Per il 2020 il riconoscimento andr\u00e0 rispettivamente a Giulia Rusconi e al turco Haydar Ergulen.<\/p>\n<p>Il Premio Ciampi Citt\u00e0 di Livorno \u00e8 organizzato dall&#8217;Associazione Premio Ciampi, con il contributo di: Comune di Livorno, Regione Toscana, Fondazione Livorno, Fondazione Teatro Goldoni ed Arci Livorno e in collaborazione con: Edizione Valigie Rosse, Viadelcampo29rosso, Cooperativa Sociale Brikke Brakke, Carico Massimo, Mercemarcia, Studio di Architettura 70m2 e Studio Gennai.<\/p>\n","protected":false},"excerpt":{"rendered":"<p>Iniziative omaggio al cantautore a 40 anni dalla scomparsa, dal 16 al 19 gennaio<\/p>\n","protected":false},"author":525,"featured_media":77053,"comment_status":"open","ping_status":"open","sticky":false,"template":"","format":"standard","meta":{"_acf_changed":false,"footnotes":""},"categories":[14],"tags":[273],"class_list":["post-43786","post","type-post","status-publish","format-standard","has-post-thumbnail","hentry","category-musica","tag-livorno"],"acf":[],"yoast_head":"<!-- This site is optimized with the Yoast SEO Premium plugin v24.2 (Yoast SEO v25.6) - https:\/\/yoast.com\/wordpress\/plugins\/seo\/ -->\n<title>A Livorno il Premio Ciampi, ospite Cristiano De Andr\u00e8 - intoscana<\/title>\n<meta name=\"description\" content=\"A Livorno torna il Premio Ciampi dal 16 al 19 gennaio 2020, a 40 anni dalla scomparsa del cantautore e poeta, omaggio per l&#039;artista anche di Cristiano De Andr\u00e8\" \/>\n<meta name=\"robots\" content=\"index, follow, max-snippet:-1, max-image-preview:large, max-video-preview:-1\" \/>\n<link rel=\"canonical\" href=\"https:\/\/www.intoscana.it\/it\/premio-ciampi-2020\/\" \/>\n<meta property=\"og:locale\" content=\"it_IT\" \/>\n<meta property=\"og:type\" content=\"article\" \/>\n<meta property=\"og:title\" content=\"A Livorno il Premio Ciampi, ospite Cristiano De Andr\u00e8\" \/>\n<meta property=\"og:description\" content=\"A Livorno torna il Premio Ciampi dal 16 al 19 gennaio 2020, a 40 anni dalla scomparsa del cantautore e poeta, omaggio per l&#039;artista anche di Cristiano De Andr\u00e8\" \/>\n<meta property=\"og:url\" content=\"https:\/\/www.intoscana.it\/it\/premio-ciampi-2020\/\" \/>\n<meta property=\"og:site_name\" content=\"intoscana\" \/>\n<meta property=\"article:publisher\" content=\"https:\/\/www.facebook.com\/intoscana.it\" \/>\n<meta property=\"article:published_time\" content=\"2020-01-10T21:49:56+00:00\" \/>\n<meta property=\"article:modified_time\" content=\"2020-05-19T13:24:28+00:00\" \/>\n<meta property=\"og:image\" content=\"https:\/\/www.intoscana.it\/wp-content\/uploads\/piero-ciampi-2.jpg\" \/>\n\t<meta property=\"og:image:width\" content=\"800\" \/>\n\t<meta property=\"og:image:height\" content=\"638\" \/>\n\t<meta property=\"og:image:type\" content=\"image\/jpeg\" \/>\n<meta name=\"author\" content=\"Redazione\" \/>\n<meta name=\"twitter:card\" content=\"summary_large_image\" \/>\n<meta name=\"twitter:creator\" content=\"@intoscana\" \/>\n<meta name=\"twitter:site\" content=\"@intoscana\" \/>\n<meta name=\"twitter:label1\" content=\"Written by\" \/>\n\t<meta name=\"twitter:data1\" content=\"Redazione\" \/>\n\t<meta name=\"twitter:label2\" content=\"Est. reading time\" \/>\n\t<meta name=\"twitter:data2\" content=\"2 minuti\" \/>\n<script type=\"application\/ld+json\" class=\"yoast-schema-graph\">{\"@context\":\"https:\/\/schema.org\",\"@graph\":[{\"@type\":\"WebPage\",\"@id\":\"https:\/\/www.intoscana.it\/it\/premio-ciampi-2020\/\",\"url\":\"https:\/\/www.intoscana.it\/it\/premio-ciampi-2020\/\",\"name\":\"A Livorno il Premio Ciampi, ospite Cristiano De Andr\u00e8 - intoscana\",\"isPartOf\":{\"@id\":\"https:\/\/www.intoscana.it\/it\/#website\"},\"primaryImageOfPage\":{\"@id\":\"https:\/\/www.intoscana.it\/it\/premio-ciampi-2020\/#primaryimage\"},\"image\":{\"@id\":\"https:\/\/www.intoscana.it\/it\/premio-ciampi-2020\/#primaryimage\"},\"thumbnailUrl\":\"https:\/\/www.intoscana.it\/wp-content\/uploads\/piero-ciampi-2.jpg\",\"datePublished\":\"2020-01-10T21:49:56+00:00\",\"dateModified\":\"2020-05-19T13:24:28+00:00\",\"author\":{\"@id\":\"https:\/\/www.intoscana.it\/it\/#\/schema\/person\/9223810753230f20bd670fdd322661f8\"},\"description\":\"A Livorno torna il Premio Ciampi dal 16 al 19 gennaio 2020, a 40 anni dalla scomparsa del cantautore e poeta, omaggio per l'artista anche di Cristiano De Andr\u00e8\",\"breadcrumb\":{\"@id\":\"https:\/\/www.intoscana.it\/it\/premio-ciampi-2020\/#breadcrumb\"},\"inLanguage\":\"it-IT\",\"potentialAction\":[{\"@type\":\"ReadAction\",\"target\":[\"https:\/\/www.intoscana.it\/it\/premio-ciampi-2020\/\"]}]},{\"@type\":\"ImageObject\",\"inLanguage\":\"it-IT\",\"@id\":\"https:\/\/www.intoscana.it\/it\/premio-ciampi-2020\/#primaryimage\",\"url\":\"https:\/\/www.intoscana.it\/wp-content\/uploads\/piero-ciampi-2.jpg\",\"contentUrl\":\"https:\/\/www.intoscana.it\/wp-content\/uploads\/piero-ciampi-2.jpg\",\"width\":800,\"height\":638,\"caption\":\"Livorno omaggia Piero Ciampi.\"},{\"@type\":\"BreadcrumbList\",\"@id\":\"https:\/\/www.intoscana.it\/it\/premio-ciampi-2020\/#breadcrumb\",\"itemListElement\":[{\"@type\":\"ListItem\",\"position\":1,\"name\":\"Home\",\"item\":\"https:\/\/www.intoscana.it\/it\/\"},{\"@type\":\"ListItem\",\"position\":2,\"name\":\"A Livorno il Premio Ciampi, ospite Cristiano De Andr\u00e8\"}]},{\"@type\":\"WebSite\",\"@id\":\"https:\/\/www.intoscana.it\/it\/#website\",\"url\":\"https:\/\/www.intoscana.it\/it\/\",\"name\":\"intoscana\",\"description\":\"\",\"potentialAction\":[{\"@type\":\"SearchAction\",\"target\":{\"@type\":\"EntryPoint\",\"urlTemplate\":\"https:\/\/www.intoscana.it\/it\/?s={search_term_string}\"},\"query-input\":{\"@type\":\"PropertyValueSpecification\",\"valueRequired\":true,\"valueName\":\"search_term_string\"}}],\"inLanguage\":\"it-IT\"},{\"@type\":\"Person\",\"@id\":\"https:\/\/www.intoscana.it\/it\/#\/schema\/person\/9223810753230f20bd670fdd322661f8\",\"name\":\"Redazione\",\"url\":\"https:\/\/www.intoscana.it\/it\/author\/redazione\/\"}]}<\/script>\n<!-- \/ Yoast SEO Premium plugin. -->","yoast_head_json":{"title":"A Livorno il Premio Ciampi, ospite Cristiano De Andr\u00e8 - intoscana","description":"A Livorno torna il Premio Ciampi dal 16 al 19 gennaio 2020, a 40 anni dalla scomparsa del cantautore e poeta, omaggio per l'artista anche di Cristiano De Andr\u00e8","robots":{"index":"index","follow":"follow","max-snippet":"max-snippet:-1","max-image-preview":"max-image-preview:large","max-video-preview":"max-video-preview:-1"},"canonical":"https:\/\/www.intoscana.it\/it\/premio-ciampi-2020\/","og_locale":"it_IT","og_type":"article","og_title":"A Livorno il Premio Ciampi, ospite Cristiano De Andr\u00e8","og_description":"A Livorno torna il Premio Ciampi dal 16 al 19 gennaio 2020, a 40 anni dalla scomparsa del cantautore e poeta, omaggio per l'artista anche di Cristiano De Andr\u00e8","og_url":"https:\/\/www.intoscana.it\/it\/premio-ciampi-2020\/","og_site_name":"intoscana","article_publisher":"https:\/\/www.facebook.com\/intoscana.it","article_published_time":"2020-01-10T21:49:56+00:00","article_modified_time":"2020-05-19T13:24:28+00:00","og_image":[{"width":800,"height":638,"url":"https:\/\/www.intoscana.it\/wp-content\/uploads\/piero-ciampi-2.jpg","type":"image\/jpeg"}],"author":"Redazione","twitter_card":"summary_large_image","twitter_creator":"@intoscana","twitter_site":"@intoscana","twitter_misc":{"Written by":"Redazione","Est. reading time":"2 minuti"},"schema":{"@context":"https:\/\/schema.org","@graph":[{"@type":"WebPage","@id":"https:\/\/www.intoscana.it\/it\/premio-ciampi-2020\/","url":"https:\/\/www.intoscana.it\/it\/premio-ciampi-2020\/","name":"A Livorno il Premio Ciampi, ospite Cristiano De Andr\u00e8 - intoscana","isPartOf":{"@id":"https:\/\/www.intoscana.it\/it\/#website"},"primaryImageOfPage":{"@id":"https:\/\/www.intoscana.it\/it\/premio-ciampi-2020\/#primaryimage"},"image":{"@id":"https:\/\/www.intoscana.it\/it\/premio-ciampi-2020\/#primaryimage"},"thumbnailUrl":"https:\/\/www.intoscana.it\/wp-content\/uploads\/piero-ciampi-2.jpg","datePublished":"2020-01-10T21:49:56+00:00","dateModified":"2020-05-19T13:24:28+00:00","author":{"@id":"https:\/\/www.intoscana.it\/it\/#\/schema\/person\/9223810753230f20bd670fdd322661f8"},"description":"A Livorno torna il Premio Ciampi dal 16 al 19 gennaio 2020, a 40 anni dalla scomparsa del cantautore e poeta, omaggio per l'artista anche di Cristiano De Andr\u00e8","breadcrumb":{"@id":"https:\/\/www.intoscana.it\/it\/premio-ciampi-2020\/#breadcrumb"},"inLanguage":"it-IT","potentialAction":[{"@type":"ReadAction","target":["https:\/\/www.intoscana.it\/it\/premio-ciampi-2020\/"]}]},{"@type":"ImageObject","inLanguage":"it-IT","@id":"https:\/\/www.intoscana.it\/it\/premio-ciampi-2020\/#primaryimage","url":"https:\/\/www.intoscana.it\/wp-content\/uploads\/piero-ciampi-2.jpg","contentUrl":"https:\/\/www.intoscana.it\/wp-content\/uploads\/piero-ciampi-2.jpg","width":800,"height":638,"caption":"Livorno omaggia Piero Ciampi."},{"@type":"BreadcrumbList","@id":"https:\/\/www.intoscana.it\/it\/premio-ciampi-2020\/#breadcrumb","itemListElement":[{"@type":"ListItem","position":1,"name":"Home","item":"https:\/\/www.intoscana.it\/it\/"},{"@type":"ListItem","position":2,"name":"A Livorno il Premio Ciampi, ospite Cristiano De Andr\u00e8"}]},{"@type":"WebSite","@id":"https:\/\/www.intoscana.it\/it\/#website","url":"https:\/\/www.intoscana.it\/it\/","name":"intoscana","description":"","potentialAction":[{"@type":"SearchAction","target":{"@type":"EntryPoint","urlTemplate":"https:\/\/www.intoscana.it\/it\/?s={search_term_string}"},"query-input":{"@type":"PropertyValueSpecification","valueRequired":true,"valueName":"search_term_string"}}],"inLanguage":"it-IT"},{"@type":"Person","@id":"https:\/\/www.intoscana.it\/it\/#\/schema\/person\/9223810753230f20bd670fdd322661f8","name":"Redazione","url":"https:\/\/www.intoscana.it\/it\/author\/redazione\/"}]}},"_links":{"self":[{"href":"https:\/\/www.intoscana.it\/it\/wp-json\/wp\/v2\/posts\/43786","targetHints":{"allow":["GET"]}}],"collection":[{"href":"https:\/\/www.intoscana.it\/it\/wp-json\/wp\/v2\/posts"}],"about":[{"href":"https:\/\/www.intoscana.it\/it\/wp-json\/wp\/v2\/types\/post"}],"author":[{"embeddable":true,"href":"https:\/\/www.intoscana.it\/it\/wp-json\/wp\/v2\/users\/525"}],"replies":[{"embeddable":true,"href":"https:\/\/www.intoscana.it\/it\/wp-json\/wp\/v2\/comments?post=43786"}],"version-history":[{"count":0,"href":"https:\/\/www.intoscana.it\/it\/wp-json\/wp\/v2\/posts\/43786\/revisions"}],"wp:featuredmedia":[{"embeddable":true,"href":"https:\/\/www.intoscana.it\/it\/wp-json\/wp\/v2\/media\/77053"}],"wp:attachment":[{"href":"https:\/\/www.intoscana.it\/it\/wp-json\/wp\/v2\/media?parent=43786"}],"wp:term":[{"taxonomy":"category","embeddable":true,"href":"https:\/\/www.intoscana.it\/it\/wp-json\/wp\/v2\/categories?post=43786"},{"taxonomy":"post_tag","embeddable":true,"href":"https:\/\/www.intoscana.it\/it\/wp-json\/wp\/v2\/tags?post=43786"}],"curies":[{"name":"wp","href":"https:\/\/api.w.org\/{rel}","templated":true}]}}