{"id":43788,"date":"2020-01-10T22:11:27","date_gmt":"2020-01-10T21:11:27","guid":{"rendered":"http:\/\/www.intoscana.it\/banda-ultra-larga-arcidosso-vola-bugli-entro-2021-fibra-ovunque\/"},"modified":"2021-03-04T13:30:35","modified_gmt":"2021-03-04T12:30:35","slug":"banda-ultra-larga-arcidosso","status":"publish","type":"post","link":"https:\/\/www.intoscana.it\/it\/banda-ultra-larga-arcidosso\/","title":{"rendered":"Banda ultra larga, Arcidosso &#8216;vola&#8217;. Bugli: &#8216;Entro 2021 fibra ovunque&#8217;"},"content":{"rendered":"<div class=\"rt-page__content rt-page-content--left\">\n<div class=\"rt-page__content-text\">\n<p>La banda ultra larga arriva anche ad <strong>Arcidosso sull\u2019Amiata<\/strong>, in provincia di Grosseto. Tempo undici mesi e i cittadini potranno sfrecciare sulla rete &#8211; grazie ai fondi europei ed alle risorse della Regione &#8211; anche nelle frazioni di Bagnoli,&nbsp; Aiole, Serra, Case Panardi, Corniolo, Cappuccini e Capuccini Palazzina, San Lorenzo, Fornaci, Pino, Zancona, Le Macchie, Rondelli, Pianperugini e Salaiola. <strong>Quasi trentanove chilometri di fibra da posare<\/strong> \u2013 ma sfruttando per ventisette cavidotti e infrastrutture che gi\u00e0 esistono, senza dunque scavare altre trincee o passare nuove canaline -, 3779 unit\u00e0 che saranno cablate (per le case pi\u00f9 isolate, 292, utilizzando ponti radio) e 124 aziende.&nbsp;<\/p>\n<p>\u201cLa fibra ottica che stiamo posando \u00e8 l\u2019infrastruttura pi\u00f9 importante che stiamo realizzando, perch\u00e9 raggiunger\u00e0 tutta la Toscana \u2013 ha spiegato <strong>Vittorio Bugli<\/strong> \u2013 Un investimento dove i territori pi\u00f9 piccoli e meno popolati hanno la stessa dignit\u00e0 di quelli grandi\u201d. \u201cLa Toscana \u2013 ha aggiunto \u2013 \u00e8 una delle Regioni pi\u00f9 avanti in questo processo, se non la prima in assoluto, e se continueremo a marciare veloci senza perdere questo vantaggio vorr\u00e0 dire essere pi\u00f9 concorrenziali e attrattivi rispetto ad altre regioni dove la fibra ottica arrivi&nbsp;magari uno o due anni pi\u00f9 tardi\u201d.<\/p>\n<p>L\u2019intervento finanziato dalla Regione Toscana riguarda le<strong> aree bianche<\/strong>, ovvero i territori dove i gestori, per la presenza magari di troppi pochi abitanti od attivit\u00e0 economiche, hanno deciso e comunicato di non voler investire. Solo in questo caso la Regione pu\u00f2 intervenire, senza violare le norme europee sulla concorrenza.<\/p>\n<p><strong>In Toscana sono 268 i comuni coinvolti<\/strong>: praticamente tutti, pure i pi\u00f9 grandi, anche se solo magari in quel caso per qualche borgo o gruppo di case sparse. La rete stesa rimarr\u00e0 di propriet\u00e0 pubblica e sar\u00e0 affidata in concessione per venti anni a Open Fiber, la quale offrir\u00e0 l&#8217;accesso a tutti gli operatori interessati, visto che la societ\u00e0 opera nel solo mercato all&#8217;ingrosso. Cittadini e imprese dovranno dunque contattare i gestori presenti sul loro territorio per attivare la linea.<\/p>\n<p>\u201cSiamo a buon punto \u2013 ha ricordato l\u2019assessore \u2013 Entro il 2021 l\u2019intervento dovrebbe essere completato per tutto il territorio regionale. Nei prossimi giorni si svolger\u00e0 la conferenza di servizi per l\u2019ultimo gruppo di comuni interessati\u201d.&nbsp;<\/p>\n<\/div>\n<\/div>\n<div class=\"rt-btn-wrapper rt-btn-wrapper--right-align\">\n<div class=\"a2a_kit a2a_kit_size_32 a2a_default_style\" data-a2a-title=\"Sfrecciare a mille sul web, partiti lavori ad Arcidosso. Bugli: &quot;Entro 2021 fibra ovunque&quot;\">&nbsp;<\/div>\n<\/div>\n","protected":false},"excerpt":{"rendered":"<p>Interventi per&nbsp;1 milione e 156 mila euro:&nbsp;saranno cablate 3779 abitazioni e 124 aziende<\/p>\n","protected":false},"author":525,"featured_media":77055,"comment_status":"open","ping_status":"open","sticky":false,"template":"","format":"standard","meta":{"_acf_changed":false,"footnotes":""},"categories":[475,15],"tags":[4775],"class_list":["post-43788","post","type-post","status-publish","format-standard","has-post-thumbnail","hentry","category-innovazione","category-tecnologia","tag-arcidosso"],"acf":[],"yoast_head":"<!-- This site is optimized with the Yoast SEO Premium plugin v24.2 (Yoast SEO v25.6) - https:\/\/yoast.com\/wordpress\/plugins\/seo\/ -->\n<title>Banda ultra larga, Arcidosso &#039;vola&#039;. Bugli: &#039;Entro 2021 fibra ovunque&#039; - intoscana<\/title>\n<meta name=\"description\" content=\"Arcidosso, arriva la banda ultra larga, via agli interventi per\u00a01 milione e 156 mila euro, saranno cablate 3779 abitazioni e 124 aziende del comune amiatino.\" \/>\n<meta name=\"robots\" content=\"index, follow, max-snippet:-1, max-image-preview:large, max-video-preview:-1\" \/>\n<link rel=\"canonical\" href=\"https:\/\/www.intoscana.it\/it\/banda-ultra-larga-arcidosso\/\" \/>\n<meta property=\"og:locale\" content=\"it_IT\" \/>\n<meta property=\"og:type\" content=\"article\" \/>\n<meta property=\"og:title\" content=\"Banda ultra larga, Arcidosso &#039;vola&#039;. Bugli: &#039;Entro 2021 fibra ovunque&#039;\" \/>\n<meta property=\"og:description\" content=\"Arcidosso, arriva la banda ultra larga, via agli interventi per\u00a01 milione e 156 mila euro, saranno cablate 3779 abitazioni e 124 aziende del comune amiatino.\" \/>\n<meta property=\"og:url\" content=\"https:\/\/www.intoscana.it\/it\/banda-ultra-larga-arcidosso\/\" \/>\n<meta property=\"og:site_name\" content=\"intoscana\" \/>\n<meta property=\"article:publisher\" content=\"https:\/\/www.facebook.com\/intoscana.it\" \/>\n<meta property=\"article:published_time\" content=\"2020-01-10T21:11:27+00:00\" \/>\n<meta property=\"article:modified_time\" content=\"2021-03-04T12:30:35+00:00\" \/>\n<meta property=\"og:image\" content=\"https:\/\/www.intoscana.it\/wp-content\/uploads\/whatsapp-image-2020-01-10-at-15.05.41.jpg\" \/>\n\t<meta property=\"og:image:width\" content=\"1000\" \/>\n\t<meta property=\"og:image:height\" content=\"750\" \/>\n\t<meta property=\"og:image:type\" content=\"image\/jpeg\" \/>\n<meta name=\"author\" content=\"Redazione\" \/>\n<meta name=\"twitter:card\" content=\"summary_large_image\" \/>\n<meta name=\"twitter:creator\" content=\"@intoscana\" \/>\n<meta name=\"twitter:site\" content=\"@intoscana\" \/>\n<meta name=\"twitter:label1\" content=\"Written by\" \/>\n\t<meta name=\"twitter:data1\" content=\"Redazione\" \/>\n\t<meta name=\"twitter:label2\" content=\"Est. reading time\" \/>\n\t<meta name=\"twitter:data2\" content=\"2 minuti\" \/>\n<script type=\"application\/ld+json\" class=\"yoast-schema-graph\">{\"@context\":\"https:\/\/schema.org\",\"@graph\":[{\"@type\":\"WebPage\",\"@id\":\"https:\/\/www.intoscana.it\/it\/banda-ultra-larga-arcidosso\/\",\"url\":\"https:\/\/www.intoscana.it\/it\/banda-ultra-larga-arcidosso\/\",\"name\":\"Banda ultra larga, Arcidosso 'vola'. Bugli: 'Entro 2021 fibra ovunque' - intoscana\",\"isPartOf\":{\"@id\":\"https:\/\/www.intoscana.it\/it\/#website\"},\"primaryImageOfPage\":{\"@id\":\"https:\/\/www.intoscana.it\/it\/banda-ultra-larga-arcidosso\/#primaryimage\"},\"image\":{\"@id\":\"https:\/\/www.intoscana.it\/it\/banda-ultra-larga-arcidosso\/#primaryimage\"},\"thumbnailUrl\":\"https:\/\/www.intoscana.it\/wp-content\/uploads\/whatsapp-image-2020-01-10-at-15.05.41.jpg\",\"datePublished\":\"2020-01-10T21:11:27+00:00\",\"dateModified\":\"2021-03-04T12:30:35+00:00\",\"author\":{\"@id\":\"https:\/\/www.intoscana.it\/it\/#\/schema\/person\/9223810753230f20bd670fdd322661f8\"},\"description\":\"Arcidosso, arriva la banda ultra larga, via agli interventi per\u00a01 milione e 156 mila euro, saranno cablate 3779 abitazioni e 124 aziende del comune amiatino.\",\"breadcrumb\":{\"@id\":\"https:\/\/www.intoscana.it\/it\/banda-ultra-larga-arcidosso\/#breadcrumb\"},\"inLanguage\":\"it-IT\",\"potentialAction\":[{\"@type\":\"ReadAction\",\"target\":[\"https:\/\/www.intoscana.it\/it\/banda-ultra-larga-arcidosso\/\"]}]},{\"@type\":\"ImageObject\",\"inLanguage\":\"it-IT\",\"@id\":\"https:\/\/www.intoscana.it\/it\/banda-ultra-larga-arcidosso\/#primaryimage\",\"url\":\"https:\/\/www.intoscana.it\/wp-content\/uploads\/whatsapp-image-2020-01-10-at-15.05.41.jpg\",\"contentUrl\":\"https:\/\/www.intoscana.it\/wp-content\/uploads\/whatsapp-image-2020-01-10-at-15.05.41.jpg\",\"width\":1000,\"height\":750,\"caption\":\"Cantieri per la banda ultralarga ad Arcidosso, con l'assessore Bugli.\"},{\"@type\":\"BreadcrumbList\",\"@id\":\"https:\/\/www.intoscana.it\/it\/banda-ultra-larga-arcidosso\/#breadcrumb\",\"itemListElement\":[{\"@type\":\"ListItem\",\"position\":1,\"name\":\"Home\",\"item\":\"https:\/\/www.intoscana.it\/it\/\"},{\"@type\":\"ListItem\",\"position\":2,\"name\":\"Banda ultra larga, Arcidosso &#8216;vola&#8217;. Bugli: &#8216;Entro 2021 fibra ovunque&#8217;\"}]},{\"@type\":\"WebSite\",\"@id\":\"https:\/\/www.intoscana.it\/it\/#website\",\"url\":\"https:\/\/www.intoscana.it\/it\/\",\"name\":\"intoscana\",\"description\":\"\",\"potentialAction\":[{\"@type\":\"SearchAction\",\"target\":{\"@type\":\"EntryPoint\",\"urlTemplate\":\"https:\/\/www.intoscana.it\/it\/?s={search_term_string}\"},\"query-input\":{\"@type\":\"PropertyValueSpecification\",\"valueRequired\":true,\"valueName\":\"search_term_string\"}}],\"inLanguage\":\"it-IT\"},{\"@type\":\"Person\",\"@id\":\"https:\/\/www.intoscana.it\/it\/#\/schema\/person\/9223810753230f20bd670fdd322661f8\",\"name\":\"Redazione\",\"url\":\"https:\/\/www.intoscana.it\/it\/author\/redazione\/\"}]}<\/script>\n<!-- \/ Yoast SEO Premium plugin. -->","yoast_head_json":{"title":"Banda ultra larga, Arcidosso 'vola'. Bugli: 'Entro 2021 fibra ovunque' - intoscana","description":"Arcidosso, arriva la banda ultra larga, via agli interventi per\u00a01 milione e 156 mila euro, saranno cablate 3779 abitazioni e 124 aziende del comune amiatino.","robots":{"index":"index","follow":"follow","max-snippet":"max-snippet:-1","max-image-preview":"max-image-preview:large","max-video-preview":"max-video-preview:-1"},"canonical":"https:\/\/www.intoscana.it\/it\/banda-ultra-larga-arcidosso\/","og_locale":"it_IT","og_type":"article","og_title":"Banda ultra larga, Arcidosso 'vola'. Bugli: 'Entro 2021 fibra ovunque'","og_description":"Arcidosso, arriva la banda ultra larga, via agli interventi per\u00a01 milione e 156 mila euro, saranno cablate 3779 abitazioni e 124 aziende del comune amiatino.","og_url":"https:\/\/www.intoscana.it\/it\/banda-ultra-larga-arcidosso\/","og_site_name":"intoscana","article_publisher":"https:\/\/www.facebook.com\/intoscana.it","article_published_time":"2020-01-10T21:11:27+00:00","article_modified_time":"2021-03-04T12:30:35+00:00","og_image":[{"width":1000,"height":750,"url":"https:\/\/www.intoscana.it\/wp-content\/uploads\/whatsapp-image-2020-01-10-at-15.05.41.jpg","type":"image\/jpeg"}],"author":"Redazione","twitter_card":"summary_large_image","twitter_creator":"@intoscana","twitter_site":"@intoscana","twitter_misc":{"Written by":"Redazione","Est. reading time":"2 minuti"},"schema":{"@context":"https:\/\/schema.org","@graph":[{"@type":"WebPage","@id":"https:\/\/www.intoscana.it\/it\/banda-ultra-larga-arcidosso\/","url":"https:\/\/www.intoscana.it\/it\/banda-ultra-larga-arcidosso\/","name":"Banda ultra larga, Arcidosso 'vola'. Bugli: 'Entro 2021 fibra ovunque' - intoscana","isPartOf":{"@id":"https:\/\/www.intoscana.it\/it\/#website"},"primaryImageOfPage":{"@id":"https:\/\/www.intoscana.it\/it\/banda-ultra-larga-arcidosso\/#primaryimage"},"image":{"@id":"https:\/\/www.intoscana.it\/it\/banda-ultra-larga-arcidosso\/#primaryimage"},"thumbnailUrl":"https:\/\/www.intoscana.it\/wp-content\/uploads\/whatsapp-image-2020-01-10-at-15.05.41.jpg","datePublished":"2020-01-10T21:11:27+00:00","dateModified":"2021-03-04T12:30:35+00:00","author":{"@id":"https:\/\/www.intoscana.it\/it\/#\/schema\/person\/9223810753230f20bd670fdd322661f8"},"description":"Arcidosso, arriva la banda ultra larga, via agli interventi per\u00a01 milione e 156 mila euro, saranno cablate 3779 abitazioni e 124 aziende del comune amiatino.","breadcrumb":{"@id":"https:\/\/www.intoscana.it\/it\/banda-ultra-larga-arcidosso\/#breadcrumb"},"inLanguage":"it-IT","potentialAction":[{"@type":"ReadAction","target":["https:\/\/www.intoscana.it\/it\/banda-ultra-larga-arcidosso\/"]}]},{"@type":"ImageObject","inLanguage":"it-IT","@id":"https:\/\/www.intoscana.it\/it\/banda-ultra-larga-arcidosso\/#primaryimage","url":"https:\/\/www.intoscana.it\/wp-content\/uploads\/whatsapp-image-2020-01-10-at-15.05.41.jpg","contentUrl":"https:\/\/www.intoscana.it\/wp-content\/uploads\/whatsapp-image-2020-01-10-at-15.05.41.jpg","width":1000,"height":750,"caption":"Cantieri per la banda ultralarga ad Arcidosso, con l'assessore Bugli."},{"@type":"BreadcrumbList","@id":"https:\/\/www.intoscana.it\/it\/banda-ultra-larga-arcidosso\/#breadcrumb","itemListElement":[{"@type":"ListItem","position":1,"name":"Home","item":"https:\/\/www.intoscana.it\/it\/"},{"@type":"ListItem","position":2,"name":"Banda ultra larga, Arcidosso &#8216;vola&#8217;. Bugli: &#8216;Entro 2021 fibra ovunque&#8217;"}]},{"@type":"WebSite","@id":"https:\/\/www.intoscana.it\/it\/#website","url":"https:\/\/www.intoscana.it\/it\/","name":"intoscana","description":"","potentialAction":[{"@type":"SearchAction","target":{"@type":"EntryPoint","urlTemplate":"https:\/\/www.intoscana.it\/it\/?s={search_term_string}"},"query-input":{"@type":"PropertyValueSpecification","valueRequired":true,"valueName":"search_term_string"}}],"inLanguage":"it-IT"},{"@type":"Person","@id":"https:\/\/www.intoscana.it\/it\/#\/schema\/person\/9223810753230f20bd670fdd322661f8","name":"Redazione","url":"https:\/\/www.intoscana.it\/it\/author\/redazione\/"}]}},"_links":{"self":[{"href":"https:\/\/www.intoscana.it\/it\/wp-json\/wp\/v2\/posts\/43788","targetHints":{"allow":["GET"]}}],"collection":[{"href":"https:\/\/www.intoscana.it\/it\/wp-json\/wp\/v2\/posts"}],"about":[{"href":"https:\/\/www.intoscana.it\/it\/wp-json\/wp\/v2\/types\/post"}],"author":[{"embeddable":true,"href":"https:\/\/www.intoscana.it\/it\/wp-json\/wp\/v2\/users\/525"}],"replies":[{"embeddable":true,"href":"https:\/\/www.intoscana.it\/it\/wp-json\/wp\/v2\/comments?post=43788"}],"version-history":[{"count":0,"href":"https:\/\/www.intoscana.it\/it\/wp-json\/wp\/v2\/posts\/43788\/revisions"}],"wp:featuredmedia":[{"embeddable":true,"href":"https:\/\/www.intoscana.it\/it\/wp-json\/wp\/v2\/media\/77055"}],"wp:attachment":[{"href":"https:\/\/www.intoscana.it\/it\/wp-json\/wp\/v2\/media?parent=43788"}],"wp:term":[{"taxonomy":"category","embeddable":true,"href":"https:\/\/www.intoscana.it\/it\/wp-json\/wp\/v2\/categories?post=43788"},{"taxonomy":"post_tag","embeddable":true,"href":"https:\/\/www.intoscana.it\/it\/wp-json\/wp\/v2\/tags?post=43788"}],"curies":[{"name":"wp","href":"https:\/\/api.w.org\/{rel}","templated":true}]}}