{"id":440205,"date":"2026-08-31T11:24:23","date_gmt":"2026-08-31T09:24:23","guid":{"rendered":"https:\/\/www.intoscana.it\/it\/?p=440205"},"modified":"2026-08-31T11:26:01","modified_gmt":"2026-08-31T09:26:01","slug":"a-siena-la-mostra-remember-joseph-beuys-opere-fotografie-e-documenti-per-riscoprire-il-grande-artista-tedesco","status":"publish","type":"post","link":"https:\/\/www.intoscana.it\/it\/a-siena-la-mostra-remember-joseph-beuys-opere-fotografie-e-documenti-per-riscoprire-il-grande-artista-tedesco\/","title":{"rendered":"A Siena la mostra \u201cRemember Joseph Beuys\u201d: opere, fotografie e documenti per riscoprire il grande artista tedesco"},"content":{"rendered":"<p><strong>Joseph Beuys<\/strong> \u00e8 uno dei pi\u00f9 importanti e influenti artisti tedeschi del Novecento. \u00c8 stato un precursore perch\u00e9<strong> ha ampliato il concetto stesso di arte e di artista<\/strong>. Ha superato i confini della pittura e della scultura, utilizzando <strong>materiali insoliti come feltro, grasso, cera e oggetti quotidiani.<\/strong><\/p>\n<p>\u00c8 stato tra i primi a considerare <strong>azioni, performance e partecipazione del pubblico come vere e proprie opere d\u2019arte<\/strong>.<\/p>\n<p>Ha creato il concetto di<strong> \u201cscultura sociale\u201d,<\/strong> con cui ha sostenuto che<strong> ogni individuo potesse contribuire a trasformare la societ\u00e0 attraverso la creativit\u00e0<\/strong>. Il suo pensiero ha anticipato cos\u00ec molte tendenze dell\u2019<strong>arte partecipativa, performativa e impegnata socialmente<\/strong> sviluppatesi dagli anni Settanta in poi.<\/p>\n<p><strong>Dal 13 settembre al 15 novembre<\/strong>, il <strong>Santa Maria della Scala di Siena<\/strong> ospita<strong><em> \u201cRemember Joseph Beuys\u201d<\/em><\/strong>, una mostra che non si limita a ripercorrere la vicenda artistica di Beuys, ma ne riporta al centro <strong>il pensiero, ancora attuale, sul rapporto tra uomo e natura,<\/strong> responsabilit\u00e0 individuale, partecipazione e capacit\u00e0 dell\u2019arte di contribuire alla trasformazione della societ\u00e0.<\/p>\n<p>Il progetto nasce dall\u2019incontro con la memoria e l\u2019esperienza di <strong>Lucrezia De Domizio Durini, mecenate e operatrice culturale<\/strong> che per oltre cinquant\u2019anni ha condiviso con Beuys un intenso percorso umano e intellettuale. Attraverso il suo archivio e la sua collezione privata, l\u2019esposizione restituisce tanto<strong> la dimensione pubblica dell\u2019artista quanto quella pi\u00f9 personale e quotidiana.<\/strong><\/p>\n<p>Il percorso comprende <strong>dieci gigantografie e 32 fotografie di Buby Durini,<\/strong> realizzate a partire dai negativi originali, oltre a opere, multipli, documenti e pubblicazioni.<\/p>\n<p>Tra i lavori esposti figurano <strong><em>Gespr\u00e4ch \u2013 Il Dialogo<\/em><\/strong> del 1976, <strong><em>La Rivoluzione Siamo Noi, Clavicembalo e il Progetto Museo Joseph Beuys<\/em> <\/strong>del 1983. Un nucleo importante \u00e8 dedicato alla<strong><em> \u201cDifesa della Natura\u201d<\/em><\/strong>, tema centrale nella riflessione di Beuys sul rapporto tra ambiente, individuo e societ\u00e0, al quale si collega anche il progetto del Giardino Joseph Beuys.<\/p>\n<p>A completare l\u2019esposizione \u00e8<strong> un omaggio dell\u2019artista senese Jacopo Pischedda<\/strong>, a testimonianza di come l\u2019eredit\u00e0 di Beuys continui a generare nuove interpretazioni e linguaggi.<\/p>\n<figure id=\"post-105733 media-105733\" class=\"align-none\"><img decoding=\"async\" src=\"https:\/\/www.intoscana.it\/wp-content\/uploads\/santa-maria-della-scala-1.jpg\" alt=\"\" \/><\/figure>\n<div class=\"titleimg\">Santa Maria della Scala<\/div>\n","protected":false},"excerpt":{"rendered":"<p>Dal 13 settembre al 15 novembre il Santa Maria della Scala di Siena ospita una mostra che non si limita a ripercorrere la vicenda artistica di Beuys, ma ne riporta al centro il pensiero ancora attuale, sul rapporto tra uomo e natura, responsabilit\u00e0 individuale, partecipazione e capacit\u00e0 dell\u2019arte di contribuire alla trasformazione della societ\u00e0<\/p>\n","protected":false},"author":518,"featured_media":440213,"comment_status":"open","ping_status":"open","sticky":false,"template":"","format":"standard","meta":{"_acf_changed":false,"footnotes":""},"categories":[493],"tags":[222,164],"class_list":["post-440205","post","type-post","status-publish","format-standard","has-post-thumbnail","hentry","category-cultura","tag-mostre","tag-siena"],"acf":[],"yoast_head":"<!-- This site is optimized with the Yoast SEO Premium plugin v24.2 (Yoast SEO v25.6) - https:\/\/yoast.com\/wordpress\/plugins\/seo\/ -->\n<title>A Siena la mostra \u201cRemember Joseph Beuys\u201d: opere, fotografie e documenti per riscoprire il grande artista tedesco - intoscana<\/title>\n<meta name=\"description\" content=\"Dal 13 settembre al 15 novembre il Santa Maria della Scala di Siena ospita una mostra dedicata alla vicenda artistica di Joseph Beuys\" \/>\n<meta name=\"robots\" content=\"index, follow, max-snippet:-1, max-image-preview:large, max-video-preview:-1\" \/>\n<link rel=\"canonical\" href=\"https:\/\/www.intoscana.it\/it\/a-siena-la-mostra-remember-joseph-beuys-opere-fotografie-e-documenti-per-riscoprire-il-grande-artista-tedesco\/\" \/>\n<meta property=\"og:locale\" content=\"it_IT\" \/>\n<meta property=\"og:type\" content=\"article\" \/>\n<meta property=\"og:title\" content=\"A Siena la mostra \u201cRemember Joseph Beuys\u201d: opere, fotografie e documenti per riscoprire il grande artista tedesco\" \/>\n<meta property=\"og:description\" content=\"Dal 13 settembre al 15 novembre il Santa Maria della Scala di Siena ospita una mostra dedicata alla vicenda artistica di Joseph Beuys\" \/>\n<meta property=\"og:url\" content=\"https:\/\/www.intoscana.it\/it\/a-siena-la-mostra-remember-joseph-beuys-opere-fotografie-e-documenti-per-riscoprire-il-grande-artista-tedesco\/\" \/>\n<meta property=\"og:site_name\" content=\"intoscana\" \/>\n<meta property=\"article:publisher\" content=\"https:\/\/www.facebook.com\/intoscana.it\" \/>\n<meta property=\"article:published_time\" content=\"2026-08-31T09:24:23+00:00\" \/>\n<meta property=\"article:modified_time\" content=\"2026-08-31T09:26:01+00:00\" \/>\n<meta property=\"og:image\" content=\"https:\/\/www.intoscana.it\/wp-content\/uploads\/1788160049-r-j-b-social-kit-post.jpg.jpeg\" \/>\n\t<meta property=\"og:image:width\" content=\"960\" \/>\n\t<meta property=\"og:image:height\" content=\"498\" \/>\n\t<meta property=\"og:image:type\" content=\"image\/jpeg\" \/>\n<meta name=\"author\" content=\"Costanza Baldini\" \/>\n<meta name=\"twitter:card\" content=\"summary_large_image\" \/>\n<meta name=\"twitter:creator\" content=\"@intoscana\" \/>\n<meta name=\"twitter:site\" content=\"@intoscana\" \/>\n<meta name=\"twitter:label1\" content=\"Written by\" \/>\n\t<meta name=\"twitter:data1\" content=\"Costanza Baldini\" \/>\n\t<meta name=\"twitter:label2\" content=\"Est. reading time\" \/>\n\t<meta name=\"twitter:data2\" content=\"3 minuti\" \/>\n<script type=\"application\/ld+json\" class=\"yoast-schema-graph\">{\"@context\":\"https:\/\/schema.org\",\"@graph\":[{\"@type\":\"WebPage\",\"@id\":\"https:\/\/www.intoscana.it\/it\/a-siena-la-mostra-remember-joseph-beuys-opere-fotografie-e-documenti-per-riscoprire-il-grande-artista-tedesco\/\",\"url\":\"https:\/\/www.intoscana.it\/it\/a-siena-la-mostra-remember-joseph-beuys-opere-fotografie-e-documenti-per-riscoprire-il-grande-artista-tedesco\/\",\"name\":\"A Siena la mostra \u201cRemember Joseph Beuys\u201d: opere, fotografie e documenti per riscoprire il grande artista tedesco - intoscana\",\"isPartOf\":{\"@id\":\"https:\/\/www.intoscana.it\/it\/#website\"},\"primaryImageOfPage\":{\"@id\":\"https:\/\/www.intoscana.it\/it\/a-siena-la-mostra-remember-joseph-beuys-opere-fotografie-e-documenti-per-riscoprire-il-grande-artista-tedesco\/#primaryimage\"},\"image\":{\"@id\":\"https:\/\/www.intoscana.it\/it\/a-siena-la-mostra-remember-joseph-beuys-opere-fotografie-e-documenti-per-riscoprire-il-grande-artista-tedesco\/#primaryimage\"},\"thumbnailUrl\":\"https:\/\/www.intoscana.it\/wp-content\/uploads\/1788160049-r-j-b-social-kit-post.jpg.jpeg\",\"datePublished\":\"2026-08-31T09:24:23+00:00\",\"dateModified\":\"2026-08-31T09:26:01+00:00\",\"author\":{\"@id\":\"https:\/\/www.intoscana.it\/it\/#\/schema\/person\/d469f35f09739bdf00bf5dd3f0647a82\"},\"description\":\"Dal 13 settembre al 15 novembre il Santa Maria della Scala di Siena ospita una mostra dedicata alla vicenda artistica di Joseph Beuys\",\"breadcrumb\":{\"@id\":\"https:\/\/www.intoscana.it\/it\/a-siena-la-mostra-remember-joseph-beuys-opere-fotografie-e-documenti-per-riscoprire-il-grande-artista-tedesco\/#breadcrumb\"},\"inLanguage\":\"it-IT\",\"potentialAction\":[{\"@type\":\"ReadAction\",\"target\":[\"https:\/\/www.intoscana.it\/it\/a-siena-la-mostra-remember-joseph-beuys-opere-fotografie-e-documenti-per-riscoprire-il-grande-artista-tedesco\/\"]}]},{\"@type\":\"ImageObject\",\"inLanguage\":\"it-IT\",\"@id\":\"https:\/\/www.intoscana.it\/it\/a-siena-la-mostra-remember-joseph-beuys-opere-fotografie-e-documenti-per-riscoprire-il-grande-artista-tedesco\/#primaryimage\",\"url\":\"https:\/\/www.intoscana.it\/wp-content\/uploads\/1788160049-r-j-b-social-kit-post.jpg.jpeg\",\"contentUrl\":\"https:\/\/www.intoscana.it\/wp-content\/uploads\/1788160049-r-j-b-social-kit-post.jpg.jpeg\",\"width\":960,\"height\":498},{\"@type\":\"BreadcrumbList\",\"@id\":\"https:\/\/www.intoscana.it\/it\/a-siena-la-mostra-remember-joseph-beuys-opere-fotografie-e-documenti-per-riscoprire-il-grande-artista-tedesco\/#breadcrumb\",\"itemListElement\":[{\"@type\":\"ListItem\",\"position\":1,\"name\":\"Home\",\"item\":\"https:\/\/www.intoscana.it\/it\/\"},{\"@type\":\"ListItem\",\"position\":2,\"name\":\"A Siena la mostra \u201cRemember Joseph Beuys\u201d: opere, fotografie e documenti per riscoprire il grande artista tedesco\"}]},{\"@type\":\"WebSite\",\"@id\":\"https:\/\/www.intoscana.it\/it\/#website\",\"url\":\"https:\/\/www.intoscana.it\/it\/\",\"name\":\"intoscana\",\"description\":\"\",\"potentialAction\":[{\"@type\":\"SearchAction\",\"target\":{\"@type\":\"EntryPoint\",\"urlTemplate\":\"https:\/\/www.intoscana.it\/it\/?s={search_term_string}\"},\"query-input\":{\"@type\":\"PropertyValueSpecification\",\"valueRequired\":true,\"valueName\":\"search_term_string\"}}],\"inLanguage\":\"it-IT\"},{\"@type\":\"Person\",\"@id\":\"https:\/\/www.intoscana.it\/it\/#\/schema\/person\/d469f35f09739bdf00bf5dd3f0647a82\",\"name\":\"Costanza Baldini\",\"url\":\"https:\/\/www.intoscana.it\/it\/author\/costanza-baldini\/\"}]}<\/script>\n<!-- \/ Yoast SEO Premium plugin. -->","yoast_head_json":{"title":"A Siena la mostra \u201cRemember Joseph Beuys\u201d: opere, fotografie e documenti per riscoprire il grande artista tedesco - intoscana","description":"Dal 13 settembre al 15 novembre il Santa Maria della Scala di Siena ospita una mostra dedicata alla vicenda artistica di Joseph Beuys","robots":{"index":"index","follow":"follow","max-snippet":"max-snippet:-1","max-image-preview":"max-image-preview:large","max-video-preview":"max-video-preview:-1"},"canonical":"https:\/\/www.intoscana.it\/it\/a-siena-la-mostra-remember-joseph-beuys-opere-fotografie-e-documenti-per-riscoprire-il-grande-artista-tedesco\/","og_locale":"it_IT","og_type":"article","og_title":"A Siena la mostra \u201cRemember Joseph Beuys\u201d: opere, fotografie e documenti per riscoprire il grande artista tedesco","og_description":"Dal 13 settembre al 15 novembre il Santa Maria della Scala di Siena ospita una mostra dedicata alla vicenda artistica di Joseph Beuys","og_url":"https:\/\/www.intoscana.it\/it\/a-siena-la-mostra-remember-joseph-beuys-opere-fotografie-e-documenti-per-riscoprire-il-grande-artista-tedesco\/","og_site_name":"intoscana","article_publisher":"https:\/\/www.facebook.com\/intoscana.it","article_published_time":"2026-08-31T09:24:23+00:00","article_modified_time":"2026-08-31T09:26:01+00:00","og_image":[{"width":960,"height":498,"url":"https:\/\/www.intoscana.it\/wp-content\/uploads\/1788160049-r-j-b-social-kit-post.jpg.jpeg","type":"image\/jpeg"}],"author":"Costanza Baldini","twitter_card":"summary_large_image","twitter_creator":"@intoscana","twitter_site":"@intoscana","twitter_misc":{"Written by":"Costanza Baldini","Est. reading time":"3 minuti"},"schema":{"@context":"https:\/\/schema.org","@graph":[{"@type":"WebPage","@id":"https:\/\/www.intoscana.it\/it\/a-siena-la-mostra-remember-joseph-beuys-opere-fotografie-e-documenti-per-riscoprire-il-grande-artista-tedesco\/","url":"https:\/\/www.intoscana.it\/it\/a-siena-la-mostra-remember-joseph-beuys-opere-fotografie-e-documenti-per-riscoprire-il-grande-artista-tedesco\/","name":"A Siena la mostra \u201cRemember Joseph Beuys\u201d: opere, fotografie e documenti per riscoprire il grande artista tedesco - intoscana","isPartOf":{"@id":"https:\/\/www.intoscana.it\/it\/#website"},"primaryImageOfPage":{"@id":"https:\/\/www.intoscana.it\/it\/a-siena-la-mostra-remember-joseph-beuys-opere-fotografie-e-documenti-per-riscoprire-il-grande-artista-tedesco\/#primaryimage"},"image":{"@id":"https:\/\/www.intoscana.it\/it\/a-siena-la-mostra-remember-joseph-beuys-opere-fotografie-e-documenti-per-riscoprire-il-grande-artista-tedesco\/#primaryimage"},"thumbnailUrl":"https:\/\/www.intoscana.it\/wp-content\/uploads\/1788160049-r-j-b-social-kit-post.jpg.jpeg","datePublished":"2026-08-31T09:24:23+00:00","dateModified":"2026-08-31T09:26:01+00:00","author":{"@id":"https:\/\/www.intoscana.it\/it\/#\/schema\/person\/d469f35f09739bdf00bf5dd3f0647a82"},"description":"Dal 13 settembre al 15 novembre il Santa Maria della Scala di Siena ospita una mostra dedicata alla vicenda artistica di Joseph Beuys","breadcrumb":{"@id":"https:\/\/www.intoscana.it\/it\/a-siena-la-mostra-remember-joseph-beuys-opere-fotografie-e-documenti-per-riscoprire-il-grande-artista-tedesco\/#breadcrumb"},"inLanguage":"it-IT","potentialAction":[{"@type":"ReadAction","target":["https:\/\/www.intoscana.it\/it\/a-siena-la-mostra-remember-joseph-beuys-opere-fotografie-e-documenti-per-riscoprire-il-grande-artista-tedesco\/"]}]},{"@type":"ImageObject","inLanguage":"it-IT","@id":"https:\/\/www.intoscana.it\/it\/a-siena-la-mostra-remember-joseph-beuys-opere-fotografie-e-documenti-per-riscoprire-il-grande-artista-tedesco\/#primaryimage","url":"https:\/\/www.intoscana.it\/wp-content\/uploads\/1788160049-r-j-b-social-kit-post.jpg.jpeg","contentUrl":"https:\/\/www.intoscana.it\/wp-content\/uploads\/1788160049-r-j-b-social-kit-post.jpg.jpeg","width":960,"height":498},{"@type":"BreadcrumbList","@id":"https:\/\/www.intoscana.it\/it\/a-siena-la-mostra-remember-joseph-beuys-opere-fotografie-e-documenti-per-riscoprire-il-grande-artista-tedesco\/#breadcrumb","itemListElement":[{"@type":"ListItem","position":1,"name":"Home","item":"https:\/\/www.intoscana.it\/it\/"},{"@type":"ListItem","position":2,"name":"A Siena la mostra \u201cRemember Joseph Beuys\u201d: opere, fotografie e documenti per riscoprire il grande artista tedesco"}]},{"@type":"WebSite","@id":"https:\/\/www.intoscana.it\/it\/#website","url":"https:\/\/www.intoscana.it\/it\/","name":"intoscana","description":"","potentialAction":[{"@type":"SearchAction","target":{"@type":"EntryPoint","urlTemplate":"https:\/\/www.intoscana.it\/it\/?s={search_term_string}"},"query-input":{"@type":"PropertyValueSpecification","valueRequired":true,"valueName":"search_term_string"}}],"inLanguage":"it-IT"},{"@type":"Person","@id":"https:\/\/www.intoscana.it\/it\/#\/schema\/person\/d469f35f09739bdf00bf5dd3f0647a82","name":"Costanza Baldini","url":"https:\/\/www.intoscana.it\/it\/author\/costanza-baldini\/"}]}},"_links":{"self":[{"href":"https:\/\/www.intoscana.it\/it\/wp-json\/wp\/v2\/posts\/440205","targetHints":{"allow":["GET"]}}],"collection":[{"href":"https:\/\/www.intoscana.it\/it\/wp-json\/wp\/v2\/posts"}],"about":[{"href":"https:\/\/www.intoscana.it\/it\/wp-json\/wp\/v2\/types\/post"}],"author":[{"embeddable":true,"href":"https:\/\/www.intoscana.it\/it\/wp-json\/wp\/v2\/users\/518"}],"replies":[{"embeddable":true,"href":"https:\/\/www.intoscana.it\/it\/wp-json\/wp\/v2\/comments?post=440205"}],"version-history":[{"count":5,"href":"https:\/\/www.intoscana.it\/it\/wp-json\/wp\/v2\/posts\/440205\/revisions"}],"predecessor-version":[{"id":440217,"href":"https:\/\/www.intoscana.it\/it\/wp-json\/wp\/v2\/posts\/440205\/revisions\/440217"}],"wp:featuredmedia":[{"embeddable":true,"href":"https:\/\/www.intoscana.it\/it\/wp-json\/wp\/v2\/media\/440213"}],"wp:attachment":[{"href":"https:\/\/www.intoscana.it\/it\/wp-json\/wp\/v2\/media?parent=440205"}],"wp:term":[{"taxonomy":"category","embeddable":true,"href":"https:\/\/www.intoscana.it\/it\/wp-json\/wp\/v2\/categories?post=440205"},{"taxonomy":"post_tag","embeddable":true,"href":"https:\/\/www.intoscana.it\/it\/wp-json\/wp\/v2\/tags?post=440205"}],"curies":[{"name":"wp","href":"https:\/\/api.w.org\/{rel}","templated":true}]}}