{"id":440227,"date":"2026-08-31T13:48:11","date_gmt":"2026-08-31T11:48:11","guid":{"rendered":"https:\/\/www.intoscana.it\/it\/?p=440227"},"modified":"2026-08-31T13:48:46","modified_gmt":"2026-08-31T11:48:46","slug":"toscana-dei-lettori-riparte-da-bagno-a-ripoli-rassegne-e-festival-con-i-protagonisti-della-cultura-contemporanea","status":"publish","type":"post","link":"https:\/\/www.intoscana.it\/it\/toscana-dei-lettori-riparte-da-bagno-a-ripoli-rassegne-e-festival-con-i-protagonisti-della-cultura-contemporanea\/","title":{"rendered":"Toscana dei Lettori riparte da Bagno a Ripoli: tanti incontri con i protagonisti della cultura contemporanea"},"content":{"rendered":"<p>Riparte da Bagno a Ripoli <strong>\u201cToscana dei Lettori\u201d,<\/strong> il progetto dell<strong>\u2019Associazione Wimbledon APS diretto da Gabriele Ametrano,<\/strong> che porta in Toscana scrittori, giornalisti e protagonisti della cultura contemporanea.<\/p>\n<p>La sesta edizione di <strong>Bagno a Ripoli dei Lettori,<\/strong> in programma <strong>dal 4 al 6 settembre<\/strong> tra la Biblioteca Comunale e la Fonte della Fata Morgana, ospiter\u00e0 tra gli altri <strong>Miguel Gotor, Yaryna Grusha, Annalisa Camilli, Maurizio Maggiani ed Edoardo Albinati.<\/strong><\/p>\n<p><strong>Gabriele Ametrano, presidente di Associazione Wimbledon APS<\/strong> e direttore del progetto ha dichiarato: \u201c<em>Con Toscana dei Lettori riprendiamo un percorso che vuole rimettere il libro al centro delle riflessioni sulla nostra contemporaneit\u00e0. Viviamo un tempo che ci chiede risposte immediate: noi crediamo invece nel valore di una lettura di qualit\u00e0, che sappia restituire alla parola scritta i suoi tempi lenti, quelli dell&#8217;approfondimento e della riflessione, senza mai perdere il piacere che rende la lettura un gesto libero e necessario. Bagno a Ripoli dei Lettori, che apre questa nuova stagione con la sua sesta edizione, \u00e8 la conferma di questa idea: un festival che negli anni ha saputo costruire un pubblico attento e una comunit\u00e0 di lettori sempre pi\u00f9 solida attorno ai grandi temi del nostro presente\u201d.<\/em><\/p>\n<p><em>\u201cSiamo felici &#8211; <\/em><strong>dichiara il sindaco di Bagno a Ripoli Francesco Pignotti <\/strong><em>&#8211; che l\u2019autunno della Citt\u00e0 dei Lettori riparta da Bagno a Ripoli con una programmazione che come sempre porta sul nostro territorio scrittori e figure di primo piano del panorama culturale, e allo stesso tempo valorizza alcuni dei luoghi simbolo della nostra comunit\u00e0, la Biblioteca e la Fonte della Fata Morgana. Continueremo a sostenere con convinzione questa iniziativa perch\u00e9 crediamo che la lettura sia prima di tutto un diritto e che promuoverne la diffusione significhi contribuire a costruire una comunit\u00e0 pi\u00f9 consapevole, pi\u00f9 attenta e pi\u00f9 empatica. Leggere significa aprire finestre sul mondo, confrontarsi con punti di vista diversi, comprendere meglio gli altri e noi stessi. Come scrive proprio uno dei nostri ospiti, Maurizio Maggiani, in Meccanica celeste: &#8216;Questo nostro leggere ci insegna a vivere assieme&#8217;\u201d.<\/em><\/p>\n<figure id=\"post-440231 media-440231\" class=\"align-none\"><img decoding=\"async\" src=\"https:\/\/www.intoscana.it\/wp-content\/uploads\/Ilaria-Castelino-PH.-Cristina-Andolcetti.jpg\" alt=\"\" \/><\/figure>\n<div class=\"titleimg\">Ilaria Castelino PH. Cristina Andolcetti<\/div>\n<p>Il festival si aprir\u00e0 <strong>venerd\u00ec 4 settembre<\/strong> alle 17.30 con <strong>Miguel Gotor<\/strong> e il suo libro <strong><em>L\u2019omicidio di Piersanti Mattarella<\/em> <\/strong>(Einaudi), seguito dall\u2019incontro con<strong> Yaryna Grusha<\/strong> su <strong><em>L\u2019album blu<\/em><\/strong> (Bompiani).<\/p>\n<p><strong>Sabato 5<\/strong> spazio ad <strong>Annalisa Camilli<\/strong> con <em><strong>Divieto di protestare<\/strong><\/em> (Einaudi), alla lectio di <strong>Maurizio Maggiani<\/strong> dedicata al suo <strong><em>Almanacco dei viventi<\/em><\/strong> (Feltrinelli) e, alle 19, a Edoardo Albinati con la lectio Sentirsi soli.<\/p>\n<p><strong>Domenica 6<\/strong> il programma propone invece \u201cYoga tra le righe\u201d e \u201cScrivere il corpo\u201d.<\/p>\n<h3>I prossimi appuntamenti<\/h3>\n<p>Il calendario di Toscana dei Lettori proseguir\u00e0 con gli appuntamenti di <strong>Firenze (6 settembre) e Grosseto (21 settembre)<\/strong>, quindi con <strong>Poggibonsi dei Lettori,<\/strong> dal 24 al 26 settembre, e<strong> Calenzano dei Lettori<\/strong>, con una preview il 17 settembre e il festival il 2 e 3 ottobre.<\/p>\n<p>A Poggibonsi, il 25 settembre, sar\u00e0 inoltre annunciato il vincitore della quarta edizione del <strong>Premio La Citt\u00e0 dei Lettori,<\/strong> realizzato in collaborazione con Unicoop Firenze.<\/p>\n<p>Tra gli appuntamenti successivi anche l\u2019incontro con<strong> Chiara Valerio, il 21 ottobre<\/strong> alle 17.30 alla Biblioteca di Bagno a Ripoli, dedicato a <strong>Marguerite Yourcenar e Memorie di Adriano<\/strong>.<\/p>\n<p><strong>Tutti gli eventi sono a ingresso gratuito.<\/strong><\/p>\n<figure id=\"post-440229 media-440229\" class=\"align-none\"><img decoding=\"async\" src=\"https:\/\/www.intoscana.it\/wp-content\/uploads\/Annalisa-Camilli-PH-Chiara-Stampacchia.jpeg\" alt=\"\" \/><\/figure>\n<div class=\"titleimg\">Annalisa Camilli PH Chiara Stampacchia<\/div>\n","protected":false},"excerpt":{"rendered":"<p>Dal 4 al 6 settembre tra la Biblioteca Comunale e la Fonte della Fata Morgana ospiti: Miguel Gotor, Yaryna Grusha, Annalisa Camilli, Maurizio Maggiani ed Edoardo Albinati<\/p>\n","protected":false},"author":525,"featured_media":440236,"comment_status":"open","ping_status":"open","sticky":false,"template":"","format":"standard","meta":{"_acf_changed":false,"footnotes":""},"categories":[493],"tags":[4937,228,210],"class_list":["post-440227","post","type-post","status-publish","format-standard","has-post-thumbnail","hentry","category-cultura","tag-bagno-a-ripoli","tag-festival","tag-libri"],"acf":[],"yoast_head":"<!-- This site is optimized with the Yoast SEO Premium plugin v24.2 (Yoast SEO v25.6) - https:\/\/yoast.com\/wordpress\/plugins\/seo\/ -->\n<title>Toscana dei Lettori riparte da Bagno a Ripoli: tanti incontri con i protagonisti della cultura contemporanea - intoscana<\/title>\n<meta name=\"description\" content=\"Dal 4 al 6 settembre tra la Biblioteca Comunale e la Fonte della Fata Morgana ospiti: Miguel Gotor, Yaryna Grusha, Annalisa Camilli\" \/>\n<meta name=\"robots\" content=\"index, follow, max-snippet:-1, max-image-preview:large, max-video-preview:-1\" \/>\n<link rel=\"canonical\" href=\"https:\/\/www.intoscana.it\/it\/toscana-dei-lettori-riparte-da-bagno-a-ripoli-rassegne-e-festival-con-i-protagonisti-della-cultura-contemporanea\/\" \/>\n<meta property=\"og:locale\" content=\"it_IT\" \/>\n<meta property=\"og:type\" content=\"article\" \/>\n<meta property=\"og:title\" content=\"Toscana dei Lettori riparte da Bagno a Ripoli: tanti incontri con i protagonisti della cultura contemporanea\" \/>\n<meta property=\"og:description\" content=\"Dal 4 al 6 settembre tra la Biblioteca Comunale e la Fonte della Fata Morgana ospiti: Miguel Gotor, Yaryna Grusha, Annalisa Camilli\" \/>\n<meta property=\"og:url\" content=\"https:\/\/www.intoscana.it\/it\/toscana-dei-lettori-riparte-da-bagno-a-ripoli-rassegne-e-festival-con-i-protagonisti-della-cultura-contemporanea\/\" \/>\n<meta property=\"og:site_name\" content=\"intoscana\" \/>\n<meta property=\"article:publisher\" content=\"https:\/\/www.facebook.com\/intoscana.it\" \/>\n<meta property=\"article:published_time\" content=\"2026-08-31T11:48:11+00:00\" \/>\n<meta property=\"article:modified_time\" content=\"2026-08-31T11:48:46+00:00\" \/>\n<meta property=\"og:image\" content=\"https:\/\/www.intoscana.it\/wp-content\/uploads\/Yaryna-Grusha-PH.-Olga-Zakrevska.jpeg\" \/>\n\t<meta property=\"og:image:width\" content=\"640\" \/>\n\t<meta property=\"og:image:height\" content=\"427\" \/>\n\t<meta property=\"og:image:type\" content=\"image\/jpeg\" \/>\n<meta name=\"author\" content=\"Redazione\" \/>\n<meta name=\"twitter:card\" content=\"summary_large_image\" \/>\n<meta name=\"twitter:creator\" content=\"@intoscana\" \/>\n<meta name=\"twitter:site\" content=\"@intoscana\" \/>\n<meta name=\"twitter:label1\" content=\"Written by\" \/>\n\t<meta name=\"twitter:data1\" content=\"Redazione\" \/>\n\t<meta name=\"twitter:label2\" content=\"Est. reading time\" \/>\n\t<meta name=\"twitter:data2\" content=\"4 minuti\" \/>\n<script type=\"application\/ld+json\" class=\"yoast-schema-graph\">{\"@context\":\"https:\/\/schema.org\",\"@graph\":[{\"@type\":\"WebPage\",\"@id\":\"https:\/\/www.intoscana.it\/it\/toscana-dei-lettori-riparte-da-bagno-a-ripoli-rassegne-e-festival-con-i-protagonisti-della-cultura-contemporanea\/\",\"url\":\"https:\/\/www.intoscana.it\/it\/toscana-dei-lettori-riparte-da-bagno-a-ripoli-rassegne-e-festival-con-i-protagonisti-della-cultura-contemporanea\/\",\"name\":\"Toscana dei Lettori riparte da Bagno a Ripoli: tanti incontri con i protagonisti della cultura contemporanea - intoscana\",\"isPartOf\":{\"@id\":\"https:\/\/www.intoscana.it\/it\/#website\"},\"primaryImageOfPage\":{\"@id\":\"https:\/\/www.intoscana.it\/it\/toscana-dei-lettori-riparte-da-bagno-a-ripoli-rassegne-e-festival-con-i-protagonisti-della-cultura-contemporanea\/#primaryimage\"},\"image\":{\"@id\":\"https:\/\/www.intoscana.it\/it\/toscana-dei-lettori-riparte-da-bagno-a-ripoli-rassegne-e-festival-con-i-protagonisti-della-cultura-contemporanea\/#primaryimage\"},\"thumbnailUrl\":\"https:\/\/www.intoscana.it\/wp-content\/uploads\/Yaryna-Grusha-PH.-Olga-Zakrevska.jpeg\",\"datePublished\":\"2026-08-31T11:48:11+00:00\",\"dateModified\":\"2026-08-31T11:48:46+00:00\",\"author\":{\"@id\":\"https:\/\/www.intoscana.it\/it\/#\/schema\/person\/9223810753230f20bd670fdd322661f8\"},\"description\":\"Dal 4 al 6 settembre tra la Biblioteca Comunale e la Fonte della Fata Morgana ospiti: Miguel Gotor, Yaryna Grusha, Annalisa Camilli\",\"breadcrumb\":{\"@id\":\"https:\/\/www.intoscana.it\/it\/toscana-dei-lettori-riparte-da-bagno-a-ripoli-rassegne-e-festival-con-i-protagonisti-della-cultura-contemporanea\/#breadcrumb\"},\"inLanguage\":\"it-IT\",\"potentialAction\":[{\"@type\":\"ReadAction\",\"target\":[\"https:\/\/www.intoscana.it\/it\/toscana-dei-lettori-riparte-da-bagno-a-ripoli-rassegne-e-festival-con-i-protagonisti-della-cultura-contemporanea\/\"]}]},{\"@type\":\"ImageObject\",\"inLanguage\":\"it-IT\",\"@id\":\"https:\/\/www.intoscana.it\/it\/toscana-dei-lettori-riparte-da-bagno-a-ripoli-rassegne-e-festival-con-i-protagonisti-della-cultura-contemporanea\/#primaryimage\",\"url\":\"https:\/\/www.intoscana.it\/wp-content\/uploads\/Yaryna-Grusha-PH.-Olga-Zakrevska.jpeg\",\"contentUrl\":\"https:\/\/www.intoscana.it\/wp-content\/uploads\/Yaryna-Grusha-PH.-Olga-Zakrevska.jpeg\",\"width\":640,\"height\":427},{\"@type\":\"BreadcrumbList\",\"@id\":\"https:\/\/www.intoscana.it\/it\/toscana-dei-lettori-riparte-da-bagno-a-ripoli-rassegne-e-festival-con-i-protagonisti-della-cultura-contemporanea\/#breadcrumb\",\"itemListElement\":[{\"@type\":\"ListItem\",\"position\":1,\"name\":\"Home\",\"item\":\"https:\/\/www.intoscana.it\/it\/\"},{\"@type\":\"ListItem\",\"position\":2,\"name\":\"Toscana dei Lettori riparte da Bagno a Ripoli: tanti incontri con i protagonisti della cultura contemporanea\"}]},{\"@type\":\"WebSite\",\"@id\":\"https:\/\/www.intoscana.it\/it\/#website\",\"url\":\"https:\/\/www.intoscana.it\/it\/\",\"name\":\"intoscana\",\"description\":\"\",\"potentialAction\":[{\"@type\":\"SearchAction\",\"target\":{\"@type\":\"EntryPoint\",\"urlTemplate\":\"https:\/\/www.intoscana.it\/it\/?s={search_term_string}\"},\"query-input\":{\"@type\":\"PropertyValueSpecification\",\"valueRequired\":true,\"valueName\":\"search_term_string\"}}],\"inLanguage\":\"it-IT\"},{\"@type\":\"Person\",\"@id\":\"https:\/\/www.intoscana.it\/it\/#\/schema\/person\/9223810753230f20bd670fdd322661f8\",\"name\":\"Redazione\",\"url\":\"https:\/\/www.intoscana.it\/it\/author\/redazione\/\"}]}<\/script>\n<!-- \/ Yoast SEO Premium plugin. -->","yoast_head_json":{"title":"Toscana dei Lettori riparte da Bagno a Ripoli: tanti incontri con i protagonisti della cultura contemporanea - intoscana","description":"Dal 4 al 6 settembre tra la Biblioteca Comunale e la Fonte della Fata Morgana ospiti: Miguel Gotor, Yaryna Grusha, Annalisa Camilli","robots":{"index":"index","follow":"follow","max-snippet":"max-snippet:-1","max-image-preview":"max-image-preview:large","max-video-preview":"max-video-preview:-1"},"canonical":"https:\/\/www.intoscana.it\/it\/toscana-dei-lettori-riparte-da-bagno-a-ripoli-rassegne-e-festival-con-i-protagonisti-della-cultura-contemporanea\/","og_locale":"it_IT","og_type":"article","og_title":"Toscana dei Lettori riparte da Bagno a Ripoli: tanti incontri con i protagonisti della cultura contemporanea","og_description":"Dal 4 al 6 settembre tra la Biblioteca Comunale e la Fonte della Fata Morgana ospiti: Miguel Gotor, Yaryna Grusha, Annalisa Camilli","og_url":"https:\/\/www.intoscana.it\/it\/toscana-dei-lettori-riparte-da-bagno-a-ripoli-rassegne-e-festival-con-i-protagonisti-della-cultura-contemporanea\/","og_site_name":"intoscana","article_publisher":"https:\/\/www.facebook.com\/intoscana.it","article_published_time":"2026-08-31T11:48:11+00:00","article_modified_time":"2026-08-31T11:48:46+00:00","og_image":[{"width":640,"height":427,"url":"https:\/\/www.intoscana.it\/wp-content\/uploads\/Yaryna-Grusha-PH.-Olga-Zakrevska.jpeg","type":"image\/jpeg"}],"author":"Redazione","twitter_card":"summary_large_image","twitter_creator":"@intoscana","twitter_site":"@intoscana","twitter_misc":{"Written by":"Redazione","Est. reading time":"4 minuti"},"schema":{"@context":"https:\/\/schema.org","@graph":[{"@type":"WebPage","@id":"https:\/\/www.intoscana.it\/it\/toscana-dei-lettori-riparte-da-bagno-a-ripoli-rassegne-e-festival-con-i-protagonisti-della-cultura-contemporanea\/","url":"https:\/\/www.intoscana.it\/it\/toscana-dei-lettori-riparte-da-bagno-a-ripoli-rassegne-e-festival-con-i-protagonisti-della-cultura-contemporanea\/","name":"Toscana dei Lettori riparte da Bagno a Ripoli: tanti incontri con i protagonisti della cultura contemporanea - intoscana","isPartOf":{"@id":"https:\/\/www.intoscana.it\/it\/#website"},"primaryImageOfPage":{"@id":"https:\/\/www.intoscana.it\/it\/toscana-dei-lettori-riparte-da-bagno-a-ripoli-rassegne-e-festival-con-i-protagonisti-della-cultura-contemporanea\/#primaryimage"},"image":{"@id":"https:\/\/www.intoscana.it\/it\/toscana-dei-lettori-riparte-da-bagno-a-ripoli-rassegne-e-festival-con-i-protagonisti-della-cultura-contemporanea\/#primaryimage"},"thumbnailUrl":"https:\/\/www.intoscana.it\/wp-content\/uploads\/Yaryna-Grusha-PH.-Olga-Zakrevska.jpeg","datePublished":"2026-08-31T11:48:11+00:00","dateModified":"2026-08-31T11:48:46+00:00","author":{"@id":"https:\/\/www.intoscana.it\/it\/#\/schema\/person\/9223810753230f20bd670fdd322661f8"},"description":"Dal 4 al 6 settembre tra la Biblioteca Comunale e la Fonte della Fata Morgana ospiti: Miguel Gotor, Yaryna Grusha, Annalisa Camilli","breadcrumb":{"@id":"https:\/\/www.intoscana.it\/it\/toscana-dei-lettori-riparte-da-bagno-a-ripoli-rassegne-e-festival-con-i-protagonisti-della-cultura-contemporanea\/#breadcrumb"},"inLanguage":"it-IT","potentialAction":[{"@type":"ReadAction","target":["https:\/\/www.intoscana.it\/it\/toscana-dei-lettori-riparte-da-bagno-a-ripoli-rassegne-e-festival-con-i-protagonisti-della-cultura-contemporanea\/"]}]},{"@type":"ImageObject","inLanguage":"it-IT","@id":"https:\/\/www.intoscana.it\/it\/toscana-dei-lettori-riparte-da-bagno-a-ripoli-rassegne-e-festival-con-i-protagonisti-della-cultura-contemporanea\/#primaryimage","url":"https:\/\/www.intoscana.it\/wp-content\/uploads\/Yaryna-Grusha-PH.-Olga-Zakrevska.jpeg","contentUrl":"https:\/\/www.intoscana.it\/wp-content\/uploads\/Yaryna-Grusha-PH.-Olga-Zakrevska.jpeg","width":640,"height":427},{"@type":"BreadcrumbList","@id":"https:\/\/www.intoscana.it\/it\/toscana-dei-lettori-riparte-da-bagno-a-ripoli-rassegne-e-festival-con-i-protagonisti-della-cultura-contemporanea\/#breadcrumb","itemListElement":[{"@type":"ListItem","position":1,"name":"Home","item":"https:\/\/www.intoscana.it\/it\/"},{"@type":"ListItem","position":2,"name":"Toscana dei Lettori riparte da Bagno a Ripoli: tanti incontri con i protagonisti della cultura contemporanea"}]},{"@type":"WebSite","@id":"https:\/\/www.intoscana.it\/it\/#website","url":"https:\/\/www.intoscana.it\/it\/","name":"intoscana","description":"","potentialAction":[{"@type":"SearchAction","target":{"@type":"EntryPoint","urlTemplate":"https:\/\/www.intoscana.it\/it\/?s={search_term_string}"},"query-input":{"@type":"PropertyValueSpecification","valueRequired":true,"valueName":"search_term_string"}}],"inLanguage":"it-IT"},{"@type":"Person","@id":"https:\/\/www.intoscana.it\/it\/#\/schema\/person\/9223810753230f20bd670fdd322661f8","name":"Redazione","url":"https:\/\/www.intoscana.it\/it\/author\/redazione\/"}]}},"_links":{"self":[{"href":"https:\/\/www.intoscana.it\/it\/wp-json\/wp\/v2\/posts\/440227","targetHints":{"allow":["GET"]}}],"collection":[{"href":"https:\/\/www.intoscana.it\/it\/wp-json\/wp\/v2\/posts"}],"about":[{"href":"https:\/\/www.intoscana.it\/it\/wp-json\/wp\/v2\/types\/post"}],"author":[{"embeddable":true,"href":"https:\/\/www.intoscana.it\/it\/wp-json\/wp\/v2\/users\/525"}],"replies":[{"embeddable":true,"href":"https:\/\/www.intoscana.it\/it\/wp-json\/wp\/v2\/comments?post=440227"}],"version-history":[{"count":5,"href":"https:\/\/www.intoscana.it\/it\/wp-json\/wp\/v2\/posts\/440227\/revisions"}],"predecessor-version":[{"id":440245,"href":"https:\/\/www.intoscana.it\/it\/wp-json\/wp\/v2\/posts\/440227\/revisions\/440245"}],"wp:featuredmedia":[{"embeddable":true,"href":"https:\/\/www.intoscana.it\/it\/wp-json\/wp\/v2\/media\/440236"}],"wp:attachment":[{"href":"https:\/\/www.intoscana.it\/it\/wp-json\/wp\/v2\/media?parent=440227"}],"wp:term":[{"taxonomy":"category","embeddable":true,"href":"https:\/\/www.intoscana.it\/it\/wp-json\/wp\/v2\/categories?post=440227"},{"taxonomy":"post_tag","embeddable":true,"href":"https:\/\/www.intoscana.it\/it\/wp-json\/wp\/v2\/tags?post=440227"}],"curies":[{"name":"wp","href":"https:\/\/api.w.org\/{rel}","templated":true}]}}