{"id":440249,"date":"2026-08-31T15:13:35","date_gmt":"2026-08-31T13:13:35","guid":{"rendered":"https:\/\/www.intoscana.it\/it\/?p=440249"},"modified":"2026-08-31T15:14:02","modified_gmt":"2026-08-31T13:14:02","slug":"copula-mundi-sei-giorni-di-musica-spettacoli-e-creativita-al-lumen-di-firenze","status":"publish","type":"post","link":"https:\/\/www.intoscana.it\/it\/copula-mundi-sei-giorni-di-musica-spettacoli-e-creativita-al-lumen-di-firenze\/","title":{"rendered":"&#8220;Copula Mundi&#8221; sei giorni di musica, spettacoli e creativit\u00e0 al Lumen di Firenze"},"content":{"rendered":"<p><strong>Dal 1\u00b0 al 6 settembre<\/strong> lo spazio Lumen di Firenze ospita una nuova edizione d<strong>i Copula Mundi,<\/strong> festival che per sei giorni intreccia <strong>musica, performance, danza, attivit\u00e0 per bambini, talk e momenti di socialit\u00e0, c<\/strong>on un programma articolato nei diversi spazi dell\u2019area.<\/p>\n<p style=\"font-weight: 400;\"><strong>Rigenerazioni: il simposio su politiche, governance ed economie dei servizi (4-5 settembre)<\/strong><\/p>\n<p style=\"font-weight: 400;\">Il cuore del dibattito culturale e politico del festival si concentrer\u00e0 nelle giornate di venerd\u00ec 4 e sabato 5 settembre con <strong>&#8220;RigenerAzione&#8221;<\/strong>, un evento co-curato da LUMEN e Urban Housing Coop.net. L&#8217;appuntamento esplora le pratiche pi\u00f9 innovative di rigenerazione a base culturale e comunitaria in Toscana, affrontando il passaggio cruciale dal temporaneo al permanente &#8211; in linea con il percorso di LUMEN verso l\u2019accordo trentennale con l\u2019Amministrazione. Il programma prevede due pomeriggi di lavori a partire dalle <strong>14:30<\/strong>:<\/p>\n<p><strong>Venerd\u00ec 4 settembre:<\/strong> il confronto sul territorio con la presentazione di quattro progetti Interreg (IMPACT, atWork4NEETS, HEROES, SALAM) alla presenza della Regione Toscana, seguito da una tavola rotonda con amministratori locali e regionali \u2014 tra cui <strong>Alessandra Nardini, Filippo Boni, Alberto Lenzi e Bernard Dika \u2014<\/strong> per discutere di politiche, governance ed economie dei servizi dal basso.<\/p>\n<p><strong>Sabato 5 settembre:<\/strong> l&#8217;approfondimento giuridico ed economico sui Servizi di Interesse Generale (SIG\/SIEG) guidato dal sociologo e open innovation manager Flaviano Zandonai, articolato in tavoli di lavoro dedicati a riconoscimento, affidamento e compensazione sostenibile, con l&#8217;obiettivo di redigere una carta di posizionamento e un&#8217;agenda di ricerca condivisa.<\/p>\n<figure id=\"post-440259 media-440259\" class=\"align-none\">\n<figure id=\"post-440260 media-440260\" class=\"align-none\"><img decoding=\"async\" src=\"https:\/\/www.intoscana.it\/wp-content\/uploads\/02_Copula-Mundi-2025.jpg\" alt=\"\" \/><\/figure>\n<div class=\"titleimg\">Copula Mundi 2025<\/div>\n<\/figure>\n<h3>Il programma dei concerti<\/h3>\n<p>Si parte <strong>marted\u00ec 1 settembre<\/strong> alle 18 con Circolibre al Ponte, mentre alle 19, nella Serra Bianca, \u00e8 in programma <strong>Fuckup Nights.<\/strong> La serata prosegue alle 20 al Garden Stage con la<strong> Sunrise Jazz Orchestra,<\/strong> preceduta da una lezione \u201cPrimi Passi\u201d a cura di Lindy Hop in Florence e seguita dalla social dance. Alle 21 spazio agli <strong>Ultracorpi<\/strong> nella Serra Bianca e, contemporaneamente, allo showcase di danze popolari al Garden Stage.<\/p>\n<p><strong>Mercoled\u00ec 2 settembre<\/strong> il festival propone alle 18 <strong>Quantum, laboratorio dedicato ai bambini dai 3 ai 10 anni<\/strong> nella Chill Area. Alle 19 il Ring ospita la <strong>Banpay Crew,<\/strong> che torna protagonista anche in tarda serata, alle 23, sul Jungle Stage. Il Garden Stage sar\u00e0 invece il cuore della serata musicale con <strong>Mellow Mood, KG Man, Lion D e Forelock<\/strong>, in programma dalle 21.<\/p>\n<p>La musica continua<strong> gioved\u00ec 3 settembre,<\/strong> con DJ Fanqueiro alle 19 al Ring. Dalle 21 il Garden Stage ospita in successione Mote, A Tra Poco e Spleen, mentre alle 23.30 il Jungle Stage accoglie Dedalo District con Damia e Raphael Carrau.<\/p>\n<p>Il programma entra nel vivo <strong>venerd\u00ec 4 settembre<\/strong>, giornata particolarmente ricca di appuntamenti. Si comincia alle 14 con il talk Rigenerazione 2.0, seguito alle 18 da Firenze Gioca al Ring e da Circolibre al Ponte.<\/p>\n<p>Alle 20 arrivano i <strong>Fiati Sprecati<\/strong> con una performance itinerante. La musica prende poi il sopravvento: alle 21, al Garden Stage, sono protagonisti i <strong>Mefisto Brass,<\/strong> mentre alle 22 l&#8217;Arrosticini Stage propone <strong>Cantefunk + Michael Byrne.<\/strong> Alle 22.30 \u00e8 la volta di <strong>Dub FX<\/strong> al Garden Stage, mentre alle 23 il Jungle Stage ospita <strong>Saint Ludo, Numa Crew e Beatdown Sound System.<\/strong><\/p>\n<p>Anche<strong> sabato 5 settembre<\/strong> si apre alle 14 con Rigenerazione 2.0. Alle 18 tornano Firenze Gioca e Fyonda Crew, rispettivamente al Ring e alla Serra Bianca.<\/p>\n<p>La serata musicale al Garden Stage prende il via alle 21 con<strong> Apollineo,<\/strong> seguito alle 22 da<strong> Killabeatmaker<\/strong> e, alle 23, da Lattex Plus presenta <strong>Parbleu<\/strong> live. Alle 22, sull&#8217;Arrosticini Stage, spazio invece alla <strong>Dissidanza Crew<\/strong>, mentre alle 23.30 il Garden Stage accoglie<strong> Daniel Monaco + Biga.<\/strong><\/p>\n<p>La giornata conclusiva,<strong> domenica 6 settembre,<\/strong> propone dalle 17 il Supermarkeeet Vintage Market e, allo stesso orario,<strong> Sophiaurea<\/strong> all&#8217;Albero. Alle 18 torna Firenze Gioca, mentre la Serra Bianca ospita alle 18 Vineria Sonora presenta <strong>Wine Rave.<\/strong><\/p>\n<p>Alle 19 il Garden Stage accoglie l&#8217;<strong>Orchestrina di Molto Agevole.<\/strong> La musica e le attivit\u00e0 proseguono con il <strong>Crash Fest Final Contest<\/strong>, alle 20.30 alla parete d&#8217;arrampicata, quindi con Battimenti alle 21 alla Serra Bianca. Alle 21.30, sul Garden Stage, \u00e8 la volta di<strong> Davorio,<\/strong> mentre la chiusura della manifestazione \u00e8 affidata alle 22 al djset di <strong>Quantic.<\/strong><\/p>\n<p>Per le serate di venerd\u00ec 4 e sabato 5 Lumen metter\u00e0 a disposizione <strong>una navetta gratuita in collaborazione con AT TOSCANA<\/strong> a\/r da Piazza Piave per ridurre l\u2019impatto ambientale e acustico degli eventi.<\/p>\n<figure id=\"post-440261 media-440261\" class=\"align-none\"><img decoding=\"async\" src=\"https:\/\/www.intoscana.it\/wp-content\/uploads\/03_Copula-Mundi-2025.jpg\" alt=\"\" \/><\/figure>\n<div class=\"titleimg\">Copula Mundi 2025<\/div>\n","protected":false},"excerpt":{"rendered":"<p>Da marted\u00ec 1 a domenica 6 settembre a Lumen torna Copula Mundi, un festival di sperimentazione che stimola la creazione di nuovi immaginari artistici, culturali e laboratoriali. Nei sei giorni di festival si alterneranno performance, laboratori, attivit\u00e0 per i pi\u00f9 piccoli, attivit\u00e0 sportive, spettacoli teatrali, dj-set e concerti<\/p>\n","protected":false},"author":525,"featured_media":440259,"comment_status":"open","ping_status":"open","sticky":false,"template":"","format":"standard","meta":{"_acf_changed":false,"footnotes":""},"categories":[14],"tags":[6905,6226,5146,216,228,6903,202,151],"class_list":["post-440249","post","type-post","status-publish","format-standard","has-post-thumbnail","hentry","category-musica","tag-alberto-lenzi","tag-alessandra-nardini","tag-bernard-dika","tag-concerti","tag-festival","tag-filippo-boni","tag-firenze","tag-regione-toscana"],"acf":[],"yoast_head":"<!-- This site is optimized with the Yoast SEO Premium plugin v24.2 (Yoast SEO v25.6) - https:\/\/yoast.com\/wordpress\/plugins\/seo\/ -->\n<title>&quot;Copula Mundi&quot; sei giorni di musica, spettacoli e creativit\u00e0 al Lumen di Firenze - intoscana<\/title>\n<meta name=\"description\" content=\"Da marted\u00ec 1 a domenica 6 settembre a Lumen torna Copula Mundi, sei giorni di festival si alterneranno performance, laboratori, attivit\u00e0\" \/>\n<meta name=\"robots\" content=\"index, follow, max-snippet:-1, max-image-preview:large, max-video-preview:-1\" \/>\n<link rel=\"canonical\" href=\"https:\/\/www.intoscana.it\/it\/copula-mundi-sei-giorni-di-musica-spettacoli-e-creativita-al-lumen-di-firenze\/\" \/>\n<meta property=\"og:locale\" content=\"it_IT\" \/>\n<meta property=\"og:type\" content=\"article\" \/>\n<meta property=\"og:title\" content=\"&quot;Copula Mundi&quot; sei giorni di musica, spettacoli e creativit\u00e0 al Lumen di Firenze\" \/>\n<meta property=\"og:description\" content=\"Da marted\u00ec 1 a domenica 6 settembre a Lumen torna Copula Mundi, sei giorni di festival si alterneranno performance, laboratori, attivit\u00e0\" \/>\n<meta property=\"og:url\" content=\"https:\/\/www.intoscana.it\/it\/copula-mundi-sei-giorni-di-musica-spettacoli-e-creativita-al-lumen-di-firenze\/\" \/>\n<meta property=\"og:site_name\" content=\"intoscana\" \/>\n<meta property=\"article:publisher\" content=\"https:\/\/www.facebook.com\/intoscana.it\" \/>\n<meta property=\"article:published_time\" content=\"2026-08-31T13:13:35+00:00\" \/>\n<meta property=\"article:modified_time\" content=\"2026-08-31T13:14:02+00:00\" \/>\n<meta property=\"og:image\" content=\"https:\/\/www.intoscana.it\/wp-content\/uploads\/01_Crash-Fest_edizione-2025-scaled.jpg\" \/>\n\t<meta property=\"og:image:width\" content=\"2048\" \/>\n\t<meta property=\"og:image:height\" content=\"1536\" \/>\n\t<meta property=\"og:image:type\" content=\"image\/jpeg\" \/>\n<meta name=\"author\" content=\"Redazione\" \/>\n<meta name=\"twitter:card\" content=\"summary_large_image\" \/>\n<meta name=\"twitter:creator\" content=\"@intoscana\" \/>\n<meta name=\"twitter:site\" content=\"@intoscana\" \/>\n<meta name=\"twitter:label1\" content=\"Written by\" \/>\n\t<meta name=\"twitter:data1\" content=\"Redazione\" \/>\n\t<meta name=\"twitter:label2\" content=\"Est. reading time\" \/>\n\t<meta name=\"twitter:data2\" content=\"5 minuti\" \/>\n<script type=\"application\/ld+json\" class=\"yoast-schema-graph\">{\"@context\":\"https:\/\/schema.org\",\"@graph\":[{\"@type\":\"WebPage\",\"@id\":\"https:\/\/www.intoscana.it\/it\/copula-mundi-sei-giorni-di-musica-spettacoli-e-creativita-al-lumen-di-firenze\/\",\"url\":\"https:\/\/www.intoscana.it\/it\/copula-mundi-sei-giorni-di-musica-spettacoli-e-creativita-al-lumen-di-firenze\/\",\"name\":\"\\\"Copula Mundi\\\" sei giorni di musica, spettacoli e creativit\u00e0 al Lumen di Firenze - intoscana\",\"isPartOf\":{\"@id\":\"https:\/\/www.intoscana.it\/it\/#website\"},\"primaryImageOfPage\":{\"@id\":\"https:\/\/www.intoscana.it\/it\/copula-mundi-sei-giorni-di-musica-spettacoli-e-creativita-al-lumen-di-firenze\/#primaryimage\"},\"image\":{\"@id\":\"https:\/\/www.intoscana.it\/it\/copula-mundi-sei-giorni-di-musica-spettacoli-e-creativita-al-lumen-di-firenze\/#primaryimage\"},\"thumbnailUrl\":\"https:\/\/www.intoscana.it\/wp-content\/uploads\/01_Crash-Fest_edizione-2025-scaled.jpg\",\"datePublished\":\"2026-08-31T13:13:35+00:00\",\"dateModified\":\"2026-08-31T13:14:02+00:00\",\"author\":{\"@id\":\"https:\/\/www.intoscana.it\/it\/#\/schema\/person\/9223810753230f20bd670fdd322661f8\"},\"description\":\"Da marted\u00ec 1 a domenica 6 settembre a Lumen torna Copula Mundi, sei giorni di festival si alterneranno performance, laboratori, attivit\u00e0\",\"breadcrumb\":{\"@id\":\"https:\/\/www.intoscana.it\/it\/copula-mundi-sei-giorni-di-musica-spettacoli-e-creativita-al-lumen-di-firenze\/#breadcrumb\"},\"inLanguage\":\"it-IT\",\"potentialAction\":[{\"@type\":\"ReadAction\",\"target\":[\"https:\/\/www.intoscana.it\/it\/copula-mundi-sei-giorni-di-musica-spettacoli-e-creativita-al-lumen-di-firenze\/\"]}]},{\"@type\":\"ImageObject\",\"inLanguage\":\"it-IT\",\"@id\":\"https:\/\/www.intoscana.it\/it\/copula-mundi-sei-giorni-di-musica-spettacoli-e-creativita-al-lumen-di-firenze\/#primaryimage\",\"url\":\"https:\/\/www.intoscana.it\/wp-content\/uploads\/01_Crash-Fest_edizione-2025-scaled.jpg\",\"contentUrl\":\"https:\/\/www.intoscana.it\/wp-content\/uploads\/01_Crash-Fest_edizione-2025-scaled.jpg\",\"width\":2048,\"height\":1536},{\"@type\":\"BreadcrumbList\",\"@id\":\"https:\/\/www.intoscana.it\/it\/copula-mundi-sei-giorni-di-musica-spettacoli-e-creativita-al-lumen-di-firenze\/#breadcrumb\",\"itemListElement\":[{\"@type\":\"ListItem\",\"position\":1,\"name\":\"Home\",\"item\":\"https:\/\/www.intoscana.it\/it\/\"},{\"@type\":\"ListItem\",\"position\":2,\"name\":\"&#8220;Copula Mundi&#8221; sei giorni di musica, spettacoli e creativit\u00e0 al Lumen di Firenze\"}]},{\"@type\":\"WebSite\",\"@id\":\"https:\/\/www.intoscana.it\/it\/#website\",\"url\":\"https:\/\/www.intoscana.it\/it\/\",\"name\":\"intoscana\",\"description\":\"\",\"potentialAction\":[{\"@type\":\"SearchAction\",\"target\":{\"@type\":\"EntryPoint\",\"urlTemplate\":\"https:\/\/www.intoscana.it\/it\/?s={search_term_string}\"},\"query-input\":{\"@type\":\"PropertyValueSpecification\",\"valueRequired\":true,\"valueName\":\"search_term_string\"}}],\"inLanguage\":\"it-IT\"},{\"@type\":\"Person\",\"@id\":\"https:\/\/www.intoscana.it\/it\/#\/schema\/person\/9223810753230f20bd670fdd322661f8\",\"name\":\"Redazione\",\"url\":\"https:\/\/www.intoscana.it\/it\/author\/redazione\/\"}]}<\/script>\n<!-- \/ Yoast SEO Premium plugin. -->","yoast_head_json":{"title":"\"Copula Mundi\" sei giorni di musica, spettacoli e creativit\u00e0 al Lumen di Firenze - intoscana","description":"Da marted\u00ec 1 a domenica 6 settembre a Lumen torna Copula Mundi, sei giorni di festival si alterneranno performance, laboratori, attivit\u00e0","robots":{"index":"index","follow":"follow","max-snippet":"max-snippet:-1","max-image-preview":"max-image-preview:large","max-video-preview":"max-video-preview:-1"},"canonical":"https:\/\/www.intoscana.it\/it\/copula-mundi-sei-giorni-di-musica-spettacoli-e-creativita-al-lumen-di-firenze\/","og_locale":"it_IT","og_type":"article","og_title":"\"Copula Mundi\" sei giorni di musica, spettacoli e creativit\u00e0 al Lumen di Firenze","og_description":"Da marted\u00ec 1 a domenica 6 settembre a Lumen torna Copula Mundi, sei giorni di festival si alterneranno performance, laboratori, attivit\u00e0","og_url":"https:\/\/www.intoscana.it\/it\/copula-mundi-sei-giorni-di-musica-spettacoli-e-creativita-al-lumen-di-firenze\/","og_site_name":"intoscana","article_publisher":"https:\/\/www.facebook.com\/intoscana.it","article_published_time":"2026-08-31T13:13:35+00:00","article_modified_time":"2026-08-31T13:14:02+00:00","og_image":[{"width":2048,"height":1536,"url":"https:\/\/www.intoscana.it\/wp-content\/uploads\/01_Crash-Fest_edizione-2025-scaled.jpg","type":"image\/jpeg"}],"author":"Redazione","twitter_card":"summary_large_image","twitter_creator":"@intoscana","twitter_site":"@intoscana","twitter_misc":{"Written by":"Redazione","Est. reading time":"5 minuti"},"schema":{"@context":"https:\/\/schema.org","@graph":[{"@type":"WebPage","@id":"https:\/\/www.intoscana.it\/it\/copula-mundi-sei-giorni-di-musica-spettacoli-e-creativita-al-lumen-di-firenze\/","url":"https:\/\/www.intoscana.it\/it\/copula-mundi-sei-giorni-di-musica-spettacoli-e-creativita-al-lumen-di-firenze\/","name":"\"Copula Mundi\" sei giorni di musica, spettacoli e creativit\u00e0 al Lumen di Firenze - intoscana","isPartOf":{"@id":"https:\/\/www.intoscana.it\/it\/#website"},"primaryImageOfPage":{"@id":"https:\/\/www.intoscana.it\/it\/copula-mundi-sei-giorni-di-musica-spettacoli-e-creativita-al-lumen-di-firenze\/#primaryimage"},"image":{"@id":"https:\/\/www.intoscana.it\/it\/copula-mundi-sei-giorni-di-musica-spettacoli-e-creativita-al-lumen-di-firenze\/#primaryimage"},"thumbnailUrl":"https:\/\/www.intoscana.it\/wp-content\/uploads\/01_Crash-Fest_edizione-2025-scaled.jpg","datePublished":"2026-08-31T13:13:35+00:00","dateModified":"2026-08-31T13:14:02+00:00","author":{"@id":"https:\/\/www.intoscana.it\/it\/#\/schema\/person\/9223810753230f20bd670fdd322661f8"},"description":"Da marted\u00ec 1 a domenica 6 settembre a Lumen torna Copula Mundi, sei giorni di festival si alterneranno performance, laboratori, attivit\u00e0","breadcrumb":{"@id":"https:\/\/www.intoscana.it\/it\/copula-mundi-sei-giorni-di-musica-spettacoli-e-creativita-al-lumen-di-firenze\/#breadcrumb"},"inLanguage":"it-IT","potentialAction":[{"@type":"ReadAction","target":["https:\/\/www.intoscana.it\/it\/copula-mundi-sei-giorni-di-musica-spettacoli-e-creativita-al-lumen-di-firenze\/"]}]},{"@type":"ImageObject","inLanguage":"it-IT","@id":"https:\/\/www.intoscana.it\/it\/copula-mundi-sei-giorni-di-musica-spettacoli-e-creativita-al-lumen-di-firenze\/#primaryimage","url":"https:\/\/www.intoscana.it\/wp-content\/uploads\/01_Crash-Fest_edizione-2025-scaled.jpg","contentUrl":"https:\/\/www.intoscana.it\/wp-content\/uploads\/01_Crash-Fest_edizione-2025-scaled.jpg","width":2048,"height":1536},{"@type":"BreadcrumbList","@id":"https:\/\/www.intoscana.it\/it\/copula-mundi-sei-giorni-di-musica-spettacoli-e-creativita-al-lumen-di-firenze\/#breadcrumb","itemListElement":[{"@type":"ListItem","position":1,"name":"Home","item":"https:\/\/www.intoscana.it\/it\/"},{"@type":"ListItem","position":2,"name":"&#8220;Copula Mundi&#8221; sei giorni di musica, spettacoli e creativit\u00e0 al Lumen di Firenze"}]},{"@type":"WebSite","@id":"https:\/\/www.intoscana.it\/it\/#website","url":"https:\/\/www.intoscana.it\/it\/","name":"intoscana","description":"","potentialAction":[{"@type":"SearchAction","target":{"@type":"EntryPoint","urlTemplate":"https:\/\/www.intoscana.it\/it\/?s={search_term_string}"},"query-input":{"@type":"PropertyValueSpecification","valueRequired":true,"valueName":"search_term_string"}}],"inLanguage":"it-IT"},{"@type":"Person","@id":"https:\/\/www.intoscana.it\/it\/#\/schema\/person\/9223810753230f20bd670fdd322661f8","name":"Redazione","url":"https:\/\/www.intoscana.it\/it\/author\/redazione\/"}]}},"_links":{"self":[{"href":"https:\/\/www.intoscana.it\/it\/wp-json\/wp\/v2\/posts\/440249","targetHints":{"allow":["GET"]}}],"collection":[{"href":"https:\/\/www.intoscana.it\/it\/wp-json\/wp\/v2\/posts"}],"about":[{"href":"https:\/\/www.intoscana.it\/it\/wp-json\/wp\/v2\/types\/post"}],"author":[{"embeddable":true,"href":"https:\/\/www.intoscana.it\/it\/wp-json\/wp\/v2\/users\/525"}],"replies":[{"embeddable":true,"href":"https:\/\/www.intoscana.it\/it\/wp-json\/wp\/v2\/comments?post=440249"}],"version-history":[{"count":5,"href":"https:\/\/www.intoscana.it\/it\/wp-json\/wp\/v2\/posts\/440249\/revisions"}],"predecessor-version":[{"id":440264,"href":"https:\/\/www.intoscana.it\/it\/wp-json\/wp\/v2\/posts\/440249\/revisions\/440264"}],"wp:featuredmedia":[{"embeddable":true,"href":"https:\/\/www.intoscana.it\/it\/wp-json\/wp\/v2\/media\/440259"}],"wp:attachment":[{"href":"https:\/\/www.intoscana.it\/it\/wp-json\/wp\/v2\/media?parent=440249"}],"wp:term":[{"taxonomy":"category","embeddable":true,"href":"https:\/\/www.intoscana.it\/it\/wp-json\/wp\/v2\/categories?post=440249"},{"taxonomy":"post_tag","embeddable":true,"href":"https:\/\/www.intoscana.it\/it\/wp-json\/wp\/v2\/tags?post=440249"}],"curies":[{"name":"wp","href":"https:\/\/api.w.org\/{rel}","templated":true}]}}