{"id":440253,"date":"2026-08-31T15:34:35","date_gmt":"2026-08-31T13:34:35","guid":{"rendered":"https:\/\/www.intoscana.it\/it\/?p=440253"},"modified":"2026-08-31T16:00:21","modified_gmt":"2026-08-31T14:00:21","slug":"otto-nuovi-musei-ottengono-il-riconoscimento-di-rilevanza-regionale-manetti-una-rete-di-qualita","status":"publish","type":"post","link":"https:\/\/www.intoscana.it\/it\/otto-nuovi-musei-ottengono-il-riconoscimento-di-rilevanza-regionale-manetti-una-rete-di-qualita\/","title":{"rendered":"Otto nuovi musei ottengono il riconoscimento di rilevanza regionale, Manetti: &#8220;Una rete di qualit\u00e0&#8221;"},"content":{"rendered":"<p class=\"isSelectedEnd\"><strong>Sono 128 i musei e gli ecomusei toscani <\/strong>riconosciuti di rilevanza regionale un patrimonio che nel 2026 <strong>si arricchisce di otto nuove realt\u00e0, selezionate tra gli oltre 700 musei e luoghi della cultura<\/strong> non statali e senza scopo di lucro presenti in Toscana.<\/p>\n<p>I nuovi ingressi raccontano la<strong> ricchezza e la variet\u00e0 del sistema museale regional<\/strong>e: dai grandi musei cittadini alle piccole istituzioni profondamente legate alla storia, alle tradizioni e alla memoria dei territori.<\/p>\n<p>I musei riconosciuti sono: il Palazzo Pretorio \u2013 <strong>Museo archeologico \u201cRanuccio Bianchi Bandinelli\u201d<\/strong> di Colle di Val d\u2019Elsa (Siena), il<strong> Museo Civico della Paglia<\/strong> di Signa (Firenze), il <strong>Museo di Massaciuccoli Romana<\/strong> di Massarosa (Lucca), il <strong>Museo Civico \u201cGiovanni Fattori\u201d<\/strong> di Livorno, il <strong>MAD\u2019 Museo dell\u2019Albero d\u2019Oro<\/strong> di Lucignano (Arezzo), il <strong>Museo delle Statue Stele Lunigianesi<\/strong> A. C. Ambrosi di Pontremoli (Massa-Carrara), il <strong>Museo artistico della Bambola<\/strong> di Suvereto (Livorno) e il <strong>Museo Civico Archeologico<\/strong> di Sarteano (Siena).<\/p>\n<p>Il riconoscimento regionale certifica <strong>il rispetto degli standard nazionali relativi a quattro ambiti fondamentali: <\/strong>organizzazione, gestione e cura delle collezioni, comunicazione e rapporti con il territorio.<\/p>\n<p>Dal 2020, grazie alla collaborazione con il <strong>Ministero della Cultura,<\/strong> la Toscana ha inoltre attivato una procedura che permette ai musei di ottenere contestualmente <strong>il riconoscimento regionale e l&#8217;accreditamento al Sistema Museale Nazionale.<\/strong><\/p>\n<p><em>\u201cOtto nuovi riconoscimenti che raccontano molto bene la straordinaria ricchezza e variet\u00e0 del patrimonio culturale della Toscana \u2013<\/em><strong> afferma l\u2019assessora regionale alla cultura Cristina Manetti <\/strong><em>\u2013. Ci sono musei di citt\u00e0 importanti e realt\u00e0 di piccoli Comuni, collezioni archeologiche, artistiche e testimonianze profondamente legate alla storia e all\u2019identit\u00e0 dei territori. \u00c8 proprio questo uno degli aspetti pi\u00f9 significativi: la qualit\u00e0 culturale non appartiene soltanto ai grandi centri, ma attraversa tutta la nostra regione. Questi musei sono pres\u00ecdi fondamentali della Toscana diffusa, luoghi capaci di custodire il patrimonio, renderlo accessibile, creare conoscenza e rafforzare il rapporto tra le comunit\u00e0 e la propria storia\u201d.<\/em><\/p>\n<p><em>\u201cArrivare a 128 musei di rilevanza regionale \u2013<\/em><strong> prosegue Manetti \u2013<\/strong><em> significa avere costruito una rete sempre pi\u00f9 forte e qualificata. Dietro ogni riconoscimento ci sono investimenti, lavoro, professionalit\u00e0 e spesso un grande impegno da parte dei Comuni, anche di quelli pi\u00f9 piccoli. Come Regione vogliamo continuare ad accompagnare questo percorso, perch\u00e9 investire sui musei significa investire sulla cultura, sull\u2019identit\u00e0 dei territori e sulla loro capacit\u00e0 di essere attrattivi e vitali\u201d.<\/em><\/p>\n<figure id=\"post-440256 media-440256\" class=\"align-none\"><img decoding=\"async\" src=\"https:\/\/www.intoscana.it\/wp-content\/uploads\/IMG_5507.jpg\" alt=\"\" \/><\/figure>\n<div class=\"titleimg\">MAB \u2013 Museo Artistico della Bambola \u2013 Collezione Maria Micaelli<\/div>\n<h3>Gli otto nuovi musei<\/h3>\n<p><strong>Palazzo Pretorio \u2013 Museo archeologico \u201cRanuccio Bianchi Bandinelli\u201d, Colle di Val d\u2019Elsa (Siena)<\/strong><br \/>\nOspitato nel Palazzo Pretorio, il museo archeologico racconta la storia del territorio attraverso le testimonianze del passato. Gi\u00e0 riconosciuto come museo di rilevanza regionale, <strong>\u00e8 stato nuovamente accreditato dopo un lungo periodo di chiusura e la riapertura<\/strong> in una sede rinnovata.<\/p>\n<p><strong>Museo Civico della Paglia, Signa (Firenze)<\/strong><br \/>\n\u00c8 dedicato alla tradizione della lavorazione della paglia, una delle attivit\u00e0 che hanno caratterizzato<strong> la storia economica e artigianale di Signa<\/strong>. Il riconoscimento arriva al termine di un percorso di trasformazione e ricollocazione della struttura, che ha consentito di rinnovarne l&#8217;offerta.<\/p>\n<p><strong>Museo di Massaciuccoli Romana, Massarosa (Lucca)<\/strong><br \/>\nIl museo documenta la <strong>presenza romana nell&#8217;<a href=\"https:\/\/www.intoscana.it\/it\/puccini-restaurato-il-navicello-usato-dal-maestro-sul-lago-di-massaciuccoli\/\" target=\"_blank\" rel=\"noopener\">area di Massaciuccoli<\/a><\/strong> e si inserisce in un pi\u00f9 ampio progetto di valorizzazione archeologica. La collezione \u00e8 cresciuta anche grazie alle campagne di scavo e oggi la visita museale \u00e8 integrata con quella dell&#8217;Area Archeologica di Massaciuccoli Romana.<\/p>\n<p><strong>Museo Civico \u201cGiovanni Fattori\u201d, Livorno<\/strong><br \/>\n\u00c8 una delle principali istituzioni culturali della citt\u00e0 e conserva<strong> importanti collezioni artistiche<\/strong> all&#8217;interno di una prestigiosa sede storica. Con il nuovo riconoscimento entra nella rete regionale insieme al Museo di Storia Naturale del Mediterraneo e al Museo della Citt\u00e0 \u2013 Polo culturale Bottini dell&#8217;Olio.<\/p>\n<p><strong>MAD\u2019 Museo dell\u2019Albero d\u2019Oro, Lucignano (Arezzo)<\/strong><br \/>\nOspitato in una sede medievale affrescata, il museo custodisce <strong>il <a href=\"https:\/\/www.intoscana.it\/it\/un-secolo-per-realizzarlo-poi-fatto-a-pezzi-nel-clamoroso-furto-di-cento-anni-fa-la-storia-dellalbero-doro\/\" target=\"_blank\" rel=\"noopener\">celebre Albero d\u2019Oro,<\/a> straordinario reliquiario<\/strong> realizzato tra il 1350 e il 1471. L&#8217;opera, tra i simboli di Lucignano, \u00e8 tornata recentemente al centro dell&#8217;attenzione anche grazie al recupero di alcune parti sottratte oltre un secolo fa.<\/p>\n<p><strong>Museo delle Statue Stele Lunigianesi A. C. Ambrosi, Pontremoli (Massa-Carrara)<\/strong><br \/>\nHa sede nel Castello del Piagnaro e conserva la pi\u00f9 ampia collezione esistente di<a href=\"https:\/\/www.intoscana.it\/it\/toscana-segreta-cinque-misteri-che-ancora-oggi-non-hanno-una-risposta\/\" target=\"_blank\" rel=\"noopener\"><strong> statue-stele lunigianesi, enigmatiche testimonianze della preistoria<\/strong><\/a> che coprono un arco cronologico compreso tra l&#8217;Et\u00e0 del Rame e l&#8217;Et\u00e0 del Ferro.<\/p>\n<p><strong>Museo artistico della Bambola, Suvereto (Livorno)<\/strong><br \/>\nIl museo conserva una raccolta dedicata alla<strong> bambola e alla sua evoluzione come oggetto artistico e culturale<\/strong>. Il riconoscimento si inserisce nel pi\u00f9 ampio percorso intrapreso da Suvereto per qualificare la propria offerta culturale e valorizzare il patrimonio del borgo.<\/p>\n<p><strong>Museo Civico Archeologico, Sarteano (Siena)<\/strong><br \/>\nIl museo custodisce importanti collezioni archeologiche e propone anche la ricostruzione a grandezza naturale della celebre<a href=\"https:\/\/www.intoscana.it\/it\/etruschi-i-misteri-della-quadriga-infernale-di-sarteano\/\" target=\"_blank\" rel=\"noopener\"><strong> Tomba della Quadriga Infernale.<\/strong><\/a> La struttura completa il percorso di visita con la vicina Area Archeologica delle Pianacce, dove si trova la tomba etrusca. Il ritorno nella rete dei musei di rilevanza regionale \u00e8 arrivato dopo gli interventi di adeguamento agli standard antincendio.<\/p>\n<figure id=\"post-436470 media-436470\" class=\"align-none\"><img decoding=\"async\" src=\"https:\/\/www.intoscana.it\/wp-content\/uploads\/Immagine2-2.jpg\" alt=\"\" \/><\/figure>\n<div class=\"titleimg\">Statue Stele<\/div>\n","protected":false},"excerpt":{"rendered":"<p>Dalla Val d\u2019Elsa alla Lunigiana, da Livorno a Signa: le nuove realt\u00e0 riconosciute come musei di rilevanza regionale ampliano una rete che racconta la storia e l\u2019identit\u00e0 dei territori toscani<\/p>\n","protected":false},"author":525,"featured_media":440254,"comment_status":"open","ping_status":"open","sticky":false,"template":"","format":"standard","meta":{"_acf_changed":false,"footnotes":""},"categories":[493],"tags":[6652,226,151],"class_list":["post-440253","post","type-post","status-publish","format-standard","has-post-thumbnail","hentry","category-cultura","tag-cristina-manetti","tag-musei","tag-regione-toscana"],"acf":[],"yoast_head":"<!-- This site is optimized with the Yoast SEO Premium plugin v24.2 (Yoast SEO v25.6) - https:\/\/yoast.com\/wordpress\/plugins\/seo\/ -->\n<title>Otto nuovi musei ottengono il riconoscimento di rilevanza regionale, Manetti: &quot;Una rete di qualit\u00e0&quot; - intoscana<\/title>\n<meta name=\"description\" content=\"Dalla Val d\u2019Elsa alla Lunigiana, da Livorno a Signa: le nuove realt\u00e0 riconosciute come musei di rilevanza regionale ampliano la rete\" \/>\n<meta name=\"robots\" content=\"index, follow, max-snippet:-1, max-image-preview:large, max-video-preview:-1\" \/>\n<link rel=\"canonical\" href=\"https:\/\/www.intoscana.it\/it\/otto-nuovi-musei-ottengono-il-riconoscimento-di-rilevanza-regionale-manetti-una-rete-di-qualita\/\" \/>\n<meta property=\"og:locale\" content=\"it_IT\" \/>\n<meta property=\"og:type\" content=\"article\" \/>\n<meta property=\"og:title\" content=\"Otto nuovi musei ottengono il riconoscimento di rilevanza regionale, Manetti: &quot;Una rete di qualit\u00e0&quot;\" \/>\n<meta property=\"og:description\" content=\"Dalla Val d\u2019Elsa alla Lunigiana, da Livorno a Signa: le nuove realt\u00e0 riconosciute come musei di rilevanza regionale ampliano la rete\" \/>\n<meta property=\"og:url\" content=\"https:\/\/www.intoscana.it\/it\/otto-nuovi-musei-ottengono-il-riconoscimento-di-rilevanza-regionale-manetti-una-rete-di-qualita\/\" \/>\n<meta property=\"og:site_name\" content=\"intoscana\" \/>\n<meta property=\"article:publisher\" content=\"https:\/\/www.facebook.com\/intoscana.it\" \/>\n<meta property=\"article:published_time\" content=\"2026-08-31T13:34:35+00:00\" \/>\n<meta property=\"article:modified_time\" content=\"2026-08-31T14:00:21+00:00\" \/>\n<meta property=\"og:image\" content=\"https:\/\/www.intoscana.it\/wp-content\/uploads\/musei-1.jpg\" \/>\n\t<meta property=\"og:image:width\" content=\"1600\" \/>\n\t<meta property=\"og:image:height\" content=\"1200\" \/>\n\t<meta property=\"og:image:type\" content=\"image\/jpeg\" \/>\n<meta name=\"author\" content=\"Redazione\" \/>\n<meta name=\"twitter:card\" content=\"summary_large_image\" \/>\n<meta name=\"twitter:creator\" content=\"@intoscana\" \/>\n<meta name=\"twitter:site\" content=\"@intoscana\" \/>\n<meta name=\"twitter:label1\" content=\"Written by\" \/>\n\t<meta name=\"twitter:data1\" content=\"Redazione\" \/>\n\t<meta name=\"twitter:label2\" content=\"Est. reading time\" \/>\n\t<meta name=\"twitter:data2\" content=\"5 minuti\" \/>\n<script type=\"application\/ld+json\" class=\"yoast-schema-graph\">{\"@context\":\"https:\/\/schema.org\",\"@graph\":[{\"@type\":\"WebPage\",\"@id\":\"https:\/\/www.intoscana.it\/it\/otto-nuovi-musei-ottengono-il-riconoscimento-di-rilevanza-regionale-manetti-una-rete-di-qualita\/\",\"url\":\"https:\/\/www.intoscana.it\/it\/otto-nuovi-musei-ottengono-il-riconoscimento-di-rilevanza-regionale-manetti-una-rete-di-qualita\/\",\"name\":\"Otto nuovi musei ottengono il riconoscimento di rilevanza regionale, Manetti: \\\"Una rete di qualit\u00e0\\\" - intoscana\",\"isPartOf\":{\"@id\":\"https:\/\/www.intoscana.it\/it\/#website\"},\"primaryImageOfPage\":{\"@id\":\"https:\/\/www.intoscana.it\/it\/otto-nuovi-musei-ottengono-il-riconoscimento-di-rilevanza-regionale-manetti-una-rete-di-qualita\/#primaryimage\"},\"image\":{\"@id\":\"https:\/\/www.intoscana.it\/it\/otto-nuovi-musei-ottengono-il-riconoscimento-di-rilevanza-regionale-manetti-una-rete-di-qualita\/#primaryimage\"},\"thumbnailUrl\":\"https:\/\/www.intoscana.it\/wp-content\/uploads\/musei-1.jpg\",\"datePublished\":\"2026-08-31T13:34:35+00:00\",\"dateModified\":\"2026-08-31T14:00:21+00:00\",\"author\":{\"@id\":\"https:\/\/www.intoscana.it\/it\/#\/schema\/person\/9223810753230f20bd670fdd322661f8\"},\"description\":\"Dalla Val d\u2019Elsa alla Lunigiana, da Livorno a Signa: le nuove realt\u00e0 riconosciute come musei di rilevanza regionale ampliano la rete\",\"breadcrumb\":{\"@id\":\"https:\/\/www.intoscana.it\/it\/otto-nuovi-musei-ottengono-il-riconoscimento-di-rilevanza-regionale-manetti-una-rete-di-qualita\/#breadcrumb\"},\"inLanguage\":\"it-IT\",\"potentialAction\":[{\"@type\":\"ReadAction\",\"target\":[\"https:\/\/www.intoscana.it\/it\/otto-nuovi-musei-ottengono-il-riconoscimento-di-rilevanza-regionale-manetti-una-rete-di-qualita\/\"]}]},{\"@type\":\"ImageObject\",\"inLanguage\":\"it-IT\",\"@id\":\"https:\/\/www.intoscana.it\/it\/otto-nuovi-musei-ottengono-il-riconoscimento-di-rilevanza-regionale-manetti-una-rete-di-qualita\/#primaryimage\",\"url\":\"https:\/\/www.intoscana.it\/wp-content\/uploads\/musei-1.jpg\",\"contentUrl\":\"https:\/\/www.intoscana.it\/wp-content\/uploads\/musei-1.jpg\",\"width\":1600,\"height\":1200},{\"@type\":\"BreadcrumbList\",\"@id\":\"https:\/\/www.intoscana.it\/it\/otto-nuovi-musei-ottengono-il-riconoscimento-di-rilevanza-regionale-manetti-una-rete-di-qualita\/#breadcrumb\",\"itemListElement\":[{\"@type\":\"ListItem\",\"position\":1,\"name\":\"Home\",\"item\":\"https:\/\/www.intoscana.it\/it\/\"},{\"@type\":\"ListItem\",\"position\":2,\"name\":\"Otto nuovi musei ottengono il riconoscimento di rilevanza regionale, Manetti: &#8220;Una rete di qualit\u00e0&#8221;\"}]},{\"@type\":\"WebSite\",\"@id\":\"https:\/\/www.intoscana.it\/it\/#website\",\"url\":\"https:\/\/www.intoscana.it\/it\/\",\"name\":\"intoscana\",\"description\":\"\",\"potentialAction\":[{\"@type\":\"SearchAction\",\"target\":{\"@type\":\"EntryPoint\",\"urlTemplate\":\"https:\/\/www.intoscana.it\/it\/?s={search_term_string}\"},\"query-input\":{\"@type\":\"PropertyValueSpecification\",\"valueRequired\":true,\"valueName\":\"search_term_string\"}}],\"inLanguage\":\"it-IT\"},{\"@type\":\"Person\",\"@id\":\"https:\/\/www.intoscana.it\/it\/#\/schema\/person\/9223810753230f20bd670fdd322661f8\",\"name\":\"Redazione\",\"url\":\"https:\/\/www.intoscana.it\/it\/author\/redazione\/\"}]}<\/script>\n<!-- \/ Yoast SEO Premium plugin. -->","yoast_head_json":{"title":"Otto nuovi musei ottengono il riconoscimento di rilevanza regionale, Manetti: \"Una rete di qualit\u00e0\" - intoscana","description":"Dalla Val d\u2019Elsa alla Lunigiana, da Livorno a Signa: le nuove realt\u00e0 riconosciute come musei di rilevanza regionale ampliano la rete","robots":{"index":"index","follow":"follow","max-snippet":"max-snippet:-1","max-image-preview":"max-image-preview:large","max-video-preview":"max-video-preview:-1"},"canonical":"https:\/\/www.intoscana.it\/it\/otto-nuovi-musei-ottengono-il-riconoscimento-di-rilevanza-regionale-manetti-una-rete-di-qualita\/","og_locale":"it_IT","og_type":"article","og_title":"Otto nuovi musei ottengono il riconoscimento di rilevanza regionale, Manetti: \"Una rete di qualit\u00e0\"","og_description":"Dalla Val d\u2019Elsa alla Lunigiana, da Livorno a Signa: le nuove realt\u00e0 riconosciute come musei di rilevanza regionale ampliano la rete","og_url":"https:\/\/www.intoscana.it\/it\/otto-nuovi-musei-ottengono-il-riconoscimento-di-rilevanza-regionale-manetti-una-rete-di-qualita\/","og_site_name":"intoscana","article_publisher":"https:\/\/www.facebook.com\/intoscana.it","article_published_time":"2026-08-31T13:34:35+00:00","article_modified_time":"2026-08-31T14:00:21+00:00","og_image":[{"width":1600,"height":1200,"url":"https:\/\/www.intoscana.it\/wp-content\/uploads\/musei-1.jpg","type":"image\/jpeg"}],"author":"Redazione","twitter_card":"summary_large_image","twitter_creator":"@intoscana","twitter_site":"@intoscana","twitter_misc":{"Written by":"Redazione","Est. reading time":"5 minuti"},"schema":{"@context":"https:\/\/schema.org","@graph":[{"@type":"WebPage","@id":"https:\/\/www.intoscana.it\/it\/otto-nuovi-musei-ottengono-il-riconoscimento-di-rilevanza-regionale-manetti-una-rete-di-qualita\/","url":"https:\/\/www.intoscana.it\/it\/otto-nuovi-musei-ottengono-il-riconoscimento-di-rilevanza-regionale-manetti-una-rete-di-qualita\/","name":"Otto nuovi musei ottengono il riconoscimento di rilevanza regionale, Manetti: \"Una rete di qualit\u00e0\" - intoscana","isPartOf":{"@id":"https:\/\/www.intoscana.it\/it\/#website"},"primaryImageOfPage":{"@id":"https:\/\/www.intoscana.it\/it\/otto-nuovi-musei-ottengono-il-riconoscimento-di-rilevanza-regionale-manetti-una-rete-di-qualita\/#primaryimage"},"image":{"@id":"https:\/\/www.intoscana.it\/it\/otto-nuovi-musei-ottengono-il-riconoscimento-di-rilevanza-regionale-manetti-una-rete-di-qualita\/#primaryimage"},"thumbnailUrl":"https:\/\/www.intoscana.it\/wp-content\/uploads\/musei-1.jpg","datePublished":"2026-08-31T13:34:35+00:00","dateModified":"2026-08-31T14:00:21+00:00","author":{"@id":"https:\/\/www.intoscana.it\/it\/#\/schema\/person\/9223810753230f20bd670fdd322661f8"},"description":"Dalla Val d\u2019Elsa alla Lunigiana, da Livorno a Signa: le nuove realt\u00e0 riconosciute come musei di rilevanza regionale ampliano la rete","breadcrumb":{"@id":"https:\/\/www.intoscana.it\/it\/otto-nuovi-musei-ottengono-il-riconoscimento-di-rilevanza-regionale-manetti-una-rete-di-qualita\/#breadcrumb"},"inLanguage":"it-IT","potentialAction":[{"@type":"ReadAction","target":["https:\/\/www.intoscana.it\/it\/otto-nuovi-musei-ottengono-il-riconoscimento-di-rilevanza-regionale-manetti-una-rete-di-qualita\/"]}]},{"@type":"ImageObject","inLanguage":"it-IT","@id":"https:\/\/www.intoscana.it\/it\/otto-nuovi-musei-ottengono-il-riconoscimento-di-rilevanza-regionale-manetti-una-rete-di-qualita\/#primaryimage","url":"https:\/\/www.intoscana.it\/wp-content\/uploads\/musei-1.jpg","contentUrl":"https:\/\/www.intoscana.it\/wp-content\/uploads\/musei-1.jpg","width":1600,"height":1200},{"@type":"BreadcrumbList","@id":"https:\/\/www.intoscana.it\/it\/otto-nuovi-musei-ottengono-il-riconoscimento-di-rilevanza-regionale-manetti-una-rete-di-qualita\/#breadcrumb","itemListElement":[{"@type":"ListItem","position":1,"name":"Home","item":"https:\/\/www.intoscana.it\/it\/"},{"@type":"ListItem","position":2,"name":"Otto nuovi musei ottengono il riconoscimento di rilevanza regionale, Manetti: &#8220;Una rete di qualit\u00e0&#8221;"}]},{"@type":"WebSite","@id":"https:\/\/www.intoscana.it\/it\/#website","url":"https:\/\/www.intoscana.it\/it\/","name":"intoscana","description":"","potentialAction":[{"@type":"SearchAction","target":{"@type":"EntryPoint","urlTemplate":"https:\/\/www.intoscana.it\/it\/?s={search_term_string}"},"query-input":{"@type":"PropertyValueSpecification","valueRequired":true,"valueName":"search_term_string"}}],"inLanguage":"it-IT"},{"@type":"Person","@id":"https:\/\/www.intoscana.it\/it\/#\/schema\/person\/9223810753230f20bd670fdd322661f8","name":"Redazione","url":"https:\/\/www.intoscana.it\/it\/author\/redazione\/"}]}},"_links":{"self":[{"href":"https:\/\/www.intoscana.it\/it\/wp-json\/wp\/v2\/posts\/440253","targetHints":{"allow":["GET"]}}],"collection":[{"href":"https:\/\/www.intoscana.it\/it\/wp-json\/wp\/v2\/posts"}],"about":[{"href":"https:\/\/www.intoscana.it\/it\/wp-json\/wp\/v2\/types\/post"}],"author":[{"embeddable":true,"href":"https:\/\/www.intoscana.it\/it\/wp-json\/wp\/v2\/users\/525"}],"replies":[{"embeddable":true,"href":"https:\/\/www.intoscana.it\/it\/wp-json\/wp\/v2\/comments?post=440253"}],"version-history":[{"count":5,"href":"https:\/\/www.intoscana.it\/it\/wp-json\/wp\/v2\/posts\/440253\/revisions"}],"predecessor-version":[{"id":440275,"href":"https:\/\/www.intoscana.it\/it\/wp-json\/wp\/v2\/posts\/440253\/revisions\/440275"}],"wp:featuredmedia":[{"embeddable":true,"href":"https:\/\/www.intoscana.it\/it\/wp-json\/wp\/v2\/media\/440254"}],"wp:attachment":[{"href":"https:\/\/www.intoscana.it\/it\/wp-json\/wp\/v2\/media?parent=440253"}],"wp:term":[{"taxonomy":"category","embeddable":true,"href":"https:\/\/www.intoscana.it\/it\/wp-json\/wp\/v2\/categories?post=440253"},{"taxonomy":"post_tag","embeddable":true,"href":"https:\/\/www.intoscana.it\/it\/wp-json\/wp\/v2\/tags?post=440253"}],"curies":[{"name":"wp","href":"https:\/\/api.w.org\/{rel}","templated":true}]}}