{"id":440276,"date":"2026-08-31T16:19:36","date_gmt":"2026-08-31T14:19:36","guid":{"rendered":"https:\/\/www.intoscana.it\/it\/?p=440276"},"modified":"2026-08-31T17:10:21","modified_gmt":"2026-08-31T15:10:21","slug":"ferrovie-borgo-san-lorenzo-pontassieve-da-settembre-torna-tutto-alla-normalita","status":"publish","type":"post","link":"https:\/\/www.intoscana.it\/it\/ferrovie-borgo-san-lorenzo-pontassieve-da-settembre-torna-tutto-alla-normalita\/","title":{"rendered":"Ferrovie Borgo San Lorenzo-Pontassieve, da settembre torna tutto alla normalit\u00e0"},"content":{"rendered":"<p>Dopo un\u2019estate segnata da forti disagi e dalla sospensione del servizio per motivi di sicurezza, <strong>la linea ferroviaria Borgo San Lorenzo-Pontassieve<\/strong> si avvia verso un progressivo ritorno alla normalit\u00e0. La ripresa sar\u00e0 graduale e prender\u00e0 il via a settembre, con nuove opportunit\u00e0 di collegamento anche sulla Faentina.<\/p>\n<p>La prima data da segnare \u00e8 quella del <strong>7 settembre,<\/strong> quando riprender\u00e0 la circolazione ferroviaria sulla Borgo-Pontassieve, anche se nella prima settimana resteranno alcune limitazioni: quattro treni saranno soppressi, totalmente o parzialmente, nelle fasce orarie meno utilizzate e sostituiti da autobus.<\/p>\n<p>Prima della ripartenza,<strong> dal 4 al 6 settembre, \u00e8 invece prevista un&#8217;interruzione tra Vicchio e Dicomano<\/strong> per lavori di manutenzione straordinaria. In quei giorni il servizio sar\u00e0 integrato con autobus, ma l&#8217;interruzione servir\u00e0 anche a sperimentare un nuovo collegamento tra <strong>Firenze, Borgo San Lorenzo e Vicchio, utilizzando la linea Faentina via Vaglia<\/strong>. <strong>Un servizio pi\u00f9 diretto e veloc<\/strong>e che, nelle intenzioni della Regione, potrebbe diventare operativo dal 2027.<\/p>\n<p><strong>La novit\u00e0 pi\u00f9 importante arriver\u00e0 per\u00f2 dal 13 settembre<\/strong>, quando<strong> torneranno in servizio otto collegamenti ferroviari<\/strong> soppressi negli anni a causa dei lavori nelle stazioni di <strong>Dicomano e Contea-Londa<\/strong>, che avevano reso indisponibili i punti di incrocio.<\/p>\n<p>Gli interventi sono ora conclusi e consentiranno di aumentare progressivamente l&#8217;offerta sulla linea. \u00a0La prossima stazione interessata dai lavori sar\u00e0 quella di <strong>Rufina.<\/strong><\/p>\n<p>Il piano di potenziamento guarda soprattutto al 2027, quando<strong> sulla linea potranno circolare i nuovi treni Blues.<\/strong> Dal 2020 a oggi, ha ricordato<strong> l&#8217;assessore regionale alle infrastrutture Filippo Boni,<\/strong> RFI ha investito<strong> oltre 100 milioni di euro<\/strong> in manutenzioni straordinarie sulla tratta.<\/p>\n<p>Il percorso verso il ritorno alla piena operativit\u00e0 prevede comunque altri interventi nel 2026:<strong> nuove interruzioni sono programmate il 3 e 4 ottobre, tra Borgo San Lorenzo e Dicomano, e il 17 e 18 ottobre, tra Rufina e Pontassieve<\/strong>. Per fronteggiare eventuali criticit\u00e0 nella fase di ripresa saranno inoltre disponibili<strong> autobus di scorta nelle stazioni di Borgo San Lorenzo e Pontassieve.<\/strong><\/p>\n<p>Per la Regione, i lavori rappresentano quindi non solo<strong> il superamento dei disagi che hanno caratterizzato l&#8217;estate,<\/strong> ma anche l&#8217;occasione per potenziare una linea strategica per pendolari e studenti e migliorare i <strong>collegamenti tra il Mugello e Firenze,<\/strong> con nuove prospettive anche sul fronte turistico.<\/p>\n<p><em>\u201cCon il mese di settembre su queste linee, penalizzate a lungo questa estate, vedremo prima un progressivo ritorno alla normalit\u00e0, poi un salto di qualit\u00e0 che mi rende orgoglioso del lavoro fatto e dell\u2019interlocuzione avuta con RFI e Trenitalia \u2013<\/em> <strong>ha detto il presidente della Regione Eugenio Giani<\/strong> &#8211; <em>la concentrazione di attivit\u00e0 di manutenzione che si \u00e8 verificata in questo periodo, e che ha portato anche a disagi estivi, come ben sappiamo, sta volgendo a termine ci consegna infrastrutture pi\u00f9 sicure e potenziate, grazie alle quali sar\u00e0 possibile sperimentare anche servizi nuovi, che crediamo possano rivelarsi utili e apprezzati. La Toscana crede fortemente nel valore del servizio ferroviario e nelle sue potenzialit\u00e0, anche in quelle turistiche o di valorizzazione delle realt\u00e0 meno note della \u2018Toscana diffusa\u2019\u201d. \u201cRicordo inoltre \u2013 <\/em><strong>ha aggiunto il presidente<\/strong><em> \u2013 che in Italia la viabilit\u00e0, sia stradale che ferroviaria, \u00e8 sviluppata soprattutto in senso verticale, ma ritengo che anche i collegamenti in senso orizzontale ovest-est come questi siano rilevanti dal punto di vista strategico: per questo potremo pensare ad ulteriori potenziamenti rilevanti nel caso arrivassero ulteriori interventi analoghi al PNRR\u201d.<\/em><\/p>\n<p>\u201c<em>Dopo un\u2019estate complessa<\/em> \u2013 ha spiegato l\u2019assessore <strong>Boni<\/strong> &#8211; <em>la ferrovia Borgo-Pontassieve riceve finalmente notizie positive da settembre, anche se graduali e con la massima cautela vista la fragilit\u00e0 della linea. A partire da luned\u00ec prossimo fino al 20 di settembre, progressivamente infatti, i servizi ferroviari sospesi per emergenza sicurezza questa estate, verranno riattivati. E\u2019 una notizia importante per moltissimi lavoratori pendolari che viaggiano su quella tratta, ed anche per molti studenti. Prima del ripristino del servizio ci sar\u00e0 una nuova interruzione programmata, fra i<strong>l 4 ed il 6 settembre<\/strong>, comunicata gi\u00e0 da inizio 2026, che potremmo perfino definire strategica perch\u00e9 ci consentir\u00e0 di sperimentare un collegamento nuovo tra Firenze, Borgo-San Lorenzo e Vicchio passando dalla linea Faentina, quindi diminuendo i tempi di percorrenza per raggiungere il capoluogo. In questo weekend gli utenti potranno dunque vedere i benefici che si avranno a partire dal 2027, quando sulla linea potranno iniziare a transitare i nuovi treni Blues, un potenziamento strutturale enorme, reso possibile dal fatto che dal 2020 a oggi RFI su questa linea ha investito oltre 100 milioni di euro di manutenzioni straordinarie<\/em>\u201d.\u00a0 L\u2019assessore ha inoltre ricordato che a partire da met\u00e0 settembre sulla Borgo-Pontassieve saranno ri-attivi otto treni che erano stati soppressi anni fa a causa di lavori nelle stazioni di Comano e Londa. \u201c<em>Il servizio andr\u00e0 dunque piano piano a migliorare<\/em> \u2013 ha concluso \u2013 <em>su una linea che ha passato un&#8217;estate non semplice, ma finalmente inizier\u00e0 a vedere i frutti dei disagi sopportati nel tempo<\/em>\u201d.<\/p>\n<p>&nbsp;<\/p>\n","protected":false},"excerpt":{"rendered":"<p>Dal 7 settembre riprende progressivamente il servizio, dal 13 tornano otto treni soppressi negli anni. Nel 2027 i nuovi Blues e il collegamento pi\u00f9 rapido tra Vicchio e Firenze<\/p>\n","protected":false},"author":525,"featured_media":440279,"comment_status":"open","ping_status":"open","sticky":false,"template":"","format":"standard","meta":{"_acf_changed":false,"footnotes":""},"categories":[494],"tags":[158,6903,1577,151],"class_list":["post-440276","post","type-post","status-publish","format-standard","has-post-thumbnail","hentry","category-attualita","tag-eugenio-giani","tag-filippo-boni","tag-muoversi-in-toscana","tag-regione-toscana"],"acf":[],"yoast_head":"<!-- This site is optimized with the Yoast SEO Premium plugin v24.2 (Yoast SEO v25.6) - https:\/\/yoast.com\/wordpress\/plugins\/seo\/ -->\n<title>Ferrovie Borgo San Lorenzo-Pontassieve, da settembre torna tutto alla normalit\u00e0 - intoscana<\/title>\n<meta name=\"description\" content=\"Dal 7 settembre riprende progressivamente il servizio, dal 13 tornano otto treni soppressi negli anni e il collegamento tra Vicchio e Firenze\" \/>\n<meta name=\"robots\" content=\"index, follow, max-snippet:-1, max-image-preview:large, max-video-preview:-1\" \/>\n<link rel=\"canonical\" href=\"https:\/\/www.intoscana.it\/it\/ferrovie-borgo-san-lorenzo-pontassieve-da-settembre-torna-tutto-alla-normalita\/\" \/>\n<meta property=\"og:locale\" content=\"it_IT\" \/>\n<meta property=\"og:type\" content=\"article\" \/>\n<meta property=\"og:title\" content=\"Ferrovie Borgo San Lorenzo-Pontassieve, da settembre torna tutto alla normalit\u00e0\" \/>\n<meta property=\"og:description\" content=\"Dal 7 settembre riprende progressivamente il servizio, dal 13 tornano otto treni soppressi negli anni e il collegamento tra Vicchio e Firenze\" \/>\n<meta property=\"og:url\" content=\"https:\/\/www.intoscana.it\/it\/ferrovie-borgo-san-lorenzo-pontassieve-da-settembre-torna-tutto-alla-normalita\/\" \/>\n<meta property=\"og:site_name\" content=\"intoscana\" \/>\n<meta property=\"article:publisher\" content=\"https:\/\/www.facebook.com\/intoscana.it\" \/>\n<meta property=\"article:published_time\" content=\"2026-08-31T14:19:36+00:00\" \/>\n<meta property=\"article:modified_time\" content=\"2026-08-31T15:10:21+00:00\" \/>\n<meta property=\"og:image\" content=\"https:\/\/www.intoscana.it\/wp-content\/uploads\/conf-stampa-treni-1-e1788185944287.jpeg\" \/>\n\t<meta property=\"og:image:width\" content=\"1152\" \/>\n\t<meta property=\"og:image:height\" content=\"784\" \/>\n\t<meta property=\"og:image:type\" content=\"image\/jpeg\" \/>\n<meta name=\"author\" content=\"Redazione\" \/>\n<meta name=\"twitter:card\" content=\"summary_large_image\" \/>\n<meta name=\"twitter:creator\" content=\"@intoscana\" \/>\n<meta name=\"twitter:site\" content=\"@intoscana\" \/>\n<meta name=\"twitter:label1\" content=\"Written by\" \/>\n\t<meta name=\"twitter:data1\" content=\"Redazione\" \/>\n\t<meta name=\"twitter:label2\" content=\"Est. reading time\" \/>\n\t<meta name=\"twitter:data2\" content=\"5 minuti\" \/>\n<script type=\"application\/ld+json\" class=\"yoast-schema-graph\">{\"@context\":\"https:\/\/schema.org\",\"@graph\":[{\"@type\":\"WebPage\",\"@id\":\"https:\/\/www.intoscana.it\/it\/ferrovie-borgo-san-lorenzo-pontassieve-da-settembre-torna-tutto-alla-normalita\/\",\"url\":\"https:\/\/www.intoscana.it\/it\/ferrovie-borgo-san-lorenzo-pontassieve-da-settembre-torna-tutto-alla-normalita\/\",\"name\":\"Ferrovie Borgo San Lorenzo-Pontassieve, da settembre torna tutto alla normalit\u00e0 - intoscana\",\"isPartOf\":{\"@id\":\"https:\/\/www.intoscana.it\/it\/#website\"},\"primaryImageOfPage\":{\"@id\":\"https:\/\/www.intoscana.it\/it\/ferrovie-borgo-san-lorenzo-pontassieve-da-settembre-torna-tutto-alla-normalita\/#primaryimage\"},\"image\":{\"@id\":\"https:\/\/www.intoscana.it\/it\/ferrovie-borgo-san-lorenzo-pontassieve-da-settembre-torna-tutto-alla-normalita\/#primaryimage\"},\"thumbnailUrl\":\"https:\/\/www.intoscana.it\/wp-content\/uploads\/conf-stampa-treni-1-e1788185944287.jpeg\",\"datePublished\":\"2026-08-31T14:19:36+00:00\",\"dateModified\":\"2026-08-31T15:10:21+00:00\",\"author\":{\"@id\":\"https:\/\/www.intoscana.it\/it\/#\/schema\/person\/9223810753230f20bd670fdd322661f8\"},\"description\":\"Dal 7 settembre riprende progressivamente il servizio, dal 13 tornano otto treni soppressi negli anni e il collegamento tra Vicchio e Firenze\",\"breadcrumb\":{\"@id\":\"https:\/\/www.intoscana.it\/it\/ferrovie-borgo-san-lorenzo-pontassieve-da-settembre-torna-tutto-alla-normalita\/#breadcrumb\"},\"inLanguage\":\"it-IT\",\"potentialAction\":[{\"@type\":\"ReadAction\",\"target\":[\"https:\/\/www.intoscana.it\/it\/ferrovie-borgo-san-lorenzo-pontassieve-da-settembre-torna-tutto-alla-normalita\/\"]}]},{\"@type\":\"ImageObject\",\"inLanguage\":\"it-IT\",\"@id\":\"https:\/\/www.intoscana.it\/it\/ferrovie-borgo-san-lorenzo-pontassieve-da-settembre-torna-tutto-alla-normalita\/#primaryimage\",\"url\":\"https:\/\/www.intoscana.it\/wp-content\/uploads\/conf-stampa-treni-1-e1788185944287.jpeg\",\"contentUrl\":\"https:\/\/www.intoscana.it\/wp-content\/uploads\/conf-stampa-treni-1-e1788185944287.jpeg\",\"width\":1152,\"height\":784},{\"@type\":\"BreadcrumbList\",\"@id\":\"https:\/\/www.intoscana.it\/it\/ferrovie-borgo-san-lorenzo-pontassieve-da-settembre-torna-tutto-alla-normalita\/#breadcrumb\",\"itemListElement\":[{\"@type\":\"ListItem\",\"position\":1,\"name\":\"Home\",\"item\":\"https:\/\/www.intoscana.it\/it\/\"},{\"@type\":\"ListItem\",\"position\":2,\"name\":\"Ferrovie Borgo San Lorenzo-Pontassieve, da settembre torna tutto alla normalit\u00e0\"}]},{\"@type\":\"WebSite\",\"@id\":\"https:\/\/www.intoscana.it\/it\/#website\",\"url\":\"https:\/\/www.intoscana.it\/it\/\",\"name\":\"intoscana\",\"description\":\"\",\"potentialAction\":[{\"@type\":\"SearchAction\",\"target\":{\"@type\":\"EntryPoint\",\"urlTemplate\":\"https:\/\/www.intoscana.it\/it\/?s={search_term_string}\"},\"query-input\":{\"@type\":\"PropertyValueSpecification\",\"valueRequired\":true,\"valueName\":\"search_term_string\"}}],\"inLanguage\":\"it-IT\"},{\"@type\":\"Person\",\"@id\":\"https:\/\/www.intoscana.it\/it\/#\/schema\/person\/9223810753230f20bd670fdd322661f8\",\"name\":\"Redazione\",\"url\":\"https:\/\/www.intoscana.it\/it\/author\/redazione\/\"}]}<\/script>\n<!-- \/ Yoast SEO Premium plugin. -->","yoast_head_json":{"title":"Ferrovie Borgo San Lorenzo-Pontassieve, da settembre torna tutto alla normalit\u00e0 - intoscana","description":"Dal 7 settembre riprende progressivamente il servizio, dal 13 tornano otto treni soppressi negli anni e il collegamento tra Vicchio e Firenze","robots":{"index":"index","follow":"follow","max-snippet":"max-snippet:-1","max-image-preview":"max-image-preview:large","max-video-preview":"max-video-preview:-1"},"canonical":"https:\/\/www.intoscana.it\/it\/ferrovie-borgo-san-lorenzo-pontassieve-da-settembre-torna-tutto-alla-normalita\/","og_locale":"it_IT","og_type":"article","og_title":"Ferrovie Borgo San Lorenzo-Pontassieve, da settembre torna tutto alla normalit\u00e0","og_description":"Dal 7 settembre riprende progressivamente il servizio, dal 13 tornano otto treni soppressi negli anni e il collegamento tra Vicchio e Firenze","og_url":"https:\/\/www.intoscana.it\/it\/ferrovie-borgo-san-lorenzo-pontassieve-da-settembre-torna-tutto-alla-normalita\/","og_site_name":"intoscana","article_publisher":"https:\/\/www.facebook.com\/intoscana.it","article_published_time":"2026-08-31T14:19:36+00:00","article_modified_time":"2026-08-31T15:10:21+00:00","og_image":[{"width":1152,"height":784,"url":"https:\/\/www.intoscana.it\/wp-content\/uploads\/conf-stampa-treni-1-e1788185944287.jpeg","type":"image\/jpeg"}],"author":"Redazione","twitter_card":"summary_large_image","twitter_creator":"@intoscana","twitter_site":"@intoscana","twitter_misc":{"Written by":"Redazione","Est. reading time":"5 minuti"},"schema":{"@context":"https:\/\/schema.org","@graph":[{"@type":"WebPage","@id":"https:\/\/www.intoscana.it\/it\/ferrovie-borgo-san-lorenzo-pontassieve-da-settembre-torna-tutto-alla-normalita\/","url":"https:\/\/www.intoscana.it\/it\/ferrovie-borgo-san-lorenzo-pontassieve-da-settembre-torna-tutto-alla-normalita\/","name":"Ferrovie Borgo San Lorenzo-Pontassieve, da settembre torna tutto alla normalit\u00e0 - intoscana","isPartOf":{"@id":"https:\/\/www.intoscana.it\/it\/#website"},"primaryImageOfPage":{"@id":"https:\/\/www.intoscana.it\/it\/ferrovie-borgo-san-lorenzo-pontassieve-da-settembre-torna-tutto-alla-normalita\/#primaryimage"},"image":{"@id":"https:\/\/www.intoscana.it\/it\/ferrovie-borgo-san-lorenzo-pontassieve-da-settembre-torna-tutto-alla-normalita\/#primaryimage"},"thumbnailUrl":"https:\/\/www.intoscana.it\/wp-content\/uploads\/conf-stampa-treni-1-e1788185944287.jpeg","datePublished":"2026-08-31T14:19:36+00:00","dateModified":"2026-08-31T15:10:21+00:00","author":{"@id":"https:\/\/www.intoscana.it\/it\/#\/schema\/person\/9223810753230f20bd670fdd322661f8"},"description":"Dal 7 settembre riprende progressivamente il servizio, dal 13 tornano otto treni soppressi negli anni e il collegamento tra Vicchio e Firenze","breadcrumb":{"@id":"https:\/\/www.intoscana.it\/it\/ferrovie-borgo-san-lorenzo-pontassieve-da-settembre-torna-tutto-alla-normalita\/#breadcrumb"},"inLanguage":"it-IT","potentialAction":[{"@type":"ReadAction","target":["https:\/\/www.intoscana.it\/it\/ferrovie-borgo-san-lorenzo-pontassieve-da-settembre-torna-tutto-alla-normalita\/"]}]},{"@type":"ImageObject","inLanguage":"it-IT","@id":"https:\/\/www.intoscana.it\/it\/ferrovie-borgo-san-lorenzo-pontassieve-da-settembre-torna-tutto-alla-normalita\/#primaryimage","url":"https:\/\/www.intoscana.it\/wp-content\/uploads\/conf-stampa-treni-1-e1788185944287.jpeg","contentUrl":"https:\/\/www.intoscana.it\/wp-content\/uploads\/conf-stampa-treni-1-e1788185944287.jpeg","width":1152,"height":784},{"@type":"BreadcrumbList","@id":"https:\/\/www.intoscana.it\/it\/ferrovie-borgo-san-lorenzo-pontassieve-da-settembre-torna-tutto-alla-normalita\/#breadcrumb","itemListElement":[{"@type":"ListItem","position":1,"name":"Home","item":"https:\/\/www.intoscana.it\/it\/"},{"@type":"ListItem","position":2,"name":"Ferrovie Borgo San Lorenzo-Pontassieve, da settembre torna tutto alla normalit\u00e0"}]},{"@type":"WebSite","@id":"https:\/\/www.intoscana.it\/it\/#website","url":"https:\/\/www.intoscana.it\/it\/","name":"intoscana","description":"","potentialAction":[{"@type":"SearchAction","target":{"@type":"EntryPoint","urlTemplate":"https:\/\/www.intoscana.it\/it\/?s={search_term_string}"},"query-input":{"@type":"PropertyValueSpecification","valueRequired":true,"valueName":"search_term_string"}}],"inLanguage":"it-IT"},{"@type":"Person","@id":"https:\/\/www.intoscana.it\/it\/#\/schema\/person\/9223810753230f20bd670fdd322661f8","name":"Redazione","url":"https:\/\/www.intoscana.it\/it\/author\/redazione\/"}]}},"_links":{"self":[{"href":"https:\/\/www.intoscana.it\/it\/wp-json\/wp\/v2\/posts\/440276","targetHints":{"allow":["GET"]}}],"collection":[{"href":"https:\/\/www.intoscana.it\/it\/wp-json\/wp\/v2\/posts"}],"about":[{"href":"https:\/\/www.intoscana.it\/it\/wp-json\/wp\/v2\/types\/post"}],"author":[{"embeddable":true,"href":"https:\/\/www.intoscana.it\/it\/wp-json\/wp\/v2\/users\/525"}],"replies":[{"embeddable":true,"href":"https:\/\/www.intoscana.it\/it\/wp-json\/wp\/v2\/comments?post=440276"}],"version-history":[{"count":5,"href":"https:\/\/www.intoscana.it\/it\/wp-json\/wp\/v2\/posts\/440276\/revisions"}],"predecessor-version":[{"id":440286,"href":"https:\/\/www.intoscana.it\/it\/wp-json\/wp\/v2\/posts\/440276\/revisions\/440286"}],"wp:featuredmedia":[{"embeddable":true,"href":"https:\/\/www.intoscana.it\/it\/wp-json\/wp\/v2\/media\/440279"}],"wp:attachment":[{"href":"https:\/\/www.intoscana.it\/it\/wp-json\/wp\/v2\/media?parent=440276"}],"wp:term":[{"taxonomy":"category","embeddable":true,"href":"https:\/\/www.intoscana.it\/it\/wp-json\/wp\/v2\/categories?post=440276"},{"taxonomy":"post_tag","embeddable":true,"href":"https:\/\/www.intoscana.it\/it\/wp-json\/wp\/v2\/tags?post=440276"}],"curies":[{"name":"wp","href":"https:\/\/api.w.org\/{rel}","templated":true}]}}