{"id":440373,"date":"2026-09-01T16:22:25","date_gmt":"2026-09-01T14:22:25","guid":{"rendered":"https:\/\/www.intoscana.it\/it\/?p=440373"},"modified":"2026-09-01T16:26:38","modified_gmt":"2026-09-01T14:26:38","slug":"salamarzana-fucecchio-festa-medievale","status":"publish","type":"post","link":"https:\/\/www.intoscana.it\/it\/salamarzana-fucecchio-festa-medievale\/","title":{"rendered":"Tutto pronto a Fucecchio per la Salmarzana: il borgo torna indietro nel tempo con la festa medievale"},"content":{"rendered":"<p>Fucecchio torna indietro nel tempo con la<strong> 17esima edizione di Salamarzana, la festa medievale che sabato 5 e domenica 6 settembre<\/strong> torna ad animare il centro storico e il Parco Corsini. Per l&#8217;intero fine settimana cittadini e visitatori potranno immergersi in un&#8217;atmosfera d&#8217;altri tempi, tra <mark>mercato medievale, antichi mestieri e accampamenti, spettacoli teatrali, artisti di strada, musici, falconeria, duelli e dimostrazioni con il fuoco. <\/mark>Non mancheranno inoltre le attivit\u00e0 dedicate ai pi\u00f9 piccoli, con un&#8217;area bambini che proporr\u00e0 giochi e laboratori, tra cui giochi in legno, laboratori del legno, scuola di pittura, truccabimbi, pony e cavalli.<\/p>\n<p>La manifestazione, organizzata dall\u2019associazione <strong>Amici del Centro Storico di Fucecchio<\/strong>, \u00e8 stata presentata stamani in Regione dall\u2019assessora alla cultura Cristina Menetti insieme al consigliere del presidente e vice presidente dell\u2019associazione europea Via Francigena Alessio Spinelli, Emiliano Lazzeretti, assessore al centro storico e all\u2019associazionismo del Comune di Fucecchio, Fania Biondi, referente dell\u2019associazione Amici del Centro storico, Giovanni Malvolti, referente dell\u2019Associazione Iter Mentis.<\/p>\n<p><em>\u201cSalamarzana \u2013 <\/em>ha dichiarato<strong> l\u2019assessora Manetti <\/strong><em>&#8211; \u00e8 una manifestazione che riesce a far vivere la storia e il patrimonio di Fucecchio attraverso un\u2019esperienza capace di coinvolgere tutta la comunit\u00e0 e di attrarre ogni anno tanti visitatori. Le rievocazioni storiche rappresentano uno<strong> strumento importante per valorizzare l\u2019identit\u00e0 dei nostri territori,<\/strong> perch\u00e9 uniscono cultura, tradizioni, partecipazione e conoscenza dei luoghi. La Regione Toscana sostiene queste esperienze proprio per la loro capacit\u00e0 di tenere insieme memoria e contemporaneit\u00e0, facendo conoscere anche alle nuove generazioni la ricchezza della nostra storia. Salamarzana, arrivata alla diciassettesima edizione grazie all\u2019impegno delle associazioni e delle realt\u00e0 locali, \u00e8 un bellissimo esempio di cultura diffusa e di un patrimonio che diventa vivo, condiviso e aperto a tutti.\u201d<\/em><\/p>\n<h3>Il ricco programma degli spettacoli<\/h3>\n<p>Particolarmente ricco sar\u00e0 il programma degli spettacoli, con la presenza di <strong>numerosi gruppi e artisti<\/strong> che si alterneranno nelle diverse aree della festa. Tra gli appuntamenti figurano gli Errabundi Musici, Circot\u00e0, Memento Ridi, Sonagli di Tagatam, Giullari del Diavolo, Fire Aida, Shezan, Foresi Gianluca, Falconeria Sunrise, Compagnia delle Armi Grifoni Rampanti ed Elan Frantoio.<\/p>\n<p>La manifestazione proporr\u00e0 anche un vero e proprio viaggio attraverso i sapori della tradizione, con le <strong>pietanze storiche del banchetto della festa.<\/strong> Nel menu saranno presenti, tra gli altri, peposo, baccal\u00e0 con porri e olive, zuppe di farro e legumi, zuppa di cipolla, arrosti, arrosticini, lampredotto, pane con affettati, salsiccia e formaggi, oltre a dolci e specialit\u00e0 della festa.<\/p>\n<p>Spazio anche alla cultura e alla valorizzazione del patrimonio cittadino, con<strong> la Loggia Museo, la mostra fotografica, il mercato medievale<\/strong> e le numerose ambientazioni dedicate alla vita e ai mestieri del passato.<\/p>\n<p>Tra le novit\u00e0 e le iniziative collaterali figura anche il <a href=\"http:\/\/www.salamarzana.com\/concorso\" target=\"_blank\" rel=\"noopener\">concorso fotografico<\/a>, giunto alla quinta edizione e che consentir\u00e0 a chi vorr\u00e0 di scattare delle foto alla festa; saranno poi gli appassionati del Fotoclub Fucecchio a decretare il vincitore o la vincitrice. Senza dimenticare che ai bambini \u00e8 riservata la possibilit\u00e0 di scattarsi \u201cUn selfie con Guidaccio\u201d, un armigero vestito con armatura medievale per il divertimento di grandi e piccini (e di partecipare all&#8217;annesso contest fotografico).<\/p>\n<figure id=\"post-397255 media-397255\" class=\"align-none\">\n<figure id=\"post-355134 media-355134\" class=\"align-none\">\n<figure id=\"post-397274 media-397274\" class=\"align-none\">\n<p><figure style=\"width: 1920px\" class=\"wp-caption alignnone\"><img loading=\"lazy\" decoding=\"async\" src=\"https:\/\/www.intoscana.it\/wp-content\/uploads\/IMG_4057.jpg\" alt=\"\" width=\"1920\" height=\"1280\" \/><figcaption class=\"wp-caption-text\">Salamarzana<\/figcaption><\/figure><\/figure>\n<\/figure>\n<\/figure>\n<p>Sabato e domenica sar\u00e0 inoltre protagonista lo <strong>spettacolo di Elan Frantoio, \u201cFlorilegio\u201d, con la regia di Firenza Guidi,<\/strong> dedicato al tema dell&#8217;amore e costruito intorno alle prime parole in volgare di <strong>San Francesco d&#8217;Assisi e alle poesie di San Francesco, Jacopone da Todi e Jacopo da Lenti<\/strong>ni. L&#8217;associazione Iter Mentis, inoltre, organizzer\u00e0 le visite guidate ai monumenti fucecchiesi, oltre a uno spettacolo previsto nella serata di domenica, con la presenza di Andrea Giuntini; fondamentale \u00e8, infatti, la collaborazione con le associazioni locali, collaborer\u00e0 anche la Pro Loco locale, sempre molto attenta a iniziative del genere.<\/p>\n<p><em>\u201cSalamarzana rappresenta ormai uno degli appuntamenti pi\u00f9 attesi del calendario degli eventi di Fucecchio \u2013<\/em> sottolinea l&#8217;assessore all&#8217;associazionismo e al centro storico del Comune di Fucecchio, Emiliano Lazzeretti <em>\u2013 e costituisce un&#8217;importante occasione per valorizzare il patrimonio storico e culturale della citt\u00e0, coinvolgendo cittadini e visitatori in un&#8217;esperienza capace di unire rievocazione, spettacolo, tradizioni e socialit\u00e0. Il successo della manifestazione \u00e8 anche il risultato dell&#8217;impegno dell&#8217;Associazione Amici del Centro Storico e di tutte le realt\u00e0 che contribuiscono alla sua realizzazione\u201d.<\/em><\/p>\n","protected":false},"excerpt":{"rendered":"<p>Il 5 e 6 settembre nel centro storico e a Palazzo Corsini in programma spettacoli, rievocazioni, antichi mestieri, falconeria, duelli, musica e gastronomia<\/p>\n","protected":false},"author":525,"featured_media":434149,"comment_status":"open","ping_status":"open","sticky":false,"template":"","format":"standard","meta":{"_acf_changed":false,"footnotes":""},"categories":[493],"tags":[4474,5512,6130],"class_list":["post-440373","post","type-post","status-publish","format-standard","has-post-thumbnail","hentry","category-cultura","tag-eventi","tag-fucecchio","tag-rievocazioni-storiche"],"acf":[],"yoast_head":"<!-- This site is optimized with the Yoast SEO Premium plugin v24.2 (Yoast SEO v25.6) - https:\/\/yoast.com\/wordpress\/plugins\/seo\/ -->\n<title>Tutto pronto a Fucecchio per la Salmarzana: il borgo torna indietro nel tempo con la festa medievale - intoscana<\/title>\n<meta name=\"description\" content=\"Il 5 e 6 settembre a Fucecchio torna la Salamarzana, la festa medievale con spettacoli, mercato, rievocazioni e antichi mestieri.\" \/>\n<meta name=\"robots\" content=\"index, follow, max-snippet:-1, max-image-preview:large, max-video-preview:-1\" \/>\n<link rel=\"canonical\" href=\"https:\/\/www.intoscana.it\/it\/salamarzana-fucecchio-festa-medievale\/\" \/>\n<meta property=\"og:locale\" content=\"it_IT\" \/>\n<meta property=\"og:type\" content=\"article\" \/>\n<meta property=\"og:title\" content=\"Tutto pronto a Fucecchio per la Salmarzana: il borgo torna indietro nel tempo con la festa medievale\" \/>\n<meta property=\"og:description\" content=\"Il 5 e 6 settembre a Fucecchio torna la Salamarzana, la festa medievale con spettacoli, mercato, rievocazioni e antichi mestieri.\" \/>\n<meta property=\"og:url\" content=\"https:\/\/www.intoscana.it\/it\/salamarzana-fucecchio-festa-medievale\/\" \/>\n<meta property=\"og:site_name\" content=\"intoscana\" \/>\n<meta property=\"article:publisher\" content=\"https:\/\/www.facebook.com\/intoscana.it\" \/>\n<meta property=\"article:published_time\" content=\"2026-09-01T14:22:25+00:00\" \/>\n<meta property=\"article:modified_time\" content=\"2026-09-01T14:26:38+00:00\" \/>\n<meta property=\"og:image\" content=\"https:\/\/www.intoscana.it\/wp-content\/uploads\/Salamarzana-Fucecchio.jpeg\" \/>\n\t<meta property=\"og:image:width\" content=\"1600\" \/>\n\t<meta property=\"og:image:height\" content=\"1066\" \/>\n\t<meta property=\"og:image:type\" content=\"image\/jpeg\" \/>\n<meta name=\"author\" content=\"Redazione\" \/>\n<meta name=\"twitter:card\" content=\"summary_large_image\" \/>\n<meta name=\"twitter:creator\" content=\"@intoscana\" \/>\n<meta name=\"twitter:site\" content=\"@intoscana\" \/>\n<meta name=\"twitter:label1\" content=\"Written by\" \/>\n\t<meta name=\"twitter:data1\" content=\"Redazione\" \/>\n\t<meta name=\"twitter:label2\" content=\"Est. reading time\" \/>\n\t<meta name=\"twitter:data2\" content=\"5 minuti\" \/>\n<script type=\"application\/ld+json\" class=\"yoast-schema-graph\">{\"@context\":\"https:\/\/schema.org\",\"@graph\":[{\"@type\":\"WebPage\",\"@id\":\"https:\/\/www.intoscana.it\/it\/salamarzana-fucecchio-festa-medievale\/\",\"url\":\"https:\/\/www.intoscana.it\/it\/salamarzana-fucecchio-festa-medievale\/\",\"name\":\"Tutto pronto a Fucecchio per la Salmarzana: il borgo torna indietro nel tempo con la festa medievale - intoscana\",\"isPartOf\":{\"@id\":\"https:\/\/www.intoscana.it\/it\/#website\"},\"primaryImageOfPage\":{\"@id\":\"https:\/\/www.intoscana.it\/it\/salamarzana-fucecchio-festa-medievale\/#primaryimage\"},\"image\":{\"@id\":\"https:\/\/www.intoscana.it\/it\/salamarzana-fucecchio-festa-medievale\/#primaryimage\"},\"thumbnailUrl\":\"https:\/\/www.intoscana.it\/wp-content\/uploads\/Salamarzana-Fucecchio.jpeg\",\"datePublished\":\"2026-09-01T14:22:25+00:00\",\"dateModified\":\"2026-09-01T14:26:38+00:00\",\"author\":{\"@id\":\"https:\/\/www.intoscana.it\/it\/#\/schema\/person\/9223810753230f20bd670fdd322661f8\"},\"description\":\"Il 5 e 6 settembre a Fucecchio torna la Salamarzana, la festa medievale con spettacoli, mercato, rievocazioni e antichi mestieri.\",\"breadcrumb\":{\"@id\":\"https:\/\/www.intoscana.it\/it\/salamarzana-fucecchio-festa-medievale\/#breadcrumb\"},\"inLanguage\":\"it-IT\",\"potentialAction\":[{\"@type\":\"ReadAction\",\"target\":[\"https:\/\/www.intoscana.it\/it\/salamarzana-fucecchio-festa-medievale\/\"]}]},{\"@type\":\"ImageObject\",\"inLanguage\":\"it-IT\",\"@id\":\"https:\/\/www.intoscana.it\/it\/salamarzana-fucecchio-festa-medievale\/#primaryimage\",\"url\":\"https:\/\/www.intoscana.it\/wp-content\/uploads\/Salamarzana-Fucecchio.jpeg\",\"contentUrl\":\"https:\/\/www.intoscana.it\/wp-content\/uploads\/Salamarzana-Fucecchio.jpeg\",\"width\":1600,\"height\":1066},{\"@type\":\"BreadcrumbList\",\"@id\":\"https:\/\/www.intoscana.it\/it\/salamarzana-fucecchio-festa-medievale\/#breadcrumb\",\"itemListElement\":[{\"@type\":\"ListItem\",\"position\":1,\"name\":\"Home\",\"item\":\"https:\/\/www.intoscana.it\/it\/\"},{\"@type\":\"ListItem\",\"position\":2,\"name\":\"Tutto pronto a Fucecchio per la Salmarzana: il borgo torna indietro nel tempo con la festa medievale\"}]},{\"@type\":\"WebSite\",\"@id\":\"https:\/\/www.intoscana.it\/it\/#website\",\"url\":\"https:\/\/www.intoscana.it\/it\/\",\"name\":\"intoscana\",\"description\":\"\",\"potentialAction\":[{\"@type\":\"SearchAction\",\"target\":{\"@type\":\"EntryPoint\",\"urlTemplate\":\"https:\/\/www.intoscana.it\/it\/?s={search_term_string}\"},\"query-input\":{\"@type\":\"PropertyValueSpecification\",\"valueRequired\":true,\"valueName\":\"search_term_string\"}}],\"inLanguage\":\"it-IT\"},{\"@type\":\"Person\",\"@id\":\"https:\/\/www.intoscana.it\/it\/#\/schema\/person\/9223810753230f20bd670fdd322661f8\",\"name\":\"Redazione\",\"url\":\"https:\/\/www.intoscana.it\/it\/author\/redazione\/\"}]}<\/script>\n<!-- \/ Yoast SEO Premium plugin. -->","yoast_head_json":{"title":"Tutto pronto a Fucecchio per la Salmarzana: il borgo torna indietro nel tempo con la festa medievale - intoscana","description":"Il 5 e 6 settembre a Fucecchio torna la Salamarzana, la festa medievale con spettacoli, mercato, rievocazioni e antichi mestieri.","robots":{"index":"index","follow":"follow","max-snippet":"max-snippet:-1","max-image-preview":"max-image-preview:large","max-video-preview":"max-video-preview:-1"},"canonical":"https:\/\/www.intoscana.it\/it\/salamarzana-fucecchio-festa-medievale\/","og_locale":"it_IT","og_type":"article","og_title":"Tutto pronto a Fucecchio per la Salmarzana: il borgo torna indietro nel tempo con la festa medievale","og_description":"Il 5 e 6 settembre a Fucecchio torna la Salamarzana, la festa medievale con spettacoli, mercato, rievocazioni e antichi mestieri.","og_url":"https:\/\/www.intoscana.it\/it\/salamarzana-fucecchio-festa-medievale\/","og_site_name":"intoscana","article_publisher":"https:\/\/www.facebook.com\/intoscana.it","article_published_time":"2026-09-01T14:22:25+00:00","article_modified_time":"2026-09-01T14:26:38+00:00","og_image":[{"width":1600,"height":1066,"url":"https:\/\/www.intoscana.it\/wp-content\/uploads\/Salamarzana-Fucecchio.jpeg","type":"image\/jpeg"}],"author":"Redazione","twitter_card":"summary_large_image","twitter_creator":"@intoscana","twitter_site":"@intoscana","twitter_misc":{"Written by":"Redazione","Est. reading time":"5 minuti"},"schema":{"@context":"https:\/\/schema.org","@graph":[{"@type":"WebPage","@id":"https:\/\/www.intoscana.it\/it\/salamarzana-fucecchio-festa-medievale\/","url":"https:\/\/www.intoscana.it\/it\/salamarzana-fucecchio-festa-medievale\/","name":"Tutto pronto a Fucecchio per la Salmarzana: il borgo torna indietro nel tempo con la festa medievale - intoscana","isPartOf":{"@id":"https:\/\/www.intoscana.it\/it\/#website"},"primaryImageOfPage":{"@id":"https:\/\/www.intoscana.it\/it\/salamarzana-fucecchio-festa-medievale\/#primaryimage"},"image":{"@id":"https:\/\/www.intoscana.it\/it\/salamarzana-fucecchio-festa-medievale\/#primaryimage"},"thumbnailUrl":"https:\/\/www.intoscana.it\/wp-content\/uploads\/Salamarzana-Fucecchio.jpeg","datePublished":"2026-09-01T14:22:25+00:00","dateModified":"2026-09-01T14:26:38+00:00","author":{"@id":"https:\/\/www.intoscana.it\/it\/#\/schema\/person\/9223810753230f20bd670fdd322661f8"},"description":"Il 5 e 6 settembre a Fucecchio torna la Salamarzana, la festa medievale con spettacoli, mercato, rievocazioni e antichi mestieri.","breadcrumb":{"@id":"https:\/\/www.intoscana.it\/it\/salamarzana-fucecchio-festa-medievale\/#breadcrumb"},"inLanguage":"it-IT","potentialAction":[{"@type":"ReadAction","target":["https:\/\/www.intoscana.it\/it\/salamarzana-fucecchio-festa-medievale\/"]}]},{"@type":"ImageObject","inLanguage":"it-IT","@id":"https:\/\/www.intoscana.it\/it\/salamarzana-fucecchio-festa-medievale\/#primaryimage","url":"https:\/\/www.intoscana.it\/wp-content\/uploads\/Salamarzana-Fucecchio.jpeg","contentUrl":"https:\/\/www.intoscana.it\/wp-content\/uploads\/Salamarzana-Fucecchio.jpeg","width":1600,"height":1066},{"@type":"BreadcrumbList","@id":"https:\/\/www.intoscana.it\/it\/salamarzana-fucecchio-festa-medievale\/#breadcrumb","itemListElement":[{"@type":"ListItem","position":1,"name":"Home","item":"https:\/\/www.intoscana.it\/it\/"},{"@type":"ListItem","position":2,"name":"Tutto pronto a Fucecchio per la Salmarzana: il borgo torna indietro nel tempo con la festa medievale"}]},{"@type":"WebSite","@id":"https:\/\/www.intoscana.it\/it\/#website","url":"https:\/\/www.intoscana.it\/it\/","name":"intoscana","description":"","potentialAction":[{"@type":"SearchAction","target":{"@type":"EntryPoint","urlTemplate":"https:\/\/www.intoscana.it\/it\/?s={search_term_string}"},"query-input":{"@type":"PropertyValueSpecification","valueRequired":true,"valueName":"search_term_string"}}],"inLanguage":"it-IT"},{"@type":"Person","@id":"https:\/\/www.intoscana.it\/it\/#\/schema\/person\/9223810753230f20bd670fdd322661f8","name":"Redazione","url":"https:\/\/www.intoscana.it\/it\/author\/redazione\/"}]}},"_links":{"self":[{"href":"https:\/\/www.intoscana.it\/it\/wp-json\/wp\/v2\/posts\/440373","targetHints":{"allow":["GET"]}}],"collection":[{"href":"https:\/\/www.intoscana.it\/it\/wp-json\/wp\/v2\/posts"}],"about":[{"href":"https:\/\/www.intoscana.it\/it\/wp-json\/wp\/v2\/types\/post"}],"author":[{"embeddable":true,"href":"https:\/\/www.intoscana.it\/it\/wp-json\/wp\/v2\/users\/525"}],"replies":[{"embeddable":true,"href":"https:\/\/www.intoscana.it\/it\/wp-json\/wp\/v2\/comments?post=440373"}],"version-history":[{"count":5,"href":"https:\/\/www.intoscana.it\/it\/wp-json\/wp\/v2\/posts\/440373\/revisions"}],"predecessor-version":[{"id":440380,"href":"https:\/\/www.intoscana.it\/it\/wp-json\/wp\/v2\/posts\/440373\/revisions\/440380"}],"wp:featuredmedia":[{"embeddable":true,"href":"https:\/\/www.intoscana.it\/it\/wp-json\/wp\/v2\/media\/434149"}],"wp:attachment":[{"href":"https:\/\/www.intoscana.it\/it\/wp-json\/wp\/v2\/media?parent=440373"}],"wp:term":[{"taxonomy":"category","embeddable":true,"href":"https:\/\/www.intoscana.it\/it\/wp-json\/wp\/v2\/categories?post=440373"},{"taxonomy":"post_tag","embeddable":true,"href":"https:\/\/www.intoscana.it\/it\/wp-json\/wp\/v2\/tags?post=440373"}],"curies":[{"name":"wp","href":"https:\/\/api.w.org\/{rel}","templated":true}]}}