{"id":440396,"date":"2026-09-02T10:19:32","date_gmt":"2026-09-02T08:19:32","guid":{"rendered":"https:\/\/www.intoscana.it\/it\/?p=440396"},"modified":"2026-09-02T10:19:32","modified_gmt":"2026-09-02T08:19:32","slug":"avamposti-teatro-festival-11-spettacoli-tra-firenze-scandicci-e-sesto-fiorentino","status":"publish","type":"post","link":"https:\/\/www.intoscana.it\/it\/avamposti-teatro-festival-11-spettacoli-tra-firenze-scandicci-e-sesto-fiorentino\/","title":{"rendered":"Avamposti Teatro Festival: 11 spettacoli tra Firenze, Scandicci e Sesto Fiorentino"},"content":{"rendered":"<p>Pluralit\u00e0 dei linguaggi, valorizzazione delle differenze e attenzione al femminile: sono questi i temi al centro di <strong><em>\u201cScenari Contemporanei \u2013 AVAMPOSTI TeatroFestival 026\u201d<\/em><\/strong>, la rassegna organizzata dal <strong>Teatro delle Donne<\/strong>, che dal 5 settembre al 5 dicembre propone un cartellone di <strong>11 spettacoli tra Firenze, Scandicci e Sesto Fiorentino.<\/strong><\/p>\n<p>A 33 anni dalla sua fondazione, il <strong>Teatro delle Donne<\/strong> torna cos\u00ec a riaffermare il proprio ruolo di <strong>centro di produzione drammaturgica e di riferimento nazionale<\/strong> per le autrici e gli autori contemporanei.<\/p>\n<p>In programma <strong>prime nazionali, anteprime, sperimentazioni, incontri e laboratori,<\/strong> con una particolare attenzione alla rappresentazione della contemporaneit\u00e0 e alle tematiche legate al <strong>mondo femminile.<\/strong><\/p>\n<p><em>\u201cAvamposti e il Teatro delle Donne rappresentano una realt\u00e0 preziosa nel panorama culturale toscano e nazionale \u2013<\/em><strong> dichiara Cristina Manetti, assessora alla Cultura della Regione Toscana <\/strong><em>&#8211; . Da oltre trent\u2019anni portano avanti un lavoro che mette al centro la drammaturgia contemporanea, la ricerca e soprattutto le voci e lo sguardo delle donne. Un impegno che la Regione Toscana sostiene perch\u00e9 crediamo in un teatro capace non soltanto di produrre cultura, ma anche di leggere il nostro tempo e di interrogare la societ\u00e0. Il programma di questa edizione lo dimostra con grande forza: parla di libert\u00e0 e autonomia femminile, di relazioni, violenza, guerra, memoria, identit\u00e0 e nuove generazioni. Temi diversi che trovano nel teatro uno spazio di confronto e di consapevolezza. \u00c8 importante inoltre che questa esperienza, dal Teatro Goldoni, sappia aprirsi e diffondersi sul territorio metropolitano, coinvolgendo Firenze, Scandicci e Sesto Fiorentino: \u00e8 un modo concreto di rendere la cultura sempre pi\u00f9 diffusa, partecipata e vicina alle comunit\u00e0\u201d.<\/em><\/p>\n<div class=\"titleimg\">\n<figure id=\"post-440408 media-440408\" class=\"align-none\"><img decoding=\"async\" src=\"https:\/\/www.intoscana.it\/wp-content\/uploads\/PAROLE-AL-VENTO-NANNI-BENVENUTI-ROTONDI-LISA-SANTINELLI-FAZZINI-pic.jpg\" alt=\"\" \/><\/figure>\n<\/div>\n<h3>Il programma<\/h3>\n<p>L&#8217;apertura sar\u00e0 affidata a una <strong>tre giorni en plein air.<\/strong> Sabato <strong>5 settembre<\/strong>, nel Cortile di Michelozzo di Palazzo Medici Riccardi, <strong>Lucia Lavia<\/strong> porter\u00e0 in scena <strong><em>Voltati, parlami di Alberto Moravia<\/em><\/strong>, monologo dedicato all&#8217;incomunicabilit\u00e0 e alla dipendenza affettiva.<\/p>\n<p><strong>Domenica 6 settembre<\/strong> a Villa Vogel, sar\u00e0 la volta di Daniela Giovanetti con<strong><em> Andromaca \u2013 Il candore del cigno,<\/em><\/strong> rilettura contemporanea del mito classico, mentre <strong>luned\u00ec 7 Iaia Forte<\/strong> proporr\u00e0 <strong><em>Vita meravigliosa,<\/em><\/strong> dedicato alla poetessa <strong>Patrizia Cavalli.<\/strong><\/p>\n<p>Il <strong>Teatro Goldoni di Firenze<\/strong>, sede del Teatro delle Donne, ospiter\u00e0 quindi alcune delle produzioni pi\u00f9 attese. <strong>Dall&#8217;11 al 13 settembre<\/strong> \u00e8 in programma la prima nazionale di <strong><em>Parole al vento<\/em><\/strong> di <strong>Silvia Nanni<\/strong>, vincitore del Premio Internazionale Letterario ed Artistico Giglio Blu nella sezione teatro inedito. Al centro dello spettacolo una cabina telefonica ispirata al \u201ctelefono del vento\u201d giapponese, luogo simbolico in cui poter parlare idealmente con i propri cari scomparsi.<\/p>\n<p><strong>Dal 18 al 20 settembre Angela Antonini<\/strong> sar\u00e0 protagonista della prima nazionale di <strong><em>Euridice non si volta,<\/em><\/strong> monologo che intreccia mito, autobiografia e poesia di <strong>Carol Ann Duffy,<\/strong> trasformando Euridice in un simbolo di disobbedienza femminile.<\/p>\n<p><strong>Dal 2 al 4 ottobre<\/strong> al Teatro della Limonaia di Sesto Fiorentino arriva invece la prima italiana di <strong><em>Le mani di Ll\u00e0tzer Garcia<\/em><\/strong>, in collaborazione con Intercity Festival. Il testo, incentrato sul linguaggio del corpo, sar\u00e0 interpretato da <strong>Chiara Cappelli e Federico Serafini,<\/strong> con la regia di Angelo Castaldo.<\/p>\n<p>Tra gli appuntamenti successivi, <strong>dal 17 al 19 ottobre<\/strong> torna il tema dell&#8217;autonomia femminile con <strong><em>Una stanza tutta per s\u00e9<\/em><\/strong>, tratto dall&#8217;opera di <strong>Virginia Woolf,<\/strong> con <strong>Elena Arvigo e Marta Comerio. <\/strong><\/p>\n<p><strong>Il 14 e 15 novembre il Teatro dell&#8217;Elce<\/strong> porter\u00e0 al Goldoni <strong><em>Little Boy,<\/em><\/strong> dedicato alla bomba atomica sganciata su Hiroshima e al rapporto tra il filosofo <strong>G\u00fcnther Anders e Claude Eatherly<\/strong>, il pilota americano coinvolto nell&#8217;attacco.<\/p>\n<p>Due gli spettacoli legati alla <strong>Giornata internazionale per l&#8217;eliminazione della violenza contro le donne<\/strong>: il 20 novembre <strong><em>Drago. Opera Finale<\/em> <\/strong>di Elena Miranda, con <strong>Gabriele Giaffreda<\/strong> nei panni di un uomo maltrattante, e<strong> il 24 e 25 novembre <em>Il labirinto delle emozioni<\/em> <\/strong>di <strong>Filippo Renda<\/strong>, progetto dedicato all&#8217;educazione sentimentale gi\u00e0 portato nelle scuole.<\/p>\n<p>A chiudere il festival, il <strong>5 dicembre,<\/strong> sar\u00e0 <strong><em>Leo \u2013 L&#8217;unica arte \u00e8 un pugno<\/em><\/strong> di<strong> Cubo Teatro,<\/strong> con Alberto Boubakar Malanchino. Lo spettacolo racconta la parabola del <strong>pugile italo-congolese Leone Jacovacci,<\/strong> tra successi, discriminazioni e umiliazioni, proponendo attraverso la sua storia un messaggio di speranza rivolto alle nuove generazioni.<\/p>\n<p>Accanto agli spettacoli sono previsti <strong>incontri, laboratori, presentazioni di libri e momenti di confronto<\/strong> con gli artisti. A Villa Vogel proseguiranno inoltre prove e laboratori, mentre alla Biblioteca Comunale di Scandicci tornano da settembre le <strong><em>Favole &amp; merenda,<\/em><\/strong> con le narrazioni curate da Angela Antonini. \u00c8 inoltre in partenza la nuova stagione dei seminari della <strong>Scuola Nazionale di Scrittura Teatrale.<\/strong><\/p>\n<p><strong>Biglietti da 5 a 15 euro<\/strong> (riduzioni per over 60, under 25, soci Coop, Arci, Uisp, ATC, residenti nei Quartieri 4 e 1 e iscritti ai corsi di formazione del Teatro delle Donne).<\/p>\n<p>Programma completo, prenotazioni e prevendite sul sito ufficiale<strong> www.teatrodelledonne.com<\/strong> (tel. 055.2776393 &#8211; teatro.donne@libero.it), prevendite online anche su www.ticketone.it.<\/p>\n<figure id=\"post-440403 media-440403\" class=\"align-none\"><img decoding=\"async\" src=\"https:\/\/www.intoscana.it\/wp-content\/uploads\/Iaia-Forte-VITA-MERAVIGLIOSA-FOTO-T.SALAMINA-pic.jpg\" alt=\"\" \/><\/figure>\n<div class=\"titleimg\">Iaia Forte VITA MERAVIGLIOSA FOTO T.SALAMINA pic<\/div>\n","protected":false},"excerpt":{"rendered":"<p>Dal 5 settembre al 5 dicembre prime nazionali, anteprime, incontri e sperimentazioni. Tra i protagonisti Iaia Forte, Lucia Lavia, Daniela Giovanetti, Elena Arvigo, Angela Antonini e Alberto Boubakar Malanchino<\/p>\n","protected":false},"author":518,"featured_media":440398,"comment_status":"open","ping_status":"open","sticky":false,"template":"","format":"standard","meta":{"_acf_changed":false,"footnotes":""},"categories":[493],"tags":[6652,228,202,151,236],"class_list":["post-440396","post","type-post","status-publish","format-standard","has-post-thumbnail","hentry","category-cultura","tag-cristina-manetti","tag-festival","tag-firenze","tag-regione-toscana","tag-teatro"],"acf":[],"yoast_head":"<!-- This site is optimized with the Yoast SEO Premium plugin v24.2 (Yoast SEO v25.6) - https:\/\/yoast.com\/wordpress\/plugins\/seo\/ -->\n<title>Avamposti Teatro Festival: 11 spettacoli tra Firenze, Scandicci e Sesto Fiorentino - intoscana<\/title>\n<meta name=\"description\" content=\"Dal 5 settembre al 5 dicembre prime nazionali, anteprime, incontri e sperimentazioni. Tra i protagonisti Iaia Forte, Lucia Lavia\" \/>\n<meta name=\"robots\" content=\"index, follow, max-snippet:-1, max-image-preview:large, max-video-preview:-1\" \/>\n<link rel=\"canonical\" href=\"https:\/\/www.intoscana.it\/it\/avamposti-teatro-festival-11-spettacoli-tra-firenze-scandicci-e-sesto-fiorentino\/\" \/>\n<meta property=\"og:locale\" content=\"it_IT\" \/>\n<meta property=\"og:type\" content=\"article\" \/>\n<meta property=\"og:title\" content=\"Avamposti Teatro Festival: 11 spettacoli tra Firenze, Scandicci e Sesto Fiorentino\" \/>\n<meta property=\"og:description\" content=\"Dal 5 settembre al 5 dicembre prime nazionali, anteprime, incontri e sperimentazioni. Tra i protagonisti Iaia Forte, Lucia Lavia\" \/>\n<meta property=\"og:url\" content=\"https:\/\/www.intoscana.it\/it\/avamposti-teatro-festival-11-spettacoli-tra-firenze-scandicci-e-sesto-fiorentino\/\" \/>\n<meta property=\"og:site_name\" content=\"intoscana\" \/>\n<meta property=\"article:publisher\" content=\"https:\/\/www.facebook.com\/intoscana.it\" \/>\n<meta property=\"article:published_time\" content=\"2026-09-02T08:19:32+00:00\" \/>\n<meta property=\"og:image\" content=\"https:\/\/www.intoscana.it\/wp-content\/uploads\/Angela-Antonini-foto-Alessandro-Botticelli-BOT_1537-pic.jpg\" \/>\n\t<meta property=\"og:image:width\" content=\"1417\" \/>\n\t<meta property=\"og:image:height\" content=\"945\" \/>\n\t<meta property=\"og:image:type\" content=\"image\/jpeg\" \/>\n<meta name=\"author\" content=\"Costanza Baldini\" \/>\n<meta name=\"twitter:card\" content=\"summary_large_image\" \/>\n<meta name=\"twitter:creator\" content=\"@intoscana\" \/>\n<meta name=\"twitter:site\" content=\"@intoscana\" \/>\n<meta name=\"twitter:label1\" content=\"Written by\" \/>\n\t<meta name=\"twitter:data1\" content=\"Costanza Baldini\" \/>\n\t<meta name=\"twitter:label2\" content=\"Est. reading time\" \/>\n\t<meta name=\"twitter:data2\" content=\"5 minuti\" \/>\n<script type=\"application\/ld+json\" class=\"yoast-schema-graph\">{\"@context\":\"https:\/\/schema.org\",\"@graph\":[{\"@type\":\"WebPage\",\"@id\":\"https:\/\/www.intoscana.it\/it\/avamposti-teatro-festival-11-spettacoli-tra-firenze-scandicci-e-sesto-fiorentino\/\",\"url\":\"https:\/\/www.intoscana.it\/it\/avamposti-teatro-festival-11-spettacoli-tra-firenze-scandicci-e-sesto-fiorentino\/\",\"name\":\"Avamposti Teatro Festival: 11 spettacoli tra Firenze, Scandicci e Sesto Fiorentino - intoscana\",\"isPartOf\":{\"@id\":\"https:\/\/www.intoscana.it\/it\/#website\"},\"primaryImageOfPage\":{\"@id\":\"https:\/\/www.intoscana.it\/it\/avamposti-teatro-festival-11-spettacoli-tra-firenze-scandicci-e-sesto-fiorentino\/#primaryimage\"},\"image\":{\"@id\":\"https:\/\/www.intoscana.it\/it\/avamposti-teatro-festival-11-spettacoli-tra-firenze-scandicci-e-sesto-fiorentino\/#primaryimage\"},\"thumbnailUrl\":\"https:\/\/www.intoscana.it\/wp-content\/uploads\/Angela-Antonini-foto-Alessandro-Botticelli-BOT_1537-pic.jpg\",\"datePublished\":\"2026-09-02T08:19:32+00:00\",\"author\":{\"@id\":\"https:\/\/www.intoscana.it\/it\/#\/schema\/person\/d469f35f09739bdf00bf5dd3f0647a82\"},\"description\":\"Dal 5 settembre al 5 dicembre prime nazionali, anteprime, incontri e sperimentazioni. Tra i protagonisti Iaia Forte, Lucia Lavia\",\"breadcrumb\":{\"@id\":\"https:\/\/www.intoscana.it\/it\/avamposti-teatro-festival-11-spettacoli-tra-firenze-scandicci-e-sesto-fiorentino\/#breadcrumb\"},\"inLanguage\":\"it-IT\",\"potentialAction\":[{\"@type\":\"ReadAction\",\"target\":[\"https:\/\/www.intoscana.it\/it\/avamposti-teatro-festival-11-spettacoli-tra-firenze-scandicci-e-sesto-fiorentino\/\"]}]},{\"@type\":\"ImageObject\",\"inLanguage\":\"it-IT\",\"@id\":\"https:\/\/www.intoscana.it\/it\/avamposti-teatro-festival-11-spettacoli-tra-firenze-scandicci-e-sesto-fiorentino\/#primaryimage\",\"url\":\"https:\/\/www.intoscana.it\/wp-content\/uploads\/Angela-Antonini-foto-Alessandro-Botticelli-BOT_1537-pic.jpg\",\"contentUrl\":\"https:\/\/www.intoscana.it\/wp-content\/uploads\/Angela-Antonini-foto-Alessandro-Botticelli-BOT_1537-pic.jpg\",\"width\":1417,\"height\":945},{\"@type\":\"BreadcrumbList\",\"@id\":\"https:\/\/www.intoscana.it\/it\/avamposti-teatro-festival-11-spettacoli-tra-firenze-scandicci-e-sesto-fiorentino\/#breadcrumb\",\"itemListElement\":[{\"@type\":\"ListItem\",\"position\":1,\"name\":\"Home\",\"item\":\"https:\/\/www.intoscana.it\/it\/\"},{\"@type\":\"ListItem\",\"position\":2,\"name\":\"Avamposti Teatro Festival: 11 spettacoli tra Firenze, Scandicci e Sesto Fiorentino\"}]},{\"@type\":\"WebSite\",\"@id\":\"https:\/\/www.intoscana.it\/it\/#website\",\"url\":\"https:\/\/www.intoscana.it\/it\/\",\"name\":\"intoscana\",\"description\":\"\",\"potentialAction\":[{\"@type\":\"SearchAction\",\"target\":{\"@type\":\"EntryPoint\",\"urlTemplate\":\"https:\/\/www.intoscana.it\/it\/?s={search_term_string}\"},\"query-input\":{\"@type\":\"PropertyValueSpecification\",\"valueRequired\":true,\"valueName\":\"search_term_string\"}}],\"inLanguage\":\"it-IT\"},{\"@type\":\"Person\",\"@id\":\"https:\/\/www.intoscana.it\/it\/#\/schema\/person\/d469f35f09739bdf00bf5dd3f0647a82\",\"name\":\"Costanza Baldini\",\"url\":\"https:\/\/www.intoscana.it\/it\/author\/costanza-baldini\/\"}]}<\/script>\n<!-- \/ Yoast SEO Premium plugin. -->","yoast_head_json":{"title":"Avamposti Teatro Festival: 11 spettacoli tra Firenze, Scandicci e Sesto Fiorentino - intoscana","description":"Dal 5 settembre al 5 dicembre prime nazionali, anteprime, incontri e sperimentazioni. Tra i protagonisti Iaia Forte, Lucia Lavia","robots":{"index":"index","follow":"follow","max-snippet":"max-snippet:-1","max-image-preview":"max-image-preview:large","max-video-preview":"max-video-preview:-1"},"canonical":"https:\/\/www.intoscana.it\/it\/avamposti-teatro-festival-11-spettacoli-tra-firenze-scandicci-e-sesto-fiorentino\/","og_locale":"it_IT","og_type":"article","og_title":"Avamposti Teatro Festival: 11 spettacoli tra Firenze, Scandicci e Sesto Fiorentino","og_description":"Dal 5 settembre al 5 dicembre prime nazionali, anteprime, incontri e sperimentazioni. Tra i protagonisti Iaia Forte, Lucia Lavia","og_url":"https:\/\/www.intoscana.it\/it\/avamposti-teatro-festival-11-spettacoli-tra-firenze-scandicci-e-sesto-fiorentino\/","og_site_name":"intoscana","article_publisher":"https:\/\/www.facebook.com\/intoscana.it","article_published_time":"2026-09-02T08:19:32+00:00","og_image":[{"width":1417,"height":945,"url":"https:\/\/www.intoscana.it\/wp-content\/uploads\/Angela-Antonini-foto-Alessandro-Botticelli-BOT_1537-pic.jpg","type":"image\/jpeg"}],"author":"Costanza Baldini","twitter_card":"summary_large_image","twitter_creator":"@intoscana","twitter_site":"@intoscana","twitter_misc":{"Written by":"Costanza Baldini","Est. reading time":"5 minuti"},"schema":{"@context":"https:\/\/schema.org","@graph":[{"@type":"WebPage","@id":"https:\/\/www.intoscana.it\/it\/avamposti-teatro-festival-11-spettacoli-tra-firenze-scandicci-e-sesto-fiorentino\/","url":"https:\/\/www.intoscana.it\/it\/avamposti-teatro-festival-11-spettacoli-tra-firenze-scandicci-e-sesto-fiorentino\/","name":"Avamposti Teatro Festival: 11 spettacoli tra Firenze, Scandicci e Sesto Fiorentino - intoscana","isPartOf":{"@id":"https:\/\/www.intoscana.it\/it\/#website"},"primaryImageOfPage":{"@id":"https:\/\/www.intoscana.it\/it\/avamposti-teatro-festival-11-spettacoli-tra-firenze-scandicci-e-sesto-fiorentino\/#primaryimage"},"image":{"@id":"https:\/\/www.intoscana.it\/it\/avamposti-teatro-festival-11-spettacoli-tra-firenze-scandicci-e-sesto-fiorentino\/#primaryimage"},"thumbnailUrl":"https:\/\/www.intoscana.it\/wp-content\/uploads\/Angela-Antonini-foto-Alessandro-Botticelli-BOT_1537-pic.jpg","datePublished":"2026-09-02T08:19:32+00:00","author":{"@id":"https:\/\/www.intoscana.it\/it\/#\/schema\/person\/d469f35f09739bdf00bf5dd3f0647a82"},"description":"Dal 5 settembre al 5 dicembre prime nazionali, anteprime, incontri e sperimentazioni. Tra i protagonisti Iaia Forte, Lucia Lavia","breadcrumb":{"@id":"https:\/\/www.intoscana.it\/it\/avamposti-teatro-festival-11-spettacoli-tra-firenze-scandicci-e-sesto-fiorentino\/#breadcrumb"},"inLanguage":"it-IT","potentialAction":[{"@type":"ReadAction","target":["https:\/\/www.intoscana.it\/it\/avamposti-teatro-festival-11-spettacoli-tra-firenze-scandicci-e-sesto-fiorentino\/"]}]},{"@type":"ImageObject","inLanguage":"it-IT","@id":"https:\/\/www.intoscana.it\/it\/avamposti-teatro-festival-11-spettacoli-tra-firenze-scandicci-e-sesto-fiorentino\/#primaryimage","url":"https:\/\/www.intoscana.it\/wp-content\/uploads\/Angela-Antonini-foto-Alessandro-Botticelli-BOT_1537-pic.jpg","contentUrl":"https:\/\/www.intoscana.it\/wp-content\/uploads\/Angela-Antonini-foto-Alessandro-Botticelli-BOT_1537-pic.jpg","width":1417,"height":945},{"@type":"BreadcrumbList","@id":"https:\/\/www.intoscana.it\/it\/avamposti-teatro-festival-11-spettacoli-tra-firenze-scandicci-e-sesto-fiorentino\/#breadcrumb","itemListElement":[{"@type":"ListItem","position":1,"name":"Home","item":"https:\/\/www.intoscana.it\/it\/"},{"@type":"ListItem","position":2,"name":"Avamposti Teatro Festival: 11 spettacoli tra Firenze, Scandicci e Sesto Fiorentino"}]},{"@type":"WebSite","@id":"https:\/\/www.intoscana.it\/it\/#website","url":"https:\/\/www.intoscana.it\/it\/","name":"intoscana","description":"","potentialAction":[{"@type":"SearchAction","target":{"@type":"EntryPoint","urlTemplate":"https:\/\/www.intoscana.it\/it\/?s={search_term_string}"},"query-input":{"@type":"PropertyValueSpecification","valueRequired":true,"valueName":"search_term_string"}}],"inLanguage":"it-IT"},{"@type":"Person","@id":"https:\/\/www.intoscana.it\/it\/#\/schema\/person\/d469f35f09739bdf00bf5dd3f0647a82","name":"Costanza Baldini","url":"https:\/\/www.intoscana.it\/it\/author\/costanza-baldini\/"}]}},"_links":{"self":[{"href":"https:\/\/www.intoscana.it\/it\/wp-json\/wp\/v2\/posts\/440396","targetHints":{"allow":["GET"]}}],"collection":[{"href":"https:\/\/www.intoscana.it\/it\/wp-json\/wp\/v2\/posts"}],"about":[{"href":"https:\/\/www.intoscana.it\/it\/wp-json\/wp\/v2\/types\/post"}],"author":[{"embeddable":true,"href":"https:\/\/www.intoscana.it\/it\/wp-json\/wp\/v2\/users\/518"}],"replies":[{"embeddable":true,"href":"https:\/\/www.intoscana.it\/it\/wp-json\/wp\/v2\/comments?post=440396"}],"version-history":[{"count":4,"href":"https:\/\/www.intoscana.it\/it\/wp-json\/wp\/v2\/posts\/440396\/revisions"}],"predecessor-version":[{"id":440421,"href":"https:\/\/www.intoscana.it\/it\/wp-json\/wp\/v2\/posts\/440396\/revisions\/440421"}],"wp:featuredmedia":[{"embeddable":true,"href":"https:\/\/www.intoscana.it\/it\/wp-json\/wp\/v2\/media\/440398"}],"wp:attachment":[{"href":"https:\/\/www.intoscana.it\/it\/wp-json\/wp\/v2\/media?parent=440396"}],"wp:term":[{"taxonomy":"category","embeddable":true,"href":"https:\/\/www.intoscana.it\/it\/wp-json\/wp\/v2\/categories?post=440396"},{"taxonomy":"post_tag","embeddable":true,"href":"https:\/\/www.intoscana.it\/it\/wp-json\/wp\/v2\/tags?post=440396"}],"curies":[{"name":"wp","href":"https:\/\/api.w.org\/{rel}","templated":true}]}}